{"id":14991,"date":"2016-06-22T18:34:59","date_gmt":"2016-06-22T15:34:59","guid":{"rendered":"http:\/\/btv.md\/?p=14991"},"modified":"2016-06-22T18:34:59","modified_gmt":"2016-06-22T15:34:59","slug":"ilan-shor-a-fost-retinut-pentru-72-de-ore","status":"publish","type":"post","link":"https:\/\/www.btv.md\/ro\/ilan-shor-a-fost-retinut-pentru-72-de-ore\/","title":{"rendered":"Ilan Shor a fost re\u021binut pentru 72 de ore"},"content":{"rendered":"<p><strong>Sursa:<a href=\"http:\/\/unimedia.info\/\"> unimedia.info<\/a><\/strong><\/p>\n<p><strong>Primarul de Orhei, Ilan Shor a fost re\u021binut de CNA pentru 72 de ore. Informa\u021bia a fost anun\u021bat\u0103 de c\u0103tre procurorul Adriana Be\u021bi\u0219or.<\/strong><\/p>\n<p><strong>Aceasta a accentuat c\u0103 nu este vorba despre dosarul Filat, ci pentru evaziune fiscal\u0103 \u0219i sp\u0103lare de bani \u00een propor\u021bii deosebit de mari.<\/strong><\/p>\n<p>\u201eEste vorba despre o nou\u0103 cauz\u0103 penal\u0103, pentru evaziune fiscal\u0103 \u0219i sp\u0103lare de bani \u00een propor\u021bii deosebit de mari.\u00a0Am cerut s\u0103 fie aplicat\u0103 m\u0103sura preventiv\u0103. Datorit\u0103 informa\u021biilor pe care le-am primit de peste hotare vom cere aplicarea arestului pentru 30 de zile. Suntem la etapa incipient\u0103. S\u0103 nu face\u021bi multe specula\u021bii. C\u00e2nd vom putea, vom reveni cu informa\u021bii. Este vorba de un alt dosar nu de cel din 2014 \u00een care Ilan Shor are calitate de \u00eenvinuit. Este vorba de infrac\u021biune &#8211; escrocherie \u00een propor\u021bii destul de mari \u0219i sp\u0103lare de bani\u201d, a declarat Adriana Be\u021bi\u0219or.<\/p>\n<p>Men\u021bion\u0103m c\u0103 ast\u0103zi, cunoscutul om de afaceri, Ilan Shor a fost citat la Centrul Na\u021bional Anticorup\u021bie.<\/p>\n","protected":false},"excerpt":{"rendered":"<p>Sursa: unimedia.info Primarul de Orhei, Ilan Shor a fost re\u021binut de CNA pentru 72 de ore. Informa\u021bia a fost anun\u021bat\u0103 de c\u0103tre procurorul Adriana Be\u021bi\u0219or. Aceasta a accentuat c\u0103 nu este vorba despre dosarul Filat, ci pentru evaziune fiscal\u0103 \u0219i sp\u0103lare de bani \u00een propor\u021bii deosebit de mari. \u201eEste vorba despre o nou\u0103 cauz\u0103 penal\u0103, [&hellip;]<\/p>\n","protected":false},"author":4,"featured_media":14992,"comment_status":"closed","ping_status":"closed","sticky":false,"template":"","format":"standard","meta":{"footnotes":""},"categories":[6368],"tags":[],"class_list":["post-14991","post","type-post","status-publish","format-standard","has-post-thumbnail","hentry","category-politica-ro"],"yoast_head":"<!-- This site is optimized with the Yoast SEO plugin v27.4 - https:\/\/yoast.com\/product\/yoast-seo-wordpress\/ -->\n<title>Ilan Shor a fost re\u021binut pentru 72 de ore - BTV<\/title>\n<meta name=\"robots\" content=\"index, follow, max-snippet:-1, max-image-preview:large, max-video-preview:-1\" \/>\n<link rel=\"canonical\" href=\"https:\/\/www.btv.md\/ro\/ilan-shor-a-fost-retinut-pentru-72-de-ore\/\" \/>\n<meta property=\"og:locale\" content=\"ro_RO\" \/>\n<meta property=\"og:type\" content=\"article\" \/>\n<meta property=\"og:title\" content=\"Ilan Shor a fost re\u021binut pentru 72 de ore - BTV\" \/>\n<meta property=\"og:description\" content=\"Sursa: unimedia.info Primarul de Orhei, Ilan Shor a fost re\u021binut de CNA pentru 72 de ore. Informa\u021bia a fost anun\u021bat\u0103 de c\u0103tre procurorul Adriana Be\u021bi\u0219or. Aceasta a accentuat c\u0103 nu este vorba despre dosarul Filat, ci pentru evaziune fiscal\u0103 \u0219i sp\u0103lare de bani \u00een propor\u021bii deosebit de mari. \u201eEste vorba despre o nou\u0103 cauz\u0103 penal\u0103, [&hellip;]\" \/>\n<meta property=\"og:url\" content=\"https:\/\/www.btv.md\/ro\/ilan-shor-a-fost-retinut-pentru-72-de-ore\/\" \/>\n<meta property=\"og:site_name\" content=\"BTV\" \/>\n<meta property=\"article:publisher\" content=\"https:\/\/www.facebook.com\/btvmoldova\/\" \/>\n<meta property=\"article:published_time\" content=\"2016-06-22T15:34:59+00:00\" \/>\n<meta property=\"og:image\" content=\"https:\/\/www.btv.md\/wp-content\/uploads\/2016\/06\/articles.41672.m.jpg\" \/>\n\t<meta property=\"og:image:width\" content=\"543\" \/>\n\t<meta property=\"og:image:height\" content=\"354\" \/>\n\t<meta property=\"og:image:type\" content=\"image\/jpeg\" \/>\n<meta name=\"author\" content=\"admin\" \/>\n<meta name=\"twitter:label1\" content=\"Scris de\" \/>\n\t<meta name=\"twitter:data1\" content=\"admin\" \/>\n\t<meta name=\"twitter:label2\" content=\"Timp estimat pentru citire\" \/>\n\t<meta name=\"twitter:data2\" content=\"1 minut\" \/>\n<script type=\"application\/ld+json\" class=\"yoast-schema-graph\">{\"@context\":\"https:\\\/\\\/schema.org\",\"@graph\":[{\"@type\":\"Article\",\"@id\":\"https:\\\/\\\/www.btv.md\\\/ro\\\/ilan-shor-a-fost-retinut-pentru-72-de-ore\\\/#article\",\"isPartOf\":{\"@id\":\"https:\\\/\\\/www.btv.md\\\/ro\\\/ilan-shor-a-fost-retinut-pentru-72-de-ore\\\/\"},\"author\":{\"name\":\"admin\",\"@id\":\"https:\\\/\\\/www.btv.md\\\/#\\\/schema\\\/person\\\/8fadce81561b3ce2c34c46dadc4ccbf2\"},\"headline\":\"Ilan Shor a fost re\u021binut pentru 72 de ore\",\"datePublished\":\"2016-06-22T15:34:59+00:00\",\"mainEntityOfPage\":{\"@id\":\"https:\\\/\\\/www.btv.md\\\/ro\\\/ilan-shor-a-fost-retinut-pentru-72-de-ore\\\/\"},\"wordCount\":194,\"image\":{\"@id\":\"https:\\\/\\\/www.btv.md\\\/ro\\\/ilan-shor-a-fost-retinut-pentru-72-de-ore\\\/#primaryimage\"},\"thumbnailUrl\":\"https:\\\/\\\/www.btv.md\\\/wp-content\\\/uploads\\\/2016\\\/06\\\/articles.41672.m.jpg\",\"articleSection\":[\"Politic\u0103\"],\"inLanguage\":\"ro-RO\"},{\"@type\":\"WebPage\",\"@id\":\"https:\\\/\\\/www.btv.md\\\/ro\\\/ilan-shor-a-fost-retinut-pentru-72-de-ore\\\/\",\"url\":\"https:\\\/\\\/www.btv.md\\\/ro\\\/ilan-shor-a-fost-retinut-pentru-72-de-ore\\\/\",\"name\":\"Ilan Shor a fost re\u021binut pentru 72 de ore - BTV\",\"isPartOf\":{\"@id\":\"https:\\\/\\\/www.btv.md\\\/#website\"},\"primaryImageOfPage\":{\"@id\":\"https:\\\/\\\/www.btv.md\\\/ro\\\/ilan-shor-a-fost-retinut-pentru-72-de-ore\\\/#primaryimage\"},\"image\":{\"@id\":\"https:\\\/\\\/www.btv.md\\\/ro\\\/ilan-shor-a-fost-retinut-pentru-72-de-ore\\\/#primaryimage\"},\"thumbnailUrl\":\"https:\\\/\\\/www.btv.md\\\/wp-content\\\/uploads\\\/2016\\\/06\\\/articles.41672.m.jpg\",\"datePublished\":\"2016-06-22T15:34:59+00:00\",\"author\":{\"@id\":\"https:\\\/\\\/www.btv.md\\\/#\\\/schema\\\/person\\\/8fadce81561b3ce2c34c46dadc4ccbf2\"},\"inLanguage\":\"ro-RO\",\"potentialAction\":[{\"@type\":\"ReadAction\",\"target\":[\"https:\\\/\\\/www.btv.md\\\/ro\\\/ilan-shor-a-fost-retinut-pentru-72-de-ore\\\/\"]}]},{\"@type\":\"ImageObject\",\"inLanguage\":\"ro-RO\",\"@id\":\"https:\\\/\\\/www.btv.md\\\/ro\\\/ilan-shor-a-fost-retinut-pentru-72-de-ore\\\/#primaryimage\",\"url\":\"https:\\\/\\\/www.btv.md\\\/wp-content\\\/uploads\\\/2016\\\/06\\\/articles.41672.m.jpg\",\"contentUrl\":\"https:\\\/\\\/www.btv.md\\\/wp-content\\\/uploads\\\/2016\\\/06\\\/articles.41672.m.jpg\",\"width\":543,\"height\":354},{\"@type\":\"WebSite\",\"@id\":\"https:\\\/\\\/www.btv.md\\\/#website\",\"url\":\"https:\\\/\\\/www.btv.md\\\/\",\"name\":\"BTV\",\"description\":\"\u0411\u0435\u043b\u044c\u0446\u043a\u043e\u0435 \u0442\u0435\u043b\u0435\u0432\u0438\u0434\u0435\u043d\u0438\u0435\",\"potentialAction\":[{\"@type\":\"SearchAction\",\"target\":{\"@type\":\"EntryPoint\",\"urlTemplate\":\"https:\\\/\\\/www.btv.md\\\/?s={search_term_string}\"},\"query-input\":{\"@type\":\"PropertyValueSpecification\",\"valueRequired\":true,\"valueName\":\"search_term_string\"}}],\"inLanguage\":\"ro-RO\"},{\"@type\":\"Person\",\"@id\":\"https:\\\/\\\/www.btv.md\\\/#\\\/schema\\\/person\\\/8fadce81561b3ce2c34c46dadc4ccbf2\",\"name\":\"admin\"}]}<\/script>\n<!-- \/ Yoast SEO plugin. -->","yoast_head_json":{"title":"Ilan Shor a fost re\u021binut pentru 72 de ore - BTV","robots":{"index":"index","follow":"follow","max-snippet":"max-snippet:-1","max-image-preview":"max-image-preview:large","max-video-preview":"max-video-preview:-1"},"canonical":"https:\/\/www.btv.md\/ro\/ilan-shor-a-fost-retinut-pentru-72-de-ore\/","og_locale":"ro_RO","og_type":"article","og_title":"Ilan Shor a fost re\u021binut pentru 72 de ore - BTV","og_description":"Sursa: unimedia.info Primarul de Orhei, Ilan Shor a fost re\u021binut de CNA pentru 72 de ore. Informa\u021bia a fost anun\u021bat\u0103 de c\u0103tre procurorul Adriana Be\u021bi\u0219or. Aceasta a accentuat c\u0103 nu este vorba despre dosarul Filat, ci pentru evaziune fiscal\u0103 \u0219i sp\u0103lare de bani \u00een propor\u021bii deosebit de mari. \u201eEste vorba despre o nou\u0103 cauz\u0103 penal\u0103, [&hellip;]","og_url":"https:\/\/www.btv.md\/ro\/ilan-shor-a-fost-retinut-pentru-72-de-ore\/","og_site_name":"BTV","article_publisher":"https:\/\/www.facebook.com\/btvmoldova\/","article_published_time":"2016-06-22T15:34:59+00:00","og_image":[{"width":543,"height":354,"url":"https:\/\/www.btv.md\/wp-content\/uploads\/2016\/06\/articles.41672.m.jpg","type":"image\/jpeg"}],"author":"admin","twitter_misc":{"Scris de":"admin","Timp estimat pentru citire":"1 minut"},"schema":{"@context":"https:\/\/schema.org","@graph":[{"@type":"Article","@id":"https:\/\/www.btv.md\/ro\/ilan-shor-a-fost-retinut-pentru-72-de-ore\/#article","isPartOf":{"@id":"https:\/\/www.btv.md\/ro\/ilan-shor-a-fost-retinut-pentru-72-de-ore\/"},"author":{"name":"admin","@id":"https:\/\/www.btv.md\/#\/schema\/person\/8fadce81561b3ce2c34c46dadc4ccbf2"},"headline":"Ilan Shor a fost re\u021binut pentru 72 de ore","datePublished":"2016-06-22T15:34:59+00:00","mainEntityOfPage":{"@id":"https:\/\/www.btv.md\/ro\/ilan-shor-a-fost-retinut-pentru-72-de-ore\/"},"wordCount":194,"image":{"@id":"https:\/\/www.btv.md\/ro\/ilan-shor-a-fost-retinut-pentru-72-de-ore\/#primaryimage"},"thumbnailUrl":"https:\/\/www.btv.md\/wp-content\/uploads\/2016\/06\/articles.41672.m.jpg","articleSection":["Politic\u0103"],"inLanguage":"ro-RO"},{"@type":"WebPage","@id":"https:\/\/www.btv.md\/ro\/ilan-shor-a-fost-retinut-pentru-72-de-ore\/","url":"https:\/\/www.btv.md\/ro\/ilan-shor-a-fost-retinut-pentru-72-de-ore\/","name":"Ilan Shor a fost re\u021binut pentru 72 de ore - BTV","isPartOf":{"@id":"https:\/\/www.btv.md\/#website"},"primaryImageOfPage":{"@id":"https:\/\/www.btv.md\/ro\/ilan-shor-a-fost-retinut-pentru-72-de-ore\/#primaryimage"},"image":{"@id":"https:\/\/www.btv.md\/ro\/ilan-shor-a-fost-retinut-pentru-72-de-ore\/#primaryimage"},"thumbnailUrl":"https:\/\/www.btv.md\/wp-content\/uploads\/2016\/06\/articles.41672.m.jpg","datePublished":"2016-06-22T15:34:59+00:00","author":{"@id":"https:\/\/www.btv.md\/#\/schema\/person\/8fadce81561b3ce2c34c46dadc4ccbf2"},"inLanguage":"ro-RO","potentialAction":[{"@type":"ReadAction","target":["https:\/\/www.btv.md\/ro\/ilan-shor-a-fost-retinut-pentru-72-de-ore\/"]}]},{"@type":"ImageObject","inLanguage":"ro-RO","@id":"https:\/\/www.btv.md\/ro\/ilan-shor-a-fost-retinut-pentru-72-de-ore\/#primaryimage","url":"https:\/\/www.btv.md\/wp-content\/uploads\/2016\/06\/articles.41672.m.jpg","contentUrl":"https:\/\/www.btv.md\/wp-content\/uploads\/2016\/06\/articles.41672.m.jpg","width":543,"height":354},{"@type":"WebSite","@id":"https:\/\/www.btv.md\/#website","url":"https:\/\/www.btv.md\/","name":"BTV","description":"\u0411\u0435\u043b\u044c\u0446\u043a\u043e\u0435 \u0442\u0435\u043b\u0435\u0432\u0438\u0434\u0435\u043d\u0438\u0435","potentialAction":[{"@type":"SearchAction","target":{"@type":"EntryPoint","urlTemplate":"https:\/\/www.btv.md\/?s={search_term_string}"},"query-input":{"@type":"PropertyValueSpecification","valueRequired":true,"valueName":"search_term_string"}}],"inLanguage":"ro-RO"},{"@type":"Person","@id":"https:\/\/www.btv.md\/#\/schema\/person\/8fadce81561b3ce2c34c46dadc4ccbf2","name":"admin"}]}},"_links":{"self":[{"href":"https:\/\/www.btv.md\/ro\/wp-json\/wp\/v2\/posts\/14991","targetHints":{"allow":["GET"]}}],"collection":[{"href":"https:\/\/www.btv.md\/ro\/wp-json\/wp\/v2\/posts"}],"about":[{"href":"https:\/\/www.btv.md\/ro\/wp-json\/wp\/v2\/types\/post"}],"author":[{"embeddable":true,"href":"https:\/\/www.btv.md\/ro\/wp-json\/wp\/v2\/users\/4"}],"replies":[{"embeddable":true,"href":"https:\/\/www.btv.md\/ro\/wp-json\/wp\/v2\/comments?post=14991"}],"version-history":[{"count":0,"href":"https:\/\/www.btv.md\/ro\/wp-json\/wp\/v2\/posts\/14991\/revisions"}],"wp:featuredmedia":[{"embeddable":true,"href":"https:\/\/www.btv.md\/ro\/wp-json\/wp\/v2\/media\/14992"}],"wp:attachment":[{"href":"https:\/\/www.btv.md\/ro\/wp-json\/wp\/v2\/media?parent=14991"}],"wp:term":[{"taxonomy":"category","embeddable":true,"href":"https:\/\/www.btv.md\/ro\/wp-json\/wp\/v2\/categories?post=14991"},{"taxonomy":"post_tag","embeddable":true,"href":"https:\/\/www.btv.md\/ro\/wp-json\/wp\/v2\/tags?post=14991"}],"curies":[{"name":"wp","href":"https:\/\/api.w.org\/{rel}","templated":true}]}}