{"id":14998,"date":"2016-06-23T14:17:52","date_gmt":"2016-06-23T11:17:52","guid":{"rendered":"http:\/\/btv.md\/?p=14998"},"modified":"2016-06-23T14:18:01","modified_gmt":"2016-06-23T11:18:01","slug":"reparatia-traseului-balti-falesti-sculeni-monitorizata-de-o-companie-franceza","status":"publish","type":"post","link":"https:\/\/www.btv.md\/ro\/reparatia-traseului-balti-falesti-sculeni-monitorizata-de-o-companie-franceza\/","title":{"rendered":"REPARA\u021aIA  TRASEULUI   B\u0102L\u021aI-F\u0102LE\u0218TI-SCULENI,  MONITORIZAT\u0102  DE  O  COMPANIE  FRANCEZ\u0102"},"content":{"rendered":"<p>Lucr\u0103rile de repara\u021bie a traseului B\u0103l\u021bi-F\u0103le\u0219ti-Sculeni vor fi strict supravegheate de\u00a0 compania francez\u0103 Louis Berger. Reprezentan\u021bii acesteia vor monitoriza at\u00e2t calitatea lucr\u0103rilor, c\u00e2t \u015fi gestionarea banilor. Drumul de <strong>circa 50 \u00a0de kilometri este renovat de compania italian\u0103 Pizzarotti \u0219i va costa 50 de milioane de euro.<\/strong><\/p>\n<p><iframe width=\"1170\" height=\"878\" data-src=\"https:\/\/www.youtube.com\/embed\/AfeEFDqqgN0?wmode=transparent&amp;rel=0&amp;feature=oembed\" frameborder=\"0\" allow=\"accelerometer; autoplay; encrypted-media; gyroscope; picture-in-picture\" allowfullscreen src=\"data:image\/svg+xml;base64,PHN2ZyB3aWR0aD0iMSIgaGVpZ2h0PSIxIiB4bWxucz0iaHR0cDovL3d3dy53My5vcmcvMjAwMC9zdmciPjwvc3ZnPg==\" class=\"lazyload\" data-load-mode=\"1\"><\/iframe><\/p>\n<p>Echipa de speciali\u0219ti este constituit\u0103 din 15 ingineri, care se vor afla \u00een Republica Moldova p\u00e2n\u0103 la finalizarea proiectului.<\/p>\n","protected":false},"excerpt":{"rendered":"<p>Lucr\u0103rile de repara\u021bie a traseului B\u0103l\u021bi-F\u0103le\u0219ti-Sculeni vor fi strict supravegheate de\u00a0 compania francez\u0103 Louis Berger. Reprezentan\u021bii acesteia vor monitoriza at\u00e2t calitatea lucr\u0103rilor, c\u00e2t \u015fi gestionarea banilor. Drumul de circa 50 \u00a0de kilometri este renovat de compania italian\u0103 Pizzarotti \u0219i va costa 50 de milioane de euro. Echipa de speciali\u0219ti este constituit\u0103 din 15 ingineri, care [&hellip;]<\/p>\n","protected":false},"author":4,"featured_media":14999,"comment_status":"closed","ping_status":"closed","sticky":false,"template":"","format":"standard","meta":{"footnotes":""},"categories":[6349],"tags":[],"class_list":["post-14998","post","type-post","status-publish","format-standard","has-post-thumbnail","hentry","category-social"],"yoast_head":"<!-- This site is optimized with the Yoast SEO plugin v27.4 - https:\/\/yoast.com\/product\/yoast-seo-wordpress\/ -->\n<title>REPARA\u021aIA TRASEULUI  B\u0102L\u021aI-F\u0102LE\u0218TI-SCULENI, MONITORIZAT\u0102 DE O COMPANIE FRANCEZ\u0102 - BTV<\/title>\n<meta name=\"robots\" content=\"index, follow, max-snippet:-1, max-image-preview:large, max-video-preview:-1\" \/>\n<link rel=\"canonical\" href=\"https:\/\/www.btv.md\/ro\/reparatia-traseului-balti-falesti-sculeni-monitorizata-de-o-companie-franceza\/\" \/>\n<meta property=\"og:locale\" content=\"ro_RO\" \/>\n<meta property=\"og:type\" content=\"article\" \/>\n<meta property=\"og:title\" content=\"REPARA\u021aIA TRASEULUI  B\u0102L\u021aI-F\u0102LE\u0218TI-SCULENI, MONITORIZAT\u0102 DE O COMPANIE FRANCEZ\u0102 - BTV\" \/>\n<meta property=\"og:description\" content=\"Lucr\u0103rile de repara\u021bie a traseului B\u0103l\u021bi-F\u0103le\u0219ti-Sculeni vor fi strict supravegheate de\u00a0 compania francez\u0103 Louis Berger. Reprezentan\u021bii acesteia vor monitoriza at\u00e2t calitatea lucr\u0103rilor, c\u00e2t \u015fi gestionarea banilor. Drumul de circa 50 \u00a0de kilometri este renovat de compania italian\u0103 Pizzarotti \u0219i va costa 50 de milioane de euro. Echipa de speciali\u0219ti este constituit\u0103 din 15 ingineri, care [&hellip;]\" \/>\n<meta property=\"og:url\" content=\"https:\/\/www.btv.md\/ro\/reparatia-traseului-balti-falesti-sculeni-monitorizata-de-o-companie-franceza\/\" \/>\n<meta property=\"og:site_name\" content=\"BTV\" \/>\n<meta property=\"article:publisher\" content=\"https:\/\/www.facebook.com\/btvmoldova\/\" \/>\n<meta property=\"article:published_time\" content=\"2016-06-23T11:17:52+00:00\" \/>\n<meta property=\"article:modified_time\" content=\"2016-06-23T11:18:01+00:00\" \/>\n<meta property=\"og:image\" content=\"https:\/\/www.btv.md\/wp-content\/uploads\/2016\/06\/fgr.jpg\" \/>\n\t<meta property=\"og:image:width\" content=\"600\" \/>\n\t<meta property=\"og:image:height\" content=\"400\" \/>\n\t<meta property=\"og:image:type\" content=\"image\/jpeg\" \/>\n<meta name=\"author\" content=\"admin\" \/>\n<meta name=\"twitter:label1\" content=\"Scris de\" \/>\n\t<meta name=\"twitter:data1\" content=\"admin\" \/>\n<script type=\"application\/ld+json\" class=\"yoast-schema-graph\">{\"@context\":\"https:\\\/\\\/schema.org\",\"@graph\":[{\"@type\":\"Article\",\"@id\":\"https:\\\/\\\/www.btv.md\\\/ro\\\/reparatia-traseului-balti-falesti-sculeni-monitorizata-de-o-companie-franceza\\\/#article\",\"isPartOf\":{\"@id\":\"https:\\\/\\\/www.btv.md\\\/ro\\\/reparatia-traseului-balti-falesti-sculeni-monitorizata-de-o-companie-franceza\\\/\"},\"author\":{\"name\":\"admin\",\"@id\":\"https:\\\/\\\/www.btv.md\\\/#\\\/schema\\\/person\\\/8fadce81561b3ce2c34c46dadc4ccbf2\"},\"headline\":\"REPARA\u021aIA TRASEULUI B\u0102L\u021aI-F\u0102LE\u0218TI-SCULENI, MONITORIZAT\u0102 DE O COMPANIE FRANCEZ\u0102\",\"datePublished\":\"2016-06-23T11:17:52+00:00\",\"dateModified\":\"2016-06-23T11:18:01+00:00\",\"mainEntityOfPage\":{\"@id\":\"https:\\\/\\\/www.btv.md\\\/ro\\\/reparatia-traseului-balti-falesti-sculeni-monitorizata-de-o-companie-franceza\\\/\"},\"wordCount\":91,\"image\":{\"@id\":\"https:\\\/\\\/www.btv.md\\\/ro\\\/reparatia-traseului-balti-falesti-sculeni-monitorizata-de-o-companie-franceza\\\/#primaryimage\"},\"thumbnailUrl\":\"https:\\\/\\\/www.btv.md\\\/wp-content\\\/uploads\\\/2016\\\/06\\\/fgr.jpg\",\"articleSection\":[\"Social\"],\"inLanguage\":\"ro-RO\"},{\"@type\":\"WebPage\",\"@id\":\"https:\\\/\\\/www.btv.md\\\/ro\\\/reparatia-traseului-balti-falesti-sculeni-monitorizata-de-o-companie-franceza\\\/\",\"url\":\"https:\\\/\\\/www.btv.md\\\/ro\\\/reparatia-traseului-balti-falesti-sculeni-monitorizata-de-o-companie-franceza\\\/\",\"name\":\"REPARA\u021aIA TRASEULUI B\u0102L\u021aI-F\u0102LE\u0218TI-SCULENI, MONITORIZAT\u0102 DE O COMPANIE FRANCEZ\u0102 - BTV\",\"isPartOf\":{\"@id\":\"https:\\\/\\\/www.btv.md\\\/#website\"},\"primaryImageOfPage\":{\"@id\":\"https:\\\/\\\/www.btv.md\\\/ro\\\/reparatia-traseului-balti-falesti-sculeni-monitorizata-de-o-companie-franceza\\\/#primaryimage\"},\"image\":{\"@id\":\"https:\\\/\\\/www.btv.md\\\/ro\\\/reparatia-traseului-balti-falesti-sculeni-monitorizata-de-o-companie-franceza\\\/#primaryimage\"},\"thumbnailUrl\":\"https:\\\/\\\/www.btv.md\\\/wp-content\\\/uploads\\\/2016\\\/06\\\/fgr.jpg\",\"datePublished\":\"2016-06-23T11:17:52+00:00\",\"dateModified\":\"2016-06-23T11:18:01+00:00\",\"author\":{\"@id\":\"https:\\\/\\\/www.btv.md\\\/#\\\/schema\\\/person\\\/8fadce81561b3ce2c34c46dadc4ccbf2\"},\"inLanguage\":\"ro-RO\",\"potentialAction\":[{\"@type\":\"ReadAction\",\"target\":[\"https:\\\/\\\/www.btv.md\\\/ro\\\/reparatia-traseului-balti-falesti-sculeni-monitorizata-de-o-companie-franceza\\\/\"]}]},{\"@type\":\"ImageObject\",\"inLanguage\":\"ro-RO\",\"@id\":\"https:\\\/\\\/www.btv.md\\\/ro\\\/reparatia-traseului-balti-falesti-sculeni-monitorizata-de-o-companie-franceza\\\/#primaryimage\",\"url\":\"https:\\\/\\\/www.btv.md\\\/wp-content\\\/uploads\\\/2016\\\/06\\\/fgr.jpg\",\"contentUrl\":\"https:\\\/\\\/www.btv.md\\\/wp-content\\\/uploads\\\/2016\\\/06\\\/fgr.jpg\",\"width\":600,\"height\":400},{\"@type\":\"WebSite\",\"@id\":\"https:\\\/\\\/www.btv.md\\\/#website\",\"url\":\"https:\\\/\\\/www.btv.md\\\/\",\"name\":\"BTV\",\"description\":\"\u0411\u0435\u043b\u044c\u0446\u043a\u043e\u0435 \u0442\u0435\u043b\u0435\u0432\u0438\u0434\u0435\u043d\u0438\u0435\",\"potentialAction\":[{\"@type\":\"SearchAction\",\"target\":{\"@type\":\"EntryPoint\",\"urlTemplate\":\"https:\\\/\\\/www.btv.md\\\/?s={search_term_string}\"},\"query-input\":{\"@type\":\"PropertyValueSpecification\",\"valueRequired\":true,\"valueName\":\"search_term_string\"}}],\"inLanguage\":\"ro-RO\"},{\"@type\":\"Person\",\"@id\":\"https:\\\/\\\/www.btv.md\\\/#\\\/schema\\\/person\\\/8fadce81561b3ce2c34c46dadc4ccbf2\",\"name\":\"admin\"}]}<\/script>\n<!-- \/ Yoast SEO plugin. -->","yoast_head_json":{"title":"REPARA\u021aIA TRASEULUI  B\u0102L\u021aI-F\u0102LE\u0218TI-SCULENI, MONITORIZAT\u0102 DE O COMPANIE FRANCEZ\u0102 - BTV","robots":{"index":"index","follow":"follow","max-snippet":"max-snippet:-1","max-image-preview":"max-image-preview:large","max-video-preview":"max-video-preview:-1"},"canonical":"https:\/\/www.btv.md\/ro\/reparatia-traseului-balti-falesti-sculeni-monitorizata-de-o-companie-franceza\/","og_locale":"ro_RO","og_type":"article","og_title":"REPARA\u021aIA TRASEULUI  B\u0102L\u021aI-F\u0102LE\u0218TI-SCULENI, MONITORIZAT\u0102 DE O COMPANIE FRANCEZ\u0102 - BTV","og_description":"Lucr\u0103rile de repara\u021bie a traseului B\u0103l\u021bi-F\u0103le\u0219ti-Sculeni vor fi strict supravegheate de\u00a0 compania francez\u0103 Louis Berger. Reprezentan\u021bii acesteia vor monitoriza at\u00e2t calitatea lucr\u0103rilor, c\u00e2t \u015fi gestionarea banilor. Drumul de circa 50 \u00a0de kilometri este renovat de compania italian\u0103 Pizzarotti \u0219i va costa 50 de milioane de euro. Echipa de speciali\u0219ti este constituit\u0103 din 15 ingineri, care [&hellip;]","og_url":"https:\/\/www.btv.md\/ro\/reparatia-traseului-balti-falesti-sculeni-monitorizata-de-o-companie-franceza\/","og_site_name":"BTV","article_publisher":"https:\/\/www.facebook.com\/btvmoldova\/","article_published_time":"2016-06-23T11:17:52+00:00","article_modified_time":"2016-06-23T11:18:01+00:00","og_image":[{"width":600,"height":400,"url":"https:\/\/www.btv.md\/wp-content\/uploads\/2016\/06\/fgr.jpg","type":"image\/jpeg"}],"author":"admin","twitter_misc":{"Scris de":"admin"},"schema":{"@context":"https:\/\/schema.org","@graph":[{"@type":"Article","@id":"https:\/\/www.btv.md\/ro\/reparatia-traseului-balti-falesti-sculeni-monitorizata-de-o-companie-franceza\/#article","isPartOf":{"@id":"https:\/\/www.btv.md\/ro\/reparatia-traseului-balti-falesti-sculeni-monitorizata-de-o-companie-franceza\/"},"author":{"name":"admin","@id":"https:\/\/www.btv.md\/#\/schema\/person\/8fadce81561b3ce2c34c46dadc4ccbf2"},"headline":"REPARA\u021aIA TRASEULUI B\u0102L\u021aI-F\u0102LE\u0218TI-SCULENI, MONITORIZAT\u0102 DE O COMPANIE FRANCEZ\u0102","datePublished":"2016-06-23T11:17:52+00:00","dateModified":"2016-06-23T11:18:01+00:00","mainEntityOfPage":{"@id":"https:\/\/www.btv.md\/ro\/reparatia-traseului-balti-falesti-sculeni-monitorizata-de-o-companie-franceza\/"},"wordCount":91,"image":{"@id":"https:\/\/www.btv.md\/ro\/reparatia-traseului-balti-falesti-sculeni-monitorizata-de-o-companie-franceza\/#primaryimage"},"thumbnailUrl":"https:\/\/www.btv.md\/wp-content\/uploads\/2016\/06\/fgr.jpg","articleSection":["Social"],"inLanguage":"ro-RO"},{"@type":"WebPage","@id":"https:\/\/www.btv.md\/ro\/reparatia-traseului-balti-falesti-sculeni-monitorizata-de-o-companie-franceza\/","url":"https:\/\/www.btv.md\/ro\/reparatia-traseului-balti-falesti-sculeni-monitorizata-de-o-companie-franceza\/","name":"REPARA\u021aIA TRASEULUI B\u0102L\u021aI-F\u0102LE\u0218TI-SCULENI, MONITORIZAT\u0102 DE O COMPANIE FRANCEZ\u0102 - BTV","isPartOf":{"@id":"https:\/\/www.btv.md\/#website"},"primaryImageOfPage":{"@id":"https:\/\/www.btv.md\/ro\/reparatia-traseului-balti-falesti-sculeni-monitorizata-de-o-companie-franceza\/#primaryimage"},"image":{"@id":"https:\/\/www.btv.md\/ro\/reparatia-traseului-balti-falesti-sculeni-monitorizata-de-o-companie-franceza\/#primaryimage"},"thumbnailUrl":"https:\/\/www.btv.md\/wp-content\/uploads\/2016\/06\/fgr.jpg","datePublished":"2016-06-23T11:17:52+00:00","dateModified":"2016-06-23T11:18:01+00:00","author":{"@id":"https:\/\/www.btv.md\/#\/schema\/person\/8fadce81561b3ce2c34c46dadc4ccbf2"},"inLanguage":"ro-RO","potentialAction":[{"@type":"ReadAction","target":["https:\/\/www.btv.md\/ro\/reparatia-traseului-balti-falesti-sculeni-monitorizata-de-o-companie-franceza\/"]}]},{"@type":"ImageObject","inLanguage":"ro-RO","@id":"https:\/\/www.btv.md\/ro\/reparatia-traseului-balti-falesti-sculeni-monitorizata-de-o-companie-franceza\/#primaryimage","url":"https:\/\/www.btv.md\/wp-content\/uploads\/2016\/06\/fgr.jpg","contentUrl":"https:\/\/www.btv.md\/wp-content\/uploads\/2016\/06\/fgr.jpg","width":600,"height":400},{"@type":"WebSite","@id":"https:\/\/www.btv.md\/#website","url":"https:\/\/www.btv.md\/","name":"BTV","description":"\u0411\u0435\u043b\u044c\u0446\u043a\u043e\u0435 \u0442\u0435\u043b\u0435\u0432\u0438\u0434\u0435\u043d\u0438\u0435","potentialAction":[{"@type":"SearchAction","target":{"@type":"EntryPoint","urlTemplate":"https:\/\/www.btv.md\/?s={search_term_string}"},"query-input":{"@type":"PropertyValueSpecification","valueRequired":true,"valueName":"search_term_string"}}],"inLanguage":"ro-RO"},{"@type":"Person","@id":"https:\/\/www.btv.md\/#\/schema\/person\/8fadce81561b3ce2c34c46dadc4ccbf2","name":"admin"}]}},"_links":{"self":[{"href":"https:\/\/www.btv.md\/ro\/wp-json\/wp\/v2\/posts\/14998","targetHints":{"allow":["GET"]}}],"collection":[{"href":"https:\/\/www.btv.md\/ro\/wp-json\/wp\/v2\/posts"}],"about":[{"href":"https:\/\/www.btv.md\/ro\/wp-json\/wp\/v2\/types\/post"}],"author":[{"embeddable":true,"href":"https:\/\/www.btv.md\/ro\/wp-json\/wp\/v2\/users\/4"}],"replies":[{"embeddable":true,"href":"https:\/\/www.btv.md\/ro\/wp-json\/wp\/v2\/comments?post=14998"}],"version-history":[{"count":0,"href":"https:\/\/www.btv.md\/ro\/wp-json\/wp\/v2\/posts\/14998\/revisions"}],"wp:featuredmedia":[{"embeddable":true,"href":"https:\/\/www.btv.md\/ro\/wp-json\/wp\/v2\/media\/14999"}],"wp:attachment":[{"href":"https:\/\/www.btv.md\/ro\/wp-json\/wp\/v2\/media?parent=14998"}],"wp:term":[{"taxonomy":"category","embeddable":true,"href":"https:\/\/www.btv.md\/ro\/wp-json\/wp\/v2\/categories?post=14998"},{"taxonomy":"post_tag","embeddable":true,"href":"https:\/\/www.btv.md\/ro\/wp-json\/wp\/v2\/tags?post=14998"}],"curies":[{"name":"wp","href":"https:\/\/api.w.org\/{rel}","templated":true}]}}