{"id":15001,"date":"2016-06-23T14:23:28","date_gmt":"2016-06-23T11:23:28","guid":{"rendered":"http:\/\/btv.md\/?p=15001"},"modified":"2016-06-23T14:29:57","modified_gmt":"2016-06-23T11:29:57","slug":"un-adolescent-din-singerei-a-fost-electrocutat-mortal","status":"publish","type":"post","link":"https:\/\/www.btv.md\/ro\/un-adolescent-din-singerei-a-fost-electrocutat-mortal\/","title":{"rendered":"UN  ADOLESCENT  DIN  S\u00ceNGEREI  A  FOST  ELECTROCUTAT  MORTAL"},"content":{"rendered":"<p><iframe width=\"1170\" height=\"878\" data-src=\"https:\/\/www.youtube.com\/embed\/cUNGJ336-rY?wmode=transparent&amp;rel=0&amp;feature=oembed\" frameborder=\"0\" allow=\"accelerometer; autoplay; encrypted-media; gyroscope; picture-in-picture\" allowfullscreen src=\"data:image\/svg+xml;base64,PHN2ZyB3aWR0aD0iMSIgaGVpZ2h0PSIxIiB4bWxucz0iaHR0cDovL3d3dy53My5vcmcvMjAwMC9zdmciPjwvc3ZnPg==\" class=\"lazyload\" data-load-mode=\"1\"><\/iframe><\/p>\n<p>Caz cutremur\u0103tor la S\u00eengerei. Un adolescent de 15 ani a\u00a0 murit electrocutat chiar \u00een curtea casei. S-a \u00eent\u00e2mplat \u00een ziua de 21 iunie, c\u00e2nd victima a hot\u0103r\u00eet s\u0103 ude florile din gr\u0103din\u0103 cu o pomp\u0103 electric\u0103, folosind un prelungitor prefabricat conectat la priza din cas\u0103.<\/p>\n<p>\u00cen timpul pomp\u0103rii apei dintr-un butoi metalic,\u00a0 furtunul a ie\u0219it din pomp\u0103 \u0219i a udat priza \u00een care era conectat acesta. Din spusele rudelor, victima ar fi \u00eencercat s\u0103 scoat\u0103 furca din priz\u0103 \u0219i \u00een acel moment a fost electrocutat.<\/p>\n<p>Medicii au \u00eencercat s\u0103-l resusciteze pre\u021b de o or\u0103 \u0219i jum\u0103tate, \u00eens\u0103 pentru b\u0103iat era deja prea t\u00e2rziu.<\/p>\n<p>Potrivit Inspec\u021biei Energetice Teritoriale B\u0103l\u021bi, de la \u00eenceputul anului pe \u021bar\u0103 au avut loc 7 cazuri de electrocutare, 6 dintre ele soldate cu deces printre care 3 copii.<\/p>\n","protected":false},"excerpt":{"rendered":"<p>Caz cutremur\u0103tor la S\u00eengerei. Un adolescent de 15 ani a\u00a0 murit electrocutat chiar \u00een curtea casei. S-a \u00eent\u00e2mplat \u00een ziua de 21 iunie, c\u00e2nd victima a hot\u0103r\u00eet s\u0103 ude florile din gr\u0103din\u0103 cu o pomp\u0103 electric\u0103, folosind un prelungitor prefabricat conectat la priza din cas\u0103. \u00cen timpul pomp\u0103rii apei dintr-un butoi metalic,\u00a0 furtunul a ie\u0219it [&hellip;]<\/p>\n","protected":false},"author":4,"featured_media":15002,"comment_status":"closed","ping_status":"closed","sticky":false,"template":"","format":"standard","meta":{"footnotes":""},"categories":[15],"tags":[],"class_list":["post-15001","post","type-post","status-publish","format-standard","has-post-thumbnail","hentry","category-proishestvia"],"yoast_head":"<!-- This site is optimized with the Yoast SEO plugin v27.4 - https:\/\/yoast.com\/product\/yoast-seo-wordpress\/ -->\n<title>UN ADOLESCENT DIN S\u00ceNGEREI A FOST ELECTROCUTAT MORTAL - BTV<\/title>\n<meta name=\"robots\" content=\"index, follow, max-snippet:-1, max-image-preview:large, max-video-preview:-1\" \/>\n<link rel=\"canonical\" href=\"https:\/\/www.btv.md\/ro\/un-adolescent-din-singerei-a-fost-electrocutat-mortal\/\" \/>\n<meta property=\"og:locale\" content=\"ro_RO\" \/>\n<meta property=\"og:type\" content=\"article\" \/>\n<meta property=\"og:title\" content=\"UN ADOLESCENT DIN S\u00ceNGEREI A FOST ELECTROCUTAT MORTAL - BTV\" \/>\n<meta property=\"og:description\" content=\"Caz cutremur\u0103tor la S\u00eengerei. Un adolescent de 15 ani a\u00a0 murit electrocutat chiar \u00een curtea casei. S-a \u00eent\u00e2mplat \u00een ziua de 21 iunie, c\u00e2nd victima a hot\u0103r\u00eet s\u0103 ude florile din gr\u0103din\u0103 cu o pomp\u0103 electric\u0103, folosind un prelungitor prefabricat conectat la priza din cas\u0103. \u00cen timpul pomp\u0103rii apei dintr-un butoi metalic,\u00a0 furtunul a ie\u0219it [&hellip;]\" \/>\n<meta property=\"og:url\" content=\"https:\/\/www.btv.md\/ro\/un-adolescent-din-singerei-a-fost-electrocutat-mortal\/\" \/>\n<meta property=\"og:site_name\" content=\"BTV\" \/>\n<meta property=\"article:publisher\" content=\"https:\/\/www.facebook.com\/btvmoldova\/\" \/>\n<meta property=\"article:published_time\" content=\"2016-06-23T11:23:28+00:00\" \/>\n<meta property=\"article:modified_time\" content=\"2016-06-23T11:29:57+00:00\" \/>\n<meta property=\"og:image\" content=\"https:\/\/www.btv.md\/wp-content\/uploads\/2016\/06\/seg.jpg\" \/>\n\t<meta property=\"og:image:width\" content=\"600\" \/>\n\t<meta property=\"og:image:height\" content=\"400\" \/>\n\t<meta property=\"og:image:type\" content=\"image\/jpeg\" \/>\n<meta name=\"author\" content=\"admin\" \/>\n<meta name=\"twitter:label1\" content=\"Scris de\" \/>\n\t<meta name=\"twitter:data1\" content=\"admin\" \/>\n\t<meta name=\"twitter:label2\" content=\"Timp estimat pentru citire\" \/>\n\t<meta name=\"twitter:data2\" content=\"1 minut\" \/>\n<script type=\"application\/ld+json\" class=\"yoast-schema-graph\">{\"@context\":\"https:\\\/\\\/schema.org\",\"@graph\":[{\"@type\":\"Article\",\"@id\":\"https:\\\/\\\/www.btv.md\\\/ro\\\/un-adolescent-din-singerei-a-fost-electrocutat-mortal\\\/#article\",\"isPartOf\":{\"@id\":\"https:\\\/\\\/www.btv.md\\\/ro\\\/un-adolescent-din-singerei-a-fost-electrocutat-mortal\\\/\"},\"author\":{\"name\":\"admin\",\"@id\":\"https:\\\/\\\/www.btv.md\\\/#\\\/schema\\\/person\\\/8fadce81561b3ce2c34c46dadc4ccbf2\"},\"headline\":\"UN ADOLESCENT DIN S\u00ceNGEREI A FOST ELECTROCUTAT MORTAL\",\"datePublished\":\"2016-06-23T11:23:28+00:00\",\"dateModified\":\"2016-06-23T11:29:57+00:00\",\"mainEntityOfPage\":{\"@id\":\"https:\\\/\\\/www.btv.md\\\/ro\\\/un-adolescent-din-singerei-a-fost-electrocutat-mortal\\\/\"},\"wordCount\":156,\"image\":{\"@id\":\"https:\\\/\\\/www.btv.md\\\/ro\\\/un-adolescent-din-singerei-a-fost-electrocutat-mortal\\\/#primaryimage\"},\"thumbnailUrl\":\"https:\\\/\\\/www.btv.md\\\/wp-content\\\/uploads\\\/2016\\\/06\\\/seg.jpg\",\"articleSection\":[\"\u041f\u0440\u043e\u0438\u0441\u0448\u0435\u0441\u0442\u0432\u0438\u044f\"],\"inLanguage\":\"ro-RO\"},{\"@type\":\"WebPage\",\"@id\":\"https:\\\/\\\/www.btv.md\\\/ro\\\/un-adolescent-din-singerei-a-fost-electrocutat-mortal\\\/\",\"url\":\"https:\\\/\\\/www.btv.md\\\/ro\\\/un-adolescent-din-singerei-a-fost-electrocutat-mortal\\\/\",\"name\":\"UN ADOLESCENT DIN S\u00ceNGEREI A FOST ELECTROCUTAT MORTAL - BTV\",\"isPartOf\":{\"@id\":\"https:\\\/\\\/www.btv.md\\\/#website\"},\"primaryImageOfPage\":{\"@id\":\"https:\\\/\\\/www.btv.md\\\/ro\\\/un-adolescent-din-singerei-a-fost-electrocutat-mortal\\\/#primaryimage\"},\"image\":{\"@id\":\"https:\\\/\\\/www.btv.md\\\/ro\\\/un-adolescent-din-singerei-a-fost-electrocutat-mortal\\\/#primaryimage\"},\"thumbnailUrl\":\"https:\\\/\\\/www.btv.md\\\/wp-content\\\/uploads\\\/2016\\\/06\\\/seg.jpg\",\"datePublished\":\"2016-06-23T11:23:28+00:00\",\"dateModified\":\"2016-06-23T11:29:57+00:00\",\"author\":{\"@id\":\"https:\\\/\\\/www.btv.md\\\/#\\\/schema\\\/person\\\/8fadce81561b3ce2c34c46dadc4ccbf2\"},\"inLanguage\":\"ro-RO\",\"potentialAction\":[{\"@type\":\"ReadAction\",\"target\":[\"https:\\\/\\\/www.btv.md\\\/ro\\\/un-adolescent-din-singerei-a-fost-electrocutat-mortal\\\/\"]}]},{\"@type\":\"ImageObject\",\"inLanguage\":\"ro-RO\",\"@id\":\"https:\\\/\\\/www.btv.md\\\/ro\\\/un-adolescent-din-singerei-a-fost-electrocutat-mortal\\\/#primaryimage\",\"url\":\"https:\\\/\\\/www.btv.md\\\/wp-content\\\/uploads\\\/2016\\\/06\\\/seg.jpg\",\"contentUrl\":\"https:\\\/\\\/www.btv.md\\\/wp-content\\\/uploads\\\/2016\\\/06\\\/seg.jpg\",\"width\":600,\"height\":400},{\"@type\":\"WebSite\",\"@id\":\"https:\\\/\\\/www.btv.md\\\/#website\",\"url\":\"https:\\\/\\\/www.btv.md\\\/\",\"name\":\"BTV\",\"description\":\"\u0411\u0435\u043b\u044c\u0446\u043a\u043e\u0435 \u0442\u0435\u043b\u0435\u0432\u0438\u0434\u0435\u043d\u0438\u0435\",\"potentialAction\":[{\"@type\":\"SearchAction\",\"target\":{\"@type\":\"EntryPoint\",\"urlTemplate\":\"https:\\\/\\\/www.btv.md\\\/?s={search_term_string}\"},\"query-input\":{\"@type\":\"PropertyValueSpecification\",\"valueRequired\":true,\"valueName\":\"search_term_string\"}}],\"inLanguage\":\"ro-RO\"},{\"@type\":\"Person\",\"@id\":\"https:\\\/\\\/www.btv.md\\\/#\\\/schema\\\/person\\\/8fadce81561b3ce2c34c46dadc4ccbf2\",\"name\":\"admin\"}]}<\/script>\n<!-- \/ Yoast SEO plugin. -->","yoast_head_json":{"title":"UN ADOLESCENT DIN S\u00ceNGEREI A FOST ELECTROCUTAT MORTAL - BTV","robots":{"index":"index","follow":"follow","max-snippet":"max-snippet:-1","max-image-preview":"max-image-preview:large","max-video-preview":"max-video-preview:-1"},"canonical":"https:\/\/www.btv.md\/ro\/un-adolescent-din-singerei-a-fost-electrocutat-mortal\/","og_locale":"ro_RO","og_type":"article","og_title":"UN ADOLESCENT DIN S\u00ceNGEREI A FOST ELECTROCUTAT MORTAL - BTV","og_description":"Caz cutremur\u0103tor la S\u00eengerei. Un adolescent de 15 ani a\u00a0 murit electrocutat chiar \u00een curtea casei. S-a \u00eent\u00e2mplat \u00een ziua de 21 iunie, c\u00e2nd victima a hot\u0103r\u00eet s\u0103 ude florile din gr\u0103din\u0103 cu o pomp\u0103 electric\u0103, folosind un prelungitor prefabricat conectat la priza din cas\u0103. \u00cen timpul pomp\u0103rii apei dintr-un butoi metalic,\u00a0 furtunul a ie\u0219it [&hellip;]","og_url":"https:\/\/www.btv.md\/ro\/un-adolescent-din-singerei-a-fost-electrocutat-mortal\/","og_site_name":"BTV","article_publisher":"https:\/\/www.facebook.com\/btvmoldova\/","article_published_time":"2016-06-23T11:23:28+00:00","article_modified_time":"2016-06-23T11:29:57+00:00","og_image":[{"width":600,"height":400,"url":"https:\/\/www.btv.md\/wp-content\/uploads\/2016\/06\/seg.jpg","type":"image\/jpeg"}],"author":"admin","twitter_misc":{"Scris de":"admin","Timp estimat pentru citire":"1 minut"},"schema":{"@context":"https:\/\/schema.org","@graph":[{"@type":"Article","@id":"https:\/\/www.btv.md\/ro\/un-adolescent-din-singerei-a-fost-electrocutat-mortal\/#article","isPartOf":{"@id":"https:\/\/www.btv.md\/ro\/un-adolescent-din-singerei-a-fost-electrocutat-mortal\/"},"author":{"name":"admin","@id":"https:\/\/www.btv.md\/#\/schema\/person\/8fadce81561b3ce2c34c46dadc4ccbf2"},"headline":"UN ADOLESCENT DIN S\u00ceNGEREI A FOST ELECTROCUTAT MORTAL","datePublished":"2016-06-23T11:23:28+00:00","dateModified":"2016-06-23T11:29:57+00:00","mainEntityOfPage":{"@id":"https:\/\/www.btv.md\/ro\/un-adolescent-din-singerei-a-fost-electrocutat-mortal\/"},"wordCount":156,"image":{"@id":"https:\/\/www.btv.md\/ro\/un-adolescent-din-singerei-a-fost-electrocutat-mortal\/#primaryimage"},"thumbnailUrl":"https:\/\/www.btv.md\/wp-content\/uploads\/2016\/06\/seg.jpg","articleSection":["\u041f\u0440\u043e\u0438\u0441\u0448\u0435\u0441\u0442\u0432\u0438\u044f"],"inLanguage":"ro-RO"},{"@type":"WebPage","@id":"https:\/\/www.btv.md\/ro\/un-adolescent-din-singerei-a-fost-electrocutat-mortal\/","url":"https:\/\/www.btv.md\/ro\/un-adolescent-din-singerei-a-fost-electrocutat-mortal\/","name":"UN ADOLESCENT DIN S\u00ceNGEREI A FOST ELECTROCUTAT MORTAL - BTV","isPartOf":{"@id":"https:\/\/www.btv.md\/#website"},"primaryImageOfPage":{"@id":"https:\/\/www.btv.md\/ro\/un-adolescent-din-singerei-a-fost-electrocutat-mortal\/#primaryimage"},"image":{"@id":"https:\/\/www.btv.md\/ro\/un-adolescent-din-singerei-a-fost-electrocutat-mortal\/#primaryimage"},"thumbnailUrl":"https:\/\/www.btv.md\/wp-content\/uploads\/2016\/06\/seg.jpg","datePublished":"2016-06-23T11:23:28+00:00","dateModified":"2016-06-23T11:29:57+00:00","author":{"@id":"https:\/\/www.btv.md\/#\/schema\/person\/8fadce81561b3ce2c34c46dadc4ccbf2"},"inLanguage":"ro-RO","potentialAction":[{"@type":"ReadAction","target":["https:\/\/www.btv.md\/ro\/un-adolescent-din-singerei-a-fost-electrocutat-mortal\/"]}]},{"@type":"ImageObject","inLanguage":"ro-RO","@id":"https:\/\/www.btv.md\/ro\/un-adolescent-din-singerei-a-fost-electrocutat-mortal\/#primaryimage","url":"https:\/\/www.btv.md\/wp-content\/uploads\/2016\/06\/seg.jpg","contentUrl":"https:\/\/www.btv.md\/wp-content\/uploads\/2016\/06\/seg.jpg","width":600,"height":400},{"@type":"WebSite","@id":"https:\/\/www.btv.md\/#website","url":"https:\/\/www.btv.md\/","name":"BTV","description":"\u0411\u0435\u043b\u044c\u0446\u043a\u043e\u0435 \u0442\u0435\u043b\u0435\u0432\u0438\u0434\u0435\u043d\u0438\u0435","potentialAction":[{"@type":"SearchAction","target":{"@type":"EntryPoint","urlTemplate":"https:\/\/www.btv.md\/?s={search_term_string}"},"query-input":{"@type":"PropertyValueSpecification","valueRequired":true,"valueName":"search_term_string"}}],"inLanguage":"ro-RO"},{"@type":"Person","@id":"https:\/\/www.btv.md\/#\/schema\/person\/8fadce81561b3ce2c34c46dadc4ccbf2","name":"admin"}]}},"_links":{"self":[{"href":"https:\/\/www.btv.md\/ro\/wp-json\/wp\/v2\/posts\/15001","targetHints":{"allow":["GET"]}}],"collection":[{"href":"https:\/\/www.btv.md\/ro\/wp-json\/wp\/v2\/posts"}],"about":[{"href":"https:\/\/www.btv.md\/ro\/wp-json\/wp\/v2\/types\/post"}],"author":[{"embeddable":true,"href":"https:\/\/www.btv.md\/ro\/wp-json\/wp\/v2\/users\/4"}],"replies":[{"embeddable":true,"href":"https:\/\/www.btv.md\/ro\/wp-json\/wp\/v2\/comments?post=15001"}],"version-history":[{"count":0,"href":"https:\/\/www.btv.md\/ro\/wp-json\/wp\/v2\/posts\/15001\/revisions"}],"wp:featuredmedia":[{"embeddable":true,"href":"https:\/\/www.btv.md\/ro\/wp-json\/wp\/v2\/media\/15002"}],"wp:attachment":[{"href":"https:\/\/www.btv.md\/ro\/wp-json\/wp\/v2\/media?parent=15001"}],"wp:term":[{"taxonomy":"category","embeddable":true,"href":"https:\/\/www.btv.md\/ro\/wp-json\/wp\/v2\/categories?post=15001"},{"taxonomy":"post_tag","embeddable":true,"href":"https:\/\/www.btv.md\/ro\/wp-json\/wp\/v2\/tags?post=15001"}],"curies":[{"name":"wp","href":"https:\/\/api.w.org\/{rel}","templated":true}]}}