{"id":15015,"date":"2016-06-23T15:02:13","date_gmt":"2016-06-23T12:02:13","guid":{"rendered":"http:\/\/btv.md\/?p=15015"},"modified":"2016-06-23T15:02:22","modified_gmt":"2016-06-23T12:02:22","slug":"canicula-face-victime-un-barbat-a-murit-din-cauza-temperaturilor-mari","status":"publish","type":"post","link":"https:\/\/www.btv.md\/ro\/canicula-face-victime-un-barbat-a-murit-din-cauza-temperaturilor-mari\/","title":{"rendered":"Canicula face victime: Un b\u0103rbat a murit din cauza temperaturilor mari"},"content":{"rendered":"<p><strong>Un b\u0103rbat de 54 de ani din Copceac, raionul \u015etefan Vod\u0103, a murit din cauza temperaturilor mari.<\/strong><br \/> \u00a0<br \/> Potrivit poli\u0163iei, victima a plecat \u00een c\u00e2mp la pr\u0103\u015fit, iar din cauza c\u0103 s-a expus mult timp la soare, b\u0103rbatul a decedat.<br \/> \u00a0<br \/> Corpul s\u0103u a fost g\u0103sit \u00een jurul orei 18:00 de un cons\u0103tean. Acesta a alertat imediat poli\u0163ia.<br \/> \u00a0<br \/> Pe trupul victimei nu au fost depistate urme de moarte violent\u0103. Expertiza medico-legal\u0103 urmeaz\u0103 s\u0103 determine cauza exact\u0103 a mor\u0163ii.<br \/> \u00a0\u00a0<br \/> Medicii recomand\u0103 consumul de lichide \u015fi evitarea expunerii prelungite la soare.<\/p>\n<p> Speciali\u015ftii mai spun c\u0103 temperaturile caniculare reprezint\u0103 un pericol pentru v\u00e2rstnici, copii de p\u00e2n\u0103 la 15 ani \u015fi pentru persoanele cu patologii cardio-vasculare.<\/p>\n<p><strong>Sursa<a href=\"http:\/\/jurnal.md\/\">\u00a0jurnal.md<\/a><\/strong><\/p>\n","protected":false},"excerpt":{"rendered":"<p>Un b\u0103rbat de 54 de ani din Copceac, raionul \u015etefan Vod\u0103, a murit din cauza temperaturilor mari. \u00a0 Potrivit poli\u0163iei, victima a plecat \u00een c\u00e2mp la pr\u0103\u015fit, iar din cauza c\u0103 s-a expus mult timp la soare, b\u0103rbatul a decedat. \u00a0 Corpul s\u0103u a fost g\u0103sit \u00een jurul orei 18:00 de un cons\u0103tean. Acesta a [&hellip;]<\/p>\n","protected":false},"author":4,"featured_media":15018,"comment_status":"closed","ping_status":"closed","sticky":false,"template":"","format":"standard","meta":{"footnotes":""},"categories":[6351],"tags":[],"class_list":["post-15015","post","type-post","status-publish","format-standard","has-post-thumbnail","hentry","category-incidente"],"yoast_head":"<!-- This site is optimized with the Yoast SEO plugin v27.4 - https:\/\/yoast.com\/product\/yoast-seo-wordpress\/ -->\n<title>Canicula face victime: Un b\u0103rbat a murit din cauza temperaturilor mari - BTV<\/title>\n<meta name=\"robots\" content=\"index, follow, max-snippet:-1, max-image-preview:large, max-video-preview:-1\" \/>\n<link rel=\"canonical\" href=\"https:\/\/www.btv.md\/ro\/canicula-face-victime-un-barbat-a-murit-din-cauza-temperaturilor-mari\/\" \/>\n<meta property=\"og:locale\" content=\"ro_RO\" \/>\n<meta property=\"og:type\" content=\"article\" \/>\n<meta property=\"og:title\" content=\"Canicula face victime: Un b\u0103rbat a murit din cauza temperaturilor mari - BTV\" \/>\n<meta property=\"og:description\" content=\"Un b\u0103rbat de 54 de ani din Copceac, raionul \u015etefan Vod\u0103, a murit din cauza temperaturilor mari. \u00a0 Potrivit poli\u0163iei, victima a plecat \u00een c\u00e2mp la pr\u0103\u015fit, iar din cauza c\u0103 s-a expus mult timp la soare, b\u0103rbatul a decedat. \u00a0 Corpul s\u0103u a fost g\u0103sit \u00een jurul orei 18:00 de un cons\u0103tean. Acesta a [&hellip;]\" \/>\n<meta property=\"og:url\" content=\"https:\/\/www.btv.md\/ro\/canicula-face-victime-un-barbat-a-murit-din-cauza-temperaturilor-mari\/\" \/>\n<meta property=\"og:site_name\" content=\"BTV\" \/>\n<meta property=\"article:publisher\" content=\"https:\/\/www.facebook.com\/btvmoldova\/\" \/>\n<meta property=\"article:published_time\" content=\"2016-06-23T12:02:13+00:00\" \/>\n<meta property=\"article:modified_time\" content=\"2016-06-23T12:02:22+00:00\" \/>\n<meta property=\"og:image\" content=\"https:\/\/www.btv.md\/wp-content\/uploads\/2016\/06\/niceimage.ru-42896.jpg\" \/>\n\t<meta property=\"og:image:width\" content=\"800\" \/>\n\t<meta property=\"og:image:height\" content=\"480\" \/>\n\t<meta property=\"og:image:type\" content=\"image\/jpeg\" \/>\n<meta name=\"author\" content=\"admin\" \/>\n<meta name=\"twitter:label1\" content=\"Scris de\" \/>\n\t<meta name=\"twitter:data1\" content=\"admin\" \/>\n\t<meta name=\"twitter:label2\" content=\"Timp estimat pentru citire\" \/>\n\t<meta name=\"twitter:data2\" content=\"1 minut\" \/>\n<script type=\"application\/ld+json\" class=\"yoast-schema-graph\">{\"@context\":\"https:\\\/\\\/schema.org\",\"@graph\":[{\"@type\":\"Article\",\"@id\":\"https:\\\/\\\/www.btv.md\\\/ro\\\/canicula-face-victime-un-barbat-a-murit-din-cauza-temperaturilor-mari\\\/#article\",\"isPartOf\":{\"@id\":\"https:\\\/\\\/www.btv.md\\\/ro\\\/canicula-face-victime-un-barbat-a-murit-din-cauza-temperaturilor-mari\\\/\"},\"author\":{\"name\":\"admin\",\"@id\":\"https:\\\/\\\/www.btv.md\\\/#\\\/schema\\\/person\\\/8fadce81561b3ce2c34c46dadc4ccbf2\"},\"headline\":\"Canicula face victime: Un b\u0103rbat a murit din cauza temperaturilor mari\",\"datePublished\":\"2016-06-23T12:02:13+00:00\",\"dateModified\":\"2016-06-23T12:02:22+00:00\",\"mainEntityOfPage\":{\"@id\":\"https:\\\/\\\/www.btv.md\\\/ro\\\/canicula-face-victime-un-barbat-a-murit-din-cauza-temperaturilor-mari\\\/\"},\"wordCount\":135,\"image\":{\"@id\":\"https:\\\/\\\/www.btv.md\\\/ro\\\/canicula-face-victime-un-barbat-a-murit-din-cauza-temperaturilor-mari\\\/#primaryimage\"},\"thumbnailUrl\":\"https:\\\/\\\/www.btv.md\\\/wp-content\\\/uploads\\\/2016\\\/06\\\/niceimage.ru-42896.jpg\",\"articleSection\":[\"Incidente\"],\"inLanguage\":\"ro-RO\"},{\"@type\":\"WebPage\",\"@id\":\"https:\\\/\\\/www.btv.md\\\/ro\\\/canicula-face-victime-un-barbat-a-murit-din-cauza-temperaturilor-mari\\\/\",\"url\":\"https:\\\/\\\/www.btv.md\\\/ro\\\/canicula-face-victime-un-barbat-a-murit-din-cauza-temperaturilor-mari\\\/\",\"name\":\"Canicula face victime: Un b\u0103rbat a murit din cauza temperaturilor mari - BTV\",\"isPartOf\":{\"@id\":\"https:\\\/\\\/www.btv.md\\\/#website\"},\"primaryImageOfPage\":{\"@id\":\"https:\\\/\\\/www.btv.md\\\/ro\\\/canicula-face-victime-un-barbat-a-murit-din-cauza-temperaturilor-mari\\\/#primaryimage\"},\"image\":{\"@id\":\"https:\\\/\\\/www.btv.md\\\/ro\\\/canicula-face-victime-un-barbat-a-murit-din-cauza-temperaturilor-mari\\\/#primaryimage\"},\"thumbnailUrl\":\"https:\\\/\\\/www.btv.md\\\/wp-content\\\/uploads\\\/2016\\\/06\\\/niceimage.ru-42896.jpg\",\"datePublished\":\"2016-06-23T12:02:13+00:00\",\"dateModified\":\"2016-06-23T12:02:22+00:00\",\"author\":{\"@id\":\"https:\\\/\\\/www.btv.md\\\/#\\\/schema\\\/person\\\/8fadce81561b3ce2c34c46dadc4ccbf2\"},\"inLanguage\":\"ro-RO\",\"potentialAction\":[{\"@type\":\"ReadAction\",\"target\":[\"https:\\\/\\\/www.btv.md\\\/ro\\\/canicula-face-victime-un-barbat-a-murit-din-cauza-temperaturilor-mari\\\/\"]}]},{\"@type\":\"ImageObject\",\"inLanguage\":\"ro-RO\",\"@id\":\"https:\\\/\\\/www.btv.md\\\/ro\\\/canicula-face-victime-un-barbat-a-murit-din-cauza-temperaturilor-mari\\\/#primaryimage\",\"url\":\"https:\\\/\\\/www.btv.md\\\/wp-content\\\/uploads\\\/2016\\\/06\\\/niceimage.ru-42896.jpg\",\"contentUrl\":\"https:\\\/\\\/www.btv.md\\\/wp-content\\\/uploads\\\/2016\\\/06\\\/niceimage.ru-42896.jpg\",\"width\":800,\"height\":480},{\"@type\":\"WebSite\",\"@id\":\"https:\\\/\\\/www.btv.md\\\/#website\",\"url\":\"https:\\\/\\\/www.btv.md\\\/\",\"name\":\"BTV\",\"description\":\"\u0411\u0435\u043b\u044c\u0446\u043a\u043e\u0435 \u0442\u0435\u043b\u0435\u0432\u0438\u0434\u0435\u043d\u0438\u0435\",\"potentialAction\":[{\"@type\":\"SearchAction\",\"target\":{\"@type\":\"EntryPoint\",\"urlTemplate\":\"https:\\\/\\\/www.btv.md\\\/?s={search_term_string}\"},\"query-input\":{\"@type\":\"PropertyValueSpecification\",\"valueRequired\":true,\"valueName\":\"search_term_string\"}}],\"inLanguage\":\"ro-RO\"},{\"@type\":\"Person\",\"@id\":\"https:\\\/\\\/www.btv.md\\\/#\\\/schema\\\/person\\\/8fadce81561b3ce2c34c46dadc4ccbf2\",\"name\":\"admin\"}]}<\/script>\n<!-- \/ Yoast SEO plugin. -->","yoast_head_json":{"title":"Canicula face victime: Un b\u0103rbat a murit din cauza temperaturilor mari - BTV","robots":{"index":"index","follow":"follow","max-snippet":"max-snippet:-1","max-image-preview":"max-image-preview:large","max-video-preview":"max-video-preview:-1"},"canonical":"https:\/\/www.btv.md\/ro\/canicula-face-victime-un-barbat-a-murit-din-cauza-temperaturilor-mari\/","og_locale":"ro_RO","og_type":"article","og_title":"Canicula face victime: Un b\u0103rbat a murit din cauza temperaturilor mari - BTV","og_description":"Un b\u0103rbat de 54 de ani din Copceac, raionul \u015etefan Vod\u0103, a murit din cauza temperaturilor mari. \u00a0 Potrivit poli\u0163iei, victima a plecat \u00een c\u00e2mp la pr\u0103\u015fit, iar din cauza c\u0103 s-a expus mult timp la soare, b\u0103rbatul a decedat. \u00a0 Corpul s\u0103u a fost g\u0103sit \u00een jurul orei 18:00 de un cons\u0103tean. Acesta a [&hellip;]","og_url":"https:\/\/www.btv.md\/ro\/canicula-face-victime-un-barbat-a-murit-din-cauza-temperaturilor-mari\/","og_site_name":"BTV","article_publisher":"https:\/\/www.facebook.com\/btvmoldova\/","article_published_time":"2016-06-23T12:02:13+00:00","article_modified_time":"2016-06-23T12:02:22+00:00","og_image":[{"width":800,"height":480,"url":"https:\/\/www.btv.md\/wp-content\/uploads\/2016\/06\/niceimage.ru-42896.jpg","type":"image\/jpeg"}],"author":"admin","twitter_misc":{"Scris de":"admin","Timp estimat pentru citire":"1 minut"},"schema":{"@context":"https:\/\/schema.org","@graph":[{"@type":"Article","@id":"https:\/\/www.btv.md\/ro\/canicula-face-victime-un-barbat-a-murit-din-cauza-temperaturilor-mari\/#article","isPartOf":{"@id":"https:\/\/www.btv.md\/ro\/canicula-face-victime-un-barbat-a-murit-din-cauza-temperaturilor-mari\/"},"author":{"name":"admin","@id":"https:\/\/www.btv.md\/#\/schema\/person\/8fadce81561b3ce2c34c46dadc4ccbf2"},"headline":"Canicula face victime: Un b\u0103rbat a murit din cauza temperaturilor mari","datePublished":"2016-06-23T12:02:13+00:00","dateModified":"2016-06-23T12:02:22+00:00","mainEntityOfPage":{"@id":"https:\/\/www.btv.md\/ro\/canicula-face-victime-un-barbat-a-murit-din-cauza-temperaturilor-mari\/"},"wordCount":135,"image":{"@id":"https:\/\/www.btv.md\/ro\/canicula-face-victime-un-barbat-a-murit-din-cauza-temperaturilor-mari\/#primaryimage"},"thumbnailUrl":"https:\/\/www.btv.md\/wp-content\/uploads\/2016\/06\/niceimage.ru-42896.jpg","articleSection":["Incidente"],"inLanguage":"ro-RO"},{"@type":"WebPage","@id":"https:\/\/www.btv.md\/ro\/canicula-face-victime-un-barbat-a-murit-din-cauza-temperaturilor-mari\/","url":"https:\/\/www.btv.md\/ro\/canicula-face-victime-un-barbat-a-murit-din-cauza-temperaturilor-mari\/","name":"Canicula face victime: Un b\u0103rbat a murit din cauza temperaturilor mari - BTV","isPartOf":{"@id":"https:\/\/www.btv.md\/#website"},"primaryImageOfPage":{"@id":"https:\/\/www.btv.md\/ro\/canicula-face-victime-un-barbat-a-murit-din-cauza-temperaturilor-mari\/#primaryimage"},"image":{"@id":"https:\/\/www.btv.md\/ro\/canicula-face-victime-un-barbat-a-murit-din-cauza-temperaturilor-mari\/#primaryimage"},"thumbnailUrl":"https:\/\/www.btv.md\/wp-content\/uploads\/2016\/06\/niceimage.ru-42896.jpg","datePublished":"2016-06-23T12:02:13+00:00","dateModified":"2016-06-23T12:02:22+00:00","author":{"@id":"https:\/\/www.btv.md\/#\/schema\/person\/8fadce81561b3ce2c34c46dadc4ccbf2"},"inLanguage":"ro-RO","potentialAction":[{"@type":"ReadAction","target":["https:\/\/www.btv.md\/ro\/canicula-face-victime-un-barbat-a-murit-din-cauza-temperaturilor-mari\/"]}]},{"@type":"ImageObject","inLanguage":"ro-RO","@id":"https:\/\/www.btv.md\/ro\/canicula-face-victime-un-barbat-a-murit-din-cauza-temperaturilor-mari\/#primaryimage","url":"https:\/\/www.btv.md\/wp-content\/uploads\/2016\/06\/niceimage.ru-42896.jpg","contentUrl":"https:\/\/www.btv.md\/wp-content\/uploads\/2016\/06\/niceimage.ru-42896.jpg","width":800,"height":480},{"@type":"WebSite","@id":"https:\/\/www.btv.md\/#website","url":"https:\/\/www.btv.md\/","name":"BTV","description":"\u0411\u0435\u043b\u044c\u0446\u043a\u043e\u0435 \u0442\u0435\u043b\u0435\u0432\u0438\u0434\u0435\u043d\u0438\u0435","potentialAction":[{"@type":"SearchAction","target":{"@type":"EntryPoint","urlTemplate":"https:\/\/www.btv.md\/?s={search_term_string}"},"query-input":{"@type":"PropertyValueSpecification","valueRequired":true,"valueName":"search_term_string"}}],"inLanguage":"ro-RO"},{"@type":"Person","@id":"https:\/\/www.btv.md\/#\/schema\/person\/8fadce81561b3ce2c34c46dadc4ccbf2","name":"admin"}]}},"_links":{"self":[{"href":"https:\/\/www.btv.md\/ro\/wp-json\/wp\/v2\/posts\/15015","targetHints":{"allow":["GET"]}}],"collection":[{"href":"https:\/\/www.btv.md\/ro\/wp-json\/wp\/v2\/posts"}],"about":[{"href":"https:\/\/www.btv.md\/ro\/wp-json\/wp\/v2\/types\/post"}],"author":[{"embeddable":true,"href":"https:\/\/www.btv.md\/ro\/wp-json\/wp\/v2\/users\/4"}],"replies":[{"embeddable":true,"href":"https:\/\/www.btv.md\/ro\/wp-json\/wp\/v2\/comments?post=15015"}],"version-history":[{"count":0,"href":"https:\/\/www.btv.md\/ro\/wp-json\/wp\/v2\/posts\/15015\/revisions"}],"wp:featuredmedia":[{"embeddable":true,"href":"https:\/\/www.btv.md\/ro\/wp-json\/wp\/v2\/media\/15018"}],"wp:attachment":[{"href":"https:\/\/www.btv.md\/ro\/wp-json\/wp\/v2\/media?parent=15015"}],"wp:term":[{"taxonomy":"category","embeddable":true,"href":"https:\/\/www.btv.md\/ro\/wp-json\/wp\/v2\/categories?post=15015"},{"taxonomy":"post_tag","embeddable":true,"href":"https:\/\/www.btv.md\/ro\/wp-json\/wp\/v2\/tags?post=15015"}],"curies":[{"name":"wp","href":"https:\/\/api.w.org\/{rel}","templated":true}]}}