{"id":15027,"date":"2016-06-23T17:34:45","date_gmt":"2016-06-23T14:34:45","guid":{"rendered":"http:\/\/btv.md\/?p=15027"},"modified":"2016-06-23T17:34:54","modified_gmt":"2016-06-23T14:34:54","slug":"primaria-de-balti-impusa-sa-achite-datoriile-apa-canal","status":"publish","type":"post","link":"https:\/\/www.btv.md\/ro\/primaria-de-balti-impusa-sa-achite-datoriile-apa-canal\/","title":{"rendered":"PRIM\u0102RIA DE B\u0102L\u0162I IMPUS\u0102 S\u0102 ACHITE DATORIILE AP\u0102-CANAL"},"content":{"rendered":"<p><strong>Regia Ap\u0103-Canal B\u0103l\u0163i a acumulat \u00a0o datorie de peste 76 de milioane de lei fa\u0163\u0103 de Banca Mondial\u0103. Banii urmeaz\u0103 s\u0103 fie rambursa\u0163i de prim\u0103ria municipiului B\u0103l\u0163i. Declara\u0163ia a fost f\u0103cut\u0103 de la tribuna central\u0103 de viceprimarul, Leonid Babii la \u015fedin\u0163a Consiliului Municipal de joi, 23 iunie. \u00a0<\/strong><\/p>\n<p><iframe width=\"1170\" height=\"878\" data-src=\"https:\/\/www.youtube.com\/embed\/jYqUGCCvZoE?wmode=transparent&amp;rel=0&amp;feature=oembed\" frameborder=\"0\" allow=\"accelerometer; autoplay; encrypted-media; gyroscope; picture-in-picture\" allowfullscreen src=\"data:image\/svg+xml;base64,PHN2ZyB3aWR0aD0iMSIgaGVpZ2h0PSIxIiB4bWxucz0iaHR0cDovL3d3dy53My5vcmcvMjAwMC9zdmciPjwvc3ZnPg==\" class=\"lazyload\" data-load-mode=\"1\"><\/iframe><\/p>\n<p>Babii a acentuat c\u0103 \u00een anul 2009 conducerea Regiei Ap\u0103-Canal B\u0103l\u0163i \u015fi Ministerul Finan\u0163elor au semnat un acord de \u00eemprumut cu Banca Mondial\u0103 \u00een valoare de 4,5 milioane de dolari, pentru renovarea apeductelor \u015fi sistemelor de canalizare din B\u0103l\u0163i. Iar perioada de rambursare a creditului este de 30 de ani pe o durat\u0103 de gra\u0163iere de \u015fase ani.\u00a0 \u00cens\u0103 din anul 2009 p\u00e2n\u0103 \u00een prezent nu a fost \u00eentors niciun leu.<\/p>\n<p>&nbsp;<\/p>\n<p>Ministerul Finan\u0163elor \u015fi Regia Ap\u0103-Canal p\u0103r\u0163i a contractului de cretidare pentru a dep\u0103\u015fi nepl\u0103cerile de rambursare a banilor au pasat responsabilitatea\u00a0 pe umerii prim\u0103riei. \u00cen acest sens fosta conducere a prim\u0103rie \u015fi a Ap\u0103-Canal au semnat o scrisoare de garan\u0163ie prin care oblig\u0103 municipalitatea s\u0103 ramburseze datoria.<\/p>\n<p>&nbsp;<\/p>\n<p>Viceprimarul le-a propus consilierilor municipali s\u0103 voteze o decizie prin care aceast\u0103 datorie s\u0103 fie \u00eentoars\u0103 din Bugetul de stat. La fel, Leonid Babii a punctat c\u0103 Regia Ap\u0103-Canal B\u0103l\u0163i a acumlat peste 600 de mii de lei datorie fa\u0163\u0103 de Serviciul Fiscal de Stat. Preciz\u0103m c\u0103 \u00een prezent\u00a0 Regia Ap\u0103-Canal B\u0103l\u0163i este supus\u0103 unui\u00a0 audit, iar \u00een viitorul apropiat rezultatele acestuia vor fi f\u0103cute publice.<\/p>\n<p>&nbsp;<\/p>\n<p>&nbsp;<\/p>\n<p>&nbsp;<\/p>\n<p>&nbsp;<\/p>\n<p>&nbsp;<\/p>\n<p>&nbsp;<\/p>\n","protected":false},"excerpt":{"rendered":"<p>Regia Ap\u0103-Canal B\u0103l\u0163i a acumulat \u00a0o datorie de peste 76 de milioane de lei fa\u0163\u0103 de Banca Mondial\u0103. Banii urmeaz\u0103 s\u0103 fie rambursa\u0163i de prim\u0103ria municipiului B\u0103l\u0163i. Declara\u0163ia a fost f\u0103cut\u0103 de la tribuna central\u0103 de viceprimarul, Leonid Babii la \u015fedin\u0163a Consiliului Municipal de joi, 23 iunie. \u00a0 Babii a acentuat c\u0103 \u00een anul 2009 [&hellip;]<\/p>\n","protected":false},"author":4,"featured_media":15028,"comment_status":"closed","ping_status":"closed","sticky":false,"template":"","format":"standard","meta":{"footnotes":""},"categories":[6353],"tags":[],"class_list":["post-15027","post","type-post","status-publish","format-standard","has-post-thumbnail","hentry","category-oras"],"yoast_head":"<!-- This site is optimized with the Yoast SEO plugin v27.4 - https:\/\/yoast.com\/product\/yoast-seo-wordpress\/ -->\n<title>PRIM\u0102RIA DE B\u0102L\u0162I IMPUS\u0102 S\u0102 ACHITE DATORIILE AP\u0102-CANAL  - BTV<\/title>\n<meta name=\"robots\" content=\"index, follow, max-snippet:-1, max-image-preview:large, max-video-preview:-1\" \/>\n<link rel=\"canonical\" href=\"https:\/\/www.btv.md\/ro\/primaria-de-balti-impusa-sa-achite-datoriile-apa-canal\/\" \/>\n<meta property=\"og:locale\" content=\"ro_RO\" \/>\n<meta property=\"og:type\" content=\"article\" \/>\n<meta property=\"og:title\" content=\"PRIM\u0102RIA DE B\u0102L\u0162I IMPUS\u0102 S\u0102 ACHITE DATORIILE AP\u0102-CANAL  - BTV\" \/>\n<meta property=\"og:description\" content=\"Regia Ap\u0103-Canal B\u0103l\u0163i a acumulat \u00a0o datorie de peste 76 de milioane de lei fa\u0163\u0103 de Banca Mondial\u0103. Banii urmeaz\u0103 s\u0103 fie rambursa\u0163i de prim\u0103ria municipiului B\u0103l\u0163i. Declara\u0163ia a fost f\u0103cut\u0103 de la tribuna central\u0103 de viceprimarul, Leonid Babii la \u015fedin\u0163a Consiliului Municipal de joi, 23 iunie. \u00a0 Babii a acentuat c\u0103 \u00een anul 2009 [&hellip;]\" \/>\n<meta property=\"og:url\" content=\"https:\/\/www.btv.md\/ro\/primaria-de-balti-impusa-sa-achite-datoriile-apa-canal\/\" \/>\n<meta property=\"og:site_name\" content=\"BTV\" \/>\n<meta property=\"article:publisher\" content=\"https:\/\/www.facebook.com\/btvmoldova\/\" \/>\n<meta property=\"article:published_time\" content=\"2016-06-23T14:34:45+00:00\" \/>\n<meta property=\"article:modified_time\" content=\"2016-06-23T14:34:54+00:00\" \/>\n<meta property=\"og:image\" content=\"https:\/\/www.btv.md\/wp-content\/uploads\/2016\/06\/voda.jpg\" \/>\n\t<meta property=\"og:image:width\" content=\"1231\" \/>\n\t<meta property=\"og:image:height\" content=\"703\" \/>\n\t<meta property=\"og:image:type\" content=\"image\/jpeg\" \/>\n<meta name=\"author\" content=\"admin\" \/>\n<meta name=\"twitter:label1\" content=\"Scris de\" \/>\n\t<meta name=\"twitter:data1\" content=\"admin\" \/>\n\t<meta name=\"twitter:label2\" content=\"Timp estimat pentru citire\" \/>\n\t<meta name=\"twitter:data2\" content=\"1 minut\" \/>\n<script type=\"application\/ld+json\" class=\"yoast-schema-graph\">{\"@context\":\"https:\\\/\\\/schema.org\",\"@graph\":[{\"@type\":\"Article\",\"@id\":\"https:\\\/\\\/www.btv.md\\\/ro\\\/primaria-de-balti-impusa-sa-achite-datoriile-apa-canal\\\/#article\",\"isPartOf\":{\"@id\":\"https:\\\/\\\/www.btv.md\\\/ro\\\/primaria-de-balti-impusa-sa-achite-datoriile-apa-canal\\\/\"},\"author\":{\"name\":\"admin\",\"@id\":\"https:\\\/\\\/www.btv.md\\\/#\\\/schema\\\/person\\\/8fadce81561b3ce2c34c46dadc4ccbf2\"},\"headline\":\"PRIM\u0102RIA DE B\u0102L\u0162I IMPUS\u0102 S\u0102 ACHITE DATORIILE AP\u0102-CANAL\",\"datePublished\":\"2016-06-23T14:34:45+00:00\",\"dateModified\":\"2016-06-23T14:34:54+00:00\",\"mainEntityOfPage\":{\"@id\":\"https:\\\/\\\/www.btv.md\\\/ro\\\/primaria-de-balti-impusa-sa-achite-datoriile-apa-canal\\\/\"},\"wordCount\":290,\"image\":{\"@id\":\"https:\\\/\\\/www.btv.md\\\/ro\\\/primaria-de-balti-impusa-sa-achite-datoriile-apa-canal\\\/#primaryimage\"},\"thumbnailUrl\":\"https:\\\/\\\/www.btv.md\\\/wp-content\\\/uploads\\\/2016\\\/06\\\/voda.jpg\",\"articleSection\":[\"Ora\u0219\"],\"inLanguage\":\"ro-RO\"},{\"@type\":\"WebPage\",\"@id\":\"https:\\\/\\\/www.btv.md\\\/ro\\\/primaria-de-balti-impusa-sa-achite-datoriile-apa-canal\\\/\",\"url\":\"https:\\\/\\\/www.btv.md\\\/ro\\\/primaria-de-balti-impusa-sa-achite-datoriile-apa-canal\\\/\",\"name\":\"PRIM\u0102RIA DE B\u0102L\u0162I IMPUS\u0102 S\u0102 ACHITE DATORIILE AP\u0102-CANAL - BTV\",\"isPartOf\":{\"@id\":\"https:\\\/\\\/www.btv.md\\\/#website\"},\"primaryImageOfPage\":{\"@id\":\"https:\\\/\\\/www.btv.md\\\/ro\\\/primaria-de-balti-impusa-sa-achite-datoriile-apa-canal\\\/#primaryimage\"},\"image\":{\"@id\":\"https:\\\/\\\/www.btv.md\\\/ro\\\/primaria-de-balti-impusa-sa-achite-datoriile-apa-canal\\\/#primaryimage\"},\"thumbnailUrl\":\"https:\\\/\\\/www.btv.md\\\/wp-content\\\/uploads\\\/2016\\\/06\\\/voda.jpg\",\"datePublished\":\"2016-06-23T14:34:45+00:00\",\"dateModified\":\"2016-06-23T14:34:54+00:00\",\"author\":{\"@id\":\"https:\\\/\\\/www.btv.md\\\/#\\\/schema\\\/person\\\/8fadce81561b3ce2c34c46dadc4ccbf2\"},\"inLanguage\":\"ro-RO\",\"potentialAction\":[{\"@type\":\"ReadAction\",\"target\":[\"https:\\\/\\\/www.btv.md\\\/ro\\\/primaria-de-balti-impusa-sa-achite-datoriile-apa-canal\\\/\"]}]},{\"@type\":\"ImageObject\",\"inLanguage\":\"ro-RO\",\"@id\":\"https:\\\/\\\/www.btv.md\\\/ro\\\/primaria-de-balti-impusa-sa-achite-datoriile-apa-canal\\\/#primaryimage\",\"url\":\"https:\\\/\\\/www.btv.md\\\/wp-content\\\/uploads\\\/2016\\\/06\\\/voda.jpg\",\"contentUrl\":\"https:\\\/\\\/www.btv.md\\\/wp-content\\\/uploads\\\/2016\\\/06\\\/voda.jpg\",\"width\":1231,\"height\":703},{\"@type\":\"WebSite\",\"@id\":\"https:\\\/\\\/www.btv.md\\\/#website\",\"url\":\"https:\\\/\\\/www.btv.md\\\/\",\"name\":\"BTV\",\"description\":\"\u0411\u0435\u043b\u044c\u0446\u043a\u043e\u0435 \u0442\u0435\u043b\u0435\u0432\u0438\u0434\u0435\u043d\u0438\u0435\",\"potentialAction\":[{\"@type\":\"SearchAction\",\"target\":{\"@type\":\"EntryPoint\",\"urlTemplate\":\"https:\\\/\\\/www.btv.md\\\/?s={search_term_string}\"},\"query-input\":{\"@type\":\"PropertyValueSpecification\",\"valueRequired\":true,\"valueName\":\"search_term_string\"}}],\"inLanguage\":\"ro-RO\"},{\"@type\":\"Person\",\"@id\":\"https:\\\/\\\/www.btv.md\\\/#\\\/schema\\\/person\\\/8fadce81561b3ce2c34c46dadc4ccbf2\",\"name\":\"admin\"}]}<\/script>\n<!-- \/ Yoast SEO plugin. -->","yoast_head_json":{"title":"PRIM\u0102RIA DE B\u0102L\u0162I IMPUS\u0102 S\u0102 ACHITE DATORIILE AP\u0102-CANAL  - BTV","robots":{"index":"index","follow":"follow","max-snippet":"max-snippet:-1","max-image-preview":"max-image-preview:large","max-video-preview":"max-video-preview:-1"},"canonical":"https:\/\/www.btv.md\/ro\/primaria-de-balti-impusa-sa-achite-datoriile-apa-canal\/","og_locale":"ro_RO","og_type":"article","og_title":"PRIM\u0102RIA DE B\u0102L\u0162I IMPUS\u0102 S\u0102 ACHITE DATORIILE AP\u0102-CANAL  - BTV","og_description":"Regia Ap\u0103-Canal B\u0103l\u0163i a acumulat \u00a0o datorie de peste 76 de milioane de lei fa\u0163\u0103 de Banca Mondial\u0103. Banii urmeaz\u0103 s\u0103 fie rambursa\u0163i de prim\u0103ria municipiului B\u0103l\u0163i. Declara\u0163ia a fost f\u0103cut\u0103 de la tribuna central\u0103 de viceprimarul, Leonid Babii la \u015fedin\u0163a Consiliului Municipal de joi, 23 iunie. \u00a0 Babii a acentuat c\u0103 \u00een anul 2009 [&hellip;]","og_url":"https:\/\/www.btv.md\/ro\/primaria-de-balti-impusa-sa-achite-datoriile-apa-canal\/","og_site_name":"BTV","article_publisher":"https:\/\/www.facebook.com\/btvmoldova\/","article_published_time":"2016-06-23T14:34:45+00:00","article_modified_time":"2016-06-23T14:34:54+00:00","og_image":[{"width":1231,"height":703,"url":"https:\/\/www.btv.md\/wp-content\/uploads\/2016\/06\/voda.jpg","type":"image\/jpeg"}],"author":"admin","twitter_misc":{"Scris de":"admin","Timp estimat pentru citire":"1 minut"},"schema":{"@context":"https:\/\/schema.org","@graph":[{"@type":"Article","@id":"https:\/\/www.btv.md\/ro\/primaria-de-balti-impusa-sa-achite-datoriile-apa-canal\/#article","isPartOf":{"@id":"https:\/\/www.btv.md\/ro\/primaria-de-balti-impusa-sa-achite-datoriile-apa-canal\/"},"author":{"name":"admin","@id":"https:\/\/www.btv.md\/#\/schema\/person\/8fadce81561b3ce2c34c46dadc4ccbf2"},"headline":"PRIM\u0102RIA DE B\u0102L\u0162I IMPUS\u0102 S\u0102 ACHITE DATORIILE AP\u0102-CANAL","datePublished":"2016-06-23T14:34:45+00:00","dateModified":"2016-06-23T14:34:54+00:00","mainEntityOfPage":{"@id":"https:\/\/www.btv.md\/ro\/primaria-de-balti-impusa-sa-achite-datoriile-apa-canal\/"},"wordCount":290,"image":{"@id":"https:\/\/www.btv.md\/ro\/primaria-de-balti-impusa-sa-achite-datoriile-apa-canal\/#primaryimage"},"thumbnailUrl":"https:\/\/www.btv.md\/wp-content\/uploads\/2016\/06\/voda.jpg","articleSection":["Ora\u0219"],"inLanguage":"ro-RO"},{"@type":"WebPage","@id":"https:\/\/www.btv.md\/ro\/primaria-de-balti-impusa-sa-achite-datoriile-apa-canal\/","url":"https:\/\/www.btv.md\/ro\/primaria-de-balti-impusa-sa-achite-datoriile-apa-canal\/","name":"PRIM\u0102RIA DE B\u0102L\u0162I IMPUS\u0102 S\u0102 ACHITE DATORIILE AP\u0102-CANAL - BTV","isPartOf":{"@id":"https:\/\/www.btv.md\/#website"},"primaryImageOfPage":{"@id":"https:\/\/www.btv.md\/ro\/primaria-de-balti-impusa-sa-achite-datoriile-apa-canal\/#primaryimage"},"image":{"@id":"https:\/\/www.btv.md\/ro\/primaria-de-balti-impusa-sa-achite-datoriile-apa-canal\/#primaryimage"},"thumbnailUrl":"https:\/\/www.btv.md\/wp-content\/uploads\/2016\/06\/voda.jpg","datePublished":"2016-06-23T14:34:45+00:00","dateModified":"2016-06-23T14:34:54+00:00","author":{"@id":"https:\/\/www.btv.md\/#\/schema\/person\/8fadce81561b3ce2c34c46dadc4ccbf2"},"inLanguage":"ro-RO","potentialAction":[{"@type":"ReadAction","target":["https:\/\/www.btv.md\/ro\/primaria-de-balti-impusa-sa-achite-datoriile-apa-canal\/"]}]},{"@type":"ImageObject","inLanguage":"ro-RO","@id":"https:\/\/www.btv.md\/ro\/primaria-de-balti-impusa-sa-achite-datoriile-apa-canal\/#primaryimage","url":"https:\/\/www.btv.md\/wp-content\/uploads\/2016\/06\/voda.jpg","contentUrl":"https:\/\/www.btv.md\/wp-content\/uploads\/2016\/06\/voda.jpg","width":1231,"height":703},{"@type":"WebSite","@id":"https:\/\/www.btv.md\/#website","url":"https:\/\/www.btv.md\/","name":"BTV","description":"\u0411\u0435\u043b\u044c\u0446\u043a\u043e\u0435 \u0442\u0435\u043b\u0435\u0432\u0438\u0434\u0435\u043d\u0438\u0435","potentialAction":[{"@type":"SearchAction","target":{"@type":"EntryPoint","urlTemplate":"https:\/\/www.btv.md\/?s={search_term_string}"},"query-input":{"@type":"PropertyValueSpecification","valueRequired":true,"valueName":"search_term_string"}}],"inLanguage":"ro-RO"},{"@type":"Person","@id":"https:\/\/www.btv.md\/#\/schema\/person\/8fadce81561b3ce2c34c46dadc4ccbf2","name":"admin"}]}},"_links":{"self":[{"href":"https:\/\/www.btv.md\/ro\/wp-json\/wp\/v2\/posts\/15027","targetHints":{"allow":["GET"]}}],"collection":[{"href":"https:\/\/www.btv.md\/ro\/wp-json\/wp\/v2\/posts"}],"about":[{"href":"https:\/\/www.btv.md\/ro\/wp-json\/wp\/v2\/types\/post"}],"author":[{"embeddable":true,"href":"https:\/\/www.btv.md\/ro\/wp-json\/wp\/v2\/users\/4"}],"replies":[{"embeddable":true,"href":"https:\/\/www.btv.md\/ro\/wp-json\/wp\/v2\/comments?post=15027"}],"version-history":[{"count":0,"href":"https:\/\/www.btv.md\/ro\/wp-json\/wp\/v2\/posts\/15027\/revisions"}],"wp:featuredmedia":[{"embeddable":true,"href":"https:\/\/www.btv.md\/ro\/wp-json\/wp\/v2\/media\/15028"}],"wp:attachment":[{"href":"https:\/\/www.btv.md\/ro\/wp-json\/wp\/v2\/media?parent=15027"}],"wp:term":[{"taxonomy":"category","embeddable":true,"href":"https:\/\/www.btv.md\/ro\/wp-json\/wp\/v2\/categories?post=15027"},{"taxonomy":"post_tag","embeddable":true,"href":"https:\/\/www.btv.md\/ro\/wp-json\/wp\/v2\/tags?post=15027"}],"curies":[{"name":"wp","href":"https:\/\/api.w.org\/{rel}","templated":true}]}}