{"id":15076,"date":"2016-06-24T17:59:56","date_gmt":"2016-06-24T14:59:56","guid":{"rendered":"http:\/\/btv.md\/?p=15076"},"modified":"2016-06-24T17:59:56","modified_gmt":"2016-06-24T14:59:56","slug":"gospodarii-inundate-la-hancesti-apa-a-intrat-in-casele-oamenilor","status":"publish","type":"post","link":"https:\/\/www.btv.md\/ro\/gospodarii-inundate-la-hancesti-apa-a-intrat-in-casele-oamenilor\/","title":{"rendered":"Gospod\u0103rii inundate la H\u00e2nce\u0219ti: apa a intrat \u00een casele oamenilor"},"content":{"rendered":"<p><strong>Ploaia din aceast\u0103 dup\u0103-amiaz\u0103 a f\u0103cut pr\u0103p\u0103d \u00een mai multe raioane din \u021bar\u0103. La H\u00e2nce\u0219ti au fost inundate mai multe gospod\u0103rii, iar terenurile agricole sunt sub ape, scrie<a href=\"http:\/\/unimedia.info\/\">\u00a0unimedia.info<\/a><\/strong><\/p>\n<p>Este \u00eenc\u0103 imposibil de evaluat pagubele materiale. Oamenii apeleaz\u0103 la pompieri \u0219i salvatori pentru a pompa apa din gospod\u0103rii.<\/p>\n<p>Ploile au f\u0103cut ravagii \u0219i \u00een raionul Str\u0103\u0219eni. Aici mai multe gospod\u0103rii au fost inundate, iar trei localit\u0103\u021bi au r\u0103mas f\u0103r\u0103 curent electric.<\/p>\n","protected":false},"excerpt":{"rendered":"<p>Ploaia din aceast\u0103 dup\u0103-amiaz\u0103 a f\u0103cut pr\u0103p\u0103d \u00een mai multe raioane din \u021bar\u0103. La H\u00e2nce\u0219ti au fost inundate mai multe gospod\u0103rii, iar terenurile agricole sunt sub ape, scrie\u00a0unimedia.info Este \u00eenc\u0103 imposibil de evaluat pagubele materiale. Oamenii apeleaz\u0103 la pompieri \u0219i salvatori pentru a pompa apa din gospod\u0103rii. Ploile au f\u0103cut ravagii \u0219i \u00een raionul Str\u0103\u0219eni. [&hellip;]<\/p>\n","protected":false},"author":4,"featured_media":15077,"comment_status":"closed","ping_status":"closed","sticky":false,"template":"","format":"standard","meta":{"footnotes":""},"categories":[6351],"tags":[],"class_list":["post-15076","post","type-post","status-publish","format-standard","has-post-thumbnail","hentry","category-incidente"],"yoast_head":"<!-- This site is optimized with the Yoast SEO plugin v27.4 - https:\/\/yoast.com\/product\/yoast-seo-wordpress\/ -->\n<title>Gospod\u0103rii inundate la H\u00e2nce\u0219ti: apa a intrat \u00een casele oamenilor - BTV<\/title>\n<meta name=\"robots\" content=\"index, follow, max-snippet:-1, max-image-preview:large, max-video-preview:-1\" \/>\n<link rel=\"canonical\" href=\"https:\/\/www.btv.md\/ro\/gospodarii-inundate-la-hancesti-apa-a-intrat-in-casele-oamenilor\/\" \/>\n<meta property=\"og:locale\" content=\"ro_RO\" \/>\n<meta property=\"og:type\" content=\"article\" \/>\n<meta property=\"og:title\" content=\"Gospod\u0103rii inundate la H\u00e2nce\u0219ti: apa a intrat \u00een casele oamenilor - BTV\" \/>\n<meta property=\"og:description\" content=\"Ploaia din aceast\u0103 dup\u0103-amiaz\u0103 a f\u0103cut pr\u0103p\u0103d \u00een mai multe raioane din \u021bar\u0103. La H\u00e2nce\u0219ti au fost inundate mai multe gospod\u0103rii, iar terenurile agricole sunt sub ape, scrie\u00a0unimedia.info Este \u00eenc\u0103 imposibil de evaluat pagubele materiale. Oamenii apeleaz\u0103 la pompieri \u0219i salvatori pentru a pompa apa din gospod\u0103rii. Ploile au f\u0103cut ravagii \u0219i \u00een raionul Str\u0103\u0219eni. [&hellip;]\" \/>\n<meta property=\"og:url\" content=\"https:\/\/www.btv.md\/ro\/gospodarii-inundate-la-hancesti-apa-a-intrat-in-casele-oamenilor\/\" \/>\n<meta property=\"og:site_name\" content=\"BTV\" \/>\n<meta property=\"article:publisher\" content=\"https:\/\/www.facebook.com\/btvmoldova\/\" \/>\n<meta property=\"article:published_time\" content=\"2016-06-24T14:59:56+00:00\" \/>\n<meta property=\"og:image\" content=\"https:\/\/www.btv.md\/wp-content\/uploads\/2016\/06\/13509517_586042428243059_529033238_o.jpg\" \/>\n\t<meta property=\"og:image:width\" content=\"1136\" \/>\n\t<meta property=\"og:image:height\" content=\"639\" \/>\n\t<meta property=\"og:image:type\" content=\"image\/jpeg\" \/>\n<meta name=\"author\" content=\"admin\" \/>\n<meta name=\"twitter:label1\" content=\"Scris de\" \/>\n\t<meta name=\"twitter:data1\" content=\"admin\" \/>\n<script type=\"application\/ld+json\" class=\"yoast-schema-graph\">{\"@context\":\"https:\\\/\\\/schema.org\",\"@graph\":[{\"@type\":\"Article\",\"@id\":\"https:\\\/\\\/www.btv.md\\\/ro\\\/gospodarii-inundate-la-hancesti-apa-a-intrat-in-casele-oamenilor\\\/#article\",\"isPartOf\":{\"@id\":\"https:\\\/\\\/www.btv.md\\\/ro\\\/gospodarii-inundate-la-hancesti-apa-a-intrat-in-casele-oamenilor\\\/\"},\"author\":{\"name\":\"admin\",\"@id\":\"https:\\\/\\\/www.btv.md\\\/#\\\/schema\\\/person\\\/8fadce81561b3ce2c34c46dadc4ccbf2\"},\"headline\":\"Gospod\u0103rii inundate la H\u00e2nce\u0219ti: apa a intrat \u00een casele oamenilor\",\"datePublished\":\"2016-06-24T14:59:56+00:00\",\"mainEntityOfPage\":{\"@id\":\"https:\\\/\\\/www.btv.md\\\/ro\\\/gospodarii-inundate-la-hancesti-apa-a-intrat-in-casele-oamenilor\\\/\"},\"wordCount\":99,\"image\":{\"@id\":\"https:\\\/\\\/www.btv.md\\\/ro\\\/gospodarii-inundate-la-hancesti-apa-a-intrat-in-casele-oamenilor\\\/#primaryimage\"},\"thumbnailUrl\":\"https:\\\/\\\/www.btv.md\\\/wp-content\\\/uploads\\\/2016\\\/06\\\/13509517_586042428243059_529033238_o.jpg\",\"articleSection\":[\"Incidente\"],\"inLanguage\":\"ro-RO\"},{\"@type\":\"WebPage\",\"@id\":\"https:\\\/\\\/www.btv.md\\\/ro\\\/gospodarii-inundate-la-hancesti-apa-a-intrat-in-casele-oamenilor\\\/\",\"url\":\"https:\\\/\\\/www.btv.md\\\/ro\\\/gospodarii-inundate-la-hancesti-apa-a-intrat-in-casele-oamenilor\\\/\",\"name\":\"Gospod\u0103rii inundate la H\u00e2nce\u0219ti: apa a intrat \u00een casele oamenilor - BTV\",\"isPartOf\":{\"@id\":\"https:\\\/\\\/www.btv.md\\\/#website\"},\"primaryImageOfPage\":{\"@id\":\"https:\\\/\\\/www.btv.md\\\/ro\\\/gospodarii-inundate-la-hancesti-apa-a-intrat-in-casele-oamenilor\\\/#primaryimage\"},\"image\":{\"@id\":\"https:\\\/\\\/www.btv.md\\\/ro\\\/gospodarii-inundate-la-hancesti-apa-a-intrat-in-casele-oamenilor\\\/#primaryimage\"},\"thumbnailUrl\":\"https:\\\/\\\/www.btv.md\\\/wp-content\\\/uploads\\\/2016\\\/06\\\/13509517_586042428243059_529033238_o.jpg\",\"datePublished\":\"2016-06-24T14:59:56+00:00\",\"author\":{\"@id\":\"https:\\\/\\\/www.btv.md\\\/#\\\/schema\\\/person\\\/8fadce81561b3ce2c34c46dadc4ccbf2\"},\"inLanguage\":\"ro-RO\",\"potentialAction\":[{\"@type\":\"ReadAction\",\"target\":[\"https:\\\/\\\/www.btv.md\\\/ro\\\/gospodarii-inundate-la-hancesti-apa-a-intrat-in-casele-oamenilor\\\/\"]}]},{\"@type\":\"ImageObject\",\"inLanguage\":\"ro-RO\",\"@id\":\"https:\\\/\\\/www.btv.md\\\/ro\\\/gospodarii-inundate-la-hancesti-apa-a-intrat-in-casele-oamenilor\\\/#primaryimage\",\"url\":\"https:\\\/\\\/www.btv.md\\\/wp-content\\\/uploads\\\/2016\\\/06\\\/13509517_586042428243059_529033238_o.jpg\",\"contentUrl\":\"https:\\\/\\\/www.btv.md\\\/wp-content\\\/uploads\\\/2016\\\/06\\\/13509517_586042428243059_529033238_o.jpg\",\"width\":1136,\"height\":639},{\"@type\":\"WebSite\",\"@id\":\"https:\\\/\\\/www.btv.md\\\/#website\",\"url\":\"https:\\\/\\\/www.btv.md\\\/\",\"name\":\"BTV\",\"description\":\"\u0411\u0435\u043b\u044c\u0446\u043a\u043e\u0435 \u0442\u0435\u043b\u0435\u0432\u0438\u0434\u0435\u043d\u0438\u0435\",\"potentialAction\":[{\"@type\":\"SearchAction\",\"target\":{\"@type\":\"EntryPoint\",\"urlTemplate\":\"https:\\\/\\\/www.btv.md\\\/?s={search_term_string}\"},\"query-input\":{\"@type\":\"PropertyValueSpecification\",\"valueRequired\":true,\"valueName\":\"search_term_string\"}}],\"inLanguage\":\"ro-RO\"},{\"@type\":\"Person\",\"@id\":\"https:\\\/\\\/www.btv.md\\\/#\\\/schema\\\/person\\\/8fadce81561b3ce2c34c46dadc4ccbf2\",\"name\":\"admin\"}]}<\/script>\n<!-- \/ Yoast SEO plugin. -->","yoast_head_json":{"title":"Gospod\u0103rii inundate la H\u00e2nce\u0219ti: apa a intrat \u00een casele oamenilor - BTV","robots":{"index":"index","follow":"follow","max-snippet":"max-snippet:-1","max-image-preview":"max-image-preview:large","max-video-preview":"max-video-preview:-1"},"canonical":"https:\/\/www.btv.md\/ro\/gospodarii-inundate-la-hancesti-apa-a-intrat-in-casele-oamenilor\/","og_locale":"ro_RO","og_type":"article","og_title":"Gospod\u0103rii inundate la H\u00e2nce\u0219ti: apa a intrat \u00een casele oamenilor - BTV","og_description":"Ploaia din aceast\u0103 dup\u0103-amiaz\u0103 a f\u0103cut pr\u0103p\u0103d \u00een mai multe raioane din \u021bar\u0103. La H\u00e2nce\u0219ti au fost inundate mai multe gospod\u0103rii, iar terenurile agricole sunt sub ape, scrie\u00a0unimedia.info Este \u00eenc\u0103 imposibil de evaluat pagubele materiale. Oamenii apeleaz\u0103 la pompieri \u0219i salvatori pentru a pompa apa din gospod\u0103rii. Ploile au f\u0103cut ravagii \u0219i \u00een raionul Str\u0103\u0219eni. [&hellip;]","og_url":"https:\/\/www.btv.md\/ro\/gospodarii-inundate-la-hancesti-apa-a-intrat-in-casele-oamenilor\/","og_site_name":"BTV","article_publisher":"https:\/\/www.facebook.com\/btvmoldova\/","article_published_time":"2016-06-24T14:59:56+00:00","og_image":[{"width":1136,"height":639,"url":"https:\/\/www.btv.md\/wp-content\/uploads\/2016\/06\/13509517_586042428243059_529033238_o.jpg","type":"image\/jpeg"}],"author":"admin","twitter_misc":{"Scris de":"admin"},"schema":{"@context":"https:\/\/schema.org","@graph":[{"@type":"Article","@id":"https:\/\/www.btv.md\/ro\/gospodarii-inundate-la-hancesti-apa-a-intrat-in-casele-oamenilor\/#article","isPartOf":{"@id":"https:\/\/www.btv.md\/ro\/gospodarii-inundate-la-hancesti-apa-a-intrat-in-casele-oamenilor\/"},"author":{"name":"admin","@id":"https:\/\/www.btv.md\/#\/schema\/person\/8fadce81561b3ce2c34c46dadc4ccbf2"},"headline":"Gospod\u0103rii inundate la H\u00e2nce\u0219ti: apa a intrat \u00een casele oamenilor","datePublished":"2016-06-24T14:59:56+00:00","mainEntityOfPage":{"@id":"https:\/\/www.btv.md\/ro\/gospodarii-inundate-la-hancesti-apa-a-intrat-in-casele-oamenilor\/"},"wordCount":99,"image":{"@id":"https:\/\/www.btv.md\/ro\/gospodarii-inundate-la-hancesti-apa-a-intrat-in-casele-oamenilor\/#primaryimage"},"thumbnailUrl":"https:\/\/www.btv.md\/wp-content\/uploads\/2016\/06\/13509517_586042428243059_529033238_o.jpg","articleSection":["Incidente"],"inLanguage":"ro-RO"},{"@type":"WebPage","@id":"https:\/\/www.btv.md\/ro\/gospodarii-inundate-la-hancesti-apa-a-intrat-in-casele-oamenilor\/","url":"https:\/\/www.btv.md\/ro\/gospodarii-inundate-la-hancesti-apa-a-intrat-in-casele-oamenilor\/","name":"Gospod\u0103rii inundate la H\u00e2nce\u0219ti: apa a intrat \u00een casele oamenilor - BTV","isPartOf":{"@id":"https:\/\/www.btv.md\/#website"},"primaryImageOfPage":{"@id":"https:\/\/www.btv.md\/ro\/gospodarii-inundate-la-hancesti-apa-a-intrat-in-casele-oamenilor\/#primaryimage"},"image":{"@id":"https:\/\/www.btv.md\/ro\/gospodarii-inundate-la-hancesti-apa-a-intrat-in-casele-oamenilor\/#primaryimage"},"thumbnailUrl":"https:\/\/www.btv.md\/wp-content\/uploads\/2016\/06\/13509517_586042428243059_529033238_o.jpg","datePublished":"2016-06-24T14:59:56+00:00","author":{"@id":"https:\/\/www.btv.md\/#\/schema\/person\/8fadce81561b3ce2c34c46dadc4ccbf2"},"inLanguage":"ro-RO","potentialAction":[{"@type":"ReadAction","target":["https:\/\/www.btv.md\/ro\/gospodarii-inundate-la-hancesti-apa-a-intrat-in-casele-oamenilor\/"]}]},{"@type":"ImageObject","inLanguage":"ro-RO","@id":"https:\/\/www.btv.md\/ro\/gospodarii-inundate-la-hancesti-apa-a-intrat-in-casele-oamenilor\/#primaryimage","url":"https:\/\/www.btv.md\/wp-content\/uploads\/2016\/06\/13509517_586042428243059_529033238_o.jpg","contentUrl":"https:\/\/www.btv.md\/wp-content\/uploads\/2016\/06\/13509517_586042428243059_529033238_o.jpg","width":1136,"height":639},{"@type":"WebSite","@id":"https:\/\/www.btv.md\/#website","url":"https:\/\/www.btv.md\/","name":"BTV","description":"\u0411\u0435\u043b\u044c\u0446\u043a\u043e\u0435 \u0442\u0435\u043b\u0435\u0432\u0438\u0434\u0435\u043d\u0438\u0435","potentialAction":[{"@type":"SearchAction","target":{"@type":"EntryPoint","urlTemplate":"https:\/\/www.btv.md\/?s={search_term_string}"},"query-input":{"@type":"PropertyValueSpecification","valueRequired":true,"valueName":"search_term_string"}}],"inLanguage":"ro-RO"},{"@type":"Person","@id":"https:\/\/www.btv.md\/#\/schema\/person\/8fadce81561b3ce2c34c46dadc4ccbf2","name":"admin"}]}},"_links":{"self":[{"href":"https:\/\/www.btv.md\/ro\/wp-json\/wp\/v2\/posts\/15076","targetHints":{"allow":["GET"]}}],"collection":[{"href":"https:\/\/www.btv.md\/ro\/wp-json\/wp\/v2\/posts"}],"about":[{"href":"https:\/\/www.btv.md\/ro\/wp-json\/wp\/v2\/types\/post"}],"author":[{"embeddable":true,"href":"https:\/\/www.btv.md\/ro\/wp-json\/wp\/v2\/users\/4"}],"replies":[{"embeddable":true,"href":"https:\/\/www.btv.md\/ro\/wp-json\/wp\/v2\/comments?post=15076"}],"version-history":[{"count":0,"href":"https:\/\/www.btv.md\/ro\/wp-json\/wp\/v2\/posts\/15076\/revisions"}],"wp:featuredmedia":[{"embeddable":true,"href":"https:\/\/www.btv.md\/ro\/wp-json\/wp\/v2\/media\/15077"}],"wp:attachment":[{"href":"https:\/\/www.btv.md\/ro\/wp-json\/wp\/v2\/media?parent=15076"}],"wp:term":[{"taxonomy":"category","embeddable":true,"href":"https:\/\/www.btv.md\/ro\/wp-json\/wp\/v2\/categories?post=15076"},{"taxonomy":"post_tag","embeddable":true,"href":"https:\/\/www.btv.md\/ro\/wp-json\/wp\/v2\/tags?post=15076"}],"curies":[{"name":"wp","href":"https:\/\/api.w.org\/{rel}","templated":true}]}}