{"id":15095,"date":"2016-06-25T20:13:45","date_gmt":"2016-06-25T17:13:45","guid":{"rendered":"http:\/\/btv.md\/?p=15095"},"modified":"2016-06-25T20:13:45","modified_gmt":"2016-06-25T17:13:45","slug":"dublul-omor-din-rascani-principalul-invinuit-plasat-in-arest-conducerea-ip-suspendata","status":"publish","type":"post","link":"https:\/\/www.btv.md\/ro\/dublul-omor-din-rascani-principalul-invinuit-plasat-in-arest-conducerea-ip-suspendata\/","title":{"rendered":"DUBLUL OMOR DIN R\u00c2\u015eCANI:  PRINCIPALUL \u00ceNVINUIT PLASAT \u00ceN AREST; CONDUCEREA IP SUSPENDAT\u0102"},"content":{"rendered":"<p><strong>Principalul invinuit \u00een comiterea dublului omor din raionul R\u00ee\u015fcani, Denis Golovatiuc a fost plasat s\u00e2mb\u0103t\u0103, 25 iunie, \u00een arest preventiv pentru 30 zile. O decizie \u00een acest sens a fost luat\u0103 de magistra\u0163ii Judec\u0103toriei R\u00ee\u015fcani.\u00a0 Golovatiuc este\u00a0 invinuit de procurori pentru omorul a doi b\u0103l\u0163eni, Dmitrii Tatarciuc \u015fi Igor Iurceac, \u00een data de 19 iunie. \u00cen urma unor investiga\u0163ii\u00a0 de serviciu\u00a0 al Inspectoratului General de Poli\u0163ie, dar \u015fi a unui reptaj difuzat de BTV, \u00een care un grup de cet\u0103\u0163eni au vorbit despre inac\u0163iunea Inspectoratului de Poli\u0163iei R\u00e2\u015fcani a fost\u00a0 suspendat\u0103 din func\u0163ie o parte din conducerea Inspectoratului. Declara\u0163ia a fost f\u0103cut\u0103 de \u015feful adjunct al IGP, Gheorghe Cavcaliuc, care a \u00eentreprins o vizit\u0103 de serviciu la R\u00ee\u015fcani.<\/strong><\/p>\n<p><iframe width=\"1170\" height=\"878\" data-src=\"https:\/\/www.youtube.com\/embed\/g42olr47rX4?wmode=transparent&amp;rel=0&amp;feature=oembed\" frameborder=\"0\" allow=\"accelerometer; autoplay; encrypted-media; gyroscope; picture-in-picture\" allowfullscreen src=\"data:image\/svg+xml;base64,PHN2ZyB3aWR0aD0iMSIgaGVpZ2h0PSIxIiB4bWxucz0iaHR0cDovL3d3dy53My5vcmcvMjAwMC9zdmciPjwvc3ZnPg==\" class=\"lazyload\" data-load-mode=\"1\"><\/iframe><\/p>\n<p>&nbsp;<\/p>\n<p>Dup\u0103 ce echipa BTV a filmat momentul \u00een care a fost escortat principalul \u00eenvinuit, Denis Golovatiuc, reporterul BTV a \u00eencercat s\u0103 i-a o reac\u0163ie de la p\u0103rin\u0163ii\u00a0 acestuia. \u00cen consecin\u0163\u0103 t\u0103t\u0103l inculpatului, Serghei Golovatiuc a lovit cameramanul BTV, ca urmare a fost deteriorat\u0103 camera de luat de vederi. \u00cens\u0103 acest nu s-a oprit doar la agresarea fizic\u0103 \u015fi a continuat s\u0103-i insulte pe jurnali\u015ftii postului nostru de televiziune.<\/p>\n<p>&nbsp;<\/p>\n<p>Procurorul care instrumenteaz\u0103 dosarul a men\u0163ionat c\u0103 pe dosar figureaz\u0103 opt persoane \u015fi un singur \u00eenvinuit. Paradoxal, dar \u015feful adjunct al IGP, Gheorghe Cavcaliuc a oferit alte informa\u0163ii care st\u00e2rnesc multe semne de \u00eentrebare.<\/p>\n<p>&nbsp;<\/p>\n<p>Dup\u0103 ce au fost descoperite, joi, corpurile ne\u00eensufle\u0163ite a celor doi b\u0103l\u0163eni, omor\u00e2\u0163i cu bestialitate de Denis Golovatiuc, fiul lui Serghei Golovatiuc fost anchetator, patru angaja\u0163i cu func\u0163ii de conducere din cadrul\u00a0<strong>Inspectoratului de Poli\u0163ie R\u00ee\u015fcani al IGP <\/strong>au fost<strong>\u00a0<\/strong><strong>suspenda\u0163i din func\u0163ie prin ordinul \u0219efului adjunct al IGP, Gheorghe Cavcaliuc <\/strong>pentru\u00a0inac\u021biunile acestora \u00een procesul de investiga\u021bie a dublului omor.<\/p>\n<p>&nbsp;<\/p>\n<p>\u00cen aceea\u015fi zi de s\u00e2mb\u0103t\u0103 a avut loc o\u00a0 alt\u0103 \u015fedin\u0163\u0103 de judec\u0103t\u0103 \u00een privin\u0163 a celui de al doilea inculpat, Visilii Bucatca, parte a aceluia\u015fi dosar, care urma s\u0103 se desf\u0103\u015foare la ora 14:00. \u00cen jurul orei 16:00 c\u00e2nd echipa BTV a p\u0103r\u0103sit ora\u015ful R\u00e2\u015fcani \u015fedin\u0163a \u00eenc\u0103 nu s-a \u00eenceput.<\/p>\n<p>&nbsp;<\/p>\n<p>&nbsp;<\/p>\n<p>&nbsp;<\/p>\n<p>&nbsp;<\/p>\n<p>&nbsp;<\/p>\n<p>&nbsp;<\/p>\n<p>&nbsp;<\/p>\n<p>&nbsp;<\/p>\n<p>&nbsp;<\/p>\n","protected":false},"excerpt":{"rendered":"<p>Principalul invinuit \u00een comiterea dublului omor din raionul R\u00ee\u015fcani, Denis Golovatiuc a fost plasat s\u00e2mb\u0103t\u0103, 25 iunie, \u00een arest preventiv pentru 30 zile. O decizie \u00een acest sens a fost luat\u0103 de magistra\u0163ii Judec\u0103toriei R\u00ee\u015fcani.\u00a0 Golovatiuc este\u00a0 invinuit de procurori pentru omorul a doi b\u0103l\u0163eni, Dmitrii Tatarciuc \u015fi Igor Iurceac, \u00een data de 19 iunie. [&hellip;]<\/p>\n","protected":false},"author":4,"featured_media":15093,"comment_status":"closed","ping_status":"closed","sticky":false,"template":"","format":"standard","meta":{"footnotes":""},"categories":[6353],"tags":[],"class_list":["post-15095","post","type-post","status-publish","format-standard","has-post-thumbnail","hentry","category-oras"],"yoast_head":"<!-- This site is optimized with the Yoast SEO plugin v27.4 - https:\/\/yoast.com\/product\/yoast-seo-wordpress\/ -->\n<title>DUBLUL OMOR DIN R\u00c2\u015eCANI: PRINCIPALUL \u00ceNVINUIT PLASAT \u00ceN AREST; CONDUCEREA IP SUSPENDAT\u0102 - BTV<\/title>\n<meta name=\"robots\" content=\"index, follow, max-snippet:-1, max-image-preview:large, max-video-preview:-1\" \/>\n<link rel=\"canonical\" href=\"https:\/\/www.btv.md\/ro\/dublul-omor-din-rascani-principalul-invinuit-plasat-in-arest-conducerea-ip-suspendata\/\" \/>\n<meta property=\"og:locale\" content=\"ro_RO\" \/>\n<meta property=\"og:type\" content=\"article\" \/>\n<meta property=\"og:title\" content=\"DUBLUL OMOR DIN R\u00c2\u015eCANI: PRINCIPALUL \u00ceNVINUIT PLASAT \u00ceN AREST; CONDUCEREA IP SUSPENDAT\u0102 - BTV\" \/>\n<meta property=\"og:description\" content=\"Principalul invinuit \u00een comiterea dublului omor din raionul R\u00ee\u015fcani, Denis Golovatiuc a fost plasat s\u00e2mb\u0103t\u0103, 25 iunie, \u00een arest preventiv pentru 30 zile. O decizie \u00een acest sens a fost luat\u0103 de magistra\u0163ii Judec\u0103toriei R\u00ee\u015fcani.\u00a0 Golovatiuc este\u00a0 invinuit de procurori pentru omorul a doi b\u0103l\u0163eni, Dmitrii Tatarciuc \u015fi Igor Iurceac, \u00een data de 19 iunie. [&hellip;]\" \/>\n<meta property=\"og:url\" content=\"https:\/\/www.btv.md\/ro\/dublul-omor-din-rascani-principalul-invinuit-plasat-in-arest-conducerea-ip-suspendata\/\" \/>\n<meta property=\"og:site_name\" content=\"BTV\" \/>\n<meta property=\"article:publisher\" content=\"https:\/\/www.facebook.com\/btvmoldova\/\" \/>\n<meta property=\"article:published_time\" content=\"2016-06-25T17:13:45+00:00\" \/>\n<meta property=\"og:image\" content=\"https:\/\/www.btv.md\/wp-content\/uploads\/2016\/06\/rozysk_0df.jpg\" \/>\n\t<meta property=\"og:image:width\" content=\"1460\" \/>\n\t<meta property=\"og:image:height\" content=\"920\" \/>\n\t<meta property=\"og:image:type\" content=\"image\/jpeg\" \/>\n<meta name=\"author\" content=\"admin\" \/>\n<meta name=\"twitter:label1\" content=\"Scris de\" \/>\n\t<meta name=\"twitter:data1\" content=\"admin\" \/>\n\t<meta name=\"twitter:label2\" content=\"Timp estimat pentru citire\" \/>\n\t<meta name=\"twitter:data2\" content=\"2 minute\" \/>\n<script type=\"application\/ld+json\" class=\"yoast-schema-graph\">{\"@context\":\"https:\\\/\\\/schema.org\",\"@graph\":[{\"@type\":\"Article\",\"@id\":\"https:\\\/\\\/www.btv.md\\\/ro\\\/dublul-omor-din-rascani-principalul-invinuit-plasat-in-arest-conducerea-ip-suspendata\\\/#article\",\"isPartOf\":{\"@id\":\"https:\\\/\\\/www.btv.md\\\/ro\\\/dublul-omor-din-rascani-principalul-invinuit-plasat-in-arest-conducerea-ip-suspendata\\\/\"},\"author\":{\"name\":\"admin\",\"@id\":\"https:\\\/\\\/www.btv.md\\\/#\\\/schema\\\/person\\\/8fadce81561b3ce2c34c46dadc4ccbf2\"},\"headline\":\"DUBLUL OMOR DIN R\u00c2\u015eCANI: PRINCIPALUL \u00ceNVINUIT PLASAT \u00ceN AREST; CONDUCEREA IP SUSPENDAT\u0102\",\"datePublished\":\"2016-06-25T17:13:45+00:00\",\"mainEntityOfPage\":{\"@id\":\"https:\\\/\\\/www.btv.md\\\/ro\\\/dublul-omor-din-rascani-principalul-invinuit-plasat-in-arest-conducerea-ip-suspendata\\\/\"},\"wordCount\":415,\"image\":{\"@id\":\"https:\\\/\\\/www.btv.md\\\/ro\\\/dublul-omor-din-rascani-principalul-invinuit-plasat-in-arest-conducerea-ip-suspendata\\\/#primaryimage\"},\"thumbnailUrl\":\"https:\\\/\\\/www.btv.md\\\/wp-content\\\/uploads\\\/2016\\\/06\\\/rozysk_0df.jpg\",\"articleSection\":[\"Ora\u0219\"],\"inLanguage\":\"ro-RO\"},{\"@type\":\"WebPage\",\"@id\":\"https:\\\/\\\/www.btv.md\\\/ro\\\/dublul-omor-din-rascani-principalul-invinuit-plasat-in-arest-conducerea-ip-suspendata\\\/\",\"url\":\"https:\\\/\\\/www.btv.md\\\/ro\\\/dublul-omor-din-rascani-principalul-invinuit-plasat-in-arest-conducerea-ip-suspendata\\\/\",\"name\":\"DUBLUL OMOR DIN R\u00c2\u015eCANI: PRINCIPALUL \u00ceNVINUIT PLASAT \u00ceN AREST; CONDUCEREA IP SUSPENDAT\u0102 - BTV\",\"isPartOf\":{\"@id\":\"https:\\\/\\\/www.btv.md\\\/#website\"},\"primaryImageOfPage\":{\"@id\":\"https:\\\/\\\/www.btv.md\\\/ro\\\/dublul-omor-din-rascani-principalul-invinuit-plasat-in-arest-conducerea-ip-suspendata\\\/#primaryimage\"},\"image\":{\"@id\":\"https:\\\/\\\/www.btv.md\\\/ro\\\/dublul-omor-din-rascani-principalul-invinuit-plasat-in-arest-conducerea-ip-suspendata\\\/#primaryimage\"},\"thumbnailUrl\":\"https:\\\/\\\/www.btv.md\\\/wp-content\\\/uploads\\\/2016\\\/06\\\/rozysk_0df.jpg\",\"datePublished\":\"2016-06-25T17:13:45+00:00\",\"author\":{\"@id\":\"https:\\\/\\\/www.btv.md\\\/#\\\/schema\\\/person\\\/8fadce81561b3ce2c34c46dadc4ccbf2\"},\"inLanguage\":\"ro-RO\",\"potentialAction\":[{\"@type\":\"ReadAction\",\"target\":[\"https:\\\/\\\/www.btv.md\\\/ro\\\/dublul-omor-din-rascani-principalul-invinuit-plasat-in-arest-conducerea-ip-suspendata\\\/\"]}]},{\"@type\":\"ImageObject\",\"inLanguage\":\"ro-RO\",\"@id\":\"https:\\\/\\\/www.btv.md\\\/ro\\\/dublul-omor-din-rascani-principalul-invinuit-plasat-in-arest-conducerea-ip-suspendata\\\/#primaryimage\",\"url\":\"https:\\\/\\\/www.btv.md\\\/wp-content\\\/uploads\\\/2016\\\/06\\\/rozysk_0df.jpg\",\"contentUrl\":\"https:\\\/\\\/www.btv.md\\\/wp-content\\\/uploads\\\/2016\\\/06\\\/rozysk_0df.jpg\",\"width\":1460,\"height\":920},{\"@type\":\"WebSite\",\"@id\":\"https:\\\/\\\/www.btv.md\\\/#website\",\"url\":\"https:\\\/\\\/www.btv.md\\\/\",\"name\":\"BTV\",\"description\":\"\u0411\u0435\u043b\u044c\u0446\u043a\u043e\u0435 \u0442\u0435\u043b\u0435\u0432\u0438\u0434\u0435\u043d\u0438\u0435\",\"potentialAction\":[{\"@type\":\"SearchAction\",\"target\":{\"@type\":\"EntryPoint\",\"urlTemplate\":\"https:\\\/\\\/www.btv.md\\\/?s={search_term_string}\"},\"query-input\":{\"@type\":\"PropertyValueSpecification\",\"valueRequired\":true,\"valueName\":\"search_term_string\"}}],\"inLanguage\":\"ro-RO\"},{\"@type\":\"Person\",\"@id\":\"https:\\\/\\\/www.btv.md\\\/#\\\/schema\\\/person\\\/8fadce81561b3ce2c34c46dadc4ccbf2\",\"name\":\"admin\"}]}<\/script>\n<!-- \/ Yoast SEO plugin. -->","yoast_head_json":{"title":"DUBLUL OMOR DIN R\u00c2\u015eCANI: PRINCIPALUL \u00ceNVINUIT PLASAT \u00ceN AREST; CONDUCEREA IP SUSPENDAT\u0102 - BTV","robots":{"index":"index","follow":"follow","max-snippet":"max-snippet:-1","max-image-preview":"max-image-preview:large","max-video-preview":"max-video-preview:-1"},"canonical":"https:\/\/www.btv.md\/ro\/dublul-omor-din-rascani-principalul-invinuit-plasat-in-arest-conducerea-ip-suspendata\/","og_locale":"ro_RO","og_type":"article","og_title":"DUBLUL OMOR DIN R\u00c2\u015eCANI: PRINCIPALUL \u00ceNVINUIT PLASAT \u00ceN AREST; CONDUCEREA IP SUSPENDAT\u0102 - BTV","og_description":"Principalul invinuit \u00een comiterea dublului omor din raionul R\u00ee\u015fcani, Denis Golovatiuc a fost plasat s\u00e2mb\u0103t\u0103, 25 iunie, \u00een arest preventiv pentru 30 zile. O decizie \u00een acest sens a fost luat\u0103 de magistra\u0163ii Judec\u0103toriei R\u00ee\u015fcani.\u00a0 Golovatiuc este\u00a0 invinuit de procurori pentru omorul a doi b\u0103l\u0163eni, Dmitrii Tatarciuc \u015fi Igor Iurceac, \u00een data de 19 iunie. [&hellip;]","og_url":"https:\/\/www.btv.md\/ro\/dublul-omor-din-rascani-principalul-invinuit-plasat-in-arest-conducerea-ip-suspendata\/","og_site_name":"BTV","article_publisher":"https:\/\/www.facebook.com\/btvmoldova\/","article_published_time":"2016-06-25T17:13:45+00:00","og_image":[{"width":1460,"height":920,"url":"https:\/\/www.btv.md\/wp-content\/uploads\/2016\/06\/rozysk_0df.jpg","type":"image\/jpeg"}],"author":"admin","twitter_misc":{"Scris de":"admin","Timp estimat pentru citire":"2 minute"},"schema":{"@context":"https:\/\/schema.org","@graph":[{"@type":"Article","@id":"https:\/\/www.btv.md\/ro\/dublul-omor-din-rascani-principalul-invinuit-plasat-in-arest-conducerea-ip-suspendata\/#article","isPartOf":{"@id":"https:\/\/www.btv.md\/ro\/dublul-omor-din-rascani-principalul-invinuit-plasat-in-arest-conducerea-ip-suspendata\/"},"author":{"name":"admin","@id":"https:\/\/www.btv.md\/#\/schema\/person\/8fadce81561b3ce2c34c46dadc4ccbf2"},"headline":"DUBLUL OMOR DIN R\u00c2\u015eCANI: PRINCIPALUL \u00ceNVINUIT PLASAT \u00ceN AREST; CONDUCEREA IP SUSPENDAT\u0102","datePublished":"2016-06-25T17:13:45+00:00","mainEntityOfPage":{"@id":"https:\/\/www.btv.md\/ro\/dublul-omor-din-rascani-principalul-invinuit-plasat-in-arest-conducerea-ip-suspendata\/"},"wordCount":415,"image":{"@id":"https:\/\/www.btv.md\/ro\/dublul-omor-din-rascani-principalul-invinuit-plasat-in-arest-conducerea-ip-suspendata\/#primaryimage"},"thumbnailUrl":"https:\/\/www.btv.md\/wp-content\/uploads\/2016\/06\/rozysk_0df.jpg","articleSection":["Ora\u0219"],"inLanguage":"ro-RO"},{"@type":"WebPage","@id":"https:\/\/www.btv.md\/ro\/dublul-omor-din-rascani-principalul-invinuit-plasat-in-arest-conducerea-ip-suspendata\/","url":"https:\/\/www.btv.md\/ro\/dublul-omor-din-rascani-principalul-invinuit-plasat-in-arest-conducerea-ip-suspendata\/","name":"DUBLUL OMOR DIN R\u00c2\u015eCANI: PRINCIPALUL \u00ceNVINUIT PLASAT \u00ceN AREST; CONDUCEREA IP SUSPENDAT\u0102 - BTV","isPartOf":{"@id":"https:\/\/www.btv.md\/#website"},"primaryImageOfPage":{"@id":"https:\/\/www.btv.md\/ro\/dublul-omor-din-rascani-principalul-invinuit-plasat-in-arest-conducerea-ip-suspendata\/#primaryimage"},"image":{"@id":"https:\/\/www.btv.md\/ro\/dublul-omor-din-rascani-principalul-invinuit-plasat-in-arest-conducerea-ip-suspendata\/#primaryimage"},"thumbnailUrl":"https:\/\/www.btv.md\/wp-content\/uploads\/2016\/06\/rozysk_0df.jpg","datePublished":"2016-06-25T17:13:45+00:00","author":{"@id":"https:\/\/www.btv.md\/#\/schema\/person\/8fadce81561b3ce2c34c46dadc4ccbf2"},"inLanguage":"ro-RO","potentialAction":[{"@type":"ReadAction","target":["https:\/\/www.btv.md\/ro\/dublul-omor-din-rascani-principalul-invinuit-plasat-in-arest-conducerea-ip-suspendata\/"]}]},{"@type":"ImageObject","inLanguage":"ro-RO","@id":"https:\/\/www.btv.md\/ro\/dublul-omor-din-rascani-principalul-invinuit-plasat-in-arest-conducerea-ip-suspendata\/#primaryimage","url":"https:\/\/www.btv.md\/wp-content\/uploads\/2016\/06\/rozysk_0df.jpg","contentUrl":"https:\/\/www.btv.md\/wp-content\/uploads\/2016\/06\/rozysk_0df.jpg","width":1460,"height":920},{"@type":"WebSite","@id":"https:\/\/www.btv.md\/#website","url":"https:\/\/www.btv.md\/","name":"BTV","description":"\u0411\u0435\u043b\u044c\u0446\u043a\u043e\u0435 \u0442\u0435\u043b\u0435\u0432\u0438\u0434\u0435\u043d\u0438\u0435","potentialAction":[{"@type":"SearchAction","target":{"@type":"EntryPoint","urlTemplate":"https:\/\/www.btv.md\/?s={search_term_string}"},"query-input":{"@type":"PropertyValueSpecification","valueRequired":true,"valueName":"search_term_string"}}],"inLanguage":"ro-RO"},{"@type":"Person","@id":"https:\/\/www.btv.md\/#\/schema\/person\/8fadce81561b3ce2c34c46dadc4ccbf2","name":"admin"}]}},"_links":{"self":[{"href":"https:\/\/www.btv.md\/ro\/wp-json\/wp\/v2\/posts\/15095","targetHints":{"allow":["GET"]}}],"collection":[{"href":"https:\/\/www.btv.md\/ro\/wp-json\/wp\/v2\/posts"}],"about":[{"href":"https:\/\/www.btv.md\/ro\/wp-json\/wp\/v2\/types\/post"}],"author":[{"embeddable":true,"href":"https:\/\/www.btv.md\/ro\/wp-json\/wp\/v2\/users\/4"}],"replies":[{"embeddable":true,"href":"https:\/\/www.btv.md\/ro\/wp-json\/wp\/v2\/comments?post=15095"}],"version-history":[{"count":0,"href":"https:\/\/www.btv.md\/ro\/wp-json\/wp\/v2\/posts\/15095\/revisions"}],"wp:featuredmedia":[{"embeddable":true,"href":"https:\/\/www.btv.md\/ro\/wp-json\/wp\/v2\/media\/15093"}],"wp:attachment":[{"href":"https:\/\/www.btv.md\/ro\/wp-json\/wp\/v2\/media?parent=15095"}],"wp:term":[{"taxonomy":"category","embeddable":true,"href":"https:\/\/www.btv.md\/ro\/wp-json\/wp\/v2\/categories?post=15095"},{"taxonomy":"post_tag","embeddable":true,"href":"https:\/\/www.btv.md\/ro\/wp-json\/wp\/v2\/tags?post=15095"}],"curies":[{"name":"wp","href":"https:\/\/api.w.org\/{rel}","templated":true}]}}