{"id":15141,"date":"2016-06-28T16:05:46","date_gmt":"2016-06-28T13:05:46","guid":{"rendered":"http:\/\/btv.md\/?p=15141"},"modified":"2016-06-28T16:05:46","modified_gmt":"2016-06-28T13:05:46","slug":"tragedie-in-nordul-tarii-doi-copii-s-au-inecat-intr-o-singura-zi","status":"publish","type":"post","link":"https:\/\/www.btv.md\/ro\/tragedie-in-nordul-tarii-doi-copii-s-au-inecat-intr-o-singura-zi\/","title":{"rendered":"TRAGEDIE  \u00ceN  NORDUL  \u021a\u0102RII.  DOI  COPII  S-AU  \u00ceNECAT  \u00ceNTR-O  SINGUR\u0102  ZI"},"content":{"rendered":"<p>S\u0103pt\u0103m\u00e2na a \u00eenceput tragic \u00een nordul \u021b\u0103rii. Doi copii de 6 \u0219i respectiv 10 ani au fost g\u0103si\u021bi \u00eeneca\u021bi. Primul caz s-a \u00eent\u00e2mplat \u00een satul Mustea\u0163a, raionul F\u0103le\u015fti, unde \u00een timpul sc\u0103ldatului s-a \u00eenecat un b\u0103iat de 10 ani. Al doilea caz a avut loc \u00een satul Clococenii Vechi, raionul Glodeni. De aceast\u0103 dat\u0103 o feti\u0163\u0103 de 6 ani a c\u0103zut \u00eentr-un canal cu ap\u0103 \u00een timp ce se juca.<\/p>\n<p><iframe width=\"1170\" height=\"878\" data-src=\"https:\/\/www.youtube.com\/embed\/vKQWc_5feY0?wmode=transparent&amp;rel=0&amp;feature=oembed\" frameborder=\"0\" allow=\"accelerometer; autoplay; encrypted-media; gyroscope; picture-in-picture\" allowfullscreen src=\"data:image\/svg+xml;base64,PHN2ZyB3aWR0aD0iMSIgaGVpZ2h0PSIxIiB4bWxucz0iaHR0cDovL3d3dy53My5vcmcvMjAwMC9zdmciPjwvc3ZnPg==\" class=\"lazyload\" data-load-mode=\"1\"><\/iframe><\/p>\n<p>Num\u0103rul cazurilor de \u00eenec arat\u0103 c\u0103 \u00een pofida avertiz\u0103rilor, oamenii continu\u0103 s\u0103 \u00eencalce regulile de comportament pe ap\u0103. De la \u00eenceputul anului au murit \u00eeneca\u021bi aproape 50 de oameni, inclusiv 10 minori.<\/p>\n<p>&nbsp;<\/p>\n<p>Salvatorii \u00eendeamn\u0103 p\u0103rin\u021bii s\u0103 nu-\u0219i lase copiii de unii singuri la sc\u0103ldat \u0219i s\u0103 le fie mereu \u00een preajm\u0103. Totodat\u0103, Serviciul Protec\u021biei Civile \u0219i Situa\u021biilor Excep\u021bionale a lansat Campania de prevenire a \u00eenecurilor. \u00cen acest sens, salvatorii\u00a0 din B\u0103l\u021bi a simulat o situa\u021bie de \u00eenec, la Lacul Or\u0103\u0219enesc.<\/p>\n<p>De la \u00eenceputul anului, \u00een zona de nord a republicii au avut loc 12 cazuri de \u00eenec, \u00een urma c\u0103rora au decedat 3 copii.<\/p>\n","protected":false},"excerpt":{"rendered":"<p>S\u0103pt\u0103m\u00e2na a \u00eenceput tragic \u00een nordul \u021b\u0103rii. Doi copii de 6 \u0219i respectiv 10 ani au fost g\u0103si\u021bi \u00eeneca\u021bi. Primul caz s-a \u00eent\u00e2mplat \u00een satul Mustea\u0163a, raionul F\u0103le\u015fti, unde \u00een timpul sc\u0103ldatului s-a \u00eenecat un b\u0103iat de 10 ani. Al doilea caz a avut loc \u00een satul Clococenii Vechi, raionul Glodeni. De aceast\u0103 dat\u0103 o [&hellip;]<\/p>\n","protected":false},"author":4,"featured_media":15142,"comment_status":"closed","ping_status":"closed","sticky":false,"template":"","format":"standard","meta":{"footnotes":""},"categories":[6351],"tags":[],"class_list":["post-15141","post","type-post","status-publish","format-standard","has-post-thumbnail","hentry","category-incidente"],"yoast_head":"<!-- This site is optimized with the Yoast SEO plugin v27.4 - https:\/\/yoast.com\/product\/yoast-seo-wordpress\/ -->\n<title>TRAGEDIE \u00ceN NORDUL \u021a\u0102RII. DOI COPII S-AU \u00ceNECAT \u00ceNTR-O SINGUR\u0102 ZI - BTV<\/title>\n<meta name=\"robots\" content=\"index, follow, max-snippet:-1, max-image-preview:large, max-video-preview:-1\" \/>\n<link rel=\"canonical\" href=\"https:\/\/www.btv.md\/ro\/tragedie-in-nordul-tarii-doi-copii-s-au-inecat-intr-o-singura-zi\/\" \/>\n<meta property=\"og:locale\" content=\"ro_RO\" \/>\n<meta property=\"og:type\" content=\"article\" \/>\n<meta property=\"og:title\" content=\"TRAGEDIE \u00ceN NORDUL \u021a\u0102RII. DOI COPII S-AU \u00ceNECAT \u00ceNTR-O SINGUR\u0102 ZI - BTV\" \/>\n<meta property=\"og:description\" content=\"S\u0103pt\u0103m\u00e2na a \u00eenceput tragic \u00een nordul \u021b\u0103rii. Doi copii de 6 \u0219i respectiv 10 ani au fost g\u0103si\u021bi \u00eeneca\u021bi. Primul caz s-a \u00eent\u00e2mplat \u00een satul Mustea\u0163a, raionul F\u0103le\u015fti, unde \u00een timpul sc\u0103ldatului s-a \u00eenecat un b\u0103iat de 10 ani. Al doilea caz a avut loc \u00een satul Clococenii Vechi, raionul Glodeni. De aceast\u0103 dat\u0103 o [&hellip;]\" \/>\n<meta property=\"og:url\" content=\"https:\/\/www.btv.md\/ro\/tragedie-in-nordul-tarii-doi-copii-s-au-inecat-intr-o-singura-zi\/\" \/>\n<meta property=\"og:site_name\" content=\"BTV\" \/>\n<meta property=\"article:publisher\" content=\"https:\/\/www.facebook.com\/btvmoldova\/\" \/>\n<meta property=\"article:published_time\" content=\"2016-06-28T13:05:46+00:00\" \/>\n<meta property=\"og:image\" content=\"https:\/\/www.btv.md\/wp-content\/uploads\/2016\/06\/rgr.jpg\" \/>\n\t<meta property=\"og:image:width\" content=\"600\" \/>\n\t<meta property=\"og:image:height\" content=\"400\" \/>\n\t<meta property=\"og:image:type\" content=\"image\/jpeg\" \/>\n<meta name=\"author\" content=\"admin\" \/>\n<meta name=\"twitter:label1\" content=\"Scris de\" \/>\n\t<meta name=\"twitter:data1\" content=\"admin\" \/>\n\t<meta name=\"twitter:label2\" content=\"Timp estimat pentru citire\" \/>\n\t<meta name=\"twitter:data2\" content=\"1 minut\" \/>\n<script type=\"application\/ld+json\" class=\"yoast-schema-graph\">{\"@context\":\"https:\\\/\\\/schema.org\",\"@graph\":[{\"@type\":\"Article\",\"@id\":\"https:\\\/\\\/www.btv.md\\\/ro\\\/tragedie-in-nordul-tarii-doi-copii-s-au-inecat-intr-o-singura-zi\\\/#article\",\"isPartOf\":{\"@id\":\"https:\\\/\\\/www.btv.md\\\/ro\\\/tragedie-in-nordul-tarii-doi-copii-s-au-inecat-intr-o-singura-zi\\\/\"},\"author\":{\"name\":\"admin\",\"@id\":\"https:\\\/\\\/www.btv.md\\\/#\\\/schema\\\/person\\\/8fadce81561b3ce2c34c46dadc4ccbf2\"},\"headline\":\"TRAGEDIE \u00ceN NORDUL \u021a\u0102RII. DOI COPII S-AU \u00ceNECAT \u00ceNTR-O SINGUR\u0102 ZI\",\"datePublished\":\"2016-06-28T13:05:46+00:00\",\"mainEntityOfPage\":{\"@id\":\"https:\\\/\\\/www.btv.md\\\/ro\\\/tragedie-in-nordul-tarii-doi-copii-s-au-inecat-intr-o-singura-zi\\\/\"},\"wordCount\":211,\"image\":{\"@id\":\"https:\\\/\\\/www.btv.md\\\/ro\\\/tragedie-in-nordul-tarii-doi-copii-s-au-inecat-intr-o-singura-zi\\\/#primaryimage\"},\"thumbnailUrl\":\"https:\\\/\\\/www.btv.md\\\/wp-content\\\/uploads\\\/2016\\\/06\\\/rgr.jpg\",\"articleSection\":[\"Incidente\"],\"inLanguage\":\"ro-RO\"},{\"@type\":\"WebPage\",\"@id\":\"https:\\\/\\\/www.btv.md\\\/ro\\\/tragedie-in-nordul-tarii-doi-copii-s-au-inecat-intr-o-singura-zi\\\/\",\"url\":\"https:\\\/\\\/www.btv.md\\\/ro\\\/tragedie-in-nordul-tarii-doi-copii-s-au-inecat-intr-o-singura-zi\\\/\",\"name\":\"TRAGEDIE \u00ceN NORDUL \u021a\u0102RII. DOI COPII S-AU \u00ceNECAT \u00ceNTR-O SINGUR\u0102 ZI - BTV\",\"isPartOf\":{\"@id\":\"https:\\\/\\\/www.btv.md\\\/#website\"},\"primaryImageOfPage\":{\"@id\":\"https:\\\/\\\/www.btv.md\\\/ro\\\/tragedie-in-nordul-tarii-doi-copii-s-au-inecat-intr-o-singura-zi\\\/#primaryimage\"},\"image\":{\"@id\":\"https:\\\/\\\/www.btv.md\\\/ro\\\/tragedie-in-nordul-tarii-doi-copii-s-au-inecat-intr-o-singura-zi\\\/#primaryimage\"},\"thumbnailUrl\":\"https:\\\/\\\/www.btv.md\\\/wp-content\\\/uploads\\\/2016\\\/06\\\/rgr.jpg\",\"datePublished\":\"2016-06-28T13:05:46+00:00\",\"author\":{\"@id\":\"https:\\\/\\\/www.btv.md\\\/#\\\/schema\\\/person\\\/8fadce81561b3ce2c34c46dadc4ccbf2\"},\"inLanguage\":\"ro-RO\",\"potentialAction\":[{\"@type\":\"ReadAction\",\"target\":[\"https:\\\/\\\/www.btv.md\\\/ro\\\/tragedie-in-nordul-tarii-doi-copii-s-au-inecat-intr-o-singura-zi\\\/\"]}]},{\"@type\":\"ImageObject\",\"inLanguage\":\"ro-RO\",\"@id\":\"https:\\\/\\\/www.btv.md\\\/ro\\\/tragedie-in-nordul-tarii-doi-copii-s-au-inecat-intr-o-singura-zi\\\/#primaryimage\",\"url\":\"https:\\\/\\\/www.btv.md\\\/wp-content\\\/uploads\\\/2016\\\/06\\\/rgr.jpg\",\"contentUrl\":\"https:\\\/\\\/www.btv.md\\\/wp-content\\\/uploads\\\/2016\\\/06\\\/rgr.jpg\",\"width\":600,\"height\":400},{\"@type\":\"WebSite\",\"@id\":\"https:\\\/\\\/www.btv.md\\\/#website\",\"url\":\"https:\\\/\\\/www.btv.md\\\/\",\"name\":\"BTV\",\"description\":\"\u0411\u0435\u043b\u044c\u0446\u043a\u043e\u0435 \u0442\u0435\u043b\u0435\u0432\u0438\u0434\u0435\u043d\u0438\u0435\",\"potentialAction\":[{\"@type\":\"SearchAction\",\"target\":{\"@type\":\"EntryPoint\",\"urlTemplate\":\"https:\\\/\\\/www.btv.md\\\/?s={search_term_string}\"},\"query-input\":{\"@type\":\"PropertyValueSpecification\",\"valueRequired\":true,\"valueName\":\"search_term_string\"}}],\"inLanguage\":\"ro-RO\"},{\"@type\":\"Person\",\"@id\":\"https:\\\/\\\/www.btv.md\\\/#\\\/schema\\\/person\\\/8fadce81561b3ce2c34c46dadc4ccbf2\",\"name\":\"admin\"}]}<\/script>\n<!-- \/ Yoast SEO plugin. -->","yoast_head_json":{"title":"TRAGEDIE \u00ceN NORDUL \u021a\u0102RII. DOI COPII S-AU \u00ceNECAT \u00ceNTR-O SINGUR\u0102 ZI - BTV","robots":{"index":"index","follow":"follow","max-snippet":"max-snippet:-1","max-image-preview":"max-image-preview:large","max-video-preview":"max-video-preview:-1"},"canonical":"https:\/\/www.btv.md\/ro\/tragedie-in-nordul-tarii-doi-copii-s-au-inecat-intr-o-singura-zi\/","og_locale":"ro_RO","og_type":"article","og_title":"TRAGEDIE \u00ceN NORDUL \u021a\u0102RII. DOI COPII S-AU \u00ceNECAT \u00ceNTR-O SINGUR\u0102 ZI - BTV","og_description":"S\u0103pt\u0103m\u00e2na a \u00eenceput tragic \u00een nordul \u021b\u0103rii. Doi copii de 6 \u0219i respectiv 10 ani au fost g\u0103si\u021bi \u00eeneca\u021bi. Primul caz s-a \u00eent\u00e2mplat \u00een satul Mustea\u0163a, raionul F\u0103le\u015fti, unde \u00een timpul sc\u0103ldatului s-a \u00eenecat un b\u0103iat de 10 ani. Al doilea caz a avut loc \u00een satul Clococenii Vechi, raionul Glodeni. De aceast\u0103 dat\u0103 o [&hellip;]","og_url":"https:\/\/www.btv.md\/ro\/tragedie-in-nordul-tarii-doi-copii-s-au-inecat-intr-o-singura-zi\/","og_site_name":"BTV","article_publisher":"https:\/\/www.facebook.com\/btvmoldova\/","article_published_time":"2016-06-28T13:05:46+00:00","og_image":[{"width":600,"height":400,"url":"https:\/\/www.btv.md\/wp-content\/uploads\/2016\/06\/rgr.jpg","type":"image\/jpeg"}],"author":"admin","twitter_misc":{"Scris de":"admin","Timp estimat pentru citire":"1 minut"},"schema":{"@context":"https:\/\/schema.org","@graph":[{"@type":"Article","@id":"https:\/\/www.btv.md\/ro\/tragedie-in-nordul-tarii-doi-copii-s-au-inecat-intr-o-singura-zi\/#article","isPartOf":{"@id":"https:\/\/www.btv.md\/ro\/tragedie-in-nordul-tarii-doi-copii-s-au-inecat-intr-o-singura-zi\/"},"author":{"name":"admin","@id":"https:\/\/www.btv.md\/#\/schema\/person\/8fadce81561b3ce2c34c46dadc4ccbf2"},"headline":"TRAGEDIE \u00ceN NORDUL \u021a\u0102RII. DOI COPII S-AU \u00ceNECAT \u00ceNTR-O SINGUR\u0102 ZI","datePublished":"2016-06-28T13:05:46+00:00","mainEntityOfPage":{"@id":"https:\/\/www.btv.md\/ro\/tragedie-in-nordul-tarii-doi-copii-s-au-inecat-intr-o-singura-zi\/"},"wordCount":211,"image":{"@id":"https:\/\/www.btv.md\/ro\/tragedie-in-nordul-tarii-doi-copii-s-au-inecat-intr-o-singura-zi\/#primaryimage"},"thumbnailUrl":"https:\/\/www.btv.md\/wp-content\/uploads\/2016\/06\/rgr.jpg","articleSection":["Incidente"],"inLanguage":"ro-RO"},{"@type":"WebPage","@id":"https:\/\/www.btv.md\/ro\/tragedie-in-nordul-tarii-doi-copii-s-au-inecat-intr-o-singura-zi\/","url":"https:\/\/www.btv.md\/ro\/tragedie-in-nordul-tarii-doi-copii-s-au-inecat-intr-o-singura-zi\/","name":"TRAGEDIE \u00ceN NORDUL \u021a\u0102RII. DOI COPII S-AU \u00ceNECAT \u00ceNTR-O SINGUR\u0102 ZI - BTV","isPartOf":{"@id":"https:\/\/www.btv.md\/#website"},"primaryImageOfPage":{"@id":"https:\/\/www.btv.md\/ro\/tragedie-in-nordul-tarii-doi-copii-s-au-inecat-intr-o-singura-zi\/#primaryimage"},"image":{"@id":"https:\/\/www.btv.md\/ro\/tragedie-in-nordul-tarii-doi-copii-s-au-inecat-intr-o-singura-zi\/#primaryimage"},"thumbnailUrl":"https:\/\/www.btv.md\/wp-content\/uploads\/2016\/06\/rgr.jpg","datePublished":"2016-06-28T13:05:46+00:00","author":{"@id":"https:\/\/www.btv.md\/#\/schema\/person\/8fadce81561b3ce2c34c46dadc4ccbf2"},"inLanguage":"ro-RO","potentialAction":[{"@type":"ReadAction","target":["https:\/\/www.btv.md\/ro\/tragedie-in-nordul-tarii-doi-copii-s-au-inecat-intr-o-singura-zi\/"]}]},{"@type":"ImageObject","inLanguage":"ro-RO","@id":"https:\/\/www.btv.md\/ro\/tragedie-in-nordul-tarii-doi-copii-s-au-inecat-intr-o-singura-zi\/#primaryimage","url":"https:\/\/www.btv.md\/wp-content\/uploads\/2016\/06\/rgr.jpg","contentUrl":"https:\/\/www.btv.md\/wp-content\/uploads\/2016\/06\/rgr.jpg","width":600,"height":400},{"@type":"WebSite","@id":"https:\/\/www.btv.md\/#website","url":"https:\/\/www.btv.md\/","name":"BTV","description":"\u0411\u0435\u043b\u044c\u0446\u043a\u043e\u0435 \u0442\u0435\u043b\u0435\u0432\u0438\u0434\u0435\u043d\u0438\u0435","potentialAction":[{"@type":"SearchAction","target":{"@type":"EntryPoint","urlTemplate":"https:\/\/www.btv.md\/?s={search_term_string}"},"query-input":{"@type":"PropertyValueSpecification","valueRequired":true,"valueName":"search_term_string"}}],"inLanguage":"ro-RO"},{"@type":"Person","@id":"https:\/\/www.btv.md\/#\/schema\/person\/8fadce81561b3ce2c34c46dadc4ccbf2","name":"admin"}]}},"_links":{"self":[{"href":"https:\/\/www.btv.md\/ro\/wp-json\/wp\/v2\/posts\/15141","targetHints":{"allow":["GET"]}}],"collection":[{"href":"https:\/\/www.btv.md\/ro\/wp-json\/wp\/v2\/posts"}],"about":[{"href":"https:\/\/www.btv.md\/ro\/wp-json\/wp\/v2\/types\/post"}],"author":[{"embeddable":true,"href":"https:\/\/www.btv.md\/ro\/wp-json\/wp\/v2\/users\/4"}],"replies":[{"embeddable":true,"href":"https:\/\/www.btv.md\/ro\/wp-json\/wp\/v2\/comments?post=15141"}],"version-history":[{"count":0,"href":"https:\/\/www.btv.md\/ro\/wp-json\/wp\/v2\/posts\/15141\/revisions"}],"wp:featuredmedia":[{"embeddable":true,"href":"https:\/\/www.btv.md\/ro\/wp-json\/wp\/v2\/media\/15142"}],"wp:attachment":[{"href":"https:\/\/www.btv.md\/ro\/wp-json\/wp\/v2\/media?parent=15141"}],"wp:term":[{"taxonomy":"category","embeddable":true,"href":"https:\/\/www.btv.md\/ro\/wp-json\/wp\/v2\/categories?post=15141"},{"taxonomy":"post_tag","embeddable":true,"href":"https:\/\/www.btv.md\/ro\/wp-json\/wp\/v2\/tags?post=15141"}],"curies":[{"name":"wp","href":"https:\/\/api.w.org\/{rel}","templated":true}]}}