{"id":15166,"date":"2016-06-28T18:37:20","date_gmt":"2016-06-28T15:37:20","guid":{"rendered":"http:\/\/btv.md\/?p=15166"},"modified":"2016-06-28T18:37:29","modified_gmt":"2016-06-28T15:37:29","slug":"baltiul-va-scapa-de-bildboard-uri-prin-rezilierea-contractelor","status":"publish","type":"post","link":"https:\/\/www.btv.md\/ro\/baltiul-va-scapa-de-bildboard-uri-prin-rezilierea-contractelor\/","title":{"rendered":"B\u0102L\u0162IUL VA SC\u0102PA DE BILDBOARD-URI PRIN REZILIEREA CONTRACTELOR"},"content":{"rendered":"<p>Prim\u0103ria municipiului B\u0103l\u0163i este gata s\u0103 rezilieze contractele cu agen\u0163ii economici care au istalat panourile de publicitate. \u00cen special acele instala\u0163ii care contravin legii drumurilor \u015fi legii publicit\u0103\u0163ii. Declara\u0163ia a fost f\u0103cut\u0103 de viceprimarul de B\u0103l\u0163i, Igor \u015eeremet la una din \u015fedin\u0163ele de lucru la care au participat reprezentan\u0163ii direc\u0163iilor responsabile de aceast domeniu.<\/p>\n<p><iframe width=\"1170\" height=\"878\" data-src=\"https:\/\/www.youtube.com\/embed\/mpPgKStLsuM?wmode=transparent&amp;rel=0&amp;feature=oembed\" frameborder=\"0\" allow=\"accelerometer; autoplay; encrypted-media; gyroscope; picture-in-picture\" allowfullscreen src=\"data:image\/svg+xml;base64,PHN2ZyB3aWR0aD0iMSIgaGVpZ2h0PSIxIiB4bWxucz0iaHR0cDovL3d3dy53My5vcmcvMjAwMC9zdmciPjwvc3ZnPg==\" class=\"lazyload\" data-load-mode=\"1\"><\/iframe><\/p>\n<p>Agen\u0163ii economicii care nu se vor conforma prevederilor legale urmeaz\u0103 s\u0103 fie sanc\u0163iona\u0163i.<\/p>\n<p>\u00cen municipiul B\u0103l\u0163i func\u0163ioneaz\u0103\u00a0 aproape 1800 de dipozitive de publicitate f\u0103r\u0103 autoriza\u0163ii.<\/p>\n","protected":false},"excerpt":{"rendered":"<p>Prim\u0103ria municipiului B\u0103l\u0163i este gata s\u0103 rezilieze contractele cu agen\u0163ii economici care au istalat panourile de publicitate. \u00cen special acele instala\u0163ii care contravin legii drumurilor \u015fi legii publicit\u0103\u0163ii. Declara\u0163ia a fost f\u0103cut\u0103 de viceprimarul de B\u0103l\u0163i, Igor \u015eeremet la una din \u015fedin\u0163ele de lucru la care au participat reprezentan\u0163ii direc\u0163iilor responsabile de aceast domeniu. Agen\u0163ii [&hellip;]<\/p>\n","protected":false},"author":4,"featured_media":15167,"comment_status":"closed","ping_status":"closed","sticky":false,"template":"","format":"standard","meta":{"footnotes":""},"categories":[6353],"tags":[],"class_list":["post-15166","post","type-post","status-publish","format-standard","has-post-thumbnail","hentry","category-oras"],"yoast_head":"<!-- This site is optimized with the Yoast SEO plugin v27.4 - https:\/\/yoast.com\/product\/yoast-seo-wordpress\/ -->\n<title>B\u0102L\u0162IUL VA SC\u0102PA DE BILDBOARD-URI PRIN REZILIEREA CONTRACTELOR - BTV<\/title>\n<meta name=\"robots\" content=\"index, follow, max-snippet:-1, max-image-preview:large, max-video-preview:-1\" \/>\n<link rel=\"canonical\" href=\"https:\/\/www.btv.md\/ro\/baltiul-va-scapa-de-bildboard-uri-prin-rezilierea-contractelor\/\" \/>\n<meta property=\"og:locale\" content=\"ro_RO\" \/>\n<meta property=\"og:type\" content=\"article\" \/>\n<meta property=\"og:title\" content=\"B\u0102L\u0162IUL VA SC\u0102PA DE BILDBOARD-URI PRIN REZILIEREA CONTRACTELOR - BTV\" \/>\n<meta property=\"og:description\" content=\"Prim\u0103ria municipiului B\u0103l\u0163i este gata s\u0103 rezilieze contractele cu agen\u0163ii economici care au istalat panourile de publicitate. \u00cen special acele instala\u0163ii care contravin legii drumurilor \u015fi legii publicit\u0103\u0163ii. Declara\u0163ia a fost f\u0103cut\u0103 de viceprimarul de B\u0103l\u0163i, Igor \u015eeremet la una din \u015fedin\u0163ele de lucru la care au participat reprezentan\u0163ii direc\u0163iilor responsabile de aceast domeniu. Agen\u0163ii [&hellip;]\" \/>\n<meta property=\"og:url\" content=\"https:\/\/www.btv.md\/ro\/baltiul-va-scapa-de-bildboard-uri-prin-rezilierea-contractelor\/\" \/>\n<meta property=\"og:site_name\" content=\"BTV\" \/>\n<meta property=\"article:publisher\" content=\"https:\/\/www.facebook.com\/btvmoldova\/\" \/>\n<meta property=\"article:published_time\" content=\"2016-06-28T15:37:20+00:00\" \/>\n<meta property=\"article:modified_time\" content=\"2016-06-28T15:37:29+00:00\" \/>\n<meta property=\"og:image\" content=\"https:\/\/www.btv.md\/wp-content\/uploads\/2016\/06\/j76.jpg\" \/>\n\t<meta property=\"og:image:width\" content=\"600\" \/>\n\t<meta property=\"og:image:height\" content=\"400\" \/>\n\t<meta property=\"og:image:type\" content=\"image\/jpeg\" \/>\n<meta name=\"author\" content=\"admin\" \/>\n<meta name=\"twitter:label1\" content=\"Scris de\" \/>\n\t<meta name=\"twitter:data1\" content=\"admin\" \/>\n\t<meta name=\"twitter:label2\" content=\"Timp estimat pentru citire\" \/>\n\t<meta name=\"twitter:data2\" content=\"1 minut\" \/>\n<script type=\"application\/ld+json\" class=\"yoast-schema-graph\">{\"@context\":\"https:\\\/\\\/schema.org\",\"@graph\":[{\"@type\":\"Article\",\"@id\":\"https:\\\/\\\/www.btv.md\\\/ro\\\/baltiul-va-scapa-de-bildboard-uri-prin-rezilierea-contractelor\\\/#article\",\"isPartOf\":{\"@id\":\"https:\\\/\\\/www.btv.md\\\/ro\\\/baltiul-va-scapa-de-bildboard-uri-prin-rezilierea-contractelor\\\/\"},\"author\":{\"name\":\"admin\",\"@id\":\"https:\\\/\\\/www.btv.md\\\/#\\\/schema\\\/person\\\/8fadce81561b3ce2c34c46dadc4ccbf2\"},\"headline\":\"B\u0102L\u0162IUL VA SC\u0102PA DE BILDBOARD-URI PRIN REZILIEREA CONTRACTELOR\",\"datePublished\":\"2016-06-28T15:37:20+00:00\",\"dateModified\":\"2016-06-28T15:37:29+00:00\",\"mainEntityOfPage\":{\"@id\":\"https:\\\/\\\/www.btv.md\\\/ro\\\/baltiul-va-scapa-de-bildboard-uri-prin-rezilierea-contractelor\\\/\"},\"wordCount\":114,\"image\":{\"@id\":\"https:\\\/\\\/www.btv.md\\\/ro\\\/baltiul-va-scapa-de-bildboard-uri-prin-rezilierea-contractelor\\\/#primaryimage\"},\"thumbnailUrl\":\"https:\\\/\\\/www.btv.md\\\/wp-content\\\/uploads\\\/2016\\\/06\\\/j76.jpg\",\"articleSection\":[\"Ora\u0219\"],\"inLanguage\":\"ro-RO\"},{\"@type\":\"WebPage\",\"@id\":\"https:\\\/\\\/www.btv.md\\\/ro\\\/baltiul-va-scapa-de-bildboard-uri-prin-rezilierea-contractelor\\\/\",\"url\":\"https:\\\/\\\/www.btv.md\\\/ro\\\/baltiul-va-scapa-de-bildboard-uri-prin-rezilierea-contractelor\\\/\",\"name\":\"B\u0102L\u0162IUL VA SC\u0102PA DE BILDBOARD-URI PRIN REZILIEREA CONTRACTELOR - BTV\",\"isPartOf\":{\"@id\":\"https:\\\/\\\/www.btv.md\\\/#website\"},\"primaryImageOfPage\":{\"@id\":\"https:\\\/\\\/www.btv.md\\\/ro\\\/baltiul-va-scapa-de-bildboard-uri-prin-rezilierea-contractelor\\\/#primaryimage\"},\"image\":{\"@id\":\"https:\\\/\\\/www.btv.md\\\/ro\\\/baltiul-va-scapa-de-bildboard-uri-prin-rezilierea-contractelor\\\/#primaryimage\"},\"thumbnailUrl\":\"https:\\\/\\\/www.btv.md\\\/wp-content\\\/uploads\\\/2016\\\/06\\\/j76.jpg\",\"datePublished\":\"2016-06-28T15:37:20+00:00\",\"dateModified\":\"2016-06-28T15:37:29+00:00\",\"author\":{\"@id\":\"https:\\\/\\\/www.btv.md\\\/#\\\/schema\\\/person\\\/8fadce81561b3ce2c34c46dadc4ccbf2\"},\"inLanguage\":\"ro-RO\",\"potentialAction\":[{\"@type\":\"ReadAction\",\"target\":[\"https:\\\/\\\/www.btv.md\\\/ro\\\/baltiul-va-scapa-de-bildboard-uri-prin-rezilierea-contractelor\\\/\"]}]},{\"@type\":\"ImageObject\",\"inLanguage\":\"ro-RO\",\"@id\":\"https:\\\/\\\/www.btv.md\\\/ro\\\/baltiul-va-scapa-de-bildboard-uri-prin-rezilierea-contractelor\\\/#primaryimage\",\"url\":\"https:\\\/\\\/www.btv.md\\\/wp-content\\\/uploads\\\/2016\\\/06\\\/j76.jpg\",\"contentUrl\":\"https:\\\/\\\/www.btv.md\\\/wp-content\\\/uploads\\\/2016\\\/06\\\/j76.jpg\",\"width\":600,\"height\":400},{\"@type\":\"WebSite\",\"@id\":\"https:\\\/\\\/www.btv.md\\\/#website\",\"url\":\"https:\\\/\\\/www.btv.md\\\/\",\"name\":\"BTV\",\"description\":\"\u0411\u0435\u043b\u044c\u0446\u043a\u043e\u0435 \u0442\u0435\u043b\u0435\u0432\u0438\u0434\u0435\u043d\u0438\u0435\",\"potentialAction\":[{\"@type\":\"SearchAction\",\"target\":{\"@type\":\"EntryPoint\",\"urlTemplate\":\"https:\\\/\\\/www.btv.md\\\/?s={search_term_string}\"},\"query-input\":{\"@type\":\"PropertyValueSpecification\",\"valueRequired\":true,\"valueName\":\"search_term_string\"}}],\"inLanguage\":\"ro-RO\"},{\"@type\":\"Person\",\"@id\":\"https:\\\/\\\/www.btv.md\\\/#\\\/schema\\\/person\\\/8fadce81561b3ce2c34c46dadc4ccbf2\",\"name\":\"admin\"}]}<\/script>\n<!-- \/ Yoast SEO plugin. -->","yoast_head_json":{"title":"B\u0102L\u0162IUL VA SC\u0102PA DE BILDBOARD-URI PRIN REZILIEREA CONTRACTELOR - BTV","robots":{"index":"index","follow":"follow","max-snippet":"max-snippet:-1","max-image-preview":"max-image-preview:large","max-video-preview":"max-video-preview:-1"},"canonical":"https:\/\/www.btv.md\/ro\/baltiul-va-scapa-de-bildboard-uri-prin-rezilierea-contractelor\/","og_locale":"ro_RO","og_type":"article","og_title":"B\u0102L\u0162IUL VA SC\u0102PA DE BILDBOARD-URI PRIN REZILIEREA CONTRACTELOR - BTV","og_description":"Prim\u0103ria municipiului B\u0103l\u0163i este gata s\u0103 rezilieze contractele cu agen\u0163ii economici care au istalat panourile de publicitate. \u00cen special acele instala\u0163ii care contravin legii drumurilor \u015fi legii publicit\u0103\u0163ii. Declara\u0163ia a fost f\u0103cut\u0103 de viceprimarul de B\u0103l\u0163i, Igor \u015eeremet la una din \u015fedin\u0163ele de lucru la care au participat reprezentan\u0163ii direc\u0163iilor responsabile de aceast domeniu. Agen\u0163ii [&hellip;]","og_url":"https:\/\/www.btv.md\/ro\/baltiul-va-scapa-de-bildboard-uri-prin-rezilierea-contractelor\/","og_site_name":"BTV","article_publisher":"https:\/\/www.facebook.com\/btvmoldova\/","article_published_time":"2016-06-28T15:37:20+00:00","article_modified_time":"2016-06-28T15:37:29+00:00","og_image":[{"width":600,"height":400,"url":"https:\/\/www.btv.md\/wp-content\/uploads\/2016\/06\/j76.jpg","type":"image\/jpeg"}],"author":"admin","twitter_misc":{"Scris de":"admin","Timp estimat pentru citire":"1 minut"},"schema":{"@context":"https:\/\/schema.org","@graph":[{"@type":"Article","@id":"https:\/\/www.btv.md\/ro\/baltiul-va-scapa-de-bildboard-uri-prin-rezilierea-contractelor\/#article","isPartOf":{"@id":"https:\/\/www.btv.md\/ro\/baltiul-va-scapa-de-bildboard-uri-prin-rezilierea-contractelor\/"},"author":{"name":"admin","@id":"https:\/\/www.btv.md\/#\/schema\/person\/8fadce81561b3ce2c34c46dadc4ccbf2"},"headline":"B\u0102L\u0162IUL VA SC\u0102PA DE BILDBOARD-URI PRIN REZILIEREA CONTRACTELOR","datePublished":"2016-06-28T15:37:20+00:00","dateModified":"2016-06-28T15:37:29+00:00","mainEntityOfPage":{"@id":"https:\/\/www.btv.md\/ro\/baltiul-va-scapa-de-bildboard-uri-prin-rezilierea-contractelor\/"},"wordCount":114,"image":{"@id":"https:\/\/www.btv.md\/ro\/baltiul-va-scapa-de-bildboard-uri-prin-rezilierea-contractelor\/#primaryimage"},"thumbnailUrl":"https:\/\/www.btv.md\/wp-content\/uploads\/2016\/06\/j76.jpg","articleSection":["Ora\u0219"],"inLanguage":"ro-RO"},{"@type":"WebPage","@id":"https:\/\/www.btv.md\/ro\/baltiul-va-scapa-de-bildboard-uri-prin-rezilierea-contractelor\/","url":"https:\/\/www.btv.md\/ro\/baltiul-va-scapa-de-bildboard-uri-prin-rezilierea-contractelor\/","name":"B\u0102L\u0162IUL VA SC\u0102PA DE BILDBOARD-URI PRIN REZILIEREA CONTRACTELOR - BTV","isPartOf":{"@id":"https:\/\/www.btv.md\/#website"},"primaryImageOfPage":{"@id":"https:\/\/www.btv.md\/ro\/baltiul-va-scapa-de-bildboard-uri-prin-rezilierea-contractelor\/#primaryimage"},"image":{"@id":"https:\/\/www.btv.md\/ro\/baltiul-va-scapa-de-bildboard-uri-prin-rezilierea-contractelor\/#primaryimage"},"thumbnailUrl":"https:\/\/www.btv.md\/wp-content\/uploads\/2016\/06\/j76.jpg","datePublished":"2016-06-28T15:37:20+00:00","dateModified":"2016-06-28T15:37:29+00:00","author":{"@id":"https:\/\/www.btv.md\/#\/schema\/person\/8fadce81561b3ce2c34c46dadc4ccbf2"},"inLanguage":"ro-RO","potentialAction":[{"@type":"ReadAction","target":["https:\/\/www.btv.md\/ro\/baltiul-va-scapa-de-bildboard-uri-prin-rezilierea-contractelor\/"]}]},{"@type":"ImageObject","inLanguage":"ro-RO","@id":"https:\/\/www.btv.md\/ro\/baltiul-va-scapa-de-bildboard-uri-prin-rezilierea-contractelor\/#primaryimage","url":"https:\/\/www.btv.md\/wp-content\/uploads\/2016\/06\/j76.jpg","contentUrl":"https:\/\/www.btv.md\/wp-content\/uploads\/2016\/06\/j76.jpg","width":600,"height":400},{"@type":"WebSite","@id":"https:\/\/www.btv.md\/#website","url":"https:\/\/www.btv.md\/","name":"BTV","description":"\u0411\u0435\u043b\u044c\u0446\u043a\u043e\u0435 \u0442\u0435\u043b\u0435\u0432\u0438\u0434\u0435\u043d\u0438\u0435","potentialAction":[{"@type":"SearchAction","target":{"@type":"EntryPoint","urlTemplate":"https:\/\/www.btv.md\/?s={search_term_string}"},"query-input":{"@type":"PropertyValueSpecification","valueRequired":true,"valueName":"search_term_string"}}],"inLanguage":"ro-RO"},{"@type":"Person","@id":"https:\/\/www.btv.md\/#\/schema\/person\/8fadce81561b3ce2c34c46dadc4ccbf2","name":"admin"}]}},"_links":{"self":[{"href":"https:\/\/www.btv.md\/ro\/wp-json\/wp\/v2\/posts\/15166","targetHints":{"allow":["GET"]}}],"collection":[{"href":"https:\/\/www.btv.md\/ro\/wp-json\/wp\/v2\/posts"}],"about":[{"href":"https:\/\/www.btv.md\/ro\/wp-json\/wp\/v2\/types\/post"}],"author":[{"embeddable":true,"href":"https:\/\/www.btv.md\/ro\/wp-json\/wp\/v2\/users\/4"}],"replies":[{"embeddable":true,"href":"https:\/\/www.btv.md\/ro\/wp-json\/wp\/v2\/comments?post=15166"}],"version-history":[{"count":0,"href":"https:\/\/www.btv.md\/ro\/wp-json\/wp\/v2\/posts\/15166\/revisions"}],"wp:featuredmedia":[{"embeddable":true,"href":"https:\/\/www.btv.md\/ro\/wp-json\/wp\/v2\/media\/15167"}],"wp:attachment":[{"href":"https:\/\/www.btv.md\/ro\/wp-json\/wp\/v2\/media?parent=15166"}],"wp:term":[{"taxonomy":"category","embeddable":true,"href":"https:\/\/www.btv.md\/ro\/wp-json\/wp\/v2\/categories?post=15166"},{"taxonomy":"post_tag","embeddable":true,"href":"https:\/\/www.btv.md\/ro\/wp-json\/wp\/v2\/tags?post=15166"}],"curies":[{"name":"wp","href":"https:\/\/api.w.org\/{rel}","templated":true}]}}