{"id":15169,"date":"2016-06-28T18:42:52","date_gmt":"2016-06-28T15:42:52","guid":{"rendered":"http:\/\/btv.md\/?p=15169"},"modified":"2016-06-28T18:43:02","modified_gmt":"2016-06-28T15:43:02","slug":"cod-galben-de-ploi-torentiale-si-grindina-la-balti","status":"publish","type":"post","link":"https:\/\/www.btv.md\/ro\/cod-galben-de-ploi-torentiale-si-grindina-la-balti\/","title":{"rendered":"COD GALBEN DE PLOI TOREN\u021aIALE \u0218I GRINDIN\u0102  LA B\u0102L\u021aI"},"content":{"rendered":"<p>Averse\u00a0 sub form\u0103 de grindina \u0219i ploi vor c\u0103dea pe teritoriul municipiul B\u0103l\u021bi. Despre aceasta a anun\u021bat \u015feful Direc\u0163iei Situa\u0163ii Excep\u0163ionale, Vasile Iovdi. Potrivit lui, reprezentan\u021bii serviciului hidrometeorologic de stat au avertizat ofi\u021berii Serviciului Situa\u021bii Excep\u021bionale s\u0103 fie preg\u0103ti\u0163i pentru situa\u0163ii imprevizibile pe care le poate aduce vremea instabil\u0103. Iovidi a precizat c\u0103\u00a0 nivelul de precipita\u0163ii care vor c\u0103dea va atinge cota de 50-70 de litri de ap\u0103 pe un metru p\u0103trat.<\/p>\n<p><iframe width=\"1170\" height=\"878\" data-src=\"https:\/\/www.youtube.com\/embed\/AMhx1S2fycI?wmode=transparent&amp;rel=0&amp;feature=oembed\" frameborder=\"0\" allow=\"accelerometer; autoplay; encrypted-media; gyroscope; picture-in-picture\" allowfullscreen src=\"data:image\/svg+xml;base64,PHN2ZyB3aWR0aD0iMSIgaGVpZ2h0PSIxIiB4bWxucz0iaHR0cDovL3d3dy53My5vcmcvMjAwMC9zdmciPjwvc3ZnPg==\" class=\"lazyload\" data-load-mode=\"1\"><\/iframe><\/p>\n<p>Vasile Iovdi a \u00eendemnat b\u0103l\u021benii s\u0103 p\u0103streze calmul \u0219i s\u0103 respecte mai multe m\u0103suri de protec\u021bie.<\/p>\n<p>Codul galben de ploi este valabil de mar\u021bi p\u00e2n\u0103 miercuri seara.<\/p>\n","protected":false},"excerpt":{"rendered":"<p>Averse\u00a0 sub form\u0103 de grindina \u0219i ploi vor c\u0103dea pe teritoriul municipiul B\u0103l\u021bi. Despre aceasta a anun\u021bat \u015feful Direc\u0163iei Situa\u0163ii Excep\u0163ionale, Vasile Iovdi. Potrivit lui, reprezentan\u021bii serviciului hidrometeorologic de stat au avertizat ofi\u021berii Serviciului Situa\u021bii Excep\u021bionale s\u0103 fie preg\u0103ti\u0163i pentru situa\u0163ii imprevizibile pe care le poate aduce vremea instabil\u0103. Iovidi a precizat c\u0103\u00a0 nivelul de [&hellip;]<\/p>\n","protected":false},"author":4,"featured_media":15170,"comment_status":"closed","ping_status":"closed","sticky":false,"template":"","format":"standard","meta":{"footnotes":""},"categories":[6349],"tags":[],"class_list":["post-15169","post","type-post","status-publish","format-standard","has-post-thumbnail","hentry","category-social"],"yoast_head":"<!-- This site is optimized with the Yoast SEO plugin v27.4 - https:\/\/yoast.com\/product\/yoast-seo-wordpress\/ -->\n<title>COD GALBEN DE PLOI TOREN\u021aIALE \u0218I GRINDIN\u0102 LA B\u0102L\u021aI - BTV<\/title>\n<meta name=\"robots\" content=\"index, follow, max-snippet:-1, max-image-preview:large, max-video-preview:-1\" \/>\n<link rel=\"canonical\" href=\"https:\/\/www.btv.md\/ro\/cod-galben-de-ploi-torentiale-si-grindina-la-balti\/\" \/>\n<meta property=\"og:locale\" content=\"ro_RO\" \/>\n<meta property=\"og:type\" content=\"article\" \/>\n<meta property=\"og:title\" content=\"COD GALBEN DE PLOI TOREN\u021aIALE \u0218I GRINDIN\u0102 LA B\u0102L\u021aI - BTV\" \/>\n<meta property=\"og:description\" content=\"Averse\u00a0 sub form\u0103 de grindina \u0219i ploi vor c\u0103dea pe teritoriul municipiul B\u0103l\u021bi. Despre aceasta a anun\u021bat \u015feful Direc\u0163iei Situa\u0163ii Excep\u0163ionale, Vasile Iovdi. Potrivit lui, reprezentan\u021bii serviciului hidrometeorologic de stat au avertizat ofi\u021berii Serviciului Situa\u021bii Excep\u021bionale s\u0103 fie preg\u0103ti\u0163i pentru situa\u0163ii imprevizibile pe care le poate aduce vremea instabil\u0103. Iovidi a precizat c\u0103\u00a0 nivelul de [&hellip;]\" \/>\n<meta property=\"og:url\" content=\"https:\/\/www.btv.md\/ro\/cod-galben-de-ploi-torentiale-si-grindina-la-balti\/\" \/>\n<meta property=\"og:site_name\" content=\"BTV\" \/>\n<meta property=\"article:publisher\" content=\"https:\/\/www.facebook.com\/btvmoldova\/\" \/>\n<meta property=\"article:published_time\" content=\"2016-06-28T15:42:52+00:00\" \/>\n<meta property=\"article:modified_time\" content=\"2016-06-28T15:43:02+00:00\" \/>\n<meta property=\"og:image\" content=\"https:\/\/www.btv.md\/wp-content\/uploads\/2016\/06\/jhyjk.jpg\" \/>\n\t<meta property=\"og:image:width\" content=\"600\" \/>\n\t<meta property=\"og:image:height\" content=\"400\" \/>\n\t<meta property=\"og:image:type\" content=\"image\/jpeg\" \/>\n<meta name=\"author\" content=\"admin\" \/>\n<meta name=\"twitter:label1\" content=\"Scris de\" \/>\n\t<meta name=\"twitter:data1\" content=\"admin\" \/>\n\t<meta name=\"twitter:label2\" content=\"Timp estimat pentru citire\" \/>\n\t<meta name=\"twitter:data2\" content=\"1 minut\" \/>\n<script type=\"application\/ld+json\" class=\"yoast-schema-graph\">{\"@context\":\"https:\\\/\\\/schema.org\",\"@graph\":[{\"@type\":\"Article\",\"@id\":\"https:\\\/\\\/www.btv.md\\\/ro\\\/cod-galben-de-ploi-torentiale-si-grindina-la-balti\\\/#article\",\"isPartOf\":{\"@id\":\"https:\\\/\\\/www.btv.md\\\/ro\\\/cod-galben-de-ploi-torentiale-si-grindina-la-balti\\\/\"},\"author\":{\"name\":\"admin\",\"@id\":\"https:\\\/\\\/www.btv.md\\\/#\\\/schema\\\/person\\\/8fadce81561b3ce2c34c46dadc4ccbf2\"},\"headline\":\"COD GALBEN DE PLOI TOREN\u021aIALE \u0218I GRINDIN\u0102 LA B\u0102L\u021aI\",\"datePublished\":\"2016-06-28T15:42:52+00:00\",\"dateModified\":\"2016-06-28T15:43:02+00:00\",\"mainEntityOfPage\":{\"@id\":\"https:\\\/\\\/www.btv.md\\\/ro\\\/cod-galben-de-ploi-torentiale-si-grindina-la-balti\\\/\"},\"wordCount\":141,\"image\":{\"@id\":\"https:\\\/\\\/www.btv.md\\\/ro\\\/cod-galben-de-ploi-torentiale-si-grindina-la-balti\\\/#primaryimage\"},\"thumbnailUrl\":\"https:\\\/\\\/www.btv.md\\\/wp-content\\\/uploads\\\/2016\\\/06\\\/jhyjk.jpg\",\"articleSection\":[\"Social\"],\"inLanguage\":\"ro-RO\"},{\"@type\":\"WebPage\",\"@id\":\"https:\\\/\\\/www.btv.md\\\/ro\\\/cod-galben-de-ploi-torentiale-si-grindina-la-balti\\\/\",\"url\":\"https:\\\/\\\/www.btv.md\\\/ro\\\/cod-galben-de-ploi-torentiale-si-grindina-la-balti\\\/\",\"name\":\"COD GALBEN DE PLOI TOREN\u021aIALE \u0218I GRINDIN\u0102 LA B\u0102L\u021aI - BTV\",\"isPartOf\":{\"@id\":\"https:\\\/\\\/www.btv.md\\\/#website\"},\"primaryImageOfPage\":{\"@id\":\"https:\\\/\\\/www.btv.md\\\/ro\\\/cod-galben-de-ploi-torentiale-si-grindina-la-balti\\\/#primaryimage\"},\"image\":{\"@id\":\"https:\\\/\\\/www.btv.md\\\/ro\\\/cod-galben-de-ploi-torentiale-si-grindina-la-balti\\\/#primaryimage\"},\"thumbnailUrl\":\"https:\\\/\\\/www.btv.md\\\/wp-content\\\/uploads\\\/2016\\\/06\\\/jhyjk.jpg\",\"datePublished\":\"2016-06-28T15:42:52+00:00\",\"dateModified\":\"2016-06-28T15:43:02+00:00\",\"author\":{\"@id\":\"https:\\\/\\\/www.btv.md\\\/#\\\/schema\\\/person\\\/8fadce81561b3ce2c34c46dadc4ccbf2\"},\"inLanguage\":\"ro-RO\",\"potentialAction\":[{\"@type\":\"ReadAction\",\"target\":[\"https:\\\/\\\/www.btv.md\\\/ro\\\/cod-galben-de-ploi-torentiale-si-grindina-la-balti\\\/\"]}]},{\"@type\":\"ImageObject\",\"inLanguage\":\"ro-RO\",\"@id\":\"https:\\\/\\\/www.btv.md\\\/ro\\\/cod-galben-de-ploi-torentiale-si-grindina-la-balti\\\/#primaryimage\",\"url\":\"https:\\\/\\\/www.btv.md\\\/wp-content\\\/uploads\\\/2016\\\/06\\\/jhyjk.jpg\",\"contentUrl\":\"https:\\\/\\\/www.btv.md\\\/wp-content\\\/uploads\\\/2016\\\/06\\\/jhyjk.jpg\",\"width\":600,\"height\":400},{\"@type\":\"WebSite\",\"@id\":\"https:\\\/\\\/www.btv.md\\\/#website\",\"url\":\"https:\\\/\\\/www.btv.md\\\/\",\"name\":\"BTV\",\"description\":\"\u0411\u0435\u043b\u044c\u0446\u043a\u043e\u0435 \u0442\u0435\u043b\u0435\u0432\u0438\u0434\u0435\u043d\u0438\u0435\",\"potentialAction\":[{\"@type\":\"SearchAction\",\"target\":{\"@type\":\"EntryPoint\",\"urlTemplate\":\"https:\\\/\\\/www.btv.md\\\/?s={search_term_string}\"},\"query-input\":{\"@type\":\"PropertyValueSpecification\",\"valueRequired\":true,\"valueName\":\"search_term_string\"}}],\"inLanguage\":\"ro-RO\"},{\"@type\":\"Person\",\"@id\":\"https:\\\/\\\/www.btv.md\\\/#\\\/schema\\\/person\\\/8fadce81561b3ce2c34c46dadc4ccbf2\",\"name\":\"admin\"}]}<\/script>\n<!-- \/ Yoast SEO plugin. -->","yoast_head_json":{"title":"COD GALBEN DE PLOI TOREN\u021aIALE \u0218I GRINDIN\u0102 LA B\u0102L\u021aI - BTV","robots":{"index":"index","follow":"follow","max-snippet":"max-snippet:-1","max-image-preview":"max-image-preview:large","max-video-preview":"max-video-preview:-1"},"canonical":"https:\/\/www.btv.md\/ro\/cod-galben-de-ploi-torentiale-si-grindina-la-balti\/","og_locale":"ro_RO","og_type":"article","og_title":"COD GALBEN DE PLOI TOREN\u021aIALE \u0218I GRINDIN\u0102 LA B\u0102L\u021aI - BTV","og_description":"Averse\u00a0 sub form\u0103 de grindina \u0219i ploi vor c\u0103dea pe teritoriul municipiul B\u0103l\u021bi. Despre aceasta a anun\u021bat \u015feful Direc\u0163iei Situa\u0163ii Excep\u0163ionale, Vasile Iovdi. Potrivit lui, reprezentan\u021bii serviciului hidrometeorologic de stat au avertizat ofi\u021berii Serviciului Situa\u021bii Excep\u021bionale s\u0103 fie preg\u0103ti\u0163i pentru situa\u0163ii imprevizibile pe care le poate aduce vremea instabil\u0103. Iovidi a precizat c\u0103\u00a0 nivelul de [&hellip;]","og_url":"https:\/\/www.btv.md\/ro\/cod-galben-de-ploi-torentiale-si-grindina-la-balti\/","og_site_name":"BTV","article_publisher":"https:\/\/www.facebook.com\/btvmoldova\/","article_published_time":"2016-06-28T15:42:52+00:00","article_modified_time":"2016-06-28T15:43:02+00:00","og_image":[{"width":600,"height":400,"url":"https:\/\/www.btv.md\/wp-content\/uploads\/2016\/06\/jhyjk.jpg","type":"image\/jpeg"}],"author":"admin","twitter_misc":{"Scris de":"admin","Timp estimat pentru citire":"1 minut"},"schema":{"@context":"https:\/\/schema.org","@graph":[{"@type":"Article","@id":"https:\/\/www.btv.md\/ro\/cod-galben-de-ploi-torentiale-si-grindina-la-balti\/#article","isPartOf":{"@id":"https:\/\/www.btv.md\/ro\/cod-galben-de-ploi-torentiale-si-grindina-la-balti\/"},"author":{"name":"admin","@id":"https:\/\/www.btv.md\/#\/schema\/person\/8fadce81561b3ce2c34c46dadc4ccbf2"},"headline":"COD GALBEN DE PLOI TOREN\u021aIALE \u0218I GRINDIN\u0102 LA B\u0102L\u021aI","datePublished":"2016-06-28T15:42:52+00:00","dateModified":"2016-06-28T15:43:02+00:00","mainEntityOfPage":{"@id":"https:\/\/www.btv.md\/ro\/cod-galben-de-ploi-torentiale-si-grindina-la-balti\/"},"wordCount":141,"image":{"@id":"https:\/\/www.btv.md\/ro\/cod-galben-de-ploi-torentiale-si-grindina-la-balti\/#primaryimage"},"thumbnailUrl":"https:\/\/www.btv.md\/wp-content\/uploads\/2016\/06\/jhyjk.jpg","articleSection":["Social"],"inLanguage":"ro-RO"},{"@type":"WebPage","@id":"https:\/\/www.btv.md\/ro\/cod-galben-de-ploi-torentiale-si-grindina-la-balti\/","url":"https:\/\/www.btv.md\/ro\/cod-galben-de-ploi-torentiale-si-grindina-la-balti\/","name":"COD GALBEN DE PLOI TOREN\u021aIALE \u0218I GRINDIN\u0102 LA B\u0102L\u021aI - BTV","isPartOf":{"@id":"https:\/\/www.btv.md\/#website"},"primaryImageOfPage":{"@id":"https:\/\/www.btv.md\/ro\/cod-galben-de-ploi-torentiale-si-grindina-la-balti\/#primaryimage"},"image":{"@id":"https:\/\/www.btv.md\/ro\/cod-galben-de-ploi-torentiale-si-grindina-la-balti\/#primaryimage"},"thumbnailUrl":"https:\/\/www.btv.md\/wp-content\/uploads\/2016\/06\/jhyjk.jpg","datePublished":"2016-06-28T15:42:52+00:00","dateModified":"2016-06-28T15:43:02+00:00","author":{"@id":"https:\/\/www.btv.md\/#\/schema\/person\/8fadce81561b3ce2c34c46dadc4ccbf2"},"inLanguage":"ro-RO","potentialAction":[{"@type":"ReadAction","target":["https:\/\/www.btv.md\/ro\/cod-galben-de-ploi-torentiale-si-grindina-la-balti\/"]}]},{"@type":"ImageObject","inLanguage":"ro-RO","@id":"https:\/\/www.btv.md\/ro\/cod-galben-de-ploi-torentiale-si-grindina-la-balti\/#primaryimage","url":"https:\/\/www.btv.md\/wp-content\/uploads\/2016\/06\/jhyjk.jpg","contentUrl":"https:\/\/www.btv.md\/wp-content\/uploads\/2016\/06\/jhyjk.jpg","width":600,"height":400},{"@type":"WebSite","@id":"https:\/\/www.btv.md\/#website","url":"https:\/\/www.btv.md\/","name":"BTV","description":"\u0411\u0435\u043b\u044c\u0446\u043a\u043e\u0435 \u0442\u0435\u043b\u0435\u0432\u0438\u0434\u0435\u043d\u0438\u0435","potentialAction":[{"@type":"SearchAction","target":{"@type":"EntryPoint","urlTemplate":"https:\/\/www.btv.md\/?s={search_term_string}"},"query-input":{"@type":"PropertyValueSpecification","valueRequired":true,"valueName":"search_term_string"}}],"inLanguage":"ro-RO"},{"@type":"Person","@id":"https:\/\/www.btv.md\/#\/schema\/person\/8fadce81561b3ce2c34c46dadc4ccbf2","name":"admin"}]}},"_links":{"self":[{"href":"https:\/\/www.btv.md\/ro\/wp-json\/wp\/v2\/posts\/15169","targetHints":{"allow":["GET"]}}],"collection":[{"href":"https:\/\/www.btv.md\/ro\/wp-json\/wp\/v2\/posts"}],"about":[{"href":"https:\/\/www.btv.md\/ro\/wp-json\/wp\/v2\/types\/post"}],"author":[{"embeddable":true,"href":"https:\/\/www.btv.md\/ro\/wp-json\/wp\/v2\/users\/4"}],"replies":[{"embeddable":true,"href":"https:\/\/www.btv.md\/ro\/wp-json\/wp\/v2\/comments?post=15169"}],"version-history":[{"count":0,"href":"https:\/\/www.btv.md\/ro\/wp-json\/wp\/v2\/posts\/15169\/revisions"}],"wp:featuredmedia":[{"embeddable":true,"href":"https:\/\/www.btv.md\/ro\/wp-json\/wp\/v2\/media\/15170"}],"wp:attachment":[{"href":"https:\/\/www.btv.md\/ro\/wp-json\/wp\/v2\/media?parent=15169"}],"wp:term":[{"taxonomy":"category","embeddable":true,"href":"https:\/\/www.btv.md\/ro\/wp-json\/wp\/v2\/categories?post=15169"},{"taxonomy":"post_tag","embeddable":true,"href":"https:\/\/www.btv.md\/ro\/wp-json\/wp\/v2\/tags?post=15169"}],"curies":[{"name":"wp","href":"https:\/\/api.w.org\/{rel}","templated":true}]}}