{"id":15182,"date":"2016-06-29T16:19:00","date_gmt":"2016-06-29T13:19:00","guid":{"rendered":"http:\/\/btv.md\/?p=15182"},"modified":"2016-06-29T16:19:10","modified_gmt":"2016-06-29T13:19:10","slug":"baltenii-cer-pedepsirea-politistilor-in-cazul-dublului-omor-din-rascani","status":"publish","type":"post","link":"https:\/\/www.btv.md\/ro\/baltenii-cer-pedepsirea-politistilor-in-cazul-dublului-omor-din-rascani\/","title":{"rendered":"B\u0102L\u0162ENII CER PEDEPSIREA POLI\u0162I\u015eTILOR \u00ceN CAZUL DUBLULUI OMOR DIN R\u00c2\u015eCANI"},"content":{"rendered":"<p>Un grup de b\u0103l\u0163eni va protesta ast\u0103zi \u00een fa\u0163a judec\u0103toriei sectorului Buiucani a Capitalei, unde \u00a0procurorii vor cere 30 de zile de arest pentru \u015eeful adjunct al Inspectoratului de Poli\u0163ie R\u00ee\u015fcani \u015fi \u015feful Poli\u0163iei criminale, \u00een cazul dublului omor s\u0103v\u00e2r\u015fit de Denis Golovatiuc. Printre manifestan\u0163i sunt at\u00e2t rudele, c\u00e2t \u015fi prietenii celor dou\u0103 victime Dmitrii Tatarciuc \u015fi Igor Iurceac, care au fost uci\u015fi cu un ciocan duminic\u0103 19 iunie. Protestatrii\u00a0 solicit\u0103 ca persoanele responsabile pentru mu\u015famalizarea omorului\u00a0 s\u0103 r\u0103spund\u0103 \u00een fa\u0163a legii.<\/p>\n<p><iframe width=\"1170\" height=\"878\" data-src=\"https:\/\/www.youtube.com\/embed\/eQeWjwOQDBM?wmode=transparent&amp;rel=0&amp;feature=oembed\" frameborder=\"0\" allow=\"accelerometer; autoplay; encrypted-media; gyroscope; picture-in-picture\" allowfullscreen src=\"data:image\/svg+xml;base64,PHN2ZyB3aWR0aD0iMSIgaGVpZ2h0PSIxIiB4bWxucz0iaHR0cDovL3d3dy53My5vcmcvMjAwMC9zdmciPjwvc3ZnPg==\" class=\"lazyload\" data-load-mode=\"1\"><\/iframe><\/p>\n<p>Acum patru zile un protest similar a avut loc \u00een pia\u0163a din fa\u0163a Consiliului raional R\u00ee\u015fcani, unde manifestan\u0163ii au cerut institu\u0163iilor de drept s\u0103 fie pedepsi\u0163i principalii vinova\u0163i pentru omorul celor doi b\u0103l\u0163eni.<\/p>\n<p>Men\u021bion\u0103m c\u0103 duminic\u0103, 26 iunie un grup format din procurori anticorup\u0163ie, ofi\u0163eri CNA \u015fi ofi\u0163eri SPIA a efectuat mai multe ac\u0163iuni de urm\u0103rire penal\u0103 la Inspectoratul de Poli\u0163ie din R\u00e2\u015fcani. \u00cen urma audierilor, cei\u00a0<a href=\"http:\/\/www.realitatea.md\/dosar-penal-pentru-abuz-in-serviciu-pe-numele-conducerii-inspectoratului-de-politie-rascani_41397.html\">doi \u015fefi au fost re\u0163inu\u0163i<\/a>, fiind\u00a0suspecta\u0163i de lipsa ac\u0163iunilor prompte \u00een investigarea unui caz de dublu omor.<\/p>\n<p>Dac\u0103 vor fi g\u0103si\u0163i vinova\u0163i, cei doi risc\u0103 amend\u0103 de la\u00a01000 la 2000 unit\u0103\u0163i conven\u0163ionale sau \u00eenchisoare de la 2 la 6 ani, \u00een ambele cazuri cu privarea de dreptul de a ocupa anumite func\u0163ii sau de a exercita o anumit\u0103 activitate pe un termen de la 5 la 10 ani.<\/p>\n<p>Procuratura Anticorup\u0163ie s-a autosesizat dup\u0103\u00a0<a href=\"http:\/\/www.realitatea.md\/te-trec-fiorii--prietenii-celor-doi-barbati-din-balti--gasiti-omorati-cu-ciocanul--au-realizat-propria-investigatie-si-povestesc-detalii---video_41360.html\">acuza\u021biile precum c\u0103 angaja\u0163ii Inspectoratului de Poli\u0163ie R\u00e2\u015fcani nu ar fi interprins m\u0103surile necesare pentru investigarea operativ\u0103 a omorului celor doi tineri<\/a>\u00a0din Nihoreni, raionul R\u00e2\u015fcani, produs la 19 iunie curent.<\/p>\n<p>&nbsp;<\/p>\n<p><strong>dosar penal pe numele conducerii IP R\u00e2\u015fcani, cercetat\u0103 pentru abuz \u00een serviciu<\/strong><\/p>\n<p>\u00a0unde sunt pu\u0219i sub \u00eenvinuire \u00a0\u00a0sunt suspecta\u0163i de lipsa ac\u0163iunilor prompte \u00een investigarea cazului de omor .<\/p>\n<p>viza\u021bi \u015eeful adjunct al Inspectoratului de Poli\u0163ie R\u00e2\u015fcani \u015fi \u015feful Poli\u0163iei Criminale<\/p>\n<p>\u00a0Dup\u0103 ce duminica, 26\u00a0 iunie au cerut dreptate \u0219i<\/p>\n<p>nu ar fi \u00eentreprins m\u0103surile necesare \u00een investigarea dublului omor\u00a0 \u00een cazul dublului omor s\u0103v\u00e2r\u0219it \u00een raionul R\u00ee\u0219cani, acum au plecat la Chi\u0219in\u0103u pentru a asista la procesul judiciar privind punere sub \u00eenvinuire<\/p>\n","protected":false},"excerpt":{"rendered":"<p>Un grup de b\u0103l\u0163eni va protesta ast\u0103zi \u00een fa\u0163a judec\u0103toriei sectorului Buiucani a Capitalei, unde \u00a0procurorii vor cere 30 de zile de arest pentru \u015eeful adjunct al Inspectoratului de Poli\u0163ie R\u00ee\u015fcani \u015fi \u015feful Poli\u0163iei criminale, \u00een cazul dublului omor s\u0103v\u00e2r\u015fit de Denis Golovatiuc. Printre manifestan\u0163i sunt at\u00e2t rudele, c\u00e2t \u015fi prietenii celor dou\u0103 victime Dmitrii [&hellip;]<\/p>\n","protected":false},"author":4,"featured_media":15183,"comment_status":"closed","ping_status":"closed","sticky":false,"template":"","format":"standard","meta":{"footnotes":""},"categories":[6349],"tags":[],"class_list":["post-15182","post","type-post","status-publish","format-standard","has-post-thumbnail","hentry","category-social"],"yoast_head":"<!-- This site is optimized with the Yoast SEO plugin v27.4 - https:\/\/yoast.com\/product\/yoast-seo-wordpress\/ -->\n<title>B\u0102L\u0162ENII CER PEDEPSIREA POLI\u0162I\u015eTILOR \u00ceN CAZUL DUBLULUI OMOR DIN R\u00c2\u015eCANI - BTV<\/title>\n<meta name=\"robots\" content=\"index, follow, max-snippet:-1, max-image-preview:large, max-video-preview:-1\" \/>\n<link rel=\"canonical\" href=\"https:\/\/www.btv.md\/ro\/baltenii-cer-pedepsirea-politistilor-in-cazul-dublului-omor-din-rascani\/\" \/>\n<meta property=\"og:locale\" content=\"ro_RO\" \/>\n<meta property=\"og:type\" content=\"article\" \/>\n<meta property=\"og:title\" content=\"B\u0102L\u0162ENII CER PEDEPSIREA POLI\u0162I\u015eTILOR \u00ceN CAZUL DUBLULUI OMOR DIN R\u00c2\u015eCANI - BTV\" \/>\n<meta property=\"og:description\" content=\"Un grup de b\u0103l\u0163eni va protesta ast\u0103zi \u00een fa\u0163a judec\u0103toriei sectorului Buiucani a Capitalei, unde \u00a0procurorii vor cere 30 de zile de arest pentru \u015eeful adjunct al Inspectoratului de Poli\u0163ie R\u00ee\u015fcani \u015fi \u015feful Poli\u0163iei criminale, \u00een cazul dublului omor s\u0103v\u00e2r\u015fit de Denis Golovatiuc. Printre manifestan\u0163i sunt at\u00e2t rudele, c\u00e2t \u015fi prietenii celor dou\u0103 victime Dmitrii [&hellip;]\" \/>\n<meta property=\"og:url\" content=\"https:\/\/www.btv.md\/ro\/baltenii-cer-pedepsirea-politistilor-in-cazul-dublului-omor-din-rascani\/\" \/>\n<meta property=\"og:site_name\" content=\"BTV\" \/>\n<meta property=\"article:publisher\" content=\"https:\/\/www.facebook.com\/btvmoldova\/\" \/>\n<meta property=\"article:published_time\" content=\"2016-06-29T13:19:00+00:00\" \/>\n<meta property=\"article:modified_time\" content=\"2016-06-29T13:19:10+00:00\" \/>\n<meta property=\"og:image\" content=\"https:\/\/www.btv.md\/wp-content\/uploads\/2016\/06\/uuu.jpg\" \/>\n\t<meta property=\"og:image:width\" content=\"600\" \/>\n\t<meta property=\"og:image:height\" content=\"400\" \/>\n\t<meta property=\"og:image:type\" content=\"image\/jpeg\" \/>\n<meta name=\"author\" content=\"admin\" \/>\n<meta name=\"twitter:label1\" content=\"Scris de\" \/>\n\t<meta name=\"twitter:data1\" content=\"admin\" \/>\n\t<meta name=\"twitter:label2\" content=\"Timp estimat pentru citire\" \/>\n\t<meta name=\"twitter:data2\" content=\"2 minute\" \/>\n<script type=\"application\/ld+json\" class=\"yoast-schema-graph\">{\"@context\":\"https:\\\/\\\/schema.org\",\"@graph\":[{\"@type\":\"Article\",\"@id\":\"https:\\\/\\\/www.btv.md\\\/ro\\\/baltenii-cer-pedepsirea-politistilor-in-cazul-dublului-omor-din-rascani\\\/#article\",\"isPartOf\":{\"@id\":\"https:\\\/\\\/www.btv.md\\\/ro\\\/baltenii-cer-pedepsirea-politistilor-in-cazul-dublului-omor-din-rascani\\\/\"},\"author\":{\"name\":\"admin\",\"@id\":\"https:\\\/\\\/www.btv.md\\\/#\\\/schema\\\/person\\\/8fadce81561b3ce2c34c46dadc4ccbf2\"},\"headline\":\"B\u0102L\u0162ENII CER PEDEPSIREA POLI\u0162I\u015eTILOR \u00ceN CAZUL DUBLULUI OMOR DIN R\u00c2\u015eCANI\",\"datePublished\":\"2016-06-29T13:19:00+00:00\",\"dateModified\":\"2016-06-29T13:19:10+00:00\",\"mainEntityOfPage\":{\"@id\":\"https:\\\/\\\/www.btv.md\\\/ro\\\/baltenii-cer-pedepsirea-politistilor-in-cazul-dublului-omor-din-rascani\\\/\"},\"wordCount\":414,\"image\":{\"@id\":\"https:\\\/\\\/www.btv.md\\\/ro\\\/baltenii-cer-pedepsirea-politistilor-in-cazul-dublului-omor-din-rascani\\\/#primaryimage\"},\"thumbnailUrl\":\"https:\\\/\\\/www.btv.md\\\/wp-content\\\/uploads\\\/2016\\\/06\\\/uuu.jpg\",\"articleSection\":[\"Social\"],\"inLanguage\":\"ro-RO\"},{\"@type\":\"WebPage\",\"@id\":\"https:\\\/\\\/www.btv.md\\\/ro\\\/baltenii-cer-pedepsirea-politistilor-in-cazul-dublului-omor-din-rascani\\\/\",\"url\":\"https:\\\/\\\/www.btv.md\\\/ro\\\/baltenii-cer-pedepsirea-politistilor-in-cazul-dublului-omor-din-rascani\\\/\",\"name\":\"B\u0102L\u0162ENII CER PEDEPSIREA POLI\u0162I\u015eTILOR \u00ceN CAZUL DUBLULUI OMOR DIN R\u00c2\u015eCANI - BTV\",\"isPartOf\":{\"@id\":\"https:\\\/\\\/www.btv.md\\\/#website\"},\"primaryImageOfPage\":{\"@id\":\"https:\\\/\\\/www.btv.md\\\/ro\\\/baltenii-cer-pedepsirea-politistilor-in-cazul-dublului-omor-din-rascani\\\/#primaryimage\"},\"image\":{\"@id\":\"https:\\\/\\\/www.btv.md\\\/ro\\\/baltenii-cer-pedepsirea-politistilor-in-cazul-dublului-omor-din-rascani\\\/#primaryimage\"},\"thumbnailUrl\":\"https:\\\/\\\/www.btv.md\\\/wp-content\\\/uploads\\\/2016\\\/06\\\/uuu.jpg\",\"datePublished\":\"2016-06-29T13:19:00+00:00\",\"dateModified\":\"2016-06-29T13:19:10+00:00\",\"author\":{\"@id\":\"https:\\\/\\\/www.btv.md\\\/#\\\/schema\\\/person\\\/8fadce81561b3ce2c34c46dadc4ccbf2\"},\"inLanguage\":\"ro-RO\",\"potentialAction\":[{\"@type\":\"ReadAction\",\"target\":[\"https:\\\/\\\/www.btv.md\\\/ro\\\/baltenii-cer-pedepsirea-politistilor-in-cazul-dublului-omor-din-rascani\\\/\"]}]},{\"@type\":\"ImageObject\",\"inLanguage\":\"ro-RO\",\"@id\":\"https:\\\/\\\/www.btv.md\\\/ro\\\/baltenii-cer-pedepsirea-politistilor-in-cazul-dublului-omor-din-rascani\\\/#primaryimage\",\"url\":\"https:\\\/\\\/www.btv.md\\\/wp-content\\\/uploads\\\/2016\\\/06\\\/uuu.jpg\",\"contentUrl\":\"https:\\\/\\\/www.btv.md\\\/wp-content\\\/uploads\\\/2016\\\/06\\\/uuu.jpg\",\"width\":600,\"height\":400},{\"@type\":\"WebSite\",\"@id\":\"https:\\\/\\\/www.btv.md\\\/#website\",\"url\":\"https:\\\/\\\/www.btv.md\\\/\",\"name\":\"BTV\",\"description\":\"\u0411\u0435\u043b\u044c\u0446\u043a\u043e\u0435 \u0442\u0435\u043b\u0435\u0432\u0438\u0434\u0435\u043d\u0438\u0435\",\"potentialAction\":[{\"@type\":\"SearchAction\",\"target\":{\"@type\":\"EntryPoint\",\"urlTemplate\":\"https:\\\/\\\/www.btv.md\\\/?s={search_term_string}\"},\"query-input\":{\"@type\":\"PropertyValueSpecification\",\"valueRequired\":true,\"valueName\":\"search_term_string\"}}],\"inLanguage\":\"ro-RO\"},{\"@type\":\"Person\",\"@id\":\"https:\\\/\\\/www.btv.md\\\/#\\\/schema\\\/person\\\/8fadce81561b3ce2c34c46dadc4ccbf2\",\"name\":\"admin\"}]}<\/script>\n<!-- \/ Yoast SEO plugin. -->","yoast_head_json":{"title":"B\u0102L\u0162ENII CER PEDEPSIREA POLI\u0162I\u015eTILOR \u00ceN CAZUL DUBLULUI OMOR DIN R\u00c2\u015eCANI - BTV","robots":{"index":"index","follow":"follow","max-snippet":"max-snippet:-1","max-image-preview":"max-image-preview:large","max-video-preview":"max-video-preview:-1"},"canonical":"https:\/\/www.btv.md\/ro\/baltenii-cer-pedepsirea-politistilor-in-cazul-dublului-omor-din-rascani\/","og_locale":"ro_RO","og_type":"article","og_title":"B\u0102L\u0162ENII CER PEDEPSIREA POLI\u0162I\u015eTILOR \u00ceN CAZUL DUBLULUI OMOR DIN R\u00c2\u015eCANI - BTV","og_description":"Un grup de b\u0103l\u0163eni va protesta ast\u0103zi \u00een fa\u0163a judec\u0103toriei sectorului Buiucani a Capitalei, unde \u00a0procurorii vor cere 30 de zile de arest pentru \u015eeful adjunct al Inspectoratului de Poli\u0163ie R\u00ee\u015fcani \u015fi \u015feful Poli\u0163iei criminale, \u00een cazul dublului omor s\u0103v\u00e2r\u015fit de Denis Golovatiuc. Printre manifestan\u0163i sunt at\u00e2t rudele, c\u00e2t \u015fi prietenii celor dou\u0103 victime Dmitrii [&hellip;]","og_url":"https:\/\/www.btv.md\/ro\/baltenii-cer-pedepsirea-politistilor-in-cazul-dublului-omor-din-rascani\/","og_site_name":"BTV","article_publisher":"https:\/\/www.facebook.com\/btvmoldova\/","article_published_time":"2016-06-29T13:19:00+00:00","article_modified_time":"2016-06-29T13:19:10+00:00","og_image":[{"width":600,"height":400,"url":"https:\/\/www.btv.md\/wp-content\/uploads\/2016\/06\/uuu.jpg","type":"image\/jpeg"}],"author":"admin","twitter_misc":{"Scris de":"admin","Timp estimat pentru citire":"2 minute"},"schema":{"@context":"https:\/\/schema.org","@graph":[{"@type":"Article","@id":"https:\/\/www.btv.md\/ro\/baltenii-cer-pedepsirea-politistilor-in-cazul-dublului-omor-din-rascani\/#article","isPartOf":{"@id":"https:\/\/www.btv.md\/ro\/baltenii-cer-pedepsirea-politistilor-in-cazul-dublului-omor-din-rascani\/"},"author":{"name":"admin","@id":"https:\/\/www.btv.md\/#\/schema\/person\/8fadce81561b3ce2c34c46dadc4ccbf2"},"headline":"B\u0102L\u0162ENII CER PEDEPSIREA POLI\u0162I\u015eTILOR \u00ceN CAZUL DUBLULUI OMOR DIN R\u00c2\u015eCANI","datePublished":"2016-06-29T13:19:00+00:00","dateModified":"2016-06-29T13:19:10+00:00","mainEntityOfPage":{"@id":"https:\/\/www.btv.md\/ro\/baltenii-cer-pedepsirea-politistilor-in-cazul-dublului-omor-din-rascani\/"},"wordCount":414,"image":{"@id":"https:\/\/www.btv.md\/ro\/baltenii-cer-pedepsirea-politistilor-in-cazul-dublului-omor-din-rascani\/#primaryimage"},"thumbnailUrl":"https:\/\/www.btv.md\/wp-content\/uploads\/2016\/06\/uuu.jpg","articleSection":["Social"],"inLanguage":"ro-RO"},{"@type":"WebPage","@id":"https:\/\/www.btv.md\/ro\/baltenii-cer-pedepsirea-politistilor-in-cazul-dublului-omor-din-rascani\/","url":"https:\/\/www.btv.md\/ro\/baltenii-cer-pedepsirea-politistilor-in-cazul-dublului-omor-din-rascani\/","name":"B\u0102L\u0162ENII CER PEDEPSIREA POLI\u0162I\u015eTILOR \u00ceN CAZUL DUBLULUI OMOR DIN R\u00c2\u015eCANI - BTV","isPartOf":{"@id":"https:\/\/www.btv.md\/#website"},"primaryImageOfPage":{"@id":"https:\/\/www.btv.md\/ro\/baltenii-cer-pedepsirea-politistilor-in-cazul-dublului-omor-din-rascani\/#primaryimage"},"image":{"@id":"https:\/\/www.btv.md\/ro\/baltenii-cer-pedepsirea-politistilor-in-cazul-dublului-omor-din-rascani\/#primaryimage"},"thumbnailUrl":"https:\/\/www.btv.md\/wp-content\/uploads\/2016\/06\/uuu.jpg","datePublished":"2016-06-29T13:19:00+00:00","dateModified":"2016-06-29T13:19:10+00:00","author":{"@id":"https:\/\/www.btv.md\/#\/schema\/person\/8fadce81561b3ce2c34c46dadc4ccbf2"},"inLanguage":"ro-RO","potentialAction":[{"@type":"ReadAction","target":["https:\/\/www.btv.md\/ro\/baltenii-cer-pedepsirea-politistilor-in-cazul-dublului-omor-din-rascani\/"]}]},{"@type":"ImageObject","inLanguage":"ro-RO","@id":"https:\/\/www.btv.md\/ro\/baltenii-cer-pedepsirea-politistilor-in-cazul-dublului-omor-din-rascani\/#primaryimage","url":"https:\/\/www.btv.md\/wp-content\/uploads\/2016\/06\/uuu.jpg","contentUrl":"https:\/\/www.btv.md\/wp-content\/uploads\/2016\/06\/uuu.jpg","width":600,"height":400},{"@type":"WebSite","@id":"https:\/\/www.btv.md\/#website","url":"https:\/\/www.btv.md\/","name":"BTV","description":"\u0411\u0435\u043b\u044c\u0446\u043a\u043e\u0435 \u0442\u0435\u043b\u0435\u0432\u0438\u0434\u0435\u043d\u0438\u0435","potentialAction":[{"@type":"SearchAction","target":{"@type":"EntryPoint","urlTemplate":"https:\/\/www.btv.md\/?s={search_term_string}"},"query-input":{"@type":"PropertyValueSpecification","valueRequired":true,"valueName":"search_term_string"}}],"inLanguage":"ro-RO"},{"@type":"Person","@id":"https:\/\/www.btv.md\/#\/schema\/person\/8fadce81561b3ce2c34c46dadc4ccbf2","name":"admin"}]}},"_links":{"self":[{"href":"https:\/\/www.btv.md\/ro\/wp-json\/wp\/v2\/posts\/15182","targetHints":{"allow":["GET"]}}],"collection":[{"href":"https:\/\/www.btv.md\/ro\/wp-json\/wp\/v2\/posts"}],"about":[{"href":"https:\/\/www.btv.md\/ro\/wp-json\/wp\/v2\/types\/post"}],"author":[{"embeddable":true,"href":"https:\/\/www.btv.md\/ro\/wp-json\/wp\/v2\/users\/4"}],"replies":[{"embeddable":true,"href":"https:\/\/www.btv.md\/ro\/wp-json\/wp\/v2\/comments?post=15182"}],"version-history":[{"count":0,"href":"https:\/\/www.btv.md\/ro\/wp-json\/wp\/v2\/posts\/15182\/revisions"}],"wp:featuredmedia":[{"embeddable":true,"href":"https:\/\/www.btv.md\/ro\/wp-json\/wp\/v2\/media\/15183"}],"wp:attachment":[{"href":"https:\/\/www.btv.md\/ro\/wp-json\/wp\/v2\/media?parent=15182"}],"wp:term":[{"taxonomy":"category","embeddable":true,"href":"https:\/\/www.btv.md\/ro\/wp-json\/wp\/v2\/categories?post=15182"},{"taxonomy":"post_tag","embeddable":true,"href":"https:\/\/www.btv.md\/ro\/wp-json\/wp\/v2\/tags?post=15182"}],"curies":[{"name":"wp","href":"https:\/\/api.w.org\/{rel}","templated":true}]}}