{"id":15188,"date":"2016-06-29T16:37:04","date_gmt":"2016-06-29T13:37:04","guid":{"rendered":"http:\/\/btv.md\/?p=15188"},"modified":"2016-06-29T16:37:23","modified_gmt":"2016-06-29T13:37:23","slug":"o-groapa-imensa-pune-in-pericol-doua-blocuri-din-balti","status":"publish","type":"post","link":"https:\/\/www.btv.md\/ro\/o-groapa-imensa-pune-in-pericol-doua-blocuri-din-balti\/","title":{"rendered":"O  GROAP\u0102  IMENS\u0102  PUNE  \u00ceN  PERICOL  DOU\u0102  BLOCURI  DIN  B\u0102L\u021aI"},"content":{"rendered":"<p>O construc\u021bie ini\u021biat\u0103 acum 6 ani\u00a0 provoc\u0103 nemul\u021bumiri \u00een r\u00e2ndul locatarilor \u00a0a dou\u0103 blocuri de pe strada Conev 42 \u0219i 44 din B\u0103l\u021bi. Groapa imens\u0103, unde a fost turnat doar fundamentul pentru un nou edificiu se aflat\u0103 chiar \u00een coastele blocurilor din \u00a0vecin\u0103tate. Oamenii spun c\u0103 \u015fantierul l\u0103sat balt\u0103, s-a transformat \u00eentr-o groap\u0103 de gunoi \u0219i pune \u00een pericol siguran\u021ba construc\u0163iilor din jur, mai ales din cauza apelor pluviale care se acumuleaz\u0103 periodic.<\/p>\n<p><iframe width=\"1170\" height=\"878\" data-src=\"https:\/\/www.youtube.com\/embed\/Ry-Np9333pU?wmode=transparent&amp;rel=0&amp;feature=oembed\" frameborder=\"0\" allow=\"accelerometer; autoplay; encrypted-media; gyroscope; picture-in-picture\" allowfullscreen src=\"data:image\/svg+xml;base64,PHN2ZyB3aWR0aD0iMSIgaGVpZ2h0PSIxIiB4bWxucz0iaHR0cDovL3d3dy53My5vcmcvMjAwMC9zdmciPjwvc3ZnPg==\" class=\"lazyload\" data-load-mode=\"1\"><\/iframe><\/p>\n<p>Problema a ajuns \u00een vizorul prim\u0103riei, dup\u0103 ce \u00een cadrul ultimei \u0219edin\u021be a Consiliului Municipal B\u0103l\u021bi, Boris Marcoci, s-a ar\u0103tat deranjat de faptul c\u0103 groapa nu are nici m\u0103car un gard de protec\u021bie.<\/p>\n<p>Ulterior, s-a g\u0103sit \u0219i firma care se face responsabil\u0103 de \u0219antier, Aceasta s-a dovedit a fi cu totul alta, dec\u00e2t cea ini\u021bial\u0103. \u00cen ziua c\u00e2nd echipa de filmare BTV a mers la locul cu pricina, angaja\u021bii acesteia salubrizau deja teritoriul.<\/p>\n<p>Reprezentan\u021bii prim\u0103riei au cerut explica\u021bii de la administra\u021bia firmei. Ace\u0219tia au dat asigur\u0103ri c\u0103 \u00een scurt timp vor demara lucr\u0103rile \u0219i vor \u00eengr\u0103di zona. Motivul invocat de ei au fost ni\u0219te probleme de ordin birocratic, care potrivit lor, au provocat stoparea temporar\u0103 a lucr\u0103rilor.<\/p>\n","protected":false},"excerpt":{"rendered":"<p>O construc\u021bie ini\u021biat\u0103 acum 6 ani\u00a0 provoc\u0103 nemul\u021bumiri \u00een r\u00e2ndul locatarilor \u00a0a dou\u0103 blocuri de pe strada Conev 42 \u0219i 44 din B\u0103l\u021bi. Groapa imens\u0103, unde a fost turnat doar fundamentul pentru un nou edificiu se aflat\u0103 chiar \u00een coastele blocurilor din \u00a0vecin\u0103tate. Oamenii spun c\u0103 \u015fantierul l\u0103sat balt\u0103, s-a transformat \u00eentr-o groap\u0103 de gunoi [&hellip;]<\/p>\n","protected":false},"author":4,"featured_media":15189,"comment_status":"closed","ping_status":"closed","sticky":false,"template":"","format":"standard","meta":{"footnotes":""},"categories":[6353],"tags":[],"class_list":["post-15188","post","type-post","status-publish","format-standard","has-post-thumbnail","hentry","category-oras"],"yoast_head":"<!-- This site is optimized with the Yoast SEO plugin v27.4 - https:\/\/yoast.com\/product\/yoast-seo-wordpress\/ -->\n<title>O GROAP\u0102 IMENS\u0102 PUNE \u00ceN PERICOL DOU\u0102 BLOCURI DIN B\u0102L\u021aI - BTV<\/title>\n<meta name=\"robots\" content=\"index, follow, max-snippet:-1, max-image-preview:large, max-video-preview:-1\" \/>\n<link rel=\"canonical\" href=\"https:\/\/www.btv.md\/ro\/o-groapa-imensa-pune-in-pericol-doua-blocuri-din-balti\/\" \/>\n<meta property=\"og:locale\" content=\"ro_RO\" \/>\n<meta property=\"og:type\" content=\"article\" \/>\n<meta property=\"og:title\" content=\"O GROAP\u0102 IMENS\u0102 PUNE \u00ceN PERICOL DOU\u0102 BLOCURI DIN B\u0102L\u021aI - BTV\" \/>\n<meta property=\"og:description\" content=\"O construc\u021bie ini\u021biat\u0103 acum 6 ani\u00a0 provoc\u0103 nemul\u021bumiri \u00een r\u00e2ndul locatarilor \u00a0a dou\u0103 blocuri de pe strada Conev 42 \u0219i 44 din B\u0103l\u021bi. Groapa imens\u0103, unde a fost turnat doar fundamentul pentru un nou edificiu se aflat\u0103 chiar \u00een coastele blocurilor din \u00a0vecin\u0103tate. Oamenii spun c\u0103 \u015fantierul l\u0103sat balt\u0103, s-a transformat \u00eentr-o groap\u0103 de gunoi [&hellip;]\" \/>\n<meta property=\"og:url\" content=\"https:\/\/www.btv.md\/ro\/o-groapa-imensa-pune-in-pericol-doua-blocuri-din-balti\/\" \/>\n<meta property=\"og:site_name\" content=\"BTV\" \/>\n<meta property=\"article:publisher\" content=\"https:\/\/www.facebook.com\/btvmoldova\/\" \/>\n<meta property=\"article:published_time\" content=\"2016-06-29T13:37:04+00:00\" \/>\n<meta property=\"article:modified_time\" content=\"2016-06-29T13:37:23+00:00\" \/>\n<meta property=\"og:image\" content=\"https:\/\/www.btv.md\/wp-content\/uploads\/2016\/06\/ddd-2.jpg\" \/>\n\t<meta property=\"og:image:width\" content=\"600\" \/>\n\t<meta property=\"og:image:height\" content=\"400\" \/>\n\t<meta property=\"og:image:type\" content=\"image\/jpeg\" \/>\n<meta name=\"author\" content=\"admin\" \/>\n<meta name=\"twitter:label1\" content=\"Scris de\" \/>\n\t<meta name=\"twitter:data1\" content=\"admin\" \/>\n\t<meta name=\"twitter:label2\" content=\"Timp estimat pentru citire\" \/>\n\t<meta name=\"twitter:data2\" content=\"1 minut\" \/>\n<script type=\"application\/ld+json\" class=\"yoast-schema-graph\">{\"@context\":\"https:\\\/\\\/schema.org\",\"@graph\":[{\"@type\":\"Article\",\"@id\":\"https:\\\/\\\/www.btv.md\\\/ro\\\/o-groapa-imensa-pune-in-pericol-doua-blocuri-din-balti\\\/#article\",\"isPartOf\":{\"@id\":\"https:\\\/\\\/www.btv.md\\\/ro\\\/o-groapa-imensa-pune-in-pericol-doua-blocuri-din-balti\\\/\"},\"author\":{\"name\":\"admin\",\"@id\":\"https:\\\/\\\/www.btv.md\\\/#\\\/schema\\\/person\\\/8fadce81561b3ce2c34c46dadc4ccbf2\"},\"headline\":\"O GROAP\u0102 IMENS\u0102 PUNE \u00ceN PERICOL DOU\u0102 BLOCURI DIN B\u0102L\u021aI\",\"datePublished\":\"2016-06-29T13:37:04+00:00\",\"dateModified\":\"2016-06-29T13:37:23+00:00\",\"mainEntityOfPage\":{\"@id\":\"https:\\\/\\\/www.btv.md\\\/ro\\\/o-groapa-imensa-pune-in-pericol-doua-blocuri-din-balti\\\/\"},\"wordCount\":236,\"image\":{\"@id\":\"https:\\\/\\\/www.btv.md\\\/ro\\\/o-groapa-imensa-pune-in-pericol-doua-blocuri-din-balti\\\/#primaryimage\"},\"thumbnailUrl\":\"https:\\\/\\\/www.btv.md\\\/wp-content\\\/uploads\\\/2016\\\/06\\\/ddd-2.jpg\",\"articleSection\":[\"Ora\u0219\"],\"inLanguage\":\"ro-RO\"},{\"@type\":\"WebPage\",\"@id\":\"https:\\\/\\\/www.btv.md\\\/ro\\\/o-groapa-imensa-pune-in-pericol-doua-blocuri-din-balti\\\/\",\"url\":\"https:\\\/\\\/www.btv.md\\\/ro\\\/o-groapa-imensa-pune-in-pericol-doua-blocuri-din-balti\\\/\",\"name\":\"O GROAP\u0102 IMENS\u0102 PUNE \u00ceN PERICOL DOU\u0102 BLOCURI DIN B\u0102L\u021aI - BTV\",\"isPartOf\":{\"@id\":\"https:\\\/\\\/www.btv.md\\\/#website\"},\"primaryImageOfPage\":{\"@id\":\"https:\\\/\\\/www.btv.md\\\/ro\\\/o-groapa-imensa-pune-in-pericol-doua-blocuri-din-balti\\\/#primaryimage\"},\"image\":{\"@id\":\"https:\\\/\\\/www.btv.md\\\/ro\\\/o-groapa-imensa-pune-in-pericol-doua-blocuri-din-balti\\\/#primaryimage\"},\"thumbnailUrl\":\"https:\\\/\\\/www.btv.md\\\/wp-content\\\/uploads\\\/2016\\\/06\\\/ddd-2.jpg\",\"datePublished\":\"2016-06-29T13:37:04+00:00\",\"dateModified\":\"2016-06-29T13:37:23+00:00\",\"author\":{\"@id\":\"https:\\\/\\\/www.btv.md\\\/#\\\/schema\\\/person\\\/8fadce81561b3ce2c34c46dadc4ccbf2\"},\"inLanguage\":\"ro-RO\",\"potentialAction\":[{\"@type\":\"ReadAction\",\"target\":[\"https:\\\/\\\/www.btv.md\\\/ro\\\/o-groapa-imensa-pune-in-pericol-doua-blocuri-din-balti\\\/\"]}]},{\"@type\":\"ImageObject\",\"inLanguage\":\"ro-RO\",\"@id\":\"https:\\\/\\\/www.btv.md\\\/ro\\\/o-groapa-imensa-pune-in-pericol-doua-blocuri-din-balti\\\/#primaryimage\",\"url\":\"https:\\\/\\\/www.btv.md\\\/wp-content\\\/uploads\\\/2016\\\/06\\\/ddd-2.jpg\",\"contentUrl\":\"https:\\\/\\\/www.btv.md\\\/wp-content\\\/uploads\\\/2016\\\/06\\\/ddd-2.jpg\",\"width\":600,\"height\":400},{\"@type\":\"WebSite\",\"@id\":\"https:\\\/\\\/www.btv.md\\\/#website\",\"url\":\"https:\\\/\\\/www.btv.md\\\/\",\"name\":\"BTV\",\"description\":\"\u0411\u0435\u043b\u044c\u0446\u043a\u043e\u0435 \u0442\u0435\u043b\u0435\u0432\u0438\u0434\u0435\u043d\u0438\u0435\",\"potentialAction\":[{\"@type\":\"SearchAction\",\"target\":{\"@type\":\"EntryPoint\",\"urlTemplate\":\"https:\\\/\\\/www.btv.md\\\/?s={search_term_string}\"},\"query-input\":{\"@type\":\"PropertyValueSpecification\",\"valueRequired\":true,\"valueName\":\"search_term_string\"}}],\"inLanguage\":\"ro-RO\"},{\"@type\":\"Person\",\"@id\":\"https:\\\/\\\/www.btv.md\\\/#\\\/schema\\\/person\\\/8fadce81561b3ce2c34c46dadc4ccbf2\",\"name\":\"admin\"}]}<\/script>\n<!-- \/ Yoast SEO plugin. -->","yoast_head_json":{"title":"O GROAP\u0102 IMENS\u0102 PUNE \u00ceN PERICOL DOU\u0102 BLOCURI DIN B\u0102L\u021aI - BTV","robots":{"index":"index","follow":"follow","max-snippet":"max-snippet:-1","max-image-preview":"max-image-preview:large","max-video-preview":"max-video-preview:-1"},"canonical":"https:\/\/www.btv.md\/ro\/o-groapa-imensa-pune-in-pericol-doua-blocuri-din-balti\/","og_locale":"ro_RO","og_type":"article","og_title":"O GROAP\u0102 IMENS\u0102 PUNE \u00ceN PERICOL DOU\u0102 BLOCURI DIN B\u0102L\u021aI - BTV","og_description":"O construc\u021bie ini\u021biat\u0103 acum 6 ani\u00a0 provoc\u0103 nemul\u021bumiri \u00een r\u00e2ndul locatarilor \u00a0a dou\u0103 blocuri de pe strada Conev 42 \u0219i 44 din B\u0103l\u021bi. Groapa imens\u0103, unde a fost turnat doar fundamentul pentru un nou edificiu se aflat\u0103 chiar \u00een coastele blocurilor din \u00a0vecin\u0103tate. Oamenii spun c\u0103 \u015fantierul l\u0103sat balt\u0103, s-a transformat \u00eentr-o groap\u0103 de gunoi [&hellip;]","og_url":"https:\/\/www.btv.md\/ro\/o-groapa-imensa-pune-in-pericol-doua-blocuri-din-balti\/","og_site_name":"BTV","article_publisher":"https:\/\/www.facebook.com\/btvmoldova\/","article_published_time":"2016-06-29T13:37:04+00:00","article_modified_time":"2016-06-29T13:37:23+00:00","og_image":[{"width":600,"height":400,"url":"https:\/\/www.btv.md\/wp-content\/uploads\/2016\/06\/ddd-2.jpg","type":"image\/jpeg"}],"author":"admin","twitter_misc":{"Scris de":"admin","Timp estimat pentru citire":"1 minut"},"schema":{"@context":"https:\/\/schema.org","@graph":[{"@type":"Article","@id":"https:\/\/www.btv.md\/ro\/o-groapa-imensa-pune-in-pericol-doua-blocuri-din-balti\/#article","isPartOf":{"@id":"https:\/\/www.btv.md\/ro\/o-groapa-imensa-pune-in-pericol-doua-blocuri-din-balti\/"},"author":{"name":"admin","@id":"https:\/\/www.btv.md\/#\/schema\/person\/8fadce81561b3ce2c34c46dadc4ccbf2"},"headline":"O GROAP\u0102 IMENS\u0102 PUNE \u00ceN PERICOL DOU\u0102 BLOCURI DIN B\u0102L\u021aI","datePublished":"2016-06-29T13:37:04+00:00","dateModified":"2016-06-29T13:37:23+00:00","mainEntityOfPage":{"@id":"https:\/\/www.btv.md\/ro\/o-groapa-imensa-pune-in-pericol-doua-blocuri-din-balti\/"},"wordCount":236,"image":{"@id":"https:\/\/www.btv.md\/ro\/o-groapa-imensa-pune-in-pericol-doua-blocuri-din-balti\/#primaryimage"},"thumbnailUrl":"https:\/\/www.btv.md\/wp-content\/uploads\/2016\/06\/ddd-2.jpg","articleSection":["Ora\u0219"],"inLanguage":"ro-RO"},{"@type":"WebPage","@id":"https:\/\/www.btv.md\/ro\/o-groapa-imensa-pune-in-pericol-doua-blocuri-din-balti\/","url":"https:\/\/www.btv.md\/ro\/o-groapa-imensa-pune-in-pericol-doua-blocuri-din-balti\/","name":"O GROAP\u0102 IMENS\u0102 PUNE \u00ceN PERICOL DOU\u0102 BLOCURI DIN B\u0102L\u021aI - BTV","isPartOf":{"@id":"https:\/\/www.btv.md\/#website"},"primaryImageOfPage":{"@id":"https:\/\/www.btv.md\/ro\/o-groapa-imensa-pune-in-pericol-doua-blocuri-din-balti\/#primaryimage"},"image":{"@id":"https:\/\/www.btv.md\/ro\/o-groapa-imensa-pune-in-pericol-doua-blocuri-din-balti\/#primaryimage"},"thumbnailUrl":"https:\/\/www.btv.md\/wp-content\/uploads\/2016\/06\/ddd-2.jpg","datePublished":"2016-06-29T13:37:04+00:00","dateModified":"2016-06-29T13:37:23+00:00","author":{"@id":"https:\/\/www.btv.md\/#\/schema\/person\/8fadce81561b3ce2c34c46dadc4ccbf2"},"inLanguage":"ro-RO","potentialAction":[{"@type":"ReadAction","target":["https:\/\/www.btv.md\/ro\/o-groapa-imensa-pune-in-pericol-doua-blocuri-din-balti\/"]}]},{"@type":"ImageObject","inLanguage":"ro-RO","@id":"https:\/\/www.btv.md\/ro\/o-groapa-imensa-pune-in-pericol-doua-blocuri-din-balti\/#primaryimage","url":"https:\/\/www.btv.md\/wp-content\/uploads\/2016\/06\/ddd-2.jpg","contentUrl":"https:\/\/www.btv.md\/wp-content\/uploads\/2016\/06\/ddd-2.jpg","width":600,"height":400},{"@type":"WebSite","@id":"https:\/\/www.btv.md\/#website","url":"https:\/\/www.btv.md\/","name":"BTV","description":"\u0411\u0435\u043b\u044c\u0446\u043a\u043e\u0435 \u0442\u0435\u043b\u0435\u0432\u0438\u0434\u0435\u043d\u0438\u0435","potentialAction":[{"@type":"SearchAction","target":{"@type":"EntryPoint","urlTemplate":"https:\/\/www.btv.md\/?s={search_term_string}"},"query-input":{"@type":"PropertyValueSpecification","valueRequired":true,"valueName":"search_term_string"}}],"inLanguage":"ro-RO"},{"@type":"Person","@id":"https:\/\/www.btv.md\/#\/schema\/person\/8fadce81561b3ce2c34c46dadc4ccbf2","name":"admin"}]}},"_links":{"self":[{"href":"https:\/\/www.btv.md\/ro\/wp-json\/wp\/v2\/posts\/15188","targetHints":{"allow":["GET"]}}],"collection":[{"href":"https:\/\/www.btv.md\/ro\/wp-json\/wp\/v2\/posts"}],"about":[{"href":"https:\/\/www.btv.md\/ro\/wp-json\/wp\/v2\/types\/post"}],"author":[{"embeddable":true,"href":"https:\/\/www.btv.md\/ro\/wp-json\/wp\/v2\/users\/4"}],"replies":[{"embeddable":true,"href":"https:\/\/www.btv.md\/ro\/wp-json\/wp\/v2\/comments?post=15188"}],"version-history":[{"count":0,"href":"https:\/\/www.btv.md\/ro\/wp-json\/wp\/v2\/posts\/15188\/revisions"}],"wp:featuredmedia":[{"embeddable":true,"href":"https:\/\/www.btv.md\/ro\/wp-json\/wp\/v2\/media\/15189"}],"wp:attachment":[{"href":"https:\/\/www.btv.md\/ro\/wp-json\/wp\/v2\/media?parent=15188"}],"wp:term":[{"taxonomy":"category","embeddable":true,"href":"https:\/\/www.btv.md\/ro\/wp-json\/wp\/v2\/categories?post=15188"},{"taxonomy":"post_tag","embeddable":true,"href":"https:\/\/www.btv.md\/ro\/wp-json\/wp\/v2\/tags?post=15188"}],"curies":[{"name":"wp","href":"https:\/\/api.w.org\/{rel}","templated":true}]}}