{"id":15197,"date":"2016-06-29T17:57:34","date_gmt":"2016-06-29T14:57:34","guid":{"rendered":"http:\/\/btv.md\/?p=15197"},"modified":"2016-06-29T17:57:44","modified_gmt":"2016-06-29T14:57:44","slug":"seful-adjunct-al-ip-riscani-si-seful-politiei-criminale-arestati-pentru-30-de-zile-in-cazul-dublului-omor","status":"publish","type":"post","link":"https:\/\/www.btv.md\/ro\/seful-adjunct-al-ip-riscani-si-seful-politiei-criminale-arestati-pentru-30-de-zile-in-cazul-dublului-omor\/","title":{"rendered":"\u015eEFUL ADJUNCT AL IP R\u00ce\u015eCANI \u015eI \u015eEFUL POLI\u0162IEI CRIMINALE, ARESTA\u0162I PENTRU 30 DE ZILE \u00ceN CAZUL DUBLULUI OMOR"},"content":{"rendered":"<p><strong>\u015eeful adjunct al Inspectoratului de Poli\u0163ie R\u00ee\u015fcani, Andrei Gr\u00eeu \u015fi \u015feful Poli\u0163iei criminale,Constantin Deliban au fost aresta\u0163i pentru 30 de zile. Decizia a fost luat\u0103 de magistra\u0163ii judec\u0103toriei Buiucani al Capitalei, \u00een urma demersului prezentat de procurori<\/strong>.<\/p>\n<p><iframe width=\"1170\" height=\"878\" data-src=\"https:\/\/www.youtube.com\/embed\/XWfY5eqhW7g?wmode=transparent&amp;rel=0&amp;feature=oembed\" frameborder=\"0\" allow=\"accelerometer; autoplay; encrypted-media; gyroscope; picture-in-picture\" allowfullscreen src=\"data:image\/svg+xml;base64,PHN2ZyB3aWR0aD0iMSIgaGVpZ2h0PSIxIiB4bWxucz0iaHR0cDovL3d3dy53My5vcmcvMjAwMC9zdmciPjwvc3ZnPg==\" class=\"lazyload\" data-load-mode=\"1\"><\/iframe><\/p>\n<p>La r\u00e2ndul lor reprezentan\u0163ii procurorii \u015fi-au argumentat demersul \u00eenaintat \u00een instan\u0163a\u00a0 de judecat\u0103. Ei au mai ad\u0103ugat c\u0103 al\u0163i doi \u015fefi din cadrul Inspectoratului de Poli\u0163ie au statut de b\u0103nuit.<\/p>\n<p>Doi \u015fefi ai Inspectoratului de Poli\u0163ie R\u00e2\u015fcani au fost re\u0163inu\u0163i duminic\u0103, \u00een cadrul unei cauze penale pornite de Procuratura Anticorup\u0163ie \u00een investigarea unui dublu omor. Ace\u015ftia sunt suspecta\u0163i de lipsa ac\u0163iunilor prompte \u00een investigarea unui caz de dublu omor.<br \/> Dac\u0103 vor fi g\u0103si\u0163i vinova\u0163i, cei doi risc\u0103 amend\u0103 de la 1000 la 2000 unit\u0103\u0163i conven\u0163ionale sau \u00eenchisoare de la 2 la 6 ani, \u00een ambele cazuri cu privarea de dreptul de a ocupa anumite func\u0163ii sau de a exercita o anumit\u0103 activitate pe un termen de la 5 la 10 ani.<\/p>\n<p>Procuratura Anticorup\u0163ie s-a autosesizat dup\u0103 acuza\u021biile precum c\u0103 angaja\u0163ii Inspectoratului de Poli\u0163ie R\u00e2\u015fcani nu ar fi interprins m\u0103surile necesare pentru investigarea operativ\u0103 a omorului celor doi tineri din B\u0103l\u0163i uci\u015f la Nihoreni, raionul R\u00e2\u015fcani, produs la 19 iunie curent.<\/p>\n","protected":false},"excerpt":{"rendered":"<p>\u015eeful adjunct al Inspectoratului de Poli\u0163ie R\u00ee\u015fcani, Andrei Gr\u00eeu \u015fi \u015feful Poli\u0163iei criminale,Constantin Deliban au fost aresta\u0163i pentru 30 de zile. Decizia a fost luat\u0103 de magistra\u0163ii judec\u0103toriei Buiucani al Capitalei, \u00een urma demersului prezentat de procurori. La r\u00e2ndul lor reprezentan\u0163ii procurorii \u015fi-au argumentat demersul \u00eenaintat \u00een instan\u0163a\u00a0 de judecat\u0103. Ei au mai ad\u0103ugat c\u0103 [&hellip;]<\/p>\n","protected":false},"author":4,"featured_media":15198,"comment_status":"closed","ping_status":"closed","sticky":false,"template":"","format":"standard","meta":{"footnotes":""},"categories":[6351],"tags":[],"class_list":["post-15197","post","type-post","status-publish","format-standard","has-post-thumbnail","hentry","category-incidente"],"yoast_head":"<!-- This site is optimized with the Yoast SEO plugin v27.4 - https:\/\/yoast.com\/product\/yoast-seo-wordpress\/ -->\n<title>\u015eEFUL ADJUNCT AL IP R\u00ce\u015eCANI \u015eI \u015eEFUL POLI\u0162IEI CRIMINALE, ARESTA\u0162I PENTRU 30 DE ZILE \u00ceN CAZUL DUBLULUI OMOR - BTV<\/title>\n<meta name=\"robots\" content=\"index, follow, max-snippet:-1, max-image-preview:large, max-video-preview:-1\" \/>\n<link rel=\"canonical\" href=\"https:\/\/www.btv.md\/ro\/seful-adjunct-al-ip-riscani-si-seful-politiei-criminale-arestati-pentru-30-de-zile-in-cazul-dublului-omor\/\" \/>\n<meta property=\"og:locale\" content=\"ro_RO\" \/>\n<meta property=\"og:type\" content=\"article\" \/>\n<meta property=\"og:title\" content=\"\u015eEFUL ADJUNCT AL IP R\u00ce\u015eCANI \u015eI \u015eEFUL POLI\u0162IEI CRIMINALE, ARESTA\u0162I PENTRU 30 DE ZILE \u00ceN CAZUL DUBLULUI OMOR - BTV\" \/>\n<meta property=\"og:description\" content=\"\u015eeful adjunct al Inspectoratului de Poli\u0163ie R\u00ee\u015fcani, Andrei Gr\u00eeu \u015fi \u015feful Poli\u0163iei criminale,Constantin Deliban au fost aresta\u0163i pentru 30 de zile. Decizia a fost luat\u0103 de magistra\u0163ii judec\u0103toriei Buiucani al Capitalei, \u00een urma demersului prezentat de procurori. La r\u00e2ndul lor reprezentan\u0163ii procurorii \u015fi-au argumentat demersul \u00eenaintat \u00een instan\u0163a\u00a0 de judecat\u0103. Ei au mai ad\u0103ugat c\u0103 [&hellip;]\" \/>\n<meta property=\"og:url\" content=\"https:\/\/www.btv.md\/ro\/seful-adjunct-al-ip-riscani-si-seful-politiei-criminale-arestati-pentru-30-de-zile-in-cazul-dublului-omor\/\" \/>\n<meta property=\"og:site_name\" content=\"BTV\" \/>\n<meta property=\"article:publisher\" content=\"https:\/\/www.facebook.com\/btvmoldova\/\" \/>\n<meta property=\"article:published_time\" content=\"2016-06-29T14:57:34+00:00\" \/>\n<meta property=\"article:modified_time\" content=\"2016-06-29T14:57:44+00:00\" \/>\n<meta property=\"og:image\" content=\"https:\/\/www.btv.md\/wp-content\/uploads\/2016\/06\/fgg.jpg\" \/>\n\t<meta property=\"og:image:width\" content=\"600\" \/>\n\t<meta property=\"og:image:height\" content=\"400\" \/>\n\t<meta property=\"og:image:type\" content=\"image\/jpeg\" \/>\n<meta name=\"author\" content=\"admin\" \/>\n<meta name=\"twitter:label1\" content=\"Scris de\" \/>\n\t<meta name=\"twitter:data1\" content=\"admin\" \/>\n\t<meta name=\"twitter:label2\" content=\"Timp estimat pentru citire\" \/>\n\t<meta name=\"twitter:data2\" content=\"1 minut\" \/>\n<script type=\"application\/ld+json\" class=\"yoast-schema-graph\">{\"@context\":\"https:\\\/\\\/schema.org\",\"@graph\":[{\"@type\":\"Article\",\"@id\":\"https:\\\/\\\/www.btv.md\\\/ro\\\/seful-adjunct-al-ip-riscani-si-seful-politiei-criminale-arestati-pentru-30-de-zile-in-cazul-dublului-omor\\\/#article\",\"isPartOf\":{\"@id\":\"https:\\\/\\\/www.btv.md\\\/ro\\\/seful-adjunct-al-ip-riscani-si-seful-politiei-criminale-arestati-pentru-30-de-zile-in-cazul-dublului-omor\\\/\"},\"author\":{\"name\":\"admin\",\"@id\":\"https:\\\/\\\/www.btv.md\\\/#\\\/schema\\\/person\\\/8fadce81561b3ce2c34c46dadc4ccbf2\"},\"headline\":\"\u015eEFUL ADJUNCT AL IP R\u00ce\u015eCANI \u015eI \u015eEFUL POLI\u0162IEI CRIMINALE, ARESTA\u0162I PENTRU 30 DE ZILE \u00ceN CAZUL DUBLULUI OMOR\",\"datePublished\":\"2016-06-29T14:57:34+00:00\",\"dateModified\":\"2016-06-29T14:57:44+00:00\",\"mainEntityOfPage\":{\"@id\":\"https:\\\/\\\/www.btv.md\\\/ro\\\/seful-adjunct-al-ip-riscani-si-seful-politiei-criminale-arestati-pentru-30-de-zile-in-cazul-dublului-omor\\\/\"},\"wordCount\":253,\"image\":{\"@id\":\"https:\\\/\\\/www.btv.md\\\/ro\\\/seful-adjunct-al-ip-riscani-si-seful-politiei-criminale-arestati-pentru-30-de-zile-in-cazul-dublului-omor\\\/#primaryimage\"},\"thumbnailUrl\":\"https:\\\/\\\/www.btv.md\\\/wp-content\\\/uploads\\\/2016\\\/06\\\/fgg.jpg\",\"articleSection\":[\"Incidente\"],\"inLanguage\":\"ro-RO\"},{\"@type\":\"WebPage\",\"@id\":\"https:\\\/\\\/www.btv.md\\\/ro\\\/seful-adjunct-al-ip-riscani-si-seful-politiei-criminale-arestati-pentru-30-de-zile-in-cazul-dublului-omor\\\/\",\"url\":\"https:\\\/\\\/www.btv.md\\\/ro\\\/seful-adjunct-al-ip-riscani-si-seful-politiei-criminale-arestati-pentru-30-de-zile-in-cazul-dublului-omor\\\/\",\"name\":\"\u015eEFUL ADJUNCT AL IP R\u00ce\u015eCANI \u015eI \u015eEFUL POLI\u0162IEI CRIMINALE, ARESTA\u0162I PENTRU 30 DE ZILE \u00ceN CAZUL DUBLULUI OMOR - BTV\",\"isPartOf\":{\"@id\":\"https:\\\/\\\/www.btv.md\\\/#website\"},\"primaryImageOfPage\":{\"@id\":\"https:\\\/\\\/www.btv.md\\\/ro\\\/seful-adjunct-al-ip-riscani-si-seful-politiei-criminale-arestati-pentru-30-de-zile-in-cazul-dublului-omor\\\/#primaryimage\"},\"image\":{\"@id\":\"https:\\\/\\\/www.btv.md\\\/ro\\\/seful-adjunct-al-ip-riscani-si-seful-politiei-criminale-arestati-pentru-30-de-zile-in-cazul-dublului-omor\\\/#primaryimage\"},\"thumbnailUrl\":\"https:\\\/\\\/www.btv.md\\\/wp-content\\\/uploads\\\/2016\\\/06\\\/fgg.jpg\",\"datePublished\":\"2016-06-29T14:57:34+00:00\",\"dateModified\":\"2016-06-29T14:57:44+00:00\",\"author\":{\"@id\":\"https:\\\/\\\/www.btv.md\\\/#\\\/schema\\\/person\\\/8fadce81561b3ce2c34c46dadc4ccbf2\"},\"inLanguage\":\"ro-RO\",\"potentialAction\":[{\"@type\":\"ReadAction\",\"target\":[\"https:\\\/\\\/www.btv.md\\\/ro\\\/seful-adjunct-al-ip-riscani-si-seful-politiei-criminale-arestati-pentru-30-de-zile-in-cazul-dublului-omor\\\/\"]}]},{\"@type\":\"ImageObject\",\"inLanguage\":\"ro-RO\",\"@id\":\"https:\\\/\\\/www.btv.md\\\/ro\\\/seful-adjunct-al-ip-riscani-si-seful-politiei-criminale-arestati-pentru-30-de-zile-in-cazul-dublului-omor\\\/#primaryimage\",\"url\":\"https:\\\/\\\/www.btv.md\\\/wp-content\\\/uploads\\\/2016\\\/06\\\/fgg.jpg\",\"contentUrl\":\"https:\\\/\\\/www.btv.md\\\/wp-content\\\/uploads\\\/2016\\\/06\\\/fgg.jpg\",\"width\":600,\"height\":400},{\"@type\":\"WebSite\",\"@id\":\"https:\\\/\\\/www.btv.md\\\/#website\",\"url\":\"https:\\\/\\\/www.btv.md\\\/\",\"name\":\"BTV\",\"description\":\"\u0411\u0435\u043b\u044c\u0446\u043a\u043e\u0435 \u0442\u0435\u043b\u0435\u0432\u0438\u0434\u0435\u043d\u0438\u0435\",\"potentialAction\":[{\"@type\":\"SearchAction\",\"target\":{\"@type\":\"EntryPoint\",\"urlTemplate\":\"https:\\\/\\\/www.btv.md\\\/?s={search_term_string}\"},\"query-input\":{\"@type\":\"PropertyValueSpecification\",\"valueRequired\":true,\"valueName\":\"search_term_string\"}}],\"inLanguage\":\"ro-RO\"},{\"@type\":\"Person\",\"@id\":\"https:\\\/\\\/www.btv.md\\\/#\\\/schema\\\/person\\\/8fadce81561b3ce2c34c46dadc4ccbf2\",\"name\":\"admin\"}]}<\/script>\n<!-- \/ Yoast SEO plugin. -->","yoast_head_json":{"title":"\u015eEFUL ADJUNCT AL IP R\u00ce\u015eCANI \u015eI \u015eEFUL POLI\u0162IEI CRIMINALE, ARESTA\u0162I PENTRU 30 DE ZILE \u00ceN CAZUL DUBLULUI OMOR - BTV","robots":{"index":"index","follow":"follow","max-snippet":"max-snippet:-1","max-image-preview":"max-image-preview:large","max-video-preview":"max-video-preview:-1"},"canonical":"https:\/\/www.btv.md\/ro\/seful-adjunct-al-ip-riscani-si-seful-politiei-criminale-arestati-pentru-30-de-zile-in-cazul-dublului-omor\/","og_locale":"ro_RO","og_type":"article","og_title":"\u015eEFUL ADJUNCT AL IP R\u00ce\u015eCANI \u015eI \u015eEFUL POLI\u0162IEI CRIMINALE, ARESTA\u0162I PENTRU 30 DE ZILE \u00ceN CAZUL DUBLULUI OMOR - BTV","og_description":"\u015eeful adjunct al Inspectoratului de Poli\u0163ie R\u00ee\u015fcani, Andrei Gr\u00eeu \u015fi \u015feful Poli\u0163iei criminale,Constantin Deliban au fost aresta\u0163i pentru 30 de zile. Decizia a fost luat\u0103 de magistra\u0163ii judec\u0103toriei Buiucani al Capitalei, \u00een urma demersului prezentat de procurori. La r\u00e2ndul lor reprezentan\u0163ii procurorii \u015fi-au argumentat demersul \u00eenaintat \u00een instan\u0163a\u00a0 de judecat\u0103. Ei au mai ad\u0103ugat c\u0103 [&hellip;]","og_url":"https:\/\/www.btv.md\/ro\/seful-adjunct-al-ip-riscani-si-seful-politiei-criminale-arestati-pentru-30-de-zile-in-cazul-dublului-omor\/","og_site_name":"BTV","article_publisher":"https:\/\/www.facebook.com\/btvmoldova\/","article_published_time":"2016-06-29T14:57:34+00:00","article_modified_time":"2016-06-29T14:57:44+00:00","og_image":[{"width":600,"height":400,"url":"https:\/\/www.btv.md\/wp-content\/uploads\/2016\/06\/fgg.jpg","type":"image\/jpeg"}],"author":"admin","twitter_misc":{"Scris de":"admin","Timp estimat pentru citire":"1 minut"},"schema":{"@context":"https:\/\/schema.org","@graph":[{"@type":"Article","@id":"https:\/\/www.btv.md\/ro\/seful-adjunct-al-ip-riscani-si-seful-politiei-criminale-arestati-pentru-30-de-zile-in-cazul-dublului-omor\/#article","isPartOf":{"@id":"https:\/\/www.btv.md\/ro\/seful-adjunct-al-ip-riscani-si-seful-politiei-criminale-arestati-pentru-30-de-zile-in-cazul-dublului-omor\/"},"author":{"name":"admin","@id":"https:\/\/www.btv.md\/#\/schema\/person\/8fadce81561b3ce2c34c46dadc4ccbf2"},"headline":"\u015eEFUL ADJUNCT AL IP R\u00ce\u015eCANI \u015eI \u015eEFUL POLI\u0162IEI CRIMINALE, ARESTA\u0162I PENTRU 30 DE ZILE \u00ceN CAZUL DUBLULUI OMOR","datePublished":"2016-06-29T14:57:34+00:00","dateModified":"2016-06-29T14:57:44+00:00","mainEntityOfPage":{"@id":"https:\/\/www.btv.md\/ro\/seful-adjunct-al-ip-riscani-si-seful-politiei-criminale-arestati-pentru-30-de-zile-in-cazul-dublului-omor\/"},"wordCount":253,"image":{"@id":"https:\/\/www.btv.md\/ro\/seful-adjunct-al-ip-riscani-si-seful-politiei-criminale-arestati-pentru-30-de-zile-in-cazul-dublului-omor\/#primaryimage"},"thumbnailUrl":"https:\/\/www.btv.md\/wp-content\/uploads\/2016\/06\/fgg.jpg","articleSection":["Incidente"],"inLanguage":"ro-RO"},{"@type":"WebPage","@id":"https:\/\/www.btv.md\/ro\/seful-adjunct-al-ip-riscani-si-seful-politiei-criminale-arestati-pentru-30-de-zile-in-cazul-dublului-omor\/","url":"https:\/\/www.btv.md\/ro\/seful-adjunct-al-ip-riscani-si-seful-politiei-criminale-arestati-pentru-30-de-zile-in-cazul-dublului-omor\/","name":"\u015eEFUL ADJUNCT AL IP R\u00ce\u015eCANI \u015eI \u015eEFUL POLI\u0162IEI CRIMINALE, ARESTA\u0162I PENTRU 30 DE ZILE \u00ceN CAZUL DUBLULUI OMOR - BTV","isPartOf":{"@id":"https:\/\/www.btv.md\/#website"},"primaryImageOfPage":{"@id":"https:\/\/www.btv.md\/ro\/seful-adjunct-al-ip-riscani-si-seful-politiei-criminale-arestati-pentru-30-de-zile-in-cazul-dublului-omor\/#primaryimage"},"image":{"@id":"https:\/\/www.btv.md\/ro\/seful-adjunct-al-ip-riscani-si-seful-politiei-criminale-arestati-pentru-30-de-zile-in-cazul-dublului-omor\/#primaryimage"},"thumbnailUrl":"https:\/\/www.btv.md\/wp-content\/uploads\/2016\/06\/fgg.jpg","datePublished":"2016-06-29T14:57:34+00:00","dateModified":"2016-06-29T14:57:44+00:00","author":{"@id":"https:\/\/www.btv.md\/#\/schema\/person\/8fadce81561b3ce2c34c46dadc4ccbf2"},"inLanguage":"ro-RO","potentialAction":[{"@type":"ReadAction","target":["https:\/\/www.btv.md\/ro\/seful-adjunct-al-ip-riscani-si-seful-politiei-criminale-arestati-pentru-30-de-zile-in-cazul-dublului-omor\/"]}]},{"@type":"ImageObject","inLanguage":"ro-RO","@id":"https:\/\/www.btv.md\/ro\/seful-adjunct-al-ip-riscani-si-seful-politiei-criminale-arestati-pentru-30-de-zile-in-cazul-dublului-omor\/#primaryimage","url":"https:\/\/www.btv.md\/wp-content\/uploads\/2016\/06\/fgg.jpg","contentUrl":"https:\/\/www.btv.md\/wp-content\/uploads\/2016\/06\/fgg.jpg","width":600,"height":400},{"@type":"WebSite","@id":"https:\/\/www.btv.md\/#website","url":"https:\/\/www.btv.md\/","name":"BTV","description":"\u0411\u0435\u043b\u044c\u0446\u043a\u043e\u0435 \u0442\u0435\u043b\u0435\u0432\u0438\u0434\u0435\u043d\u0438\u0435","potentialAction":[{"@type":"SearchAction","target":{"@type":"EntryPoint","urlTemplate":"https:\/\/www.btv.md\/?s={search_term_string}"},"query-input":{"@type":"PropertyValueSpecification","valueRequired":true,"valueName":"search_term_string"}}],"inLanguage":"ro-RO"},{"@type":"Person","@id":"https:\/\/www.btv.md\/#\/schema\/person\/8fadce81561b3ce2c34c46dadc4ccbf2","name":"admin"}]}},"_links":{"self":[{"href":"https:\/\/www.btv.md\/ro\/wp-json\/wp\/v2\/posts\/15197","targetHints":{"allow":["GET"]}}],"collection":[{"href":"https:\/\/www.btv.md\/ro\/wp-json\/wp\/v2\/posts"}],"about":[{"href":"https:\/\/www.btv.md\/ro\/wp-json\/wp\/v2\/types\/post"}],"author":[{"embeddable":true,"href":"https:\/\/www.btv.md\/ro\/wp-json\/wp\/v2\/users\/4"}],"replies":[{"embeddable":true,"href":"https:\/\/www.btv.md\/ro\/wp-json\/wp\/v2\/comments?post=15197"}],"version-history":[{"count":0,"href":"https:\/\/www.btv.md\/ro\/wp-json\/wp\/v2\/posts\/15197\/revisions"}],"wp:featuredmedia":[{"embeddable":true,"href":"https:\/\/www.btv.md\/ro\/wp-json\/wp\/v2\/media\/15198"}],"wp:attachment":[{"href":"https:\/\/www.btv.md\/ro\/wp-json\/wp\/v2\/media?parent=15197"}],"wp:term":[{"taxonomy":"category","embeddable":true,"href":"https:\/\/www.btv.md\/ro\/wp-json\/wp\/v2\/categories?post=15197"},{"taxonomy":"post_tag","embeddable":true,"href":"https:\/\/www.btv.md\/ro\/wp-json\/wp\/v2\/tags?post=15197"}],"curies":[{"name":"wp","href":"https:\/\/api.w.org\/{rel}","templated":true}]}}