{"id":15232,"date":"2016-06-29T20:03:48","date_gmt":"2016-06-29T17:03:48","guid":{"rendered":"http:\/\/btv.md\/?p=15232"},"modified":"2016-06-29T20:03:56","modified_gmt":"2016-06-29T17:03:56","slug":"cna-a-pornit-proces-penal-in-cayul-vilelor-de-lux","status":"publish","type":"post","link":"https:\/\/www.btv.md\/ro\/cna-a-pornit-proces-penal-in-cayul-vilelor-de-lux\/","title":{"rendered":"CNA A PORNIT PROCES PENAL \u00ceN CAYUL VILELOR DE LUX"},"content":{"rendered":"<p><strong>Centrul Na\u0163ional Anticorup\u0163ie\u00a0a pornit poces penal\u00a0privind construc\u021bia vilelor \u00een p\u0103durea de l\u00e2ng\u0103 satul C\u0103priana, dup\u0103 ce un grup de lucru din cadrul Ministerului Mediului a efectuat un\u00a0control \u00een fondul forestier \u00een urma unei\u00a0<\/strong><strong><a href=\"http:\/\/www.realitatea.md\/cartier-de-lux-in-rezervatia-capriana--cum-cipriotul-igor-rimmer-a-obtinut-7-ha-de-teren-in-padure--pe-care-acum-le-vinde-cu-milioane_40245.html\">investiga\u021bii RISE Moldova<\/a><\/strong><strong>,\u00a0potrivit informa\u021biei furnizate de c\u0103tre ministrul Mediului, Valeriu Munteanu<\/strong><strong>, scrie <a href=\"http:\/\/www.realitatea.md\/\">realitatea.md<\/a><\/strong><\/p>\n<p>Men\u021bion\u0103m c\u0103 investiga\u021bia are \u00een vizor \u201eafacerea de lux\u201d a unui cet\u0103\u021bean cipriot \u00een Republica Moldova, care potrivit realizatorilor acesteia, ocolind legea cu ajutorul unor oameni de afaceri locali, dar \u0219i al autorit\u0103\u021bilor, a devenit proprietarul a 7 hectare de teren \u00een p\u0103durea de l\u00e2ng\u0103 satul C\u0103priana, din raionul Str\u0103\u0219eni, \u0219i a construit vile.\u00a0<\/p>\n<p>Ulterior Ministeul Mediului a constituit un grup de lucru care a verificat situa\u021bia din\u00a0fondul forestier vizat \u0219i a depistat printre ilegalit\u0103\u021bi \u00eenchiderea ilegal\u0103 a drumului public care traverseaz\u0103 terenurile \u00een cauz\u0103.\u00a0<\/p>\n<p>Ministerul Mediului sus\u021bine c\u0103 va oferi tuturor organelor de drept suportul necesar pentru constatarea adev\u0103rului \u0219i restabilirea echit\u0103\u021bii.<\/p>\n","protected":false},"excerpt":{"rendered":"<p>Centrul Na\u0163ional Anticorup\u0163ie\u00a0a pornit poces penal\u00a0privind construc\u021bia vilelor \u00een p\u0103durea de l\u00e2ng\u0103 satul C\u0103priana, dup\u0103 ce un grup de lucru din cadrul Ministerului Mediului a efectuat un\u00a0control \u00een fondul forestier \u00een urma unei\u00a0investiga\u021bii RISE Moldova,\u00a0potrivit informa\u021biei furnizate de c\u0103tre ministrul Mediului, Valeriu Munteanu, scrie realitatea.md Men\u021bion\u0103m c\u0103 investiga\u021bia are \u00een vizor \u201eafacerea de lux\u201d a [&hellip;]<\/p>\n","protected":false},"author":4,"featured_media":15233,"comment_status":"closed","ping_status":"closed","sticky":false,"template":"","format":"standard","meta":{"footnotes":""},"categories":[6351],"tags":[],"class_list":["post-15232","post","type-post","status-publish","format-standard","has-post-thumbnail","hentry","category-incidente"],"yoast_head":"<!-- This site is optimized with the Yoast SEO plugin v27.4 - https:\/\/yoast.com\/product\/yoast-seo-wordpress\/ -->\n<title>CNA A PORNIT PROCES PENAL \u00ceN CAYUL VILELOR DE LUX  - BTV<\/title>\n<meta name=\"robots\" content=\"index, follow, max-snippet:-1, max-image-preview:large, max-video-preview:-1\" \/>\n<link rel=\"canonical\" href=\"https:\/\/www.btv.md\/ro\/cna-a-pornit-proces-penal-in-cayul-vilelor-de-lux\/\" \/>\n<meta property=\"og:locale\" content=\"ro_RO\" \/>\n<meta property=\"og:type\" content=\"article\" \/>\n<meta property=\"og:title\" content=\"CNA A PORNIT PROCES PENAL \u00ceN CAYUL VILELOR DE LUX  - BTV\" \/>\n<meta property=\"og:description\" content=\"Centrul Na\u0163ional Anticorup\u0163ie\u00a0a pornit poces penal\u00a0privind construc\u021bia vilelor \u00een p\u0103durea de l\u00e2ng\u0103 satul C\u0103priana, dup\u0103 ce un grup de lucru din cadrul Ministerului Mediului a efectuat un\u00a0control \u00een fondul forestier \u00een urma unei\u00a0investiga\u021bii RISE Moldova,\u00a0potrivit informa\u021biei furnizate de c\u0103tre ministrul Mediului, Valeriu Munteanu, scrie realitatea.md Men\u021bion\u0103m c\u0103 investiga\u021bia are \u00een vizor \u201eafacerea de lux\u201d a [&hellip;]\" \/>\n<meta property=\"og:url\" content=\"https:\/\/www.btv.md\/ro\/cna-a-pornit-proces-penal-in-cayul-vilelor-de-lux\/\" \/>\n<meta property=\"og:site_name\" content=\"BTV\" \/>\n<meta property=\"article:publisher\" content=\"https:\/\/www.facebook.com\/btvmoldova\/\" \/>\n<meta property=\"article:published_time\" content=\"2016-06-29T17:03:48+00:00\" \/>\n<meta property=\"article:modified_time\" content=\"2016-06-29T17:03:56+00:00\" \/>\n<meta property=\"og:image\" content=\"https:\/\/www.btv.md\/wp-content\/uploads\/2016\/06\/media_146718283472500000.jpg\" \/>\n\t<meta property=\"og:image:width\" content=\"620\" \/>\n\t<meta property=\"og:image:height\" content=\"346\" \/>\n\t<meta property=\"og:image:type\" content=\"image\/jpeg\" \/>\n<meta name=\"author\" content=\"admin\" \/>\n<meta name=\"twitter:label1\" content=\"Scris de\" \/>\n\t<meta name=\"twitter:data1\" content=\"admin\" \/>\n\t<meta name=\"twitter:label2\" content=\"Timp estimat pentru citire\" \/>\n\t<meta name=\"twitter:data2\" content=\"1 minut\" \/>\n<script type=\"application\/ld+json\" class=\"yoast-schema-graph\">{\"@context\":\"https:\\\/\\\/schema.org\",\"@graph\":[{\"@type\":\"Article\",\"@id\":\"https:\\\/\\\/www.btv.md\\\/ro\\\/cna-a-pornit-proces-penal-in-cayul-vilelor-de-lux\\\/#article\",\"isPartOf\":{\"@id\":\"https:\\\/\\\/www.btv.md\\\/ro\\\/cna-a-pornit-proces-penal-in-cayul-vilelor-de-lux\\\/\"},\"author\":{\"name\":\"admin\",\"@id\":\"https:\\\/\\\/www.btv.md\\\/#\\\/schema\\\/person\\\/8fadce81561b3ce2c34c46dadc4ccbf2\"},\"headline\":\"CNA A PORNIT PROCES PENAL \u00ceN CAYUL VILELOR DE LUX\",\"datePublished\":\"2016-06-29T17:03:48+00:00\",\"dateModified\":\"2016-06-29T17:03:56+00:00\",\"mainEntityOfPage\":{\"@id\":\"https:\\\/\\\/www.btv.md\\\/ro\\\/cna-a-pornit-proces-penal-in-cayul-vilelor-de-lux\\\/\"},\"wordCount\":187,\"image\":{\"@id\":\"https:\\\/\\\/www.btv.md\\\/ro\\\/cna-a-pornit-proces-penal-in-cayul-vilelor-de-lux\\\/#primaryimage\"},\"thumbnailUrl\":\"https:\\\/\\\/www.btv.md\\\/wp-content\\\/uploads\\\/2016\\\/06\\\/media_146718283472500000.jpg\",\"articleSection\":[\"Incidente\"],\"inLanguage\":\"ro-RO\"},{\"@type\":\"WebPage\",\"@id\":\"https:\\\/\\\/www.btv.md\\\/ro\\\/cna-a-pornit-proces-penal-in-cayul-vilelor-de-lux\\\/\",\"url\":\"https:\\\/\\\/www.btv.md\\\/ro\\\/cna-a-pornit-proces-penal-in-cayul-vilelor-de-lux\\\/\",\"name\":\"CNA A PORNIT PROCES PENAL \u00ceN CAYUL VILELOR DE LUX - BTV\",\"isPartOf\":{\"@id\":\"https:\\\/\\\/www.btv.md\\\/#website\"},\"primaryImageOfPage\":{\"@id\":\"https:\\\/\\\/www.btv.md\\\/ro\\\/cna-a-pornit-proces-penal-in-cayul-vilelor-de-lux\\\/#primaryimage\"},\"image\":{\"@id\":\"https:\\\/\\\/www.btv.md\\\/ro\\\/cna-a-pornit-proces-penal-in-cayul-vilelor-de-lux\\\/#primaryimage\"},\"thumbnailUrl\":\"https:\\\/\\\/www.btv.md\\\/wp-content\\\/uploads\\\/2016\\\/06\\\/media_146718283472500000.jpg\",\"datePublished\":\"2016-06-29T17:03:48+00:00\",\"dateModified\":\"2016-06-29T17:03:56+00:00\",\"author\":{\"@id\":\"https:\\\/\\\/www.btv.md\\\/#\\\/schema\\\/person\\\/8fadce81561b3ce2c34c46dadc4ccbf2\"},\"inLanguage\":\"ro-RO\",\"potentialAction\":[{\"@type\":\"ReadAction\",\"target\":[\"https:\\\/\\\/www.btv.md\\\/ro\\\/cna-a-pornit-proces-penal-in-cayul-vilelor-de-lux\\\/\"]}]},{\"@type\":\"ImageObject\",\"inLanguage\":\"ro-RO\",\"@id\":\"https:\\\/\\\/www.btv.md\\\/ro\\\/cna-a-pornit-proces-penal-in-cayul-vilelor-de-lux\\\/#primaryimage\",\"url\":\"https:\\\/\\\/www.btv.md\\\/wp-content\\\/uploads\\\/2016\\\/06\\\/media_146718283472500000.jpg\",\"contentUrl\":\"https:\\\/\\\/www.btv.md\\\/wp-content\\\/uploads\\\/2016\\\/06\\\/media_146718283472500000.jpg\",\"width\":620,\"height\":346},{\"@type\":\"WebSite\",\"@id\":\"https:\\\/\\\/www.btv.md\\\/#website\",\"url\":\"https:\\\/\\\/www.btv.md\\\/\",\"name\":\"BTV\",\"description\":\"\u0411\u0435\u043b\u044c\u0446\u043a\u043e\u0435 \u0442\u0435\u043b\u0435\u0432\u0438\u0434\u0435\u043d\u0438\u0435\",\"potentialAction\":[{\"@type\":\"SearchAction\",\"target\":{\"@type\":\"EntryPoint\",\"urlTemplate\":\"https:\\\/\\\/www.btv.md\\\/?s={search_term_string}\"},\"query-input\":{\"@type\":\"PropertyValueSpecification\",\"valueRequired\":true,\"valueName\":\"search_term_string\"}}],\"inLanguage\":\"ro-RO\"},{\"@type\":\"Person\",\"@id\":\"https:\\\/\\\/www.btv.md\\\/#\\\/schema\\\/person\\\/8fadce81561b3ce2c34c46dadc4ccbf2\",\"name\":\"admin\"}]}<\/script>\n<!-- \/ Yoast SEO plugin. -->","yoast_head_json":{"title":"CNA A PORNIT PROCES PENAL \u00ceN CAYUL VILELOR DE LUX  - BTV","robots":{"index":"index","follow":"follow","max-snippet":"max-snippet:-1","max-image-preview":"max-image-preview:large","max-video-preview":"max-video-preview:-1"},"canonical":"https:\/\/www.btv.md\/ro\/cna-a-pornit-proces-penal-in-cayul-vilelor-de-lux\/","og_locale":"ro_RO","og_type":"article","og_title":"CNA A PORNIT PROCES PENAL \u00ceN CAYUL VILELOR DE LUX  - BTV","og_description":"Centrul Na\u0163ional Anticorup\u0163ie\u00a0a pornit poces penal\u00a0privind construc\u021bia vilelor \u00een p\u0103durea de l\u00e2ng\u0103 satul C\u0103priana, dup\u0103 ce un grup de lucru din cadrul Ministerului Mediului a efectuat un\u00a0control \u00een fondul forestier \u00een urma unei\u00a0investiga\u021bii RISE Moldova,\u00a0potrivit informa\u021biei furnizate de c\u0103tre ministrul Mediului, Valeriu Munteanu, scrie realitatea.md Men\u021bion\u0103m c\u0103 investiga\u021bia are \u00een vizor \u201eafacerea de lux\u201d a [&hellip;]","og_url":"https:\/\/www.btv.md\/ro\/cna-a-pornit-proces-penal-in-cayul-vilelor-de-lux\/","og_site_name":"BTV","article_publisher":"https:\/\/www.facebook.com\/btvmoldova\/","article_published_time":"2016-06-29T17:03:48+00:00","article_modified_time":"2016-06-29T17:03:56+00:00","og_image":[{"width":620,"height":346,"url":"https:\/\/www.btv.md\/wp-content\/uploads\/2016\/06\/media_146718283472500000.jpg","type":"image\/jpeg"}],"author":"admin","twitter_misc":{"Scris de":"admin","Timp estimat pentru citire":"1 minut"},"schema":{"@context":"https:\/\/schema.org","@graph":[{"@type":"Article","@id":"https:\/\/www.btv.md\/ro\/cna-a-pornit-proces-penal-in-cayul-vilelor-de-lux\/#article","isPartOf":{"@id":"https:\/\/www.btv.md\/ro\/cna-a-pornit-proces-penal-in-cayul-vilelor-de-lux\/"},"author":{"name":"admin","@id":"https:\/\/www.btv.md\/#\/schema\/person\/8fadce81561b3ce2c34c46dadc4ccbf2"},"headline":"CNA A PORNIT PROCES PENAL \u00ceN CAYUL VILELOR DE LUX","datePublished":"2016-06-29T17:03:48+00:00","dateModified":"2016-06-29T17:03:56+00:00","mainEntityOfPage":{"@id":"https:\/\/www.btv.md\/ro\/cna-a-pornit-proces-penal-in-cayul-vilelor-de-lux\/"},"wordCount":187,"image":{"@id":"https:\/\/www.btv.md\/ro\/cna-a-pornit-proces-penal-in-cayul-vilelor-de-lux\/#primaryimage"},"thumbnailUrl":"https:\/\/www.btv.md\/wp-content\/uploads\/2016\/06\/media_146718283472500000.jpg","articleSection":["Incidente"],"inLanguage":"ro-RO"},{"@type":"WebPage","@id":"https:\/\/www.btv.md\/ro\/cna-a-pornit-proces-penal-in-cayul-vilelor-de-lux\/","url":"https:\/\/www.btv.md\/ro\/cna-a-pornit-proces-penal-in-cayul-vilelor-de-lux\/","name":"CNA A PORNIT PROCES PENAL \u00ceN CAYUL VILELOR DE LUX - BTV","isPartOf":{"@id":"https:\/\/www.btv.md\/#website"},"primaryImageOfPage":{"@id":"https:\/\/www.btv.md\/ro\/cna-a-pornit-proces-penal-in-cayul-vilelor-de-lux\/#primaryimage"},"image":{"@id":"https:\/\/www.btv.md\/ro\/cna-a-pornit-proces-penal-in-cayul-vilelor-de-lux\/#primaryimage"},"thumbnailUrl":"https:\/\/www.btv.md\/wp-content\/uploads\/2016\/06\/media_146718283472500000.jpg","datePublished":"2016-06-29T17:03:48+00:00","dateModified":"2016-06-29T17:03:56+00:00","author":{"@id":"https:\/\/www.btv.md\/#\/schema\/person\/8fadce81561b3ce2c34c46dadc4ccbf2"},"inLanguage":"ro-RO","potentialAction":[{"@type":"ReadAction","target":["https:\/\/www.btv.md\/ro\/cna-a-pornit-proces-penal-in-cayul-vilelor-de-lux\/"]}]},{"@type":"ImageObject","inLanguage":"ro-RO","@id":"https:\/\/www.btv.md\/ro\/cna-a-pornit-proces-penal-in-cayul-vilelor-de-lux\/#primaryimage","url":"https:\/\/www.btv.md\/wp-content\/uploads\/2016\/06\/media_146718283472500000.jpg","contentUrl":"https:\/\/www.btv.md\/wp-content\/uploads\/2016\/06\/media_146718283472500000.jpg","width":620,"height":346},{"@type":"WebSite","@id":"https:\/\/www.btv.md\/#website","url":"https:\/\/www.btv.md\/","name":"BTV","description":"\u0411\u0435\u043b\u044c\u0446\u043a\u043e\u0435 \u0442\u0435\u043b\u0435\u0432\u0438\u0434\u0435\u043d\u0438\u0435","potentialAction":[{"@type":"SearchAction","target":{"@type":"EntryPoint","urlTemplate":"https:\/\/www.btv.md\/?s={search_term_string}"},"query-input":{"@type":"PropertyValueSpecification","valueRequired":true,"valueName":"search_term_string"}}],"inLanguage":"ro-RO"},{"@type":"Person","@id":"https:\/\/www.btv.md\/#\/schema\/person\/8fadce81561b3ce2c34c46dadc4ccbf2","name":"admin"}]}},"_links":{"self":[{"href":"https:\/\/www.btv.md\/ro\/wp-json\/wp\/v2\/posts\/15232","targetHints":{"allow":["GET"]}}],"collection":[{"href":"https:\/\/www.btv.md\/ro\/wp-json\/wp\/v2\/posts"}],"about":[{"href":"https:\/\/www.btv.md\/ro\/wp-json\/wp\/v2\/types\/post"}],"author":[{"embeddable":true,"href":"https:\/\/www.btv.md\/ro\/wp-json\/wp\/v2\/users\/4"}],"replies":[{"embeddable":true,"href":"https:\/\/www.btv.md\/ro\/wp-json\/wp\/v2\/comments?post=15232"}],"version-history":[{"count":0,"href":"https:\/\/www.btv.md\/ro\/wp-json\/wp\/v2\/posts\/15232\/revisions"}],"wp:featuredmedia":[{"embeddable":true,"href":"https:\/\/www.btv.md\/ro\/wp-json\/wp\/v2\/media\/15233"}],"wp:attachment":[{"href":"https:\/\/www.btv.md\/ro\/wp-json\/wp\/v2\/media?parent=15232"}],"wp:term":[{"taxonomy":"category","embeddable":true,"href":"https:\/\/www.btv.md\/ro\/wp-json\/wp\/v2\/categories?post=15232"},{"taxonomy":"post_tag","embeddable":true,"href":"https:\/\/www.btv.md\/ro\/wp-json\/wp\/v2\/tags?post=15232"}],"curies":[{"name":"wp","href":"https:\/\/api.w.org\/{rel}","templated":true}]}}