{"id":15235,"date":"2016-06-29T20:09:08","date_gmt":"2016-06-29T17:09:08","guid":{"rendered":"http:\/\/btv.md\/?p=15235"},"modified":"2016-06-29T20:09:16","modified_gmt":"2016-06-29T17:09:16","slug":"zeci-de-morti-pe-aeroportul-ataturk-din-istanbul","status":"publish","type":"post","link":"https:\/\/www.btv.md\/ro\/zeci-de-morti-pe-aeroportul-ataturk-din-istanbul\/","title":{"rendered":"ZECI  DE  MOR\u021aI  PE  AEROPORTUL  ATATURK  DIN  ISTANBUL"},"content":{"rendered":"<p><iframe width=\"1170\" height=\"658\" data-src=\"https:\/\/www.youtube.com\/embed\/c6iET7VnQs0?wmode=transparent&amp;rel=0&amp;feature=oembed\" frameborder=\"0\" allow=\"accelerometer; autoplay; encrypted-media; gyroscope; picture-in-picture\" allowfullscreen src=\"data:image\/svg+xml;base64,PHN2ZyB3aWR0aD0iMSIgaGVpZ2h0PSIxIiB4bWxucz0iaHR0cDovL3d3dy53My5vcmcvMjAwMC9zdmciPjwvc3ZnPg==\" class=\"lazyload\" data-load-mode=\"1\"><\/iframe><\/p>\n<p><strong>Explozii \u015fi mai multe focuri de arm\u0103 s-au auzit, mar\u0163i sear\u0103, pe Aeroportul Ataturk din Istanbul. Autorit\u0103\u0163ile turce au confirmat c\u0103 a fost vorba de un atentat sinuciga\u015f produs de trei atacatori care s-au detonat \u00eenainte s\u0103 treac\u0103 de filtrele de securitate.<\/strong><\/p>\n<p>Ministerul turc de Interne a organizat un centru de criz\u0103 pentru urm\u0103rirea situa\u0163iei, s-au anulat toate zborurile iar aeroportul a fost \u00eenchis p\u00e2n\u0103 la ora 8.00 (6.00 GMT) a zilei de miercuri. Autorit\u0103\u0163ile au impus un embargo asupra mass-media referitor la imaginile legate de atentat. Atacul a fost ini\u0163iat cu trei explozii, iar ulterior martorii au spus c\u0103 s-au auzit mai multe focuri de arm\u0103. \u00cen acest moment nu se \u015ftie dac\u0103 atacul a fost efectuat de ISIS sau de atacatori kurzi. Totu\u015fi, surse au declarat pentru Reuters c\u0103 la originea atacului ar fi Statul Islamic. \u00cen urma atacului mai multe persoane au fost r\u0103nite la terminalul sosiri, iar cel pu\u0163in 36 persoane au fost ucise. Oameni r\u0103ni\u0163i au fost du\u015fi la spitale inclusiv de taximetri\u015ftii turci. Autorit\u0103\u0163ile sus\u0163in c\u0103 este vorba de un atac preg\u0103tit de un comando terorist, constituit din cel pul\u0163in trei persoane care au atacat aeroportul cu pistoale Kalashnikov.<\/p>\n<p><a href=\"http:\/\/adevarul.ro\/\">adevarul.ro<\/a><\/p>\n","protected":false},"excerpt":{"rendered":"<p>Explozii \u015fi mai multe focuri de arm\u0103 s-au auzit, mar\u0163i sear\u0103, pe Aeroportul Ataturk din Istanbul. Autorit\u0103\u0163ile turce au confirmat c\u0103 a fost vorba de un atentat sinuciga\u015f produs de trei atacatori care s-au detonat \u00eenainte s\u0103 treac\u0103 de filtrele de securitate. Ministerul turc de Interne a organizat un centru de criz\u0103 pentru urm\u0103rirea situa\u0163iei, [&hellip;]<\/p>\n","protected":false},"author":4,"featured_media":15236,"comment_status":"closed","ping_status":"closed","sticky":false,"template":"","format":"standard","meta":{"footnotes":""},"categories":[6354],"tags":[],"class_list":["post-15235","post","type-post","status-publish","format-standard","has-post-thumbnail","hentry","category-externe-ro"],"yoast_head":"<!-- This site is optimized with the Yoast SEO plugin v27.4 - https:\/\/yoast.com\/product\/yoast-seo-wordpress\/ -->\n<title>ZECI DE MOR\u021aI PE AEROPORTUL ATATURK DIN ISTANBUL - BTV<\/title>\n<meta name=\"robots\" content=\"index, follow, max-snippet:-1, max-image-preview:large, max-video-preview:-1\" \/>\n<link rel=\"canonical\" href=\"https:\/\/www.btv.md\/ro\/zeci-de-morti-pe-aeroportul-ataturk-din-istanbul\/\" \/>\n<meta property=\"og:locale\" content=\"ro_RO\" \/>\n<meta property=\"og:type\" content=\"article\" \/>\n<meta property=\"og:title\" content=\"ZECI DE MOR\u021aI PE AEROPORTUL ATATURK DIN ISTANBUL - BTV\" \/>\n<meta property=\"og:description\" content=\"Explozii \u015fi mai multe focuri de arm\u0103 s-au auzit, mar\u0163i sear\u0103, pe Aeroportul Ataturk din Istanbul. Autorit\u0103\u0163ile turce au confirmat c\u0103 a fost vorba de un atentat sinuciga\u015f produs de trei atacatori care s-au detonat \u00eenainte s\u0103 treac\u0103 de filtrele de securitate. Ministerul turc de Interne a organizat un centru de criz\u0103 pentru urm\u0103rirea situa\u0163iei, [&hellip;]\" \/>\n<meta property=\"og:url\" content=\"https:\/\/www.btv.md\/ro\/zeci-de-morti-pe-aeroportul-ataturk-din-istanbul\/\" \/>\n<meta property=\"og:site_name\" content=\"BTV\" \/>\n<meta property=\"article:publisher\" content=\"https:\/\/www.facebook.com\/btvmoldova\/\" \/>\n<meta property=\"article:published_time\" content=\"2016-06-29T17:09:08+00:00\" \/>\n<meta property=\"article:modified_time\" content=\"2016-06-29T17:09:16+00:00\" \/>\n<meta property=\"og:image\" content=\"https:\/\/www.btv.md\/wp-content\/uploads\/2016\/06\/289.jpg\" \/>\n\t<meta property=\"og:image:width\" content=\"800\" \/>\n\t<meta property=\"og:image:height\" content=\"544\" \/>\n\t<meta property=\"og:image:type\" content=\"image\/jpeg\" \/>\n<meta name=\"author\" content=\"admin\" \/>\n<meta name=\"twitter:label1\" content=\"Scris de\" \/>\n\t<meta name=\"twitter:data1\" content=\"admin\" \/>\n\t<meta name=\"twitter:label2\" content=\"Timp estimat pentru citire\" \/>\n\t<meta name=\"twitter:data2\" content=\"1 minut\" \/>\n<script type=\"application\/ld+json\" class=\"yoast-schema-graph\">{\"@context\":\"https:\\\/\\\/schema.org\",\"@graph\":[{\"@type\":\"Article\",\"@id\":\"https:\\\/\\\/www.btv.md\\\/ro\\\/zeci-de-morti-pe-aeroportul-ataturk-din-istanbul\\\/#article\",\"isPartOf\":{\"@id\":\"https:\\\/\\\/www.btv.md\\\/ro\\\/zeci-de-morti-pe-aeroportul-ataturk-din-istanbul\\\/\"},\"author\":{\"name\":\"admin\",\"@id\":\"https:\\\/\\\/www.btv.md\\\/#\\\/schema\\\/person\\\/8fadce81561b3ce2c34c46dadc4ccbf2\"},\"headline\":\"ZECI DE MOR\u021aI PE AEROPORTUL ATATURK DIN ISTANBUL\",\"datePublished\":\"2016-06-29T17:09:08+00:00\",\"dateModified\":\"2016-06-29T17:09:16+00:00\",\"mainEntityOfPage\":{\"@id\":\"https:\\\/\\\/www.btv.md\\\/ro\\\/zeci-de-morti-pe-aeroportul-ataturk-din-istanbul\\\/\"},\"wordCount\":230,\"image\":{\"@id\":\"https:\\\/\\\/www.btv.md\\\/ro\\\/zeci-de-morti-pe-aeroportul-ataturk-din-istanbul\\\/#primaryimage\"},\"thumbnailUrl\":\"https:\\\/\\\/www.btv.md\\\/wp-content\\\/uploads\\\/2016\\\/06\\\/289.jpg\",\"articleSection\":[\"Externe\"],\"inLanguage\":\"ro-RO\"},{\"@type\":\"WebPage\",\"@id\":\"https:\\\/\\\/www.btv.md\\\/ro\\\/zeci-de-morti-pe-aeroportul-ataturk-din-istanbul\\\/\",\"url\":\"https:\\\/\\\/www.btv.md\\\/ro\\\/zeci-de-morti-pe-aeroportul-ataturk-din-istanbul\\\/\",\"name\":\"ZECI DE MOR\u021aI PE AEROPORTUL ATATURK DIN ISTANBUL - BTV\",\"isPartOf\":{\"@id\":\"https:\\\/\\\/www.btv.md\\\/#website\"},\"primaryImageOfPage\":{\"@id\":\"https:\\\/\\\/www.btv.md\\\/ro\\\/zeci-de-morti-pe-aeroportul-ataturk-din-istanbul\\\/#primaryimage\"},\"image\":{\"@id\":\"https:\\\/\\\/www.btv.md\\\/ro\\\/zeci-de-morti-pe-aeroportul-ataturk-din-istanbul\\\/#primaryimage\"},\"thumbnailUrl\":\"https:\\\/\\\/www.btv.md\\\/wp-content\\\/uploads\\\/2016\\\/06\\\/289.jpg\",\"datePublished\":\"2016-06-29T17:09:08+00:00\",\"dateModified\":\"2016-06-29T17:09:16+00:00\",\"author\":{\"@id\":\"https:\\\/\\\/www.btv.md\\\/#\\\/schema\\\/person\\\/8fadce81561b3ce2c34c46dadc4ccbf2\"},\"inLanguage\":\"ro-RO\",\"potentialAction\":[{\"@type\":\"ReadAction\",\"target\":[\"https:\\\/\\\/www.btv.md\\\/ro\\\/zeci-de-morti-pe-aeroportul-ataturk-din-istanbul\\\/\"]}]},{\"@type\":\"ImageObject\",\"inLanguage\":\"ro-RO\",\"@id\":\"https:\\\/\\\/www.btv.md\\\/ro\\\/zeci-de-morti-pe-aeroportul-ataturk-din-istanbul\\\/#primaryimage\",\"url\":\"https:\\\/\\\/www.btv.md\\\/wp-content\\\/uploads\\\/2016\\\/06\\\/289.jpg\",\"contentUrl\":\"https:\\\/\\\/www.btv.md\\\/wp-content\\\/uploads\\\/2016\\\/06\\\/289.jpg\",\"width\":800,\"height\":544},{\"@type\":\"WebSite\",\"@id\":\"https:\\\/\\\/www.btv.md\\\/#website\",\"url\":\"https:\\\/\\\/www.btv.md\\\/\",\"name\":\"BTV\",\"description\":\"\u0411\u0435\u043b\u044c\u0446\u043a\u043e\u0435 \u0442\u0435\u043b\u0435\u0432\u0438\u0434\u0435\u043d\u0438\u0435\",\"potentialAction\":[{\"@type\":\"SearchAction\",\"target\":{\"@type\":\"EntryPoint\",\"urlTemplate\":\"https:\\\/\\\/www.btv.md\\\/?s={search_term_string}\"},\"query-input\":{\"@type\":\"PropertyValueSpecification\",\"valueRequired\":true,\"valueName\":\"search_term_string\"}}],\"inLanguage\":\"ro-RO\"},{\"@type\":\"Person\",\"@id\":\"https:\\\/\\\/www.btv.md\\\/#\\\/schema\\\/person\\\/8fadce81561b3ce2c34c46dadc4ccbf2\",\"name\":\"admin\"}]}<\/script>\n<!-- \/ Yoast SEO plugin. -->","yoast_head_json":{"title":"ZECI DE MOR\u021aI PE AEROPORTUL ATATURK DIN ISTANBUL - BTV","robots":{"index":"index","follow":"follow","max-snippet":"max-snippet:-1","max-image-preview":"max-image-preview:large","max-video-preview":"max-video-preview:-1"},"canonical":"https:\/\/www.btv.md\/ro\/zeci-de-morti-pe-aeroportul-ataturk-din-istanbul\/","og_locale":"ro_RO","og_type":"article","og_title":"ZECI DE MOR\u021aI PE AEROPORTUL ATATURK DIN ISTANBUL - BTV","og_description":"Explozii \u015fi mai multe focuri de arm\u0103 s-au auzit, mar\u0163i sear\u0103, pe Aeroportul Ataturk din Istanbul. Autorit\u0103\u0163ile turce au confirmat c\u0103 a fost vorba de un atentat sinuciga\u015f produs de trei atacatori care s-au detonat \u00eenainte s\u0103 treac\u0103 de filtrele de securitate. Ministerul turc de Interne a organizat un centru de criz\u0103 pentru urm\u0103rirea situa\u0163iei, [&hellip;]","og_url":"https:\/\/www.btv.md\/ro\/zeci-de-morti-pe-aeroportul-ataturk-din-istanbul\/","og_site_name":"BTV","article_publisher":"https:\/\/www.facebook.com\/btvmoldova\/","article_published_time":"2016-06-29T17:09:08+00:00","article_modified_time":"2016-06-29T17:09:16+00:00","og_image":[{"width":800,"height":544,"url":"https:\/\/www.btv.md\/wp-content\/uploads\/2016\/06\/289.jpg","type":"image\/jpeg"}],"author":"admin","twitter_misc":{"Scris de":"admin","Timp estimat pentru citire":"1 minut"},"schema":{"@context":"https:\/\/schema.org","@graph":[{"@type":"Article","@id":"https:\/\/www.btv.md\/ro\/zeci-de-morti-pe-aeroportul-ataturk-din-istanbul\/#article","isPartOf":{"@id":"https:\/\/www.btv.md\/ro\/zeci-de-morti-pe-aeroportul-ataturk-din-istanbul\/"},"author":{"name":"admin","@id":"https:\/\/www.btv.md\/#\/schema\/person\/8fadce81561b3ce2c34c46dadc4ccbf2"},"headline":"ZECI DE MOR\u021aI PE AEROPORTUL ATATURK DIN ISTANBUL","datePublished":"2016-06-29T17:09:08+00:00","dateModified":"2016-06-29T17:09:16+00:00","mainEntityOfPage":{"@id":"https:\/\/www.btv.md\/ro\/zeci-de-morti-pe-aeroportul-ataturk-din-istanbul\/"},"wordCount":230,"image":{"@id":"https:\/\/www.btv.md\/ro\/zeci-de-morti-pe-aeroportul-ataturk-din-istanbul\/#primaryimage"},"thumbnailUrl":"https:\/\/www.btv.md\/wp-content\/uploads\/2016\/06\/289.jpg","articleSection":["Externe"],"inLanguage":"ro-RO"},{"@type":"WebPage","@id":"https:\/\/www.btv.md\/ro\/zeci-de-morti-pe-aeroportul-ataturk-din-istanbul\/","url":"https:\/\/www.btv.md\/ro\/zeci-de-morti-pe-aeroportul-ataturk-din-istanbul\/","name":"ZECI DE MOR\u021aI PE AEROPORTUL ATATURK DIN ISTANBUL - BTV","isPartOf":{"@id":"https:\/\/www.btv.md\/#website"},"primaryImageOfPage":{"@id":"https:\/\/www.btv.md\/ro\/zeci-de-morti-pe-aeroportul-ataturk-din-istanbul\/#primaryimage"},"image":{"@id":"https:\/\/www.btv.md\/ro\/zeci-de-morti-pe-aeroportul-ataturk-din-istanbul\/#primaryimage"},"thumbnailUrl":"https:\/\/www.btv.md\/wp-content\/uploads\/2016\/06\/289.jpg","datePublished":"2016-06-29T17:09:08+00:00","dateModified":"2016-06-29T17:09:16+00:00","author":{"@id":"https:\/\/www.btv.md\/#\/schema\/person\/8fadce81561b3ce2c34c46dadc4ccbf2"},"inLanguage":"ro-RO","potentialAction":[{"@type":"ReadAction","target":["https:\/\/www.btv.md\/ro\/zeci-de-morti-pe-aeroportul-ataturk-din-istanbul\/"]}]},{"@type":"ImageObject","inLanguage":"ro-RO","@id":"https:\/\/www.btv.md\/ro\/zeci-de-morti-pe-aeroportul-ataturk-din-istanbul\/#primaryimage","url":"https:\/\/www.btv.md\/wp-content\/uploads\/2016\/06\/289.jpg","contentUrl":"https:\/\/www.btv.md\/wp-content\/uploads\/2016\/06\/289.jpg","width":800,"height":544},{"@type":"WebSite","@id":"https:\/\/www.btv.md\/#website","url":"https:\/\/www.btv.md\/","name":"BTV","description":"\u0411\u0435\u043b\u044c\u0446\u043a\u043e\u0435 \u0442\u0435\u043b\u0435\u0432\u0438\u0434\u0435\u043d\u0438\u0435","potentialAction":[{"@type":"SearchAction","target":{"@type":"EntryPoint","urlTemplate":"https:\/\/www.btv.md\/?s={search_term_string}"},"query-input":{"@type":"PropertyValueSpecification","valueRequired":true,"valueName":"search_term_string"}}],"inLanguage":"ro-RO"},{"@type":"Person","@id":"https:\/\/www.btv.md\/#\/schema\/person\/8fadce81561b3ce2c34c46dadc4ccbf2","name":"admin"}]}},"_links":{"self":[{"href":"https:\/\/www.btv.md\/ro\/wp-json\/wp\/v2\/posts\/15235","targetHints":{"allow":["GET"]}}],"collection":[{"href":"https:\/\/www.btv.md\/ro\/wp-json\/wp\/v2\/posts"}],"about":[{"href":"https:\/\/www.btv.md\/ro\/wp-json\/wp\/v2\/types\/post"}],"author":[{"embeddable":true,"href":"https:\/\/www.btv.md\/ro\/wp-json\/wp\/v2\/users\/4"}],"replies":[{"embeddable":true,"href":"https:\/\/www.btv.md\/ro\/wp-json\/wp\/v2\/comments?post=15235"}],"version-history":[{"count":0,"href":"https:\/\/www.btv.md\/ro\/wp-json\/wp\/v2\/posts\/15235\/revisions"}],"wp:featuredmedia":[{"embeddable":true,"href":"https:\/\/www.btv.md\/ro\/wp-json\/wp\/v2\/media\/15236"}],"wp:attachment":[{"href":"https:\/\/www.btv.md\/ro\/wp-json\/wp\/v2\/media?parent=15235"}],"wp:term":[{"taxonomy":"category","embeddable":true,"href":"https:\/\/www.btv.md\/ro\/wp-json\/wp\/v2\/categories?post=15235"},{"taxonomy":"post_tag","embeddable":true,"href":"https:\/\/www.btv.md\/ro\/wp-json\/wp\/v2\/tags?post=15235"}],"curies":[{"name":"wp","href":"https:\/\/api.w.org\/{rel}","templated":true}]}}