{"id":15238,"date":"2016-06-29T20:10:50","date_gmt":"2016-06-29T17:10:50","guid":{"rendered":"http:\/\/btv.md\/?p=15238"},"modified":"2016-06-29T20:10:58","modified_gmt":"2016-06-29T17:10:58","slug":"viitorul-uniunii-europene-va-fi-discutat-in-septembrie","status":"publish","type":"post","link":"https:\/\/www.btv.md\/ro\/viitorul-uniunii-europene-va-fi-discutat-in-septembrie\/","title":{"rendered":"VIITORUL  UNIUNII  EUROPENE  VA  FI  DISCUTAT  \u00ceN  SEPTEMBRIE"},"content":{"rendered":"<p><strong>Pre\u015fedintele Consiliului European, Donald Tusk, va preg\u0103ti organizarea unui summit al reprezentan\u0163ilor celor 27 de state europene, \u00een septembrie, pe tema viitorului Uniunii Europene, informeaz\u0103 cotidianul La Repubblica.<\/strong><\/p>\n<p>Summitul extraordinar se va desf\u0103\u015fura \u00een luna septembrie, la nivel informal, la Bratislava (Slovacia).<\/p>\n<p>Marea Britanie, ai c\u0103rei cet\u0103\u0163eni au decis ie\u015firea din UE, nu va fi invitat\u0103 la reuniunea extraordinar\u0103 pe tema viitorului Uniunii Europene.<\/p>\n<p>At\u00e2t Donald Tusk, pre\u015fedintele Consiliului European, c\u00e2t \u015fi Jean-Claude Juncker, \u015feful Comisiei Europene, au pledat pentru consolidarea unit\u0103\u0163ii la nivel european dup\u0103 referendumul britanic pro-Brexit.<\/p>\n<p><a href=\"http:\/\/www.mediafax.ro\/\">http:\/\/www.mediafax.ro<\/a><\/p>\n","protected":false},"excerpt":{"rendered":"<p>Pre\u015fedintele Consiliului European, Donald Tusk, va preg\u0103ti organizarea unui summit al reprezentan\u0163ilor celor 27 de state europene, \u00een septembrie, pe tema viitorului Uniunii Europene, informeaz\u0103 cotidianul La Repubblica. Summitul extraordinar se va desf\u0103\u015fura \u00een luna septembrie, la nivel informal, la Bratislava (Slovacia). Marea Britanie, ai c\u0103rei cet\u0103\u0163eni au decis ie\u015firea din UE, nu va fi [&hellip;]<\/p>\n","protected":false},"author":4,"featured_media":15211,"comment_status":"closed","ping_status":"closed","sticky":false,"template":"","format":"standard","meta":{"footnotes":""},"categories":[6354],"tags":[],"class_list":["post-15238","post","type-post","status-publish","format-standard","has-post-thumbnail","hentry","category-externe-ro"],"yoast_head":"<!-- This site is optimized with the Yoast SEO plugin v27.4 - https:\/\/yoast.com\/product\/yoast-seo-wordpress\/ -->\n<title>VIITORUL UNIUNII EUROPENE VA FI DISCUTAT \u00ceN SEPTEMBRIE - BTV<\/title>\n<meta name=\"robots\" content=\"index, follow, max-snippet:-1, max-image-preview:large, max-video-preview:-1\" \/>\n<link rel=\"canonical\" href=\"https:\/\/www.btv.md\/ro\/viitorul-uniunii-europene-va-fi-discutat-in-septembrie\/\" \/>\n<meta property=\"og:locale\" content=\"ro_RO\" \/>\n<meta property=\"og:type\" content=\"article\" \/>\n<meta property=\"og:title\" content=\"VIITORUL UNIUNII EUROPENE VA FI DISCUTAT \u00ceN SEPTEMBRIE - BTV\" \/>\n<meta property=\"og:description\" content=\"Pre\u015fedintele Consiliului European, Donald Tusk, va preg\u0103ti organizarea unui summit al reprezentan\u0163ilor celor 27 de state europene, \u00een septembrie, pe tema viitorului Uniunii Europene, informeaz\u0103 cotidianul La Repubblica. Summitul extraordinar se va desf\u0103\u015fura \u00een luna septembrie, la nivel informal, la Bratislava (Slovacia). Marea Britanie, ai c\u0103rei cet\u0103\u0163eni au decis ie\u015firea din UE, nu va fi [&hellip;]\" \/>\n<meta property=\"og:url\" content=\"https:\/\/www.btv.md\/ro\/viitorul-uniunii-europene-va-fi-discutat-in-septembrie\/\" \/>\n<meta property=\"og:site_name\" content=\"BTV\" \/>\n<meta property=\"article:publisher\" content=\"https:\/\/www.facebook.com\/btvmoldova\/\" \/>\n<meta property=\"article:published_time\" content=\"2016-06-29T17:10:50+00:00\" \/>\n<meta property=\"article:modified_time\" content=\"2016-06-29T17:10:58+00:00\" \/>\n<meta property=\"og:image\" content=\"https:\/\/www.btv.md\/wp-content\/uploads\/2016\/06\/67371658.jpg\" \/>\n\t<meta property=\"og:image:width\" content=\"1237\" \/>\n\t<meta property=\"og:image:height\" content=\"693\" \/>\n\t<meta property=\"og:image:type\" content=\"image\/jpeg\" \/>\n<meta name=\"author\" content=\"admin\" \/>\n<meta name=\"twitter:label1\" content=\"Scris de\" \/>\n\t<meta name=\"twitter:data1\" content=\"admin\" \/>\n\t<meta name=\"twitter:label2\" content=\"Timp estimat pentru citire\" \/>\n\t<meta name=\"twitter:data2\" content=\"1 minut\" \/>\n<script type=\"application\/ld+json\" class=\"yoast-schema-graph\">{\"@context\":\"https:\\\/\\\/schema.org\",\"@graph\":[{\"@type\":\"Article\",\"@id\":\"https:\\\/\\\/www.btv.md\\\/ro\\\/viitorul-uniunii-europene-va-fi-discutat-in-septembrie\\\/#article\",\"isPartOf\":{\"@id\":\"https:\\\/\\\/www.btv.md\\\/ro\\\/viitorul-uniunii-europene-va-fi-discutat-in-septembrie\\\/\"},\"author\":{\"name\":\"admin\",\"@id\":\"https:\\\/\\\/www.btv.md\\\/#\\\/schema\\\/person\\\/8fadce81561b3ce2c34c46dadc4ccbf2\"},\"headline\":\"VIITORUL UNIUNII EUROPENE VA FI DISCUTAT \u00ceN SEPTEMBRIE\",\"datePublished\":\"2016-06-29T17:10:50+00:00\",\"dateModified\":\"2016-06-29T17:10:58+00:00\",\"mainEntityOfPage\":{\"@id\":\"https:\\\/\\\/www.btv.md\\\/ro\\\/viitorul-uniunii-europene-va-fi-discutat-in-septembrie\\\/\"},\"wordCount\":111,\"image\":{\"@id\":\"https:\\\/\\\/www.btv.md\\\/ro\\\/viitorul-uniunii-europene-va-fi-discutat-in-septembrie\\\/#primaryimage\"},\"thumbnailUrl\":\"https:\\\/\\\/www.btv.md\\\/wp-content\\\/uploads\\\/2016\\\/06\\\/67371658.jpg\",\"articleSection\":[\"Externe\"],\"inLanguage\":\"ro-RO\"},{\"@type\":\"WebPage\",\"@id\":\"https:\\\/\\\/www.btv.md\\\/ro\\\/viitorul-uniunii-europene-va-fi-discutat-in-septembrie\\\/\",\"url\":\"https:\\\/\\\/www.btv.md\\\/ro\\\/viitorul-uniunii-europene-va-fi-discutat-in-septembrie\\\/\",\"name\":\"VIITORUL UNIUNII EUROPENE VA FI DISCUTAT \u00ceN SEPTEMBRIE - BTV\",\"isPartOf\":{\"@id\":\"https:\\\/\\\/www.btv.md\\\/#website\"},\"primaryImageOfPage\":{\"@id\":\"https:\\\/\\\/www.btv.md\\\/ro\\\/viitorul-uniunii-europene-va-fi-discutat-in-septembrie\\\/#primaryimage\"},\"image\":{\"@id\":\"https:\\\/\\\/www.btv.md\\\/ro\\\/viitorul-uniunii-europene-va-fi-discutat-in-septembrie\\\/#primaryimage\"},\"thumbnailUrl\":\"https:\\\/\\\/www.btv.md\\\/wp-content\\\/uploads\\\/2016\\\/06\\\/67371658.jpg\",\"datePublished\":\"2016-06-29T17:10:50+00:00\",\"dateModified\":\"2016-06-29T17:10:58+00:00\",\"author\":{\"@id\":\"https:\\\/\\\/www.btv.md\\\/#\\\/schema\\\/person\\\/8fadce81561b3ce2c34c46dadc4ccbf2\"},\"inLanguage\":\"ro-RO\",\"potentialAction\":[{\"@type\":\"ReadAction\",\"target\":[\"https:\\\/\\\/www.btv.md\\\/ro\\\/viitorul-uniunii-europene-va-fi-discutat-in-septembrie\\\/\"]}]},{\"@type\":\"ImageObject\",\"inLanguage\":\"ro-RO\",\"@id\":\"https:\\\/\\\/www.btv.md\\\/ro\\\/viitorul-uniunii-europene-va-fi-discutat-in-septembrie\\\/#primaryimage\",\"url\":\"https:\\\/\\\/www.btv.md\\\/wp-content\\\/uploads\\\/2016\\\/06\\\/67371658.jpg\",\"contentUrl\":\"https:\\\/\\\/www.btv.md\\\/wp-content\\\/uploads\\\/2016\\\/06\\\/67371658.jpg\",\"width\":1237,\"height\":693},{\"@type\":\"WebSite\",\"@id\":\"https:\\\/\\\/www.btv.md\\\/#website\",\"url\":\"https:\\\/\\\/www.btv.md\\\/\",\"name\":\"BTV\",\"description\":\"\u0411\u0435\u043b\u044c\u0446\u043a\u043e\u0435 \u0442\u0435\u043b\u0435\u0432\u0438\u0434\u0435\u043d\u0438\u0435\",\"potentialAction\":[{\"@type\":\"SearchAction\",\"target\":{\"@type\":\"EntryPoint\",\"urlTemplate\":\"https:\\\/\\\/www.btv.md\\\/?s={search_term_string}\"},\"query-input\":{\"@type\":\"PropertyValueSpecification\",\"valueRequired\":true,\"valueName\":\"search_term_string\"}}],\"inLanguage\":\"ro-RO\"},{\"@type\":\"Person\",\"@id\":\"https:\\\/\\\/www.btv.md\\\/#\\\/schema\\\/person\\\/8fadce81561b3ce2c34c46dadc4ccbf2\",\"name\":\"admin\"}]}<\/script>\n<!-- \/ Yoast SEO plugin. -->","yoast_head_json":{"title":"VIITORUL UNIUNII EUROPENE VA FI DISCUTAT \u00ceN SEPTEMBRIE - BTV","robots":{"index":"index","follow":"follow","max-snippet":"max-snippet:-1","max-image-preview":"max-image-preview:large","max-video-preview":"max-video-preview:-1"},"canonical":"https:\/\/www.btv.md\/ro\/viitorul-uniunii-europene-va-fi-discutat-in-septembrie\/","og_locale":"ro_RO","og_type":"article","og_title":"VIITORUL UNIUNII EUROPENE VA FI DISCUTAT \u00ceN SEPTEMBRIE - BTV","og_description":"Pre\u015fedintele Consiliului European, Donald Tusk, va preg\u0103ti organizarea unui summit al reprezentan\u0163ilor celor 27 de state europene, \u00een septembrie, pe tema viitorului Uniunii Europene, informeaz\u0103 cotidianul La Repubblica. Summitul extraordinar se va desf\u0103\u015fura \u00een luna septembrie, la nivel informal, la Bratislava (Slovacia). Marea Britanie, ai c\u0103rei cet\u0103\u0163eni au decis ie\u015firea din UE, nu va fi [&hellip;]","og_url":"https:\/\/www.btv.md\/ro\/viitorul-uniunii-europene-va-fi-discutat-in-septembrie\/","og_site_name":"BTV","article_publisher":"https:\/\/www.facebook.com\/btvmoldova\/","article_published_time":"2016-06-29T17:10:50+00:00","article_modified_time":"2016-06-29T17:10:58+00:00","og_image":[{"width":1237,"height":693,"url":"https:\/\/www.btv.md\/wp-content\/uploads\/2016\/06\/67371658.jpg","type":"image\/jpeg"}],"author":"admin","twitter_misc":{"Scris de":"admin","Timp estimat pentru citire":"1 minut"},"schema":{"@context":"https:\/\/schema.org","@graph":[{"@type":"Article","@id":"https:\/\/www.btv.md\/ro\/viitorul-uniunii-europene-va-fi-discutat-in-septembrie\/#article","isPartOf":{"@id":"https:\/\/www.btv.md\/ro\/viitorul-uniunii-europene-va-fi-discutat-in-septembrie\/"},"author":{"name":"admin","@id":"https:\/\/www.btv.md\/#\/schema\/person\/8fadce81561b3ce2c34c46dadc4ccbf2"},"headline":"VIITORUL UNIUNII EUROPENE VA FI DISCUTAT \u00ceN SEPTEMBRIE","datePublished":"2016-06-29T17:10:50+00:00","dateModified":"2016-06-29T17:10:58+00:00","mainEntityOfPage":{"@id":"https:\/\/www.btv.md\/ro\/viitorul-uniunii-europene-va-fi-discutat-in-septembrie\/"},"wordCount":111,"image":{"@id":"https:\/\/www.btv.md\/ro\/viitorul-uniunii-europene-va-fi-discutat-in-septembrie\/#primaryimage"},"thumbnailUrl":"https:\/\/www.btv.md\/wp-content\/uploads\/2016\/06\/67371658.jpg","articleSection":["Externe"],"inLanguage":"ro-RO"},{"@type":"WebPage","@id":"https:\/\/www.btv.md\/ro\/viitorul-uniunii-europene-va-fi-discutat-in-septembrie\/","url":"https:\/\/www.btv.md\/ro\/viitorul-uniunii-europene-va-fi-discutat-in-septembrie\/","name":"VIITORUL UNIUNII EUROPENE VA FI DISCUTAT \u00ceN SEPTEMBRIE - BTV","isPartOf":{"@id":"https:\/\/www.btv.md\/#website"},"primaryImageOfPage":{"@id":"https:\/\/www.btv.md\/ro\/viitorul-uniunii-europene-va-fi-discutat-in-septembrie\/#primaryimage"},"image":{"@id":"https:\/\/www.btv.md\/ro\/viitorul-uniunii-europene-va-fi-discutat-in-septembrie\/#primaryimage"},"thumbnailUrl":"https:\/\/www.btv.md\/wp-content\/uploads\/2016\/06\/67371658.jpg","datePublished":"2016-06-29T17:10:50+00:00","dateModified":"2016-06-29T17:10:58+00:00","author":{"@id":"https:\/\/www.btv.md\/#\/schema\/person\/8fadce81561b3ce2c34c46dadc4ccbf2"},"inLanguage":"ro-RO","potentialAction":[{"@type":"ReadAction","target":["https:\/\/www.btv.md\/ro\/viitorul-uniunii-europene-va-fi-discutat-in-septembrie\/"]}]},{"@type":"ImageObject","inLanguage":"ro-RO","@id":"https:\/\/www.btv.md\/ro\/viitorul-uniunii-europene-va-fi-discutat-in-septembrie\/#primaryimage","url":"https:\/\/www.btv.md\/wp-content\/uploads\/2016\/06\/67371658.jpg","contentUrl":"https:\/\/www.btv.md\/wp-content\/uploads\/2016\/06\/67371658.jpg","width":1237,"height":693},{"@type":"WebSite","@id":"https:\/\/www.btv.md\/#website","url":"https:\/\/www.btv.md\/","name":"BTV","description":"\u0411\u0435\u043b\u044c\u0446\u043a\u043e\u0435 \u0442\u0435\u043b\u0435\u0432\u0438\u0434\u0435\u043d\u0438\u0435","potentialAction":[{"@type":"SearchAction","target":{"@type":"EntryPoint","urlTemplate":"https:\/\/www.btv.md\/?s={search_term_string}"},"query-input":{"@type":"PropertyValueSpecification","valueRequired":true,"valueName":"search_term_string"}}],"inLanguage":"ro-RO"},{"@type":"Person","@id":"https:\/\/www.btv.md\/#\/schema\/person\/8fadce81561b3ce2c34c46dadc4ccbf2","name":"admin"}]}},"_links":{"self":[{"href":"https:\/\/www.btv.md\/ro\/wp-json\/wp\/v2\/posts\/15238","targetHints":{"allow":["GET"]}}],"collection":[{"href":"https:\/\/www.btv.md\/ro\/wp-json\/wp\/v2\/posts"}],"about":[{"href":"https:\/\/www.btv.md\/ro\/wp-json\/wp\/v2\/types\/post"}],"author":[{"embeddable":true,"href":"https:\/\/www.btv.md\/ro\/wp-json\/wp\/v2\/users\/4"}],"replies":[{"embeddable":true,"href":"https:\/\/www.btv.md\/ro\/wp-json\/wp\/v2\/comments?post=15238"}],"version-history":[{"count":0,"href":"https:\/\/www.btv.md\/ro\/wp-json\/wp\/v2\/posts\/15238\/revisions"}],"wp:featuredmedia":[{"embeddable":true,"href":"https:\/\/www.btv.md\/ro\/wp-json\/wp\/v2\/media\/15211"}],"wp:attachment":[{"href":"https:\/\/www.btv.md\/ro\/wp-json\/wp\/v2\/media?parent=15238"}],"wp:term":[{"taxonomy":"category","embeddable":true,"href":"https:\/\/www.btv.md\/ro\/wp-json\/wp\/v2\/categories?post=15238"},{"taxonomy":"post_tag","embeddable":true,"href":"https:\/\/www.btv.md\/ro\/wp-json\/wp\/v2\/tags?post=15238"}],"curies":[{"name":"wp","href":"https:\/\/api.w.org\/{rel}","templated":true}]}}