{"id":15266,"date":"2016-06-30T16:08:24","date_gmt":"2016-06-30T13:08:24","guid":{"rendered":"http:\/\/btv.md\/?p=15266"},"modified":"2016-06-30T16:39:57","modified_gmt":"2016-06-30T13:39:57","slug":"o-teava-sparta-a-inundat-o-strada-din-balti","status":"publish","type":"post","link":"https:\/\/www.btv.md\/ro\/o-teava-sparta-a-inundat-o-strada-din-balti\/","title":{"rendered":"O  \u021aEAV\u0102  SPART\u0102  A  INUNDAT  O  STRAD\u0102  DIN  B\u0102L\u021aI"},"content":{"rendered":"<p>O \u021beav\u0103 spart\u0103 a inundat Strada Sorocii din B\u0103l\u021bi. Tone de ap\u0103 s-au scurs \u00een gospod\u0103riile locatarilor \u0219i pe drum, provoc\u00e2nd mari pagube \u0219i probleme pentru circula\u021bia rutier\u0103.<\/p>\n<p><iframe width=\"1170\" height=\"878\" data-src=\"https:\/\/www.youtube.com\/embed\/rT7UEQPUj10?wmode=transparent&amp;rel=0&amp;feature=oembed\" frameborder=\"0\" allow=\"accelerometer; autoplay; encrypted-media; gyroscope; picture-in-picture\" allowfullscreen src=\"data:image\/svg+xml;base64,PHN2ZyB3aWR0aD0iMSIgaGVpZ2h0PSIxIiB4bWxucz0iaHR0cDovL3d3dy53My5vcmcvMjAwMC9zdmciPjwvc3ZnPg==\" class=\"lazyload\" data-load-mode=\"1\"><\/iframe><\/p>\n<p>\u201eLocatarii spun c\u0103 apa a curs ore la r\u00e2nd. C\u00e2nd s-au trezit diminea\u021ba curtea era deja inundat\u0103, culturile distruse, iar mai multe ur\u0103t\u0103nii s-au \u00eenecat. Reprezentan\u021bii Ap\u0103-Canal dau vina pe \u021beava \u00eenvechit\u0103.\u201d<\/p>\n<p>Femeia spune c\u0103 a chemat speciali\u0219tii Ap\u0103-Canal dis-de-diminea\u021ba. Ajun\u0219i la fa\u021ba locului, ace\u0219tia nu f\u0103cut practice nimic. Apa a continuat s\u0103 se scurg\u0103, ajung\u00e2nd p\u00e2n\u0103 \u00een cas\u0103.<\/p>\n<p>Apa a p\u0103truns \u0219i \u00een subsolul casei de al\u0103turi, unde a distrus toate proviziile pentru iarn\u0103.<\/p>\n<p>Dup\u0103 dou\u0103 ore de a\u0219teptare a venit o alt\u0103 echip\u0103 de angaja\u021bi, \u00eens\u0103 f\u0103r\u0103 tehnic\u0103.<\/p>\n<p>Lucr\u0103rile de pompare au \u00eenceput aproape de ora zece. Locatarii se tem \u00eens\u0103 c\u0103 pentru casele lor este deja prea t\u00e2rziu. Mai mult, ace\u0219tia au accentuat c\u0103 nu este pentru prima dat\u0103 c\u00e2nd pe strada Sorocii se sparg \u021bevile \u0219i c\u0103 angaja\u021bii Ap\u0103-Canal \u00ee\u0219i \u00eendeplinesc lucrul necalitativ \u0219i cu \u00eent\u00e2rzieri.<\/p>\n<p>Contactat de BTV, inginerul \u0219ef Ap\u0103-Canal B\u0103l\u021bi, Eduard Boico, a declarat c\u0103 este un accident obi\u0219nuit, care nu presupune careva desp\u0103gubiri pentru locatari.<\/p>\n<p>Angaja\u021bii au dat asigur\u0103ri c\u0103 vor rezolva problema p\u00e2n\u0103 la sf\u00e2r\u0219itul zilei \u0219i vor face ordine \u00een gospod\u0103riile afectate.<\/p>\n<p>Totodat\u0103, \u0219eful adjunct Ap\u0103-Canal, a dat asigur\u0103ri c\u0103 va veni cu un comentariu pe marginea problemei de pe strada Sorocii, \u00een materialele urm\u0103toare.<\/p>\n","protected":false},"excerpt":{"rendered":"<p>O \u021beav\u0103 spart\u0103 a inundat Strada Sorocii din B\u0103l\u021bi. Tone de ap\u0103 s-au scurs \u00een gospod\u0103riile locatarilor \u0219i pe drum, provoc\u00e2nd mari pagube \u0219i probleme pentru circula\u021bia rutier\u0103. \u201eLocatarii spun c\u0103 apa a curs ore la r\u00e2nd. C\u00e2nd s-au trezit diminea\u021ba curtea era deja inundat\u0103, culturile distruse, iar mai multe ur\u0103t\u0103nii s-au \u00eenecat. Reprezentan\u021bii Ap\u0103-Canal [&hellip;]<\/p>\n","protected":false},"author":4,"featured_media":15267,"comment_status":"closed","ping_status":"closed","sticky":false,"template":"","format":"standard","meta":{"footnotes":""},"categories":[6353],"tags":[],"class_list":["post-15266","post","type-post","status-publish","format-standard","has-post-thumbnail","hentry","category-oras"],"yoast_head":"<!-- This site is optimized with the Yoast SEO plugin v27.4 - https:\/\/yoast.com\/product\/yoast-seo-wordpress\/ -->\n<title>O \u021aEAV\u0102 SPART\u0102 A INUNDAT O STRAD\u0102 DIN B\u0102L\u021aI - BTV<\/title>\n<meta name=\"robots\" content=\"index, follow, max-snippet:-1, max-image-preview:large, max-video-preview:-1\" \/>\n<link rel=\"canonical\" href=\"https:\/\/www.btv.md\/ro\/o-teava-sparta-a-inundat-o-strada-din-balti\/\" \/>\n<meta property=\"og:locale\" content=\"ro_RO\" \/>\n<meta property=\"og:type\" content=\"article\" \/>\n<meta property=\"og:title\" content=\"O \u021aEAV\u0102 SPART\u0102 A INUNDAT O STRAD\u0102 DIN B\u0102L\u021aI - BTV\" \/>\n<meta property=\"og:description\" content=\"O \u021beav\u0103 spart\u0103 a inundat Strada Sorocii din B\u0103l\u021bi. Tone de ap\u0103 s-au scurs \u00een gospod\u0103riile locatarilor \u0219i pe drum, provoc\u00e2nd mari pagube \u0219i probleme pentru circula\u021bia rutier\u0103. \u201eLocatarii spun c\u0103 apa a curs ore la r\u00e2nd. C\u00e2nd s-au trezit diminea\u021ba curtea era deja inundat\u0103, culturile distruse, iar mai multe ur\u0103t\u0103nii s-au \u00eenecat. Reprezentan\u021bii Ap\u0103-Canal [&hellip;]\" \/>\n<meta property=\"og:url\" content=\"https:\/\/www.btv.md\/ro\/o-teava-sparta-a-inundat-o-strada-din-balti\/\" \/>\n<meta property=\"og:site_name\" content=\"BTV\" \/>\n<meta property=\"article:publisher\" content=\"https:\/\/www.facebook.com\/btvmoldova\/\" \/>\n<meta property=\"article:published_time\" content=\"2016-06-30T13:08:24+00:00\" \/>\n<meta property=\"article:modified_time\" content=\"2016-06-30T13:39:57+00:00\" \/>\n<meta property=\"og:image\" content=\"https:\/\/www.btv.md\/wp-content\/uploads\/2016\/06\/ht.jpg\" \/>\n\t<meta property=\"og:image:width\" content=\"600\" \/>\n\t<meta property=\"og:image:height\" content=\"400\" \/>\n\t<meta property=\"og:image:type\" content=\"image\/jpeg\" \/>\n<meta name=\"author\" content=\"admin\" \/>\n<meta name=\"twitter:label1\" content=\"Scris de\" \/>\n\t<meta name=\"twitter:data1\" content=\"admin\" \/>\n\t<meta name=\"twitter:label2\" content=\"Timp estimat pentru citire\" \/>\n\t<meta name=\"twitter:data2\" content=\"1 minut\" \/>\n<script type=\"application\/ld+json\" class=\"yoast-schema-graph\">{\"@context\":\"https:\\\/\\\/schema.org\",\"@graph\":[{\"@type\":\"Article\",\"@id\":\"https:\\\/\\\/www.btv.md\\\/ro\\\/o-teava-sparta-a-inundat-o-strada-din-balti\\\/#article\",\"isPartOf\":{\"@id\":\"https:\\\/\\\/www.btv.md\\\/ro\\\/o-teava-sparta-a-inundat-o-strada-din-balti\\\/\"},\"author\":{\"name\":\"admin\",\"@id\":\"https:\\\/\\\/www.btv.md\\\/#\\\/schema\\\/person\\\/8fadce81561b3ce2c34c46dadc4ccbf2\"},\"headline\":\"O \u021aEAV\u0102 SPART\u0102 A INUNDAT O STRAD\u0102 DIN B\u0102L\u021aI\",\"datePublished\":\"2016-06-30T13:08:24+00:00\",\"dateModified\":\"2016-06-30T13:39:57+00:00\",\"mainEntityOfPage\":{\"@id\":\"https:\\\/\\\/www.btv.md\\\/ro\\\/o-teava-sparta-a-inundat-o-strada-din-balti\\\/\"},\"wordCount\":296,\"image\":{\"@id\":\"https:\\\/\\\/www.btv.md\\\/ro\\\/o-teava-sparta-a-inundat-o-strada-din-balti\\\/#primaryimage\"},\"thumbnailUrl\":\"https:\\\/\\\/www.btv.md\\\/wp-content\\\/uploads\\\/2016\\\/06\\\/ht.jpg\",\"articleSection\":[\"Ora\u0219\"],\"inLanguage\":\"ro-RO\"},{\"@type\":\"WebPage\",\"@id\":\"https:\\\/\\\/www.btv.md\\\/ro\\\/o-teava-sparta-a-inundat-o-strada-din-balti\\\/\",\"url\":\"https:\\\/\\\/www.btv.md\\\/ro\\\/o-teava-sparta-a-inundat-o-strada-din-balti\\\/\",\"name\":\"O \u021aEAV\u0102 SPART\u0102 A INUNDAT O STRAD\u0102 DIN B\u0102L\u021aI - BTV\",\"isPartOf\":{\"@id\":\"https:\\\/\\\/www.btv.md\\\/#website\"},\"primaryImageOfPage\":{\"@id\":\"https:\\\/\\\/www.btv.md\\\/ro\\\/o-teava-sparta-a-inundat-o-strada-din-balti\\\/#primaryimage\"},\"image\":{\"@id\":\"https:\\\/\\\/www.btv.md\\\/ro\\\/o-teava-sparta-a-inundat-o-strada-din-balti\\\/#primaryimage\"},\"thumbnailUrl\":\"https:\\\/\\\/www.btv.md\\\/wp-content\\\/uploads\\\/2016\\\/06\\\/ht.jpg\",\"datePublished\":\"2016-06-30T13:08:24+00:00\",\"dateModified\":\"2016-06-30T13:39:57+00:00\",\"author\":{\"@id\":\"https:\\\/\\\/www.btv.md\\\/#\\\/schema\\\/person\\\/8fadce81561b3ce2c34c46dadc4ccbf2\"},\"inLanguage\":\"ro-RO\",\"potentialAction\":[{\"@type\":\"ReadAction\",\"target\":[\"https:\\\/\\\/www.btv.md\\\/ro\\\/o-teava-sparta-a-inundat-o-strada-din-balti\\\/\"]}]},{\"@type\":\"ImageObject\",\"inLanguage\":\"ro-RO\",\"@id\":\"https:\\\/\\\/www.btv.md\\\/ro\\\/o-teava-sparta-a-inundat-o-strada-din-balti\\\/#primaryimage\",\"url\":\"https:\\\/\\\/www.btv.md\\\/wp-content\\\/uploads\\\/2016\\\/06\\\/ht.jpg\",\"contentUrl\":\"https:\\\/\\\/www.btv.md\\\/wp-content\\\/uploads\\\/2016\\\/06\\\/ht.jpg\",\"width\":600,\"height\":400},{\"@type\":\"WebSite\",\"@id\":\"https:\\\/\\\/www.btv.md\\\/#website\",\"url\":\"https:\\\/\\\/www.btv.md\\\/\",\"name\":\"BTV\",\"description\":\"\u0411\u0435\u043b\u044c\u0446\u043a\u043e\u0435 \u0442\u0435\u043b\u0435\u0432\u0438\u0434\u0435\u043d\u0438\u0435\",\"potentialAction\":[{\"@type\":\"SearchAction\",\"target\":{\"@type\":\"EntryPoint\",\"urlTemplate\":\"https:\\\/\\\/www.btv.md\\\/?s={search_term_string}\"},\"query-input\":{\"@type\":\"PropertyValueSpecification\",\"valueRequired\":true,\"valueName\":\"search_term_string\"}}],\"inLanguage\":\"ro-RO\"},{\"@type\":\"Person\",\"@id\":\"https:\\\/\\\/www.btv.md\\\/#\\\/schema\\\/person\\\/8fadce81561b3ce2c34c46dadc4ccbf2\",\"name\":\"admin\"}]}<\/script>\n<!-- \/ Yoast SEO plugin. -->","yoast_head_json":{"title":"O \u021aEAV\u0102 SPART\u0102 A INUNDAT O STRAD\u0102 DIN B\u0102L\u021aI - BTV","robots":{"index":"index","follow":"follow","max-snippet":"max-snippet:-1","max-image-preview":"max-image-preview:large","max-video-preview":"max-video-preview:-1"},"canonical":"https:\/\/www.btv.md\/ro\/o-teava-sparta-a-inundat-o-strada-din-balti\/","og_locale":"ro_RO","og_type":"article","og_title":"O \u021aEAV\u0102 SPART\u0102 A INUNDAT O STRAD\u0102 DIN B\u0102L\u021aI - BTV","og_description":"O \u021beav\u0103 spart\u0103 a inundat Strada Sorocii din B\u0103l\u021bi. Tone de ap\u0103 s-au scurs \u00een gospod\u0103riile locatarilor \u0219i pe drum, provoc\u00e2nd mari pagube \u0219i probleme pentru circula\u021bia rutier\u0103. \u201eLocatarii spun c\u0103 apa a curs ore la r\u00e2nd. C\u00e2nd s-au trezit diminea\u021ba curtea era deja inundat\u0103, culturile distruse, iar mai multe ur\u0103t\u0103nii s-au \u00eenecat. Reprezentan\u021bii Ap\u0103-Canal [&hellip;]","og_url":"https:\/\/www.btv.md\/ro\/o-teava-sparta-a-inundat-o-strada-din-balti\/","og_site_name":"BTV","article_publisher":"https:\/\/www.facebook.com\/btvmoldova\/","article_published_time":"2016-06-30T13:08:24+00:00","article_modified_time":"2016-06-30T13:39:57+00:00","og_image":[{"width":600,"height":400,"url":"https:\/\/www.btv.md\/wp-content\/uploads\/2016\/06\/ht.jpg","type":"image\/jpeg"}],"author":"admin","twitter_misc":{"Scris de":"admin","Timp estimat pentru citire":"1 minut"},"schema":{"@context":"https:\/\/schema.org","@graph":[{"@type":"Article","@id":"https:\/\/www.btv.md\/ro\/o-teava-sparta-a-inundat-o-strada-din-balti\/#article","isPartOf":{"@id":"https:\/\/www.btv.md\/ro\/o-teava-sparta-a-inundat-o-strada-din-balti\/"},"author":{"name":"admin","@id":"https:\/\/www.btv.md\/#\/schema\/person\/8fadce81561b3ce2c34c46dadc4ccbf2"},"headline":"O \u021aEAV\u0102 SPART\u0102 A INUNDAT O STRAD\u0102 DIN B\u0102L\u021aI","datePublished":"2016-06-30T13:08:24+00:00","dateModified":"2016-06-30T13:39:57+00:00","mainEntityOfPage":{"@id":"https:\/\/www.btv.md\/ro\/o-teava-sparta-a-inundat-o-strada-din-balti\/"},"wordCount":296,"image":{"@id":"https:\/\/www.btv.md\/ro\/o-teava-sparta-a-inundat-o-strada-din-balti\/#primaryimage"},"thumbnailUrl":"https:\/\/www.btv.md\/wp-content\/uploads\/2016\/06\/ht.jpg","articleSection":["Ora\u0219"],"inLanguage":"ro-RO"},{"@type":"WebPage","@id":"https:\/\/www.btv.md\/ro\/o-teava-sparta-a-inundat-o-strada-din-balti\/","url":"https:\/\/www.btv.md\/ro\/o-teava-sparta-a-inundat-o-strada-din-balti\/","name":"O \u021aEAV\u0102 SPART\u0102 A INUNDAT O STRAD\u0102 DIN B\u0102L\u021aI - BTV","isPartOf":{"@id":"https:\/\/www.btv.md\/#website"},"primaryImageOfPage":{"@id":"https:\/\/www.btv.md\/ro\/o-teava-sparta-a-inundat-o-strada-din-balti\/#primaryimage"},"image":{"@id":"https:\/\/www.btv.md\/ro\/o-teava-sparta-a-inundat-o-strada-din-balti\/#primaryimage"},"thumbnailUrl":"https:\/\/www.btv.md\/wp-content\/uploads\/2016\/06\/ht.jpg","datePublished":"2016-06-30T13:08:24+00:00","dateModified":"2016-06-30T13:39:57+00:00","author":{"@id":"https:\/\/www.btv.md\/#\/schema\/person\/8fadce81561b3ce2c34c46dadc4ccbf2"},"inLanguage":"ro-RO","potentialAction":[{"@type":"ReadAction","target":["https:\/\/www.btv.md\/ro\/o-teava-sparta-a-inundat-o-strada-din-balti\/"]}]},{"@type":"ImageObject","inLanguage":"ro-RO","@id":"https:\/\/www.btv.md\/ro\/o-teava-sparta-a-inundat-o-strada-din-balti\/#primaryimage","url":"https:\/\/www.btv.md\/wp-content\/uploads\/2016\/06\/ht.jpg","contentUrl":"https:\/\/www.btv.md\/wp-content\/uploads\/2016\/06\/ht.jpg","width":600,"height":400},{"@type":"WebSite","@id":"https:\/\/www.btv.md\/#website","url":"https:\/\/www.btv.md\/","name":"BTV","description":"\u0411\u0435\u043b\u044c\u0446\u043a\u043e\u0435 \u0442\u0435\u043b\u0435\u0432\u0438\u0434\u0435\u043d\u0438\u0435","potentialAction":[{"@type":"SearchAction","target":{"@type":"EntryPoint","urlTemplate":"https:\/\/www.btv.md\/?s={search_term_string}"},"query-input":{"@type":"PropertyValueSpecification","valueRequired":true,"valueName":"search_term_string"}}],"inLanguage":"ro-RO"},{"@type":"Person","@id":"https:\/\/www.btv.md\/#\/schema\/person\/8fadce81561b3ce2c34c46dadc4ccbf2","name":"admin"}]}},"_links":{"self":[{"href":"https:\/\/www.btv.md\/ro\/wp-json\/wp\/v2\/posts\/15266","targetHints":{"allow":["GET"]}}],"collection":[{"href":"https:\/\/www.btv.md\/ro\/wp-json\/wp\/v2\/posts"}],"about":[{"href":"https:\/\/www.btv.md\/ro\/wp-json\/wp\/v2\/types\/post"}],"author":[{"embeddable":true,"href":"https:\/\/www.btv.md\/ro\/wp-json\/wp\/v2\/users\/4"}],"replies":[{"embeddable":true,"href":"https:\/\/www.btv.md\/ro\/wp-json\/wp\/v2\/comments?post=15266"}],"version-history":[{"count":0,"href":"https:\/\/www.btv.md\/ro\/wp-json\/wp\/v2\/posts\/15266\/revisions"}],"wp:featuredmedia":[{"embeddable":true,"href":"https:\/\/www.btv.md\/ro\/wp-json\/wp\/v2\/media\/15267"}],"wp:attachment":[{"href":"https:\/\/www.btv.md\/ro\/wp-json\/wp\/v2\/media?parent=15266"}],"wp:term":[{"taxonomy":"category","embeddable":true,"href":"https:\/\/www.btv.md\/ro\/wp-json\/wp\/v2\/categories?post=15266"},{"taxonomy":"post_tag","embeddable":true,"href":"https:\/\/www.btv.md\/ro\/wp-json\/wp\/v2\/tags?post=15266"}],"curies":[{"name":"wp","href":"https:\/\/api.w.org\/{rel}","templated":true}]}}