{"id":15276,"date":"2016-06-30T17:45:16","date_gmt":"2016-06-30T14:45:16","guid":{"rendered":"http:\/\/btv.md\/?p=15276"},"modified":"2016-06-30T17:45:26","modified_gmt":"2016-06-30T14:45:26","slug":"mai-multi-balteni-au-ramas-fara-apa-la-robinet","status":"publish","type":"post","link":"https:\/\/www.btv.md\/ro\/mai-multi-balteni-au-ramas-fara-apa-la-robinet\/","title":{"rendered":"MAI  MUL\u021aI  B\u0102L\u021aENI  AU  R\u0102MAS  F\u0102R\u0102  AP\u0102  LA  ROBINET"},"content":{"rendered":"<p>Locatarii a dou\u0103 blocuri de pe strada \u015etefan cel Mare din municipiului \u00a0B\u0103l\u021bi au r\u0103mas f\u0103r\u0103 ap\u0103 la robinet. Livrarea a fost sistat\u0103 joi, 30 iunie \u00een jurul orei 9:00. Locatarii spun c\u0103 au fost lua\u021bi prin surprindere de sistarea apei \u0219i c\u0103 au apelat at\u00e2t la furnizorul de ap\u0103, c\u00e2t \u0219i la Gosp\u0103d\u0103ria Locativ Comunal\u0103\u00a0 pentru a clarifica situa\u021bia \u00eens\u0103 f\u0103r\u0103 rezultat.<\/p>\n<p><iframe width=\"1170\" height=\"878\" data-src=\"https:\/\/www.youtube.com\/embed\/C13ScjFaRFE?wmode=transparent&amp;rel=0&amp;feature=oembed\" frameborder=\"0\" allow=\"accelerometer; autoplay; encrypted-media; gyroscope; picture-in-picture\" allowfullscreen src=\"data:image\/svg+xml;base64,PHN2ZyB3aWR0aD0iMSIgaGVpZ2h0PSIxIiB4bWxucz0iaHR0cDovL3d3dy53My5vcmcvMjAwMC9zdmciPjwvc3ZnPg==\" class=\"lazyload\" data-load-mode=\"1\"><\/iframe><\/p>\n<p>Reprezentan\u021bii Regiei ,,Ap\u0103- Canal\u2019\u2019 din B\u0103l\u021bi spun c\u0103 nu cunosc din ce cauza au loc deconect\u0103rile la ap\u0103 de pe Strada\u00a0 \u0218tefan cel Mare.<\/p>\n<p>Reprezentan\u021bii Gospod\u0103riei Locativ Comunale nu au fost de g\u0103sit pentru a comenta situa\u021bia.<\/p>\n","protected":false},"excerpt":{"rendered":"<p>Locatarii a dou\u0103 blocuri de pe strada \u015etefan cel Mare din municipiului \u00a0B\u0103l\u021bi au r\u0103mas f\u0103r\u0103 ap\u0103 la robinet. Livrarea a fost sistat\u0103 joi, 30 iunie \u00een jurul orei 9:00. Locatarii spun c\u0103 au fost lua\u021bi prin surprindere de sistarea apei \u0219i c\u0103 au apelat at\u00e2t la furnizorul de ap\u0103, c\u00e2t \u0219i la Gosp\u0103d\u0103ria Locativ [&hellip;]<\/p>\n","protected":false},"author":4,"featured_media":15277,"comment_status":"closed","ping_status":"closed","sticky":false,"template":"","format":"standard","meta":{"footnotes":""},"categories":[6353],"tags":[],"class_list":["post-15276","post","type-post","status-publish","format-standard","has-post-thumbnail","hentry","category-oras"],"yoast_head":"<!-- This site is optimized with the Yoast SEO plugin v27.4 - https:\/\/yoast.com\/product\/yoast-seo-wordpress\/ -->\n<title>MAI MUL\u021aI B\u0102L\u021aENI AU R\u0102MAS F\u0102R\u0102 AP\u0102 LA ROBINET - BTV<\/title>\n<meta name=\"robots\" content=\"index, follow, max-snippet:-1, max-image-preview:large, max-video-preview:-1\" \/>\n<link rel=\"canonical\" href=\"https:\/\/www.btv.md\/ro\/mai-multi-balteni-au-ramas-fara-apa-la-robinet\/\" \/>\n<meta property=\"og:locale\" content=\"ro_RO\" \/>\n<meta property=\"og:type\" content=\"article\" \/>\n<meta property=\"og:title\" content=\"MAI MUL\u021aI B\u0102L\u021aENI AU R\u0102MAS F\u0102R\u0102 AP\u0102 LA ROBINET - BTV\" \/>\n<meta property=\"og:description\" content=\"Locatarii a dou\u0103 blocuri de pe strada \u015etefan cel Mare din municipiului \u00a0B\u0103l\u021bi au r\u0103mas f\u0103r\u0103 ap\u0103 la robinet. Livrarea a fost sistat\u0103 joi, 30 iunie \u00een jurul orei 9:00. Locatarii spun c\u0103 au fost lua\u021bi prin surprindere de sistarea apei \u0219i c\u0103 au apelat at\u00e2t la furnizorul de ap\u0103, c\u00e2t \u0219i la Gosp\u0103d\u0103ria Locativ [&hellip;]\" \/>\n<meta property=\"og:url\" content=\"https:\/\/www.btv.md\/ro\/mai-multi-balteni-au-ramas-fara-apa-la-robinet\/\" \/>\n<meta property=\"og:site_name\" content=\"BTV\" \/>\n<meta property=\"article:publisher\" content=\"https:\/\/www.facebook.com\/btvmoldova\/\" \/>\n<meta property=\"article:published_time\" content=\"2016-06-30T14:45:16+00:00\" \/>\n<meta property=\"article:modified_time\" content=\"2016-06-30T14:45:26+00:00\" \/>\n<meta property=\"og:image\" content=\"https:\/\/www.btv.md\/wp-content\/uploads\/2016\/06\/tzedhb.jpg\" \/>\n\t<meta property=\"og:image:width\" content=\"600\" \/>\n\t<meta property=\"og:image:height\" content=\"400\" \/>\n\t<meta property=\"og:image:type\" content=\"image\/jpeg\" \/>\n<meta name=\"author\" content=\"admin\" \/>\n<meta name=\"twitter:label1\" content=\"Scris de\" \/>\n\t<meta name=\"twitter:data1\" content=\"admin\" \/>\n\t<meta name=\"twitter:label2\" content=\"Timp estimat pentru citire\" \/>\n\t<meta name=\"twitter:data2\" content=\"1 minut\" \/>\n<script type=\"application\/ld+json\" class=\"yoast-schema-graph\">{\"@context\":\"https:\\\/\\\/schema.org\",\"@graph\":[{\"@type\":\"Article\",\"@id\":\"https:\\\/\\\/www.btv.md\\\/ro\\\/mai-multi-balteni-au-ramas-fara-apa-la-robinet\\\/#article\",\"isPartOf\":{\"@id\":\"https:\\\/\\\/www.btv.md\\\/ro\\\/mai-multi-balteni-au-ramas-fara-apa-la-robinet\\\/\"},\"author\":{\"name\":\"admin\",\"@id\":\"https:\\\/\\\/www.btv.md\\\/#\\\/schema\\\/person\\\/8fadce81561b3ce2c34c46dadc4ccbf2\"},\"headline\":\"MAI MUL\u021aI B\u0102L\u021aENI AU R\u0102MAS F\u0102R\u0102 AP\u0102 LA ROBINET\",\"datePublished\":\"2016-06-30T14:45:16+00:00\",\"dateModified\":\"2016-06-30T14:45:26+00:00\",\"mainEntityOfPage\":{\"@id\":\"https:\\\/\\\/www.btv.md\\\/ro\\\/mai-multi-balteni-au-ramas-fara-apa-la-robinet\\\/\"},\"wordCount\":137,\"image\":{\"@id\":\"https:\\\/\\\/www.btv.md\\\/ro\\\/mai-multi-balteni-au-ramas-fara-apa-la-robinet\\\/#primaryimage\"},\"thumbnailUrl\":\"https:\\\/\\\/www.btv.md\\\/wp-content\\\/uploads\\\/2016\\\/06\\\/tzedhb.jpg\",\"articleSection\":[\"Ora\u0219\"],\"inLanguage\":\"ro-RO\"},{\"@type\":\"WebPage\",\"@id\":\"https:\\\/\\\/www.btv.md\\\/ro\\\/mai-multi-balteni-au-ramas-fara-apa-la-robinet\\\/\",\"url\":\"https:\\\/\\\/www.btv.md\\\/ro\\\/mai-multi-balteni-au-ramas-fara-apa-la-robinet\\\/\",\"name\":\"MAI MUL\u021aI B\u0102L\u021aENI AU R\u0102MAS F\u0102R\u0102 AP\u0102 LA ROBINET - BTV\",\"isPartOf\":{\"@id\":\"https:\\\/\\\/www.btv.md\\\/#website\"},\"primaryImageOfPage\":{\"@id\":\"https:\\\/\\\/www.btv.md\\\/ro\\\/mai-multi-balteni-au-ramas-fara-apa-la-robinet\\\/#primaryimage\"},\"image\":{\"@id\":\"https:\\\/\\\/www.btv.md\\\/ro\\\/mai-multi-balteni-au-ramas-fara-apa-la-robinet\\\/#primaryimage\"},\"thumbnailUrl\":\"https:\\\/\\\/www.btv.md\\\/wp-content\\\/uploads\\\/2016\\\/06\\\/tzedhb.jpg\",\"datePublished\":\"2016-06-30T14:45:16+00:00\",\"dateModified\":\"2016-06-30T14:45:26+00:00\",\"author\":{\"@id\":\"https:\\\/\\\/www.btv.md\\\/#\\\/schema\\\/person\\\/8fadce81561b3ce2c34c46dadc4ccbf2\"},\"inLanguage\":\"ro-RO\",\"potentialAction\":[{\"@type\":\"ReadAction\",\"target\":[\"https:\\\/\\\/www.btv.md\\\/ro\\\/mai-multi-balteni-au-ramas-fara-apa-la-robinet\\\/\"]}]},{\"@type\":\"ImageObject\",\"inLanguage\":\"ro-RO\",\"@id\":\"https:\\\/\\\/www.btv.md\\\/ro\\\/mai-multi-balteni-au-ramas-fara-apa-la-robinet\\\/#primaryimage\",\"url\":\"https:\\\/\\\/www.btv.md\\\/wp-content\\\/uploads\\\/2016\\\/06\\\/tzedhb.jpg\",\"contentUrl\":\"https:\\\/\\\/www.btv.md\\\/wp-content\\\/uploads\\\/2016\\\/06\\\/tzedhb.jpg\",\"width\":600,\"height\":400},{\"@type\":\"WebSite\",\"@id\":\"https:\\\/\\\/www.btv.md\\\/#website\",\"url\":\"https:\\\/\\\/www.btv.md\\\/\",\"name\":\"BTV\",\"description\":\"\u0411\u0435\u043b\u044c\u0446\u043a\u043e\u0435 \u0442\u0435\u043b\u0435\u0432\u0438\u0434\u0435\u043d\u0438\u0435\",\"potentialAction\":[{\"@type\":\"SearchAction\",\"target\":{\"@type\":\"EntryPoint\",\"urlTemplate\":\"https:\\\/\\\/www.btv.md\\\/?s={search_term_string}\"},\"query-input\":{\"@type\":\"PropertyValueSpecification\",\"valueRequired\":true,\"valueName\":\"search_term_string\"}}],\"inLanguage\":\"ro-RO\"},{\"@type\":\"Person\",\"@id\":\"https:\\\/\\\/www.btv.md\\\/#\\\/schema\\\/person\\\/8fadce81561b3ce2c34c46dadc4ccbf2\",\"name\":\"admin\"}]}<\/script>\n<!-- \/ Yoast SEO plugin. -->","yoast_head_json":{"title":"MAI MUL\u021aI B\u0102L\u021aENI AU R\u0102MAS F\u0102R\u0102 AP\u0102 LA ROBINET - BTV","robots":{"index":"index","follow":"follow","max-snippet":"max-snippet:-1","max-image-preview":"max-image-preview:large","max-video-preview":"max-video-preview:-1"},"canonical":"https:\/\/www.btv.md\/ro\/mai-multi-balteni-au-ramas-fara-apa-la-robinet\/","og_locale":"ro_RO","og_type":"article","og_title":"MAI MUL\u021aI B\u0102L\u021aENI AU R\u0102MAS F\u0102R\u0102 AP\u0102 LA ROBINET - BTV","og_description":"Locatarii a dou\u0103 blocuri de pe strada \u015etefan cel Mare din municipiului \u00a0B\u0103l\u021bi au r\u0103mas f\u0103r\u0103 ap\u0103 la robinet. Livrarea a fost sistat\u0103 joi, 30 iunie \u00een jurul orei 9:00. Locatarii spun c\u0103 au fost lua\u021bi prin surprindere de sistarea apei \u0219i c\u0103 au apelat at\u00e2t la furnizorul de ap\u0103, c\u00e2t \u0219i la Gosp\u0103d\u0103ria Locativ [&hellip;]","og_url":"https:\/\/www.btv.md\/ro\/mai-multi-balteni-au-ramas-fara-apa-la-robinet\/","og_site_name":"BTV","article_publisher":"https:\/\/www.facebook.com\/btvmoldova\/","article_published_time":"2016-06-30T14:45:16+00:00","article_modified_time":"2016-06-30T14:45:26+00:00","og_image":[{"width":600,"height":400,"url":"https:\/\/www.btv.md\/wp-content\/uploads\/2016\/06\/tzedhb.jpg","type":"image\/jpeg"}],"author":"admin","twitter_misc":{"Scris de":"admin","Timp estimat pentru citire":"1 minut"},"schema":{"@context":"https:\/\/schema.org","@graph":[{"@type":"Article","@id":"https:\/\/www.btv.md\/ro\/mai-multi-balteni-au-ramas-fara-apa-la-robinet\/#article","isPartOf":{"@id":"https:\/\/www.btv.md\/ro\/mai-multi-balteni-au-ramas-fara-apa-la-robinet\/"},"author":{"name":"admin","@id":"https:\/\/www.btv.md\/#\/schema\/person\/8fadce81561b3ce2c34c46dadc4ccbf2"},"headline":"MAI MUL\u021aI B\u0102L\u021aENI AU R\u0102MAS F\u0102R\u0102 AP\u0102 LA ROBINET","datePublished":"2016-06-30T14:45:16+00:00","dateModified":"2016-06-30T14:45:26+00:00","mainEntityOfPage":{"@id":"https:\/\/www.btv.md\/ro\/mai-multi-balteni-au-ramas-fara-apa-la-robinet\/"},"wordCount":137,"image":{"@id":"https:\/\/www.btv.md\/ro\/mai-multi-balteni-au-ramas-fara-apa-la-robinet\/#primaryimage"},"thumbnailUrl":"https:\/\/www.btv.md\/wp-content\/uploads\/2016\/06\/tzedhb.jpg","articleSection":["Ora\u0219"],"inLanguage":"ro-RO"},{"@type":"WebPage","@id":"https:\/\/www.btv.md\/ro\/mai-multi-balteni-au-ramas-fara-apa-la-robinet\/","url":"https:\/\/www.btv.md\/ro\/mai-multi-balteni-au-ramas-fara-apa-la-robinet\/","name":"MAI MUL\u021aI B\u0102L\u021aENI AU R\u0102MAS F\u0102R\u0102 AP\u0102 LA ROBINET - BTV","isPartOf":{"@id":"https:\/\/www.btv.md\/#website"},"primaryImageOfPage":{"@id":"https:\/\/www.btv.md\/ro\/mai-multi-balteni-au-ramas-fara-apa-la-robinet\/#primaryimage"},"image":{"@id":"https:\/\/www.btv.md\/ro\/mai-multi-balteni-au-ramas-fara-apa-la-robinet\/#primaryimage"},"thumbnailUrl":"https:\/\/www.btv.md\/wp-content\/uploads\/2016\/06\/tzedhb.jpg","datePublished":"2016-06-30T14:45:16+00:00","dateModified":"2016-06-30T14:45:26+00:00","author":{"@id":"https:\/\/www.btv.md\/#\/schema\/person\/8fadce81561b3ce2c34c46dadc4ccbf2"},"inLanguage":"ro-RO","potentialAction":[{"@type":"ReadAction","target":["https:\/\/www.btv.md\/ro\/mai-multi-balteni-au-ramas-fara-apa-la-robinet\/"]}]},{"@type":"ImageObject","inLanguage":"ro-RO","@id":"https:\/\/www.btv.md\/ro\/mai-multi-balteni-au-ramas-fara-apa-la-robinet\/#primaryimage","url":"https:\/\/www.btv.md\/wp-content\/uploads\/2016\/06\/tzedhb.jpg","contentUrl":"https:\/\/www.btv.md\/wp-content\/uploads\/2016\/06\/tzedhb.jpg","width":600,"height":400},{"@type":"WebSite","@id":"https:\/\/www.btv.md\/#website","url":"https:\/\/www.btv.md\/","name":"BTV","description":"\u0411\u0435\u043b\u044c\u0446\u043a\u043e\u0435 \u0442\u0435\u043b\u0435\u0432\u0438\u0434\u0435\u043d\u0438\u0435","potentialAction":[{"@type":"SearchAction","target":{"@type":"EntryPoint","urlTemplate":"https:\/\/www.btv.md\/?s={search_term_string}"},"query-input":{"@type":"PropertyValueSpecification","valueRequired":true,"valueName":"search_term_string"}}],"inLanguage":"ro-RO"},{"@type":"Person","@id":"https:\/\/www.btv.md\/#\/schema\/person\/8fadce81561b3ce2c34c46dadc4ccbf2","name":"admin"}]}},"_links":{"self":[{"href":"https:\/\/www.btv.md\/ro\/wp-json\/wp\/v2\/posts\/15276","targetHints":{"allow":["GET"]}}],"collection":[{"href":"https:\/\/www.btv.md\/ro\/wp-json\/wp\/v2\/posts"}],"about":[{"href":"https:\/\/www.btv.md\/ro\/wp-json\/wp\/v2\/types\/post"}],"author":[{"embeddable":true,"href":"https:\/\/www.btv.md\/ro\/wp-json\/wp\/v2\/users\/4"}],"replies":[{"embeddable":true,"href":"https:\/\/www.btv.md\/ro\/wp-json\/wp\/v2\/comments?post=15276"}],"version-history":[{"count":0,"href":"https:\/\/www.btv.md\/ro\/wp-json\/wp\/v2\/posts\/15276\/revisions"}],"wp:featuredmedia":[{"embeddable":true,"href":"https:\/\/www.btv.md\/ro\/wp-json\/wp\/v2\/media\/15277"}],"wp:attachment":[{"href":"https:\/\/www.btv.md\/ro\/wp-json\/wp\/v2\/media?parent=15276"}],"wp:term":[{"taxonomy":"category","embeddable":true,"href":"https:\/\/www.btv.md\/ro\/wp-json\/wp\/v2\/categories?post=15276"},{"taxonomy":"post_tag","embeddable":true,"href":"https:\/\/www.btv.md\/ro\/wp-json\/wp\/v2\/tags?post=15276"}],"curies":[{"name":"wp","href":"https:\/\/api.w.org\/{rel}","templated":true}]}}