{"id":15285,"date":"2016-06-30T19:03:20","date_gmt":"2016-06-30T16:03:20","guid":{"rendered":"http:\/\/btv.md\/?p=15285"},"modified":"2016-06-30T19:03:37","modified_gmt":"2016-06-30T16:03:37","slug":"acces-liber-pe-piata-din-rusia-pentru-agricultorii-din-nordul-tarii","status":"publish","type":"post","link":"https:\/\/www.btv.md\/ro\/acces-liber-pe-piata-din-rusia-pentru-agricultorii-din-nordul-tarii\/","title":{"rendered":"ACCES  LIBER  PE  PIA\u021aA  DIN  RUSIA PENTRU AGRICULTORII  DIN  NORDUL  \u021a\u0102RII"},"content":{"rendered":"<p><iframe width=\"1170\" height=\"878\" data-src=\"https:\/\/www.youtube.com\/embed\/oY2pL-V-WHE?wmode=transparent&amp;rel=0&amp;feature=oembed\" frameborder=\"0\" allow=\"accelerometer; autoplay; encrypted-media; gyroscope; picture-in-picture\" allowfullscreen src=\"data:image\/svg+xml;base64,PHN2ZyB3aWR0aD0iMSIgaGVpZ2h0PSIxIiB4bWxucz0iaHR0cDovL3d3dy53My5vcmcvMjAwMC9zdmciPjwvc3ZnPg==\" class=\"lazyload\" data-load-mode=\"1\"><\/iframe><\/p>\n<p>Produc\u0103torii de fructe \u0219i legume din nordul \u021b\u0103rii ar putea s\u0103-\u0219i exporte marfa \u00een Federa\u021bia Rus\u0103. Asta dup\u0103 ce prim\u0103ria B\u0103l\u021bi a venit cu o ini\u021biativ\u0103 c\u0103tre administra\u021bia din Sankt Petersburg \u0219i Nijni Novgorod. \u00cen acest sens joi, la prim\u0103ria din B\u0103l\u021bi a avut loc o \u0219edin\u021b\u0103 cu reprezentan\u021bii a 12 raioane, obiectivul c\u0103reia a fost de a estima poten\u021bialul produc\u0103torilor.<\/p>\n<p>La moment, casa de comer\u021b B\u0103l\u021bi, prin intermediul c\u0103reia va fi posibil exportul, a fost deja \u00eenregistrat\u0103 \u00een Sankt Petersburg. De asemenea, acelea\u0219i tratative se duc \u0219i cu administra\u021bia din Nijni Novgorod.<\/p>\n<p>Reprezentatul casei de comer\u021b B\u0103l\u021bi \u00een Sankt Petersburg, Alexandr Gangan a explicat cum va lucra liantul dintre cele dou\u0103 \u021b\u0103ri.<\/p>\n<p>\u00a0Alexandr Gangan a mai ad\u0103ugat c\u0103 cel mai important criteriu \u00een exportarea produselor va fi calitatea, men\u021bion\u00e2nd c\u0103 Rusia manifest\u0103 un interes sporit pentru nuci, miere \u0219i prune uscate, produse \u00een Republica Moldova, dar \u0219i produse lactate sau carne.<\/p>\n<p>Din cauza \u00eenghe\u0163urilor din luna mai, unele culturi au fost afectate. Totu\u0219i, volumul de produse care urmeaz\u0103 s\u0103 fie recoltat va fi suficient pentru a demara exportul c\u0103tre Rusia, a declarat Leonid Babii. Reprezentan\u021bii celor 12 raioane spun c\u0103 proiectul este de bun augur.<\/p>\n<p>Vestea bun\u0103 pentru produc\u0103torii autohtoni este c\u0103 vor avea parte \u0219i de locuri speciale la iarmaroacele din Sankt-Petersburg.<\/p>\n<p>Reprezentan\u021bii de raioane au la dispozi\u021bie o s\u0103pt\u0103m\u00e2n\u0103 pentru a veni cu date concrete despre num\u0103rul poten\u021bialilor exportatori \u0219i cantitatea produselor. Ulterior, va fi posibil de stabilit mecanismele de transportare a m\u0103rfii, dar \u0219i pre\u021burile.<\/p>\n<p>&nbsp;<\/p>\n","protected":false},"excerpt":{"rendered":"<p>Produc\u0103torii de fructe \u0219i legume din nordul \u021b\u0103rii ar putea s\u0103-\u0219i exporte marfa \u00een Federa\u021bia Rus\u0103. Asta dup\u0103 ce prim\u0103ria B\u0103l\u021bi a venit cu o ini\u021biativ\u0103 c\u0103tre administra\u021bia din Sankt Petersburg \u0219i Nijni Novgorod. \u00cen acest sens joi, la prim\u0103ria din B\u0103l\u021bi a avut loc o \u0219edin\u021b\u0103 cu reprezentan\u021bii a 12 raioane, obiectivul c\u0103reia a [&hellip;]<\/p>\n","protected":false},"author":4,"featured_media":15286,"comment_status":"closed","ping_status":"closed","sticky":false,"template":"","format":"standard","meta":{"footnotes":""},"categories":[6349],"tags":[],"class_list":["post-15285","post","type-post","status-publish","format-standard","has-post-thumbnail","hentry","category-social"],"yoast_head":"<!-- This site is optimized with the Yoast SEO plugin v27.4 - https:\/\/yoast.com\/product\/yoast-seo-wordpress\/ -->\n<title>ACCES LIBER PE PIA\u021aA DIN RUSIA PENTRU AGRICULTORII DIN NORDUL \u021a\u0102RII - BTV<\/title>\n<meta name=\"robots\" content=\"index, follow, max-snippet:-1, max-image-preview:large, max-video-preview:-1\" \/>\n<link rel=\"canonical\" href=\"https:\/\/www.btv.md\/ro\/acces-liber-pe-piata-din-rusia-pentru-agricultorii-din-nordul-tarii\/\" \/>\n<meta property=\"og:locale\" content=\"ro_RO\" \/>\n<meta property=\"og:type\" content=\"article\" \/>\n<meta property=\"og:title\" content=\"ACCES LIBER PE PIA\u021aA DIN RUSIA PENTRU AGRICULTORII DIN NORDUL \u021a\u0102RII - BTV\" \/>\n<meta property=\"og:description\" content=\"Produc\u0103torii de fructe \u0219i legume din nordul \u021b\u0103rii ar putea s\u0103-\u0219i exporte marfa \u00een Federa\u021bia Rus\u0103. Asta dup\u0103 ce prim\u0103ria B\u0103l\u021bi a venit cu o ini\u021biativ\u0103 c\u0103tre administra\u021bia din Sankt Petersburg \u0219i Nijni Novgorod. \u00cen acest sens joi, la prim\u0103ria din B\u0103l\u021bi a avut loc o \u0219edin\u021b\u0103 cu reprezentan\u021bii a 12 raioane, obiectivul c\u0103reia a [&hellip;]\" \/>\n<meta property=\"og:url\" content=\"https:\/\/www.btv.md\/ro\/acces-liber-pe-piata-din-rusia-pentru-agricultorii-din-nordul-tarii\/\" \/>\n<meta property=\"og:site_name\" content=\"BTV\" \/>\n<meta property=\"article:publisher\" content=\"https:\/\/www.facebook.com\/btvmoldova\/\" \/>\n<meta property=\"article:published_time\" content=\"2016-06-30T16:03:20+00:00\" \/>\n<meta property=\"article:modified_time\" content=\"2016-06-30T16:03:37+00:00\" \/>\n<meta property=\"og:image\" content=\"https:\/\/www.btv.md\/wp-content\/uploads\/2016\/06\/htyek.jpg\" \/>\n\t<meta property=\"og:image:width\" content=\"600\" \/>\n\t<meta property=\"og:image:height\" content=\"400\" \/>\n\t<meta property=\"og:image:type\" content=\"image\/jpeg\" \/>\n<meta name=\"author\" content=\"admin\" \/>\n<meta name=\"twitter:label1\" content=\"Scris de\" \/>\n\t<meta name=\"twitter:data1\" content=\"admin\" \/>\n\t<meta name=\"twitter:label2\" content=\"Timp estimat pentru citire\" \/>\n\t<meta name=\"twitter:data2\" content=\"1 minut\" \/>\n<script type=\"application\/ld+json\" class=\"yoast-schema-graph\">{\"@context\":\"https:\\\/\\\/schema.org\",\"@graph\":[{\"@type\":\"Article\",\"@id\":\"https:\\\/\\\/www.btv.md\\\/ro\\\/acces-liber-pe-piata-din-rusia-pentru-agricultorii-din-nordul-tarii\\\/#article\",\"isPartOf\":{\"@id\":\"https:\\\/\\\/www.btv.md\\\/ro\\\/acces-liber-pe-piata-din-rusia-pentru-agricultorii-din-nordul-tarii\\\/\"},\"author\":{\"name\":\"admin\",\"@id\":\"https:\\\/\\\/www.btv.md\\\/#\\\/schema\\\/person\\\/8fadce81561b3ce2c34c46dadc4ccbf2\"},\"headline\":\"ACCES LIBER PE PIA\u021aA DIN RUSIA PENTRU AGRICULTORII DIN NORDUL \u021a\u0102RII\",\"datePublished\":\"2016-06-30T16:03:20+00:00\",\"dateModified\":\"2016-06-30T16:03:37+00:00\",\"mainEntityOfPage\":{\"@id\":\"https:\\\/\\\/www.btv.md\\\/ro\\\/acces-liber-pe-piata-din-rusia-pentru-agricultorii-din-nordul-tarii\\\/\"},\"wordCount\":306,\"image\":{\"@id\":\"https:\\\/\\\/www.btv.md\\\/ro\\\/acces-liber-pe-piata-din-rusia-pentru-agricultorii-din-nordul-tarii\\\/#primaryimage\"},\"thumbnailUrl\":\"https:\\\/\\\/www.btv.md\\\/wp-content\\\/uploads\\\/2016\\\/06\\\/htyek.jpg\",\"articleSection\":[\"Social\"],\"inLanguage\":\"ro-RO\"},{\"@type\":\"WebPage\",\"@id\":\"https:\\\/\\\/www.btv.md\\\/ro\\\/acces-liber-pe-piata-din-rusia-pentru-agricultorii-din-nordul-tarii\\\/\",\"url\":\"https:\\\/\\\/www.btv.md\\\/ro\\\/acces-liber-pe-piata-din-rusia-pentru-agricultorii-din-nordul-tarii\\\/\",\"name\":\"ACCES LIBER PE PIA\u021aA DIN RUSIA PENTRU AGRICULTORII DIN NORDUL \u021a\u0102RII - BTV\",\"isPartOf\":{\"@id\":\"https:\\\/\\\/www.btv.md\\\/#website\"},\"primaryImageOfPage\":{\"@id\":\"https:\\\/\\\/www.btv.md\\\/ro\\\/acces-liber-pe-piata-din-rusia-pentru-agricultorii-din-nordul-tarii\\\/#primaryimage\"},\"image\":{\"@id\":\"https:\\\/\\\/www.btv.md\\\/ro\\\/acces-liber-pe-piata-din-rusia-pentru-agricultorii-din-nordul-tarii\\\/#primaryimage\"},\"thumbnailUrl\":\"https:\\\/\\\/www.btv.md\\\/wp-content\\\/uploads\\\/2016\\\/06\\\/htyek.jpg\",\"datePublished\":\"2016-06-30T16:03:20+00:00\",\"dateModified\":\"2016-06-30T16:03:37+00:00\",\"author\":{\"@id\":\"https:\\\/\\\/www.btv.md\\\/#\\\/schema\\\/person\\\/8fadce81561b3ce2c34c46dadc4ccbf2\"},\"inLanguage\":\"ro-RO\",\"potentialAction\":[{\"@type\":\"ReadAction\",\"target\":[\"https:\\\/\\\/www.btv.md\\\/ro\\\/acces-liber-pe-piata-din-rusia-pentru-agricultorii-din-nordul-tarii\\\/\"]}]},{\"@type\":\"ImageObject\",\"inLanguage\":\"ro-RO\",\"@id\":\"https:\\\/\\\/www.btv.md\\\/ro\\\/acces-liber-pe-piata-din-rusia-pentru-agricultorii-din-nordul-tarii\\\/#primaryimage\",\"url\":\"https:\\\/\\\/www.btv.md\\\/wp-content\\\/uploads\\\/2016\\\/06\\\/htyek.jpg\",\"contentUrl\":\"https:\\\/\\\/www.btv.md\\\/wp-content\\\/uploads\\\/2016\\\/06\\\/htyek.jpg\",\"width\":600,\"height\":400},{\"@type\":\"WebSite\",\"@id\":\"https:\\\/\\\/www.btv.md\\\/#website\",\"url\":\"https:\\\/\\\/www.btv.md\\\/\",\"name\":\"BTV\",\"description\":\"\u0411\u0435\u043b\u044c\u0446\u043a\u043e\u0435 \u0442\u0435\u043b\u0435\u0432\u0438\u0434\u0435\u043d\u0438\u0435\",\"potentialAction\":[{\"@type\":\"SearchAction\",\"target\":{\"@type\":\"EntryPoint\",\"urlTemplate\":\"https:\\\/\\\/www.btv.md\\\/?s={search_term_string}\"},\"query-input\":{\"@type\":\"PropertyValueSpecification\",\"valueRequired\":true,\"valueName\":\"search_term_string\"}}],\"inLanguage\":\"ro-RO\"},{\"@type\":\"Person\",\"@id\":\"https:\\\/\\\/www.btv.md\\\/#\\\/schema\\\/person\\\/8fadce81561b3ce2c34c46dadc4ccbf2\",\"name\":\"admin\"}]}<\/script>\n<!-- \/ Yoast SEO plugin. -->","yoast_head_json":{"title":"ACCES LIBER PE PIA\u021aA DIN RUSIA PENTRU AGRICULTORII DIN NORDUL \u021a\u0102RII - BTV","robots":{"index":"index","follow":"follow","max-snippet":"max-snippet:-1","max-image-preview":"max-image-preview:large","max-video-preview":"max-video-preview:-1"},"canonical":"https:\/\/www.btv.md\/ro\/acces-liber-pe-piata-din-rusia-pentru-agricultorii-din-nordul-tarii\/","og_locale":"ro_RO","og_type":"article","og_title":"ACCES LIBER PE PIA\u021aA DIN RUSIA PENTRU AGRICULTORII DIN NORDUL \u021a\u0102RII - BTV","og_description":"Produc\u0103torii de fructe \u0219i legume din nordul \u021b\u0103rii ar putea s\u0103-\u0219i exporte marfa \u00een Federa\u021bia Rus\u0103. Asta dup\u0103 ce prim\u0103ria B\u0103l\u021bi a venit cu o ini\u021biativ\u0103 c\u0103tre administra\u021bia din Sankt Petersburg \u0219i Nijni Novgorod. \u00cen acest sens joi, la prim\u0103ria din B\u0103l\u021bi a avut loc o \u0219edin\u021b\u0103 cu reprezentan\u021bii a 12 raioane, obiectivul c\u0103reia a [&hellip;]","og_url":"https:\/\/www.btv.md\/ro\/acces-liber-pe-piata-din-rusia-pentru-agricultorii-din-nordul-tarii\/","og_site_name":"BTV","article_publisher":"https:\/\/www.facebook.com\/btvmoldova\/","article_published_time":"2016-06-30T16:03:20+00:00","article_modified_time":"2016-06-30T16:03:37+00:00","og_image":[{"width":600,"height":400,"url":"https:\/\/www.btv.md\/wp-content\/uploads\/2016\/06\/htyek.jpg","type":"image\/jpeg"}],"author":"admin","twitter_misc":{"Scris de":"admin","Timp estimat pentru citire":"1 minut"},"schema":{"@context":"https:\/\/schema.org","@graph":[{"@type":"Article","@id":"https:\/\/www.btv.md\/ro\/acces-liber-pe-piata-din-rusia-pentru-agricultorii-din-nordul-tarii\/#article","isPartOf":{"@id":"https:\/\/www.btv.md\/ro\/acces-liber-pe-piata-din-rusia-pentru-agricultorii-din-nordul-tarii\/"},"author":{"name":"admin","@id":"https:\/\/www.btv.md\/#\/schema\/person\/8fadce81561b3ce2c34c46dadc4ccbf2"},"headline":"ACCES LIBER PE PIA\u021aA DIN RUSIA PENTRU AGRICULTORII DIN NORDUL \u021a\u0102RII","datePublished":"2016-06-30T16:03:20+00:00","dateModified":"2016-06-30T16:03:37+00:00","mainEntityOfPage":{"@id":"https:\/\/www.btv.md\/ro\/acces-liber-pe-piata-din-rusia-pentru-agricultorii-din-nordul-tarii\/"},"wordCount":306,"image":{"@id":"https:\/\/www.btv.md\/ro\/acces-liber-pe-piata-din-rusia-pentru-agricultorii-din-nordul-tarii\/#primaryimage"},"thumbnailUrl":"https:\/\/www.btv.md\/wp-content\/uploads\/2016\/06\/htyek.jpg","articleSection":["Social"],"inLanguage":"ro-RO"},{"@type":"WebPage","@id":"https:\/\/www.btv.md\/ro\/acces-liber-pe-piata-din-rusia-pentru-agricultorii-din-nordul-tarii\/","url":"https:\/\/www.btv.md\/ro\/acces-liber-pe-piata-din-rusia-pentru-agricultorii-din-nordul-tarii\/","name":"ACCES LIBER PE PIA\u021aA DIN RUSIA PENTRU AGRICULTORII DIN NORDUL \u021a\u0102RII - BTV","isPartOf":{"@id":"https:\/\/www.btv.md\/#website"},"primaryImageOfPage":{"@id":"https:\/\/www.btv.md\/ro\/acces-liber-pe-piata-din-rusia-pentru-agricultorii-din-nordul-tarii\/#primaryimage"},"image":{"@id":"https:\/\/www.btv.md\/ro\/acces-liber-pe-piata-din-rusia-pentru-agricultorii-din-nordul-tarii\/#primaryimage"},"thumbnailUrl":"https:\/\/www.btv.md\/wp-content\/uploads\/2016\/06\/htyek.jpg","datePublished":"2016-06-30T16:03:20+00:00","dateModified":"2016-06-30T16:03:37+00:00","author":{"@id":"https:\/\/www.btv.md\/#\/schema\/person\/8fadce81561b3ce2c34c46dadc4ccbf2"},"inLanguage":"ro-RO","potentialAction":[{"@type":"ReadAction","target":["https:\/\/www.btv.md\/ro\/acces-liber-pe-piata-din-rusia-pentru-agricultorii-din-nordul-tarii\/"]}]},{"@type":"ImageObject","inLanguage":"ro-RO","@id":"https:\/\/www.btv.md\/ro\/acces-liber-pe-piata-din-rusia-pentru-agricultorii-din-nordul-tarii\/#primaryimage","url":"https:\/\/www.btv.md\/wp-content\/uploads\/2016\/06\/htyek.jpg","contentUrl":"https:\/\/www.btv.md\/wp-content\/uploads\/2016\/06\/htyek.jpg","width":600,"height":400},{"@type":"WebSite","@id":"https:\/\/www.btv.md\/#website","url":"https:\/\/www.btv.md\/","name":"BTV","description":"\u0411\u0435\u043b\u044c\u0446\u043a\u043e\u0435 \u0442\u0435\u043b\u0435\u0432\u0438\u0434\u0435\u043d\u0438\u0435","potentialAction":[{"@type":"SearchAction","target":{"@type":"EntryPoint","urlTemplate":"https:\/\/www.btv.md\/?s={search_term_string}"},"query-input":{"@type":"PropertyValueSpecification","valueRequired":true,"valueName":"search_term_string"}}],"inLanguage":"ro-RO"},{"@type":"Person","@id":"https:\/\/www.btv.md\/#\/schema\/person\/8fadce81561b3ce2c34c46dadc4ccbf2","name":"admin"}]}},"_links":{"self":[{"href":"https:\/\/www.btv.md\/ro\/wp-json\/wp\/v2\/posts\/15285","targetHints":{"allow":["GET"]}}],"collection":[{"href":"https:\/\/www.btv.md\/ro\/wp-json\/wp\/v2\/posts"}],"about":[{"href":"https:\/\/www.btv.md\/ro\/wp-json\/wp\/v2\/types\/post"}],"author":[{"embeddable":true,"href":"https:\/\/www.btv.md\/ro\/wp-json\/wp\/v2\/users\/4"}],"replies":[{"embeddable":true,"href":"https:\/\/www.btv.md\/ro\/wp-json\/wp\/v2\/comments?post=15285"}],"version-history":[{"count":0,"href":"https:\/\/www.btv.md\/ro\/wp-json\/wp\/v2\/posts\/15285\/revisions"}],"wp:featuredmedia":[{"embeddable":true,"href":"https:\/\/www.btv.md\/ro\/wp-json\/wp\/v2\/media\/15286"}],"wp:attachment":[{"href":"https:\/\/www.btv.md\/ro\/wp-json\/wp\/v2\/media?parent=15285"}],"wp:term":[{"taxonomy":"category","embeddable":true,"href":"https:\/\/www.btv.md\/ro\/wp-json\/wp\/v2\/categories?post=15285"},{"taxonomy":"post_tag","embeddable":true,"href":"https:\/\/www.btv.md\/ro\/wp-json\/wp\/v2\/tags?post=15285"}],"curies":[{"name":"wp","href":"https:\/\/api.w.org\/{rel}","templated":true}]}}