{"id":15294,"date":"2016-07-01T15:48:30","date_gmt":"2016-07-01T12:48:30","guid":{"rendered":"http:\/\/btv.md\/?p=15294"},"modified":"2016-07-01T15:48:46","modified_gmt":"2016-07-01T12:48:46","slug":"au-depus-juramantul-militar-intr-o-zi-memorabila","status":"publish","type":"post","link":"https:\/\/www.btv.md\/ro\/au-depus-juramantul-militar-intr-o-zi-memorabila\/","title":{"rendered":"AU  DEPUS  JUR\u0102M\u00c2NTUL  MILITAR  \u00ceNTR-O  ZI  MEMORABIL\u0102"},"content":{"rendered":"<p>Unitatea militar\u0103 din B\u0103l\u021bi a avut parte vineri de o dubl\u0103 s\u0103rb\u0103toare. Pe l\u00e2ng\u0103 faptul c\u0103 aceasta a \u00eemplinit 23 de ani de la fondare, zeci de carabinieri au depus \u00een aceea\u015fi \u00a0jur\u0103m\u00e2ntul militar. \u00cembr\u0103ca\u0163i \u00een uniforme de gal\u0103, cu m\u0103nu\u015fi albe \u015fi arma sub bra\u0163, tinerii carabinieri au strigat sub privirile emo\u0163ionate ale p\u0103rin\u0163ilor, bunicilor \u015fi iubitelor \u201eServesc Republicii Moldova!\u201d<\/p>\n<p><iframe width=\"1170\" height=\"878\" data-src=\"https:\/\/www.youtube.com\/embed\/1ELU4Df-qFM?wmode=transparent&amp;rel=0&amp;feature=oembed\" frameborder=\"0\" allow=\"accelerometer; autoplay; encrypted-media; gyroscope; picture-in-picture\" allowfullscreen src=\"data:image\/svg+xml;base64,PHN2ZyB3aWR0aD0iMSIgaGVpZ2h0PSIxIiB4bWxucz0iaHR0cDovL3d3dy53My5vcmcvMjAwMC9zdmciPjwvc3ZnPg==\" class=\"lazyload\" data-load-mode=\"1\"><\/iframe><\/p>\n<p><strong>Militarii care au jurat devotament \u021b\u0103rii, spun c\u0103 sunt gata pentru orice sacrificiu \u0219i c\u0103 au venit la armat\u0103 pentru a-\u0219i afla rostul \u00een via\u021b\u0103.<\/strong><\/p>\n<p><strong>Potrivit rudelor, unii militari au venit din prorpia ini\u021biat\u0103v\u0103, al\u021bii de nevoie.<\/strong><\/p>\n<p>Comandantul unit\u0103\u0163ii, Evghen Gorodenco, a declarat c\u0103 aniversarea a 23 de ani de la fondare trebuia s\u0103 aib\u0103 loc mai devreme, doar c\u0103 militarii au fost antrena\u021bi \u00een lichidarea consecin\u021belor unor calamit\u0103\u021bi naturale.<\/p>\n<p>La eveniment a luat parte \u0219i comandantul adjunct al Trupelor de Carabinieri, \u0219ef al Direc\u021biei Logistice, colonelul Alexandru Vieru. Acesta a urat succes prospe\u021bilor militari \u0219i a felicitat \u00eentreg efectivul cu ocazia anivers\u0103rii, men\u021bion\u00e2nd despre importan\u021ba unit\u0103\u021bii din B\u0103l\u021bi pentru siguran\u021ba \u00eentregii \u021b\u0103ri.<\/p>\n<p>Jur\u0103m\u00e2ntul militar a fost depus de peste 70 de militari, care au fost instrui\u021bi timp de o lun\u0103, pentru a fi gata s\u0103 slujeasc\u0103 mai departe.<\/p>\n","protected":false},"excerpt":{"rendered":"<p>Unitatea militar\u0103 din B\u0103l\u021bi a avut parte vineri de o dubl\u0103 s\u0103rb\u0103toare. Pe l\u00e2ng\u0103 faptul c\u0103 aceasta a \u00eemplinit 23 de ani de la fondare, zeci de carabinieri au depus \u00een aceea\u015fi \u00a0jur\u0103m\u00e2ntul militar. \u00cembr\u0103ca\u0163i \u00een uniforme de gal\u0103, cu m\u0103nu\u015fi albe \u015fi arma sub bra\u0163, tinerii carabinieri au strigat sub privirile emo\u0163ionate ale p\u0103rin\u0163ilor, [&hellip;]<\/p>\n","protected":false},"author":4,"featured_media":15295,"comment_status":"closed","ping_status":"closed","sticky":false,"template":"","format":"standard","meta":{"footnotes":""},"categories":[6349],"tags":[],"class_list":["post-15294","post","type-post","status-publish","format-standard","has-post-thumbnail","hentry","category-social"],"yoast_head":"<!-- This site is optimized with the Yoast SEO plugin v27.4 - https:\/\/yoast.com\/product\/yoast-seo-wordpress\/ -->\n<title>AU DEPUS JUR\u0102M\u00c2NTUL MILITAR \u00ceNTR-O ZI MEMORABIL\u0102 - BTV<\/title>\n<meta name=\"robots\" content=\"index, follow, max-snippet:-1, max-image-preview:large, max-video-preview:-1\" \/>\n<link rel=\"canonical\" href=\"https:\/\/www.btv.md\/ro\/au-depus-juramantul-militar-intr-o-zi-memorabila\/\" \/>\n<meta property=\"og:locale\" content=\"ro_RO\" \/>\n<meta property=\"og:type\" content=\"article\" \/>\n<meta property=\"og:title\" content=\"AU DEPUS JUR\u0102M\u00c2NTUL MILITAR \u00ceNTR-O ZI MEMORABIL\u0102 - BTV\" \/>\n<meta property=\"og:description\" content=\"Unitatea militar\u0103 din B\u0103l\u021bi a avut parte vineri de o dubl\u0103 s\u0103rb\u0103toare. Pe l\u00e2ng\u0103 faptul c\u0103 aceasta a \u00eemplinit 23 de ani de la fondare, zeci de carabinieri au depus \u00een aceea\u015fi \u00a0jur\u0103m\u00e2ntul militar. \u00cembr\u0103ca\u0163i \u00een uniforme de gal\u0103, cu m\u0103nu\u015fi albe \u015fi arma sub bra\u0163, tinerii carabinieri au strigat sub privirile emo\u0163ionate ale p\u0103rin\u0163ilor, [&hellip;]\" \/>\n<meta property=\"og:url\" content=\"https:\/\/www.btv.md\/ro\/au-depus-juramantul-militar-intr-o-zi-memorabila\/\" \/>\n<meta property=\"og:site_name\" content=\"BTV\" \/>\n<meta property=\"article:publisher\" content=\"https:\/\/www.facebook.com\/btvmoldova\/\" \/>\n<meta property=\"article:published_time\" content=\"2016-07-01T12:48:30+00:00\" \/>\n<meta property=\"article:modified_time\" content=\"2016-07-01T12:48:46+00:00\" \/>\n<meta property=\"og:image\" content=\"https:\/\/www.btv.md\/wp-content\/uploads\/2016\/07\/vvvvvvvvv.jpg\" \/>\n\t<meta property=\"og:image:width\" content=\"600\" \/>\n\t<meta property=\"og:image:height\" content=\"400\" \/>\n\t<meta property=\"og:image:type\" content=\"image\/jpeg\" \/>\n<meta name=\"author\" content=\"admin\" \/>\n<meta name=\"twitter:label1\" content=\"Scris de\" \/>\n\t<meta name=\"twitter:data1\" content=\"admin\" \/>\n\t<meta name=\"twitter:label2\" content=\"Timp estimat pentru citire\" \/>\n\t<meta name=\"twitter:data2\" content=\"1 minut\" \/>\n<script type=\"application\/ld+json\" class=\"yoast-schema-graph\">{\"@context\":\"https:\\\/\\\/schema.org\",\"@graph\":[{\"@type\":\"Article\",\"@id\":\"https:\\\/\\\/www.btv.md\\\/ro\\\/au-depus-juramantul-militar-intr-o-zi-memorabila\\\/#article\",\"isPartOf\":{\"@id\":\"https:\\\/\\\/www.btv.md\\\/ro\\\/au-depus-juramantul-militar-intr-o-zi-memorabila\\\/\"},\"author\":{\"name\":\"admin\",\"@id\":\"https:\\\/\\\/www.btv.md\\\/#\\\/schema\\\/person\\\/8fadce81561b3ce2c34c46dadc4ccbf2\"},\"headline\":\"AU DEPUS JUR\u0102M\u00c2NTUL MILITAR \u00ceNTR-O ZI MEMORABIL\u0102\",\"datePublished\":\"2016-07-01T12:48:30+00:00\",\"dateModified\":\"2016-07-01T12:48:46+00:00\",\"mainEntityOfPage\":{\"@id\":\"https:\\\/\\\/www.btv.md\\\/ro\\\/au-depus-juramantul-militar-intr-o-zi-memorabila\\\/\"},\"wordCount\":247,\"image\":{\"@id\":\"https:\\\/\\\/www.btv.md\\\/ro\\\/au-depus-juramantul-militar-intr-o-zi-memorabila\\\/#primaryimage\"},\"thumbnailUrl\":\"https:\\\/\\\/www.btv.md\\\/wp-content\\\/uploads\\\/2016\\\/07\\\/vvvvvvvvv.jpg\",\"articleSection\":[\"Social\"],\"inLanguage\":\"ro-RO\"},{\"@type\":\"WebPage\",\"@id\":\"https:\\\/\\\/www.btv.md\\\/ro\\\/au-depus-juramantul-militar-intr-o-zi-memorabila\\\/\",\"url\":\"https:\\\/\\\/www.btv.md\\\/ro\\\/au-depus-juramantul-militar-intr-o-zi-memorabila\\\/\",\"name\":\"AU DEPUS JUR\u0102M\u00c2NTUL MILITAR \u00ceNTR-O ZI MEMORABIL\u0102 - BTV\",\"isPartOf\":{\"@id\":\"https:\\\/\\\/www.btv.md\\\/#website\"},\"primaryImageOfPage\":{\"@id\":\"https:\\\/\\\/www.btv.md\\\/ro\\\/au-depus-juramantul-militar-intr-o-zi-memorabila\\\/#primaryimage\"},\"image\":{\"@id\":\"https:\\\/\\\/www.btv.md\\\/ro\\\/au-depus-juramantul-militar-intr-o-zi-memorabila\\\/#primaryimage\"},\"thumbnailUrl\":\"https:\\\/\\\/www.btv.md\\\/wp-content\\\/uploads\\\/2016\\\/07\\\/vvvvvvvvv.jpg\",\"datePublished\":\"2016-07-01T12:48:30+00:00\",\"dateModified\":\"2016-07-01T12:48:46+00:00\",\"author\":{\"@id\":\"https:\\\/\\\/www.btv.md\\\/#\\\/schema\\\/person\\\/8fadce81561b3ce2c34c46dadc4ccbf2\"},\"inLanguage\":\"ro-RO\",\"potentialAction\":[{\"@type\":\"ReadAction\",\"target\":[\"https:\\\/\\\/www.btv.md\\\/ro\\\/au-depus-juramantul-militar-intr-o-zi-memorabila\\\/\"]}]},{\"@type\":\"ImageObject\",\"inLanguage\":\"ro-RO\",\"@id\":\"https:\\\/\\\/www.btv.md\\\/ro\\\/au-depus-juramantul-militar-intr-o-zi-memorabila\\\/#primaryimage\",\"url\":\"https:\\\/\\\/www.btv.md\\\/wp-content\\\/uploads\\\/2016\\\/07\\\/vvvvvvvvv.jpg\",\"contentUrl\":\"https:\\\/\\\/www.btv.md\\\/wp-content\\\/uploads\\\/2016\\\/07\\\/vvvvvvvvv.jpg\",\"width\":600,\"height\":400},{\"@type\":\"WebSite\",\"@id\":\"https:\\\/\\\/www.btv.md\\\/#website\",\"url\":\"https:\\\/\\\/www.btv.md\\\/\",\"name\":\"BTV\",\"description\":\"\u0411\u0435\u043b\u044c\u0446\u043a\u043e\u0435 \u0442\u0435\u043b\u0435\u0432\u0438\u0434\u0435\u043d\u0438\u0435\",\"potentialAction\":[{\"@type\":\"SearchAction\",\"target\":{\"@type\":\"EntryPoint\",\"urlTemplate\":\"https:\\\/\\\/www.btv.md\\\/?s={search_term_string}\"},\"query-input\":{\"@type\":\"PropertyValueSpecification\",\"valueRequired\":true,\"valueName\":\"search_term_string\"}}],\"inLanguage\":\"ro-RO\"},{\"@type\":\"Person\",\"@id\":\"https:\\\/\\\/www.btv.md\\\/#\\\/schema\\\/person\\\/8fadce81561b3ce2c34c46dadc4ccbf2\",\"name\":\"admin\"}]}<\/script>\n<!-- \/ Yoast SEO plugin. -->","yoast_head_json":{"title":"AU DEPUS JUR\u0102M\u00c2NTUL MILITAR \u00ceNTR-O ZI MEMORABIL\u0102 - BTV","robots":{"index":"index","follow":"follow","max-snippet":"max-snippet:-1","max-image-preview":"max-image-preview:large","max-video-preview":"max-video-preview:-1"},"canonical":"https:\/\/www.btv.md\/ro\/au-depus-juramantul-militar-intr-o-zi-memorabila\/","og_locale":"ro_RO","og_type":"article","og_title":"AU DEPUS JUR\u0102M\u00c2NTUL MILITAR \u00ceNTR-O ZI MEMORABIL\u0102 - BTV","og_description":"Unitatea militar\u0103 din B\u0103l\u021bi a avut parte vineri de o dubl\u0103 s\u0103rb\u0103toare. Pe l\u00e2ng\u0103 faptul c\u0103 aceasta a \u00eemplinit 23 de ani de la fondare, zeci de carabinieri au depus \u00een aceea\u015fi \u00a0jur\u0103m\u00e2ntul militar. \u00cembr\u0103ca\u0163i \u00een uniforme de gal\u0103, cu m\u0103nu\u015fi albe \u015fi arma sub bra\u0163, tinerii carabinieri au strigat sub privirile emo\u0163ionate ale p\u0103rin\u0163ilor, [&hellip;]","og_url":"https:\/\/www.btv.md\/ro\/au-depus-juramantul-militar-intr-o-zi-memorabila\/","og_site_name":"BTV","article_publisher":"https:\/\/www.facebook.com\/btvmoldova\/","article_published_time":"2016-07-01T12:48:30+00:00","article_modified_time":"2016-07-01T12:48:46+00:00","og_image":[{"width":600,"height":400,"url":"https:\/\/www.btv.md\/wp-content\/uploads\/2016\/07\/vvvvvvvvv.jpg","type":"image\/jpeg"}],"author":"admin","twitter_misc":{"Scris de":"admin","Timp estimat pentru citire":"1 minut"},"schema":{"@context":"https:\/\/schema.org","@graph":[{"@type":"Article","@id":"https:\/\/www.btv.md\/ro\/au-depus-juramantul-militar-intr-o-zi-memorabila\/#article","isPartOf":{"@id":"https:\/\/www.btv.md\/ro\/au-depus-juramantul-militar-intr-o-zi-memorabila\/"},"author":{"name":"admin","@id":"https:\/\/www.btv.md\/#\/schema\/person\/8fadce81561b3ce2c34c46dadc4ccbf2"},"headline":"AU DEPUS JUR\u0102M\u00c2NTUL MILITAR \u00ceNTR-O ZI MEMORABIL\u0102","datePublished":"2016-07-01T12:48:30+00:00","dateModified":"2016-07-01T12:48:46+00:00","mainEntityOfPage":{"@id":"https:\/\/www.btv.md\/ro\/au-depus-juramantul-militar-intr-o-zi-memorabila\/"},"wordCount":247,"image":{"@id":"https:\/\/www.btv.md\/ro\/au-depus-juramantul-militar-intr-o-zi-memorabila\/#primaryimage"},"thumbnailUrl":"https:\/\/www.btv.md\/wp-content\/uploads\/2016\/07\/vvvvvvvvv.jpg","articleSection":["Social"],"inLanguage":"ro-RO"},{"@type":"WebPage","@id":"https:\/\/www.btv.md\/ro\/au-depus-juramantul-militar-intr-o-zi-memorabila\/","url":"https:\/\/www.btv.md\/ro\/au-depus-juramantul-militar-intr-o-zi-memorabila\/","name":"AU DEPUS JUR\u0102M\u00c2NTUL MILITAR \u00ceNTR-O ZI MEMORABIL\u0102 - BTV","isPartOf":{"@id":"https:\/\/www.btv.md\/#website"},"primaryImageOfPage":{"@id":"https:\/\/www.btv.md\/ro\/au-depus-juramantul-militar-intr-o-zi-memorabila\/#primaryimage"},"image":{"@id":"https:\/\/www.btv.md\/ro\/au-depus-juramantul-militar-intr-o-zi-memorabila\/#primaryimage"},"thumbnailUrl":"https:\/\/www.btv.md\/wp-content\/uploads\/2016\/07\/vvvvvvvvv.jpg","datePublished":"2016-07-01T12:48:30+00:00","dateModified":"2016-07-01T12:48:46+00:00","author":{"@id":"https:\/\/www.btv.md\/#\/schema\/person\/8fadce81561b3ce2c34c46dadc4ccbf2"},"inLanguage":"ro-RO","potentialAction":[{"@type":"ReadAction","target":["https:\/\/www.btv.md\/ro\/au-depus-juramantul-militar-intr-o-zi-memorabila\/"]}]},{"@type":"ImageObject","inLanguage":"ro-RO","@id":"https:\/\/www.btv.md\/ro\/au-depus-juramantul-militar-intr-o-zi-memorabila\/#primaryimage","url":"https:\/\/www.btv.md\/wp-content\/uploads\/2016\/07\/vvvvvvvvv.jpg","contentUrl":"https:\/\/www.btv.md\/wp-content\/uploads\/2016\/07\/vvvvvvvvv.jpg","width":600,"height":400},{"@type":"WebSite","@id":"https:\/\/www.btv.md\/#website","url":"https:\/\/www.btv.md\/","name":"BTV","description":"\u0411\u0435\u043b\u044c\u0446\u043a\u043e\u0435 \u0442\u0435\u043b\u0435\u0432\u0438\u0434\u0435\u043d\u0438\u0435","potentialAction":[{"@type":"SearchAction","target":{"@type":"EntryPoint","urlTemplate":"https:\/\/www.btv.md\/?s={search_term_string}"},"query-input":{"@type":"PropertyValueSpecification","valueRequired":true,"valueName":"search_term_string"}}],"inLanguage":"ro-RO"},{"@type":"Person","@id":"https:\/\/www.btv.md\/#\/schema\/person\/8fadce81561b3ce2c34c46dadc4ccbf2","name":"admin"}]}},"_links":{"self":[{"href":"https:\/\/www.btv.md\/ro\/wp-json\/wp\/v2\/posts\/15294","targetHints":{"allow":["GET"]}}],"collection":[{"href":"https:\/\/www.btv.md\/ro\/wp-json\/wp\/v2\/posts"}],"about":[{"href":"https:\/\/www.btv.md\/ro\/wp-json\/wp\/v2\/types\/post"}],"author":[{"embeddable":true,"href":"https:\/\/www.btv.md\/ro\/wp-json\/wp\/v2\/users\/4"}],"replies":[{"embeddable":true,"href":"https:\/\/www.btv.md\/ro\/wp-json\/wp\/v2\/comments?post=15294"}],"version-history":[{"count":0,"href":"https:\/\/www.btv.md\/ro\/wp-json\/wp\/v2\/posts\/15294\/revisions"}],"wp:featuredmedia":[{"embeddable":true,"href":"https:\/\/www.btv.md\/ro\/wp-json\/wp\/v2\/media\/15295"}],"wp:attachment":[{"href":"https:\/\/www.btv.md\/ro\/wp-json\/wp\/v2\/media?parent=15294"}],"wp:term":[{"taxonomy":"category","embeddable":true,"href":"https:\/\/www.btv.md\/ro\/wp-json\/wp\/v2\/categories?post=15294"},{"taxonomy":"post_tag","embeddable":true,"href":"https:\/\/www.btv.md\/ro\/wp-json\/wp\/v2\/tags?post=15294"}],"curies":[{"name":"wp","href":"https:\/\/api.w.org\/{rel}","templated":true}]}}