{"id":15323,"date":"2016-07-04T15:00:42","date_gmt":"2016-07-04T12:00:42","guid":{"rendered":"http:\/\/btv.md\/?p=15323"},"modified":"2016-07-04T15:57:24","modified_gmt":"2016-07-04T12:57:24","slug":"prapad-la-balti-copaci-doborati-si-acoperisuri-distruse","status":"publish","type":"post","link":"https:\/\/www.btv.md\/ro\/prapad-la-balti-copaci-doborati-si-acoperisuri-distruse\/","title":{"rendered":"PR\u0102P\u0102D LA B\u0102L\u0162I! COPACI DOBOR\u00c2\u0162I \u015eI ACOPERI\u015eURI DISTRUSE"},"content":{"rendered":"<p><strong>Furtuna de duminic\u0103, 3 iulie a f\u0103cut ravagii \u00een ora\u0219ul B\u0103l\u021bi. \u00cen urma rafalelor de v\u00e2nt unele case au r\u0103mas f\u0103r\u0103 acoperi\u0219, copacii au fost pu\u0219i la p\u0103m\u00e2nt iar crengile lor au rupt firele electrice a liniilor de troleibuz. <\/strong><\/p>\n<p><iframe width=\"1170\" height=\"878\" data-src=\"https:\/\/www.youtube.com\/embed\/QTA--oahz1c?wmode=transparent&amp;rel=0&amp;feature=oembed\" frameborder=\"0\" allow=\"accelerometer; autoplay; encrypted-media; gyroscope; picture-in-picture\" allowfullscreen src=\"data:image\/svg+xml;base64,PHN2ZyB3aWR0aD0iMSIgaGVpZ2h0PSIxIiB4bWxucz0iaHR0cDovL3d3dy53My5vcmcvMjAwMC9zdmciPjwvc3ZnPg==\" class=\"lazyload\" data-load-mode=\"1\"><\/iframe><\/p>\n<p>Din cauza unei crengi care\u00a0 s-a pr\u0103bu\u015fit peste un troleibuz \u015fi a rupt liniile de electrice, traficul\u00a0 de pe strada Decebal, \u00een apropiere de Uzina \u201e R\u0103ut\u201d a fost blocat timp de c\u00e2teva ore. \u0218oferul troleibuzului spune c\u0103 cei peste 20 de pasageri care se aflau \u00een momentul dat \u00een autovechicol s-au speriat.<\/p>\n<p>La locul incidentului a sosit o echip\u0103 de salvatori care \u00eempreun\u0103 cu angaja\u021bii \u00eentreprinderii \u201e Amenajarea Teritoriului \u0219i Spa\u021bilor Verzi\u201d au t\u0103iat cu drujba creanga bucluca\u015f\u0103 \u0219i au deblocat traseul. Potrivit c\u0103pitanului serviciului de Salvare, Ion Maximciuc nici un pasager\u00a0 nu a avut nevoie de \u00eengrijiri medicale. Totodat\u0103 acesta a ad\u0103ugat c\u0103 \u00een timpul furtunilor\u00a0 serviciul situa\u021bii exep\u021bionale au avut mai multe chem\u0103ri.<\/p>\n<p>Pe l\u00e2ng\u0103\u00a0 copaci, v\u00e2ntul n\u0103pr\u0103snic de duminic\u0103 a smuls foile de ardezie\u00a0de pe acoperi\u015ful unui bloc de locuit de pe strada \u201e Alecu Russo\u201e din B\u0103l\u021bi. Pagubele estimate de locatarii blocului se ridic\u0103 la zeci de mii de lei.<\/p>\n<p>La fel, un copac de pe\u00a0 strada Victoriei s-a pr\u0103bu\u015fit \u00een apropiere de Liceul \u201e \u0218tefan cel Mare\u201d\u00a0 \u0219i a rupt liniile electrice.<\/p>\n","protected":false},"excerpt":{"rendered":"<p>Furtuna de duminic\u0103, 3 iulie a f\u0103cut ravagii \u00een ora\u0219ul B\u0103l\u021bi. \u00cen urma rafalelor de v\u00e2nt unele case au r\u0103mas f\u0103r\u0103 acoperi\u0219, copacii au fost pu\u0219i la p\u0103m\u00e2nt iar crengile lor au rupt firele electrice a liniilor de troleibuz. Din cauza unei crengi care\u00a0 s-a pr\u0103bu\u015fit peste un troleibuz \u015fi a rupt liniile de electrice, [&hellip;]<\/p>\n","protected":false},"author":4,"featured_media":15324,"comment_status":"closed","ping_status":"closed","sticky":false,"template":"","format":"standard","meta":{"footnotes":""},"categories":[6353],"tags":[],"class_list":["post-15323","post","type-post","status-publish","format-standard","has-post-thumbnail","hentry","category-oras"],"yoast_head":"<!-- This site is optimized with the Yoast SEO plugin v27.4 - https:\/\/yoast.com\/product\/yoast-seo-wordpress\/ -->\n<title>PR\u0102P\u0102D LA B\u0102L\u0162I! COPACI DOBOR\u00c2\u0162I \u015eI ACOPERI\u015eURI DISTRUSE - BTV<\/title>\n<meta name=\"robots\" content=\"index, follow, max-snippet:-1, max-image-preview:large, max-video-preview:-1\" \/>\n<link rel=\"canonical\" href=\"https:\/\/www.btv.md\/ro\/prapad-la-balti-copaci-doborati-si-acoperisuri-distruse\/\" \/>\n<meta property=\"og:locale\" content=\"ro_RO\" \/>\n<meta property=\"og:type\" content=\"article\" \/>\n<meta property=\"og:title\" content=\"PR\u0102P\u0102D LA B\u0102L\u0162I! COPACI DOBOR\u00c2\u0162I \u015eI ACOPERI\u015eURI DISTRUSE - BTV\" \/>\n<meta property=\"og:description\" content=\"Furtuna de duminic\u0103, 3 iulie a f\u0103cut ravagii \u00een ora\u0219ul B\u0103l\u021bi. \u00cen urma rafalelor de v\u00e2nt unele case au r\u0103mas f\u0103r\u0103 acoperi\u0219, copacii au fost pu\u0219i la p\u0103m\u00e2nt iar crengile lor au rupt firele electrice a liniilor de troleibuz. Din cauza unei crengi care\u00a0 s-a pr\u0103bu\u015fit peste un troleibuz \u015fi a rupt liniile de electrice, [&hellip;]\" \/>\n<meta property=\"og:url\" content=\"https:\/\/www.btv.md\/ro\/prapad-la-balti-copaci-doborati-si-acoperisuri-distruse\/\" \/>\n<meta property=\"og:site_name\" content=\"BTV\" \/>\n<meta property=\"article:publisher\" content=\"https:\/\/www.facebook.com\/btvmoldova\/\" \/>\n<meta property=\"article:published_time\" content=\"2016-07-04T12:00:42+00:00\" \/>\n<meta property=\"article:modified_time\" content=\"2016-07-04T12:57:24+00:00\" \/>\n<meta property=\"og:image\" content=\"https:\/\/www.btv.md\/wp-content\/uploads\/2016\/07\/dfedf.jpg\" \/>\n\t<meta property=\"og:image:width\" content=\"600\" \/>\n\t<meta property=\"og:image:height\" content=\"400\" \/>\n\t<meta property=\"og:image:type\" content=\"image\/jpeg\" \/>\n<meta name=\"author\" content=\"admin\" \/>\n<meta name=\"twitter:label1\" content=\"Scris de\" \/>\n\t<meta name=\"twitter:data1\" content=\"admin\" \/>\n\t<meta name=\"twitter:label2\" content=\"Timp estimat pentru citire\" \/>\n\t<meta name=\"twitter:data2\" content=\"1 minut\" \/>\n<script type=\"application\/ld+json\" class=\"yoast-schema-graph\">{\"@context\":\"https:\\\/\\\/schema.org\",\"@graph\":[{\"@type\":\"Article\",\"@id\":\"https:\\\/\\\/www.btv.md\\\/ro\\\/prapad-la-balti-copaci-doborati-si-acoperisuri-distruse\\\/#article\",\"isPartOf\":{\"@id\":\"https:\\\/\\\/www.btv.md\\\/ro\\\/prapad-la-balti-copaci-doborati-si-acoperisuri-distruse\\\/\"},\"author\":{\"name\":\"admin\",\"@id\":\"https:\\\/\\\/www.btv.md\\\/#\\\/schema\\\/person\\\/8fadce81561b3ce2c34c46dadc4ccbf2\"},\"headline\":\"PR\u0102P\u0102D LA B\u0102L\u0162I! COPACI DOBOR\u00c2\u0162I \u015eI ACOPERI\u015eURI DISTRUSE\",\"datePublished\":\"2016-07-04T12:00:42+00:00\",\"dateModified\":\"2016-07-04T12:57:24+00:00\",\"mainEntityOfPage\":{\"@id\":\"https:\\\/\\\/www.btv.md\\\/ro\\\/prapad-la-balti-copaci-doborati-si-acoperisuri-distruse\\\/\"},\"wordCount\":262,\"image\":{\"@id\":\"https:\\\/\\\/www.btv.md\\\/ro\\\/prapad-la-balti-copaci-doborati-si-acoperisuri-distruse\\\/#primaryimage\"},\"thumbnailUrl\":\"https:\\\/\\\/www.btv.md\\\/wp-content\\\/uploads\\\/2016\\\/07\\\/dfedf.jpg\",\"articleSection\":[\"Ora\u0219\"],\"inLanguage\":\"ro-RO\"},{\"@type\":\"WebPage\",\"@id\":\"https:\\\/\\\/www.btv.md\\\/ro\\\/prapad-la-balti-copaci-doborati-si-acoperisuri-distruse\\\/\",\"url\":\"https:\\\/\\\/www.btv.md\\\/ro\\\/prapad-la-balti-copaci-doborati-si-acoperisuri-distruse\\\/\",\"name\":\"PR\u0102P\u0102D LA B\u0102L\u0162I! COPACI DOBOR\u00c2\u0162I \u015eI ACOPERI\u015eURI DISTRUSE - BTV\",\"isPartOf\":{\"@id\":\"https:\\\/\\\/www.btv.md\\\/#website\"},\"primaryImageOfPage\":{\"@id\":\"https:\\\/\\\/www.btv.md\\\/ro\\\/prapad-la-balti-copaci-doborati-si-acoperisuri-distruse\\\/#primaryimage\"},\"image\":{\"@id\":\"https:\\\/\\\/www.btv.md\\\/ro\\\/prapad-la-balti-copaci-doborati-si-acoperisuri-distruse\\\/#primaryimage\"},\"thumbnailUrl\":\"https:\\\/\\\/www.btv.md\\\/wp-content\\\/uploads\\\/2016\\\/07\\\/dfedf.jpg\",\"datePublished\":\"2016-07-04T12:00:42+00:00\",\"dateModified\":\"2016-07-04T12:57:24+00:00\",\"author\":{\"@id\":\"https:\\\/\\\/www.btv.md\\\/#\\\/schema\\\/person\\\/8fadce81561b3ce2c34c46dadc4ccbf2\"},\"inLanguage\":\"ro-RO\",\"potentialAction\":[{\"@type\":\"ReadAction\",\"target\":[\"https:\\\/\\\/www.btv.md\\\/ro\\\/prapad-la-balti-copaci-doborati-si-acoperisuri-distruse\\\/\"]}]},{\"@type\":\"ImageObject\",\"inLanguage\":\"ro-RO\",\"@id\":\"https:\\\/\\\/www.btv.md\\\/ro\\\/prapad-la-balti-copaci-doborati-si-acoperisuri-distruse\\\/#primaryimage\",\"url\":\"https:\\\/\\\/www.btv.md\\\/wp-content\\\/uploads\\\/2016\\\/07\\\/dfedf.jpg\",\"contentUrl\":\"https:\\\/\\\/www.btv.md\\\/wp-content\\\/uploads\\\/2016\\\/07\\\/dfedf.jpg\",\"width\":600,\"height\":400},{\"@type\":\"WebSite\",\"@id\":\"https:\\\/\\\/www.btv.md\\\/#website\",\"url\":\"https:\\\/\\\/www.btv.md\\\/\",\"name\":\"BTV\",\"description\":\"\u0411\u0435\u043b\u044c\u0446\u043a\u043e\u0435 \u0442\u0435\u043b\u0435\u0432\u0438\u0434\u0435\u043d\u0438\u0435\",\"potentialAction\":[{\"@type\":\"SearchAction\",\"target\":{\"@type\":\"EntryPoint\",\"urlTemplate\":\"https:\\\/\\\/www.btv.md\\\/?s={search_term_string}\"},\"query-input\":{\"@type\":\"PropertyValueSpecification\",\"valueRequired\":true,\"valueName\":\"search_term_string\"}}],\"inLanguage\":\"ro-RO\"},{\"@type\":\"Person\",\"@id\":\"https:\\\/\\\/www.btv.md\\\/#\\\/schema\\\/person\\\/8fadce81561b3ce2c34c46dadc4ccbf2\",\"name\":\"admin\"}]}<\/script>\n<!-- \/ Yoast SEO plugin. -->","yoast_head_json":{"title":"PR\u0102P\u0102D LA B\u0102L\u0162I! COPACI DOBOR\u00c2\u0162I \u015eI ACOPERI\u015eURI DISTRUSE - BTV","robots":{"index":"index","follow":"follow","max-snippet":"max-snippet:-1","max-image-preview":"max-image-preview:large","max-video-preview":"max-video-preview:-1"},"canonical":"https:\/\/www.btv.md\/ro\/prapad-la-balti-copaci-doborati-si-acoperisuri-distruse\/","og_locale":"ro_RO","og_type":"article","og_title":"PR\u0102P\u0102D LA B\u0102L\u0162I! COPACI DOBOR\u00c2\u0162I \u015eI ACOPERI\u015eURI DISTRUSE - BTV","og_description":"Furtuna de duminic\u0103, 3 iulie a f\u0103cut ravagii \u00een ora\u0219ul B\u0103l\u021bi. \u00cen urma rafalelor de v\u00e2nt unele case au r\u0103mas f\u0103r\u0103 acoperi\u0219, copacii au fost pu\u0219i la p\u0103m\u00e2nt iar crengile lor au rupt firele electrice a liniilor de troleibuz. Din cauza unei crengi care\u00a0 s-a pr\u0103bu\u015fit peste un troleibuz \u015fi a rupt liniile de electrice, [&hellip;]","og_url":"https:\/\/www.btv.md\/ro\/prapad-la-balti-copaci-doborati-si-acoperisuri-distruse\/","og_site_name":"BTV","article_publisher":"https:\/\/www.facebook.com\/btvmoldova\/","article_published_time":"2016-07-04T12:00:42+00:00","article_modified_time":"2016-07-04T12:57:24+00:00","og_image":[{"width":600,"height":400,"url":"https:\/\/www.btv.md\/wp-content\/uploads\/2016\/07\/dfedf.jpg","type":"image\/jpeg"}],"author":"admin","twitter_misc":{"Scris de":"admin","Timp estimat pentru citire":"1 minut"},"schema":{"@context":"https:\/\/schema.org","@graph":[{"@type":"Article","@id":"https:\/\/www.btv.md\/ro\/prapad-la-balti-copaci-doborati-si-acoperisuri-distruse\/#article","isPartOf":{"@id":"https:\/\/www.btv.md\/ro\/prapad-la-balti-copaci-doborati-si-acoperisuri-distruse\/"},"author":{"name":"admin","@id":"https:\/\/www.btv.md\/#\/schema\/person\/8fadce81561b3ce2c34c46dadc4ccbf2"},"headline":"PR\u0102P\u0102D LA B\u0102L\u0162I! COPACI DOBOR\u00c2\u0162I \u015eI ACOPERI\u015eURI DISTRUSE","datePublished":"2016-07-04T12:00:42+00:00","dateModified":"2016-07-04T12:57:24+00:00","mainEntityOfPage":{"@id":"https:\/\/www.btv.md\/ro\/prapad-la-balti-copaci-doborati-si-acoperisuri-distruse\/"},"wordCount":262,"image":{"@id":"https:\/\/www.btv.md\/ro\/prapad-la-balti-copaci-doborati-si-acoperisuri-distruse\/#primaryimage"},"thumbnailUrl":"https:\/\/www.btv.md\/wp-content\/uploads\/2016\/07\/dfedf.jpg","articleSection":["Ora\u0219"],"inLanguage":"ro-RO"},{"@type":"WebPage","@id":"https:\/\/www.btv.md\/ro\/prapad-la-balti-copaci-doborati-si-acoperisuri-distruse\/","url":"https:\/\/www.btv.md\/ro\/prapad-la-balti-copaci-doborati-si-acoperisuri-distruse\/","name":"PR\u0102P\u0102D LA B\u0102L\u0162I! COPACI DOBOR\u00c2\u0162I \u015eI ACOPERI\u015eURI DISTRUSE - BTV","isPartOf":{"@id":"https:\/\/www.btv.md\/#website"},"primaryImageOfPage":{"@id":"https:\/\/www.btv.md\/ro\/prapad-la-balti-copaci-doborati-si-acoperisuri-distruse\/#primaryimage"},"image":{"@id":"https:\/\/www.btv.md\/ro\/prapad-la-balti-copaci-doborati-si-acoperisuri-distruse\/#primaryimage"},"thumbnailUrl":"https:\/\/www.btv.md\/wp-content\/uploads\/2016\/07\/dfedf.jpg","datePublished":"2016-07-04T12:00:42+00:00","dateModified":"2016-07-04T12:57:24+00:00","author":{"@id":"https:\/\/www.btv.md\/#\/schema\/person\/8fadce81561b3ce2c34c46dadc4ccbf2"},"inLanguage":"ro-RO","potentialAction":[{"@type":"ReadAction","target":["https:\/\/www.btv.md\/ro\/prapad-la-balti-copaci-doborati-si-acoperisuri-distruse\/"]}]},{"@type":"ImageObject","inLanguage":"ro-RO","@id":"https:\/\/www.btv.md\/ro\/prapad-la-balti-copaci-doborati-si-acoperisuri-distruse\/#primaryimage","url":"https:\/\/www.btv.md\/wp-content\/uploads\/2016\/07\/dfedf.jpg","contentUrl":"https:\/\/www.btv.md\/wp-content\/uploads\/2016\/07\/dfedf.jpg","width":600,"height":400},{"@type":"WebSite","@id":"https:\/\/www.btv.md\/#website","url":"https:\/\/www.btv.md\/","name":"BTV","description":"\u0411\u0435\u043b\u044c\u0446\u043a\u043e\u0435 \u0442\u0435\u043b\u0435\u0432\u0438\u0434\u0435\u043d\u0438\u0435","potentialAction":[{"@type":"SearchAction","target":{"@type":"EntryPoint","urlTemplate":"https:\/\/www.btv.md\/?s={search_term_string}"},"query-input":{"@type":"PropertyValueSpecification","valueRequired":true,"valueName":"search_term_string"}}],"inLanguage":"ro-RO"},{"@type":"Person","@id":"https:\/\/www.btv.md\/#\/schema\/person\/8fadce81561b3ce2c34c46dadc4ccbf2","name":"admin"}]}},"_links":{"self":[{"href":"https:\/\/www.btv.md\/ro\/wp-json\/wp\/v2\/posts\/15323","targetHints":{"allow":["GET"]}}],"collection":[{"href":"https:\/\/www.btv.md\/ro\/wp-json\/wp\/v2\/posts"}],"about":[{"href":"https:\/\/www.btv.md\/ro\/wp-json\/wp\/v2\/types\/post"}],"author":[{"embeddable":true,"href":"https:\/\/www.btv.md\/ro\/wp-json\/wp\/v2\/users\/4"}],"replies":[{"embeddable":true,"href":"https:\/\/www.btv.md\/ro\/wp-json\/wp\/v2\/comments?post=15323"}],"version-history":[{"count":0,"href":"https:\/\/www.btv.md\/ro\/wp-json\/wp\/v2\/posts\/15323\/revisions"}],"wp:featuredmedia":[{"embeddable":true,"href":"https:\/\/www.btv.md\/ro\/wp-json\/wp\/v2\/media\/15324"}],"wp:attachment":[{"href":"https:\/\/www.btv.md\/ro\/wp-json\/wp\/v2\/media?parent=15323"}],"wp:term":[{"taxonomy":"category","embeddable":true,"href":"https:\/\/www.btv.md\/ro\/wp-json\/wp\/v2\/categories?post=15323"},{"taxonomy":"post_tag","embeddable":true,"href":"https:\/\/www.btv.md\/ro\/wp-json\/wp\/v2\/tags?post=15323"}],"curies":[{"name":"wp","href":"https:\/\/api.w.org\/{rel}","templated":true}]}}