{"id":15334,"date":"2016-07-04T16:34:53","date_gmt":"2016-07-04T13:34:53","guid":{"rendered":"http:\/\/btv.md\/?p=15334"},"modified":"2016-07-04T16:41:26","modified_gmt":"2016-07-04T13:41:26","slug":"corturile-anticanicula-au-fost-demontate-in-intreaga-tara","status":"publish","type":"post","link":"https:\/\/www.btv.md\/ro\/corturile-anticanicula-au-fost-demontate-in-intreaga-tara\/","title":{"rendered":"CORTURILE  ANTICANICUL\u0102  AU  FOST  DEMONTATE  \u00ceN  \u00ceNTREAGA  \u021aAR\u0102"},"content":{"rendered":"<p>Serviciul Situa\u021bii Excep\u021bionale a suspendat activitatea punctelor de reabilitare anticanicul\u0103, care au fost instalate \u00een mai multe localit\u0103\u021bi din \u021bar\u0103, inclusiv \u0219i \u00een municipiul B\u0103l\u021bi, unde s-au adresat dup\u0103 ajutor circa 7500 de persoane. \u00a0\u00cencetarea func\u021bion\u0103rii acestora a fost condi\u021bionat\u0103 de temperaturile sc\u0103zute de afar\u0103.<\/p>\n<p><iframe width=\"1170\" height=\"878\" data-src=\"https:\/\/www.youtube.com\/embed\/bvkZ5-xN9SU?wmode=transparent&amp;rel=0&amp;feature=oembed\" frameborder=\"0\" allow=\"accelerometer; autoplay; encrypted-media; gyroscope; picture-in-picture\" allowfullscreen src=\"data:image\/svg+xml;base64,PHN2ZyB3aWR0aD0iMSIgaGVpZ2h0PSIxIiB4bWxucz0iaHR0cDovL3d3dy53My5vcmcvMjAwMC9zdmciPjwvc3ZnPg==\" class=\"lazyload\" data-load-mode=\"1\"><\/iframe><\/p>\n<p>\u00cen total, pe \u021bar\u0103, peste 44 de mii de personae au beneficiat de ap\u0103 potabil\u0103 \u0219i de asisten\u021b\u0103 medical\u0103 \u00een caz de necesitate.<\/p>\n<p>Corturile au fost instalate la B\u0103l\u021bi, Cahul Comrat, C\u0103u\u0219eni, Ungheni, Nisporeni, C\u0103l\u0103ra\u0219i, Orhei \u0219i Chi\u0219in\u0103u. Acestea ar putea fi reinstalate dac\u0103 se vor \u00eenregistra temeperaturi ce vor dep\u0103\u0219i 33 de grade Celsius.<\/p>\n","protected":false},"excerpt":{"rendered":"<p>Serviciul Situa\u021bii Excep\u021bionale a suspendat activitatea punctelor de reabilitare anticanicul\u0103, care au fost instalate \u00een mai multe localit\u0103\u021bi din \u021bar\u0103, inclusiv \u0219i \u00een municipiul B\u0103l\u021bi, unde s-au adresat dup\u0103 ajutor circa 7500 de persoane. \u00a0\u00cencetarea func\u021bion\u0103rii acestora a fost condi\u021bionat\u0103 de temperaturile sc\u0103zute de afar\u0103. \u00cen total, pe \u021bar\u0103, peste 44 de mii de personae [&hellip;]<\/p>\n","protected":false},"author":4,"featured_media":15335,"comment_status":"closed","ping_status":"closed","sticky":false,"template":"","format":"standard","meta":{"footnotes":""},"categories":[6349],"tags":[],"class_list":["post-15334","post","type-post","status-publish","format-standard","has-post-thumbnail","hentry","category-social"],"yoast_head":"<!-- This site is optimized with the Yoast SEO plugin v27.4 - https:\/\/yoast.com\/product\/yoast-seo-wordpress\/ -->\n<title>CORTURILE ANTICANICUL\u0102 AU FOST DEMONTATE \u00ceN \u00ceNTREAGA \u021aAR\u0102 - BTV<\/title>\n<meta name=\"robots\" content=\"index, follow, max-snippet:-1, max-image-preview:large, max-video-preview:-1\" \/>\n<link rel=\"canonical\" href=\"https:\/\/www.btv.md\/ro\/corturile-anticanicula-au-fost-demontate-in-intreaga-tara\/\" \/>\n<meta property=\"og:locale\" content=\"ro_RO\" \/>\n<meta property=\"og:type\" content=\"article\" \/>\n<meta property=\"og:title\" content=\"CORTURILE ANTICANICUL\u0102 AU FOST DEMONTATE \u00ceN \u00ceNTREAGA \u021aAR\u0102 - BTV\" \/>\n<meta property=\"og:description\" content=\"Serviciul Situa\u021bii Excep\u021bionale a suspendat activitatea punctelor de reabilitare anticanicul\u0103, care au fost instalate \u00een mai multe localit\u0103\u021bi din \u021bar\u0103, inclusiv \u0219i \u00een municipiul B\u0103l\u021bi, unde s-au adresat dup\u0103 ajutor circa 7500 de persoane. \u00a0\u00cencetarea func\u021bion\u0103rii acestora a fost condi\u021bionat\u0103 de temperaturile sc\u0103zute de afar\u0103. \u00cen total, pe \u021bar\u0103, peste 44 de mii de personae [&hellip;]\" \/>\n<meta property=\"og:url\" content=\"https:\/\/www.btv.md\/ro\/corturile-anticanicula-au-fost-demontate-in-intreaga-tara\/\" \/>\n<meta property=\"og:site_name\" content=\"BTV\" \/>\n<meta property=\"article:publisher\" content=\"https:\/\/www.facebook.com\/btvmoldova\/\" \/>\n<meta property=\"article:published_time\" content=\"2016-07-04T13:34:53+00:00\" \/>\n<meta property=\"article:modified_time\" content=\"2016-07-04T13:41:26+00:00\" \/>\n<meta property=\"og:image\" content=\"https:\/\/www.btv.md\/wp-content\/uploads\/2016\/07\/fef.jpg\" \/>\n\t<meta property=\"og:image:width\" content=\"600\" \/>\n\t<meta property=\"og:image:height\" content=\"400\" \/>\n\t<meta property=\"og:image:type\" content=\"image\/jpeg\" \/>\n<meta name=\"author\" content=\"admin\" \/>\n<meta name=\"twitter:label1\" content=\"Scris de\" \/>\n\t<meta name=\"twitter:data1\" content=\"admin\" \/>\n\t<meta name=\"twitter:label2\" content=\"Timp estimat pentru citire\" \/>\n\t<meta name=\"twitter:data2\" content=\"1 minut\" \/>\n<script type=\"application\/ld+json\" class=\"yoast-schema-graph\">{\"@context\":\"https:\\\/\\\/schema.org\",\"@graph\":[{\"@type\":\"Article\",\"@id\":\"https:\\\/\\\/www.btv.md\\\/ro\\\/corturile-anticanicula-au-fost-demontate-in-intreaga-tara\\\/#article\",\"isPartOf\":{\"@id\":\"https:\\\/\\\/www.btv.md\\\/ro\\\/corturile-anticanicula-au-fost-demontate-in-intreaga-tara\\\/\"},\"author\":{\"name\":\"admin\",\"@id\":\"https:\\\/\\\/www.btv.md\\\/#\\\/schema\\\/person\\\/8fadce81561b3ce2c34c46dadc4ccbf2\"},\"headline\":\"CORTURILE ANTICANICUL\u0102 AU FOST DEMONTATE \u00ceN \u00ceNTREAGA \u021aAR\u0102\",\"datePublished\":\"2016-07-04T13:34:53+00:00\",\"dateModified\":\"2016-07-04T13:41:26+00:00\",\"mainEntityOfPage\":{\"@id\":\"https:\\\/\\\/www.btv.md\\\/ro\\\/corturile-anticanicula-au-fost-demontate-in-intreaga-tara\\\/\"},\"wordCount\":130,\"image\":{\"@id\":\"https:\\\/\\\/www.btv.md\\\/ro\\\/corturile-anticanicula-au-fost-demontate-in-intreaga-tara\\\/#primaryimage\"},\"thumbnailUrl\":\"https:\\\/\\\/www.btv.md\\\/wp-content\\\/uploads\\\/2016\\\/07\\\/fef.jpg\",\"articleSection\":[\"Social\"],\"inLanguage\":\"ro-RO\"},{\"@type\":\"WebPage\",\"@id\":\"https:\\\/\\\/www.btv.md\\\/ro\\\/corturile-anticanicula-au-fost-demontate-in-intreaga-tara\\\/\",\"url\":\"https:\\\/\\\/www.btv.md\\\/ro\\\/corturile-anticanicula-au-fost-demontate-in-intreaga-tara\\\/\",\"name\":\"CORTURILE ANTICANICUL\u0102 AU FOST DEMONTATE \u00ceN \u00ceNTREAGA \u021aAR\u0102 - BTV\",\"isPartOf\":{\"@id\":\"https:\\\/\\\/www.btv.md\\\/#website\"},\"primaryImageOfPage\":{\"@id\":\"https:\\\/\\\/www.btv.md\\\/ro\\\/corturile-anticanicula-au-fost-demontate-in-intreaga-tara\\\/#primaryimage\"},\"image\":{\"@id\":\"https:\\\/\\\/www.btv.md\\\/ro\\\/corturile-anticanicula-au-fost-demontate-in-intreaga-tara\\\/#primaryimage\"},\"thumbnailUrl\":\"https:\\\/\\\/www.btv.md\\\/wp-content\\\/uploads\\\/2016\\\/07\\\/fef.jpg\",\"datePublished\":\"2016-07-04T13:34:53+00:00\",\"dateModified\":\"2016-07-04T13:41:26+00:00\",\"author\":{\"@id\":\"https:\\\/\\\/www.btv.md\\\/#\\\/schema\\\/person\\\/8fadce81561b3ce2c34c46dadc4ccbf2\"},\"inLanguage\":\"ro-RO\",\"potentialAction\":[{\"@type\":\"ReadAction\",\"target\":[\"https:\\\/\\\/www.btv.md\\\/ro\\\/corturile-anticanicula-au-fost-demontate-in-intreaga-tara\\\/\"]}]},{\"@type\":\"ImageObject\",\"inLanguage\":\"ro-RO\",\"@id\":\"https:\\\/\\\/www.btv.md\\\/ro\\\/corturile-anticanicula-au-fost-demontate-in-intreaga-tara\\\/#primaryimage\",\"url\":\"https:\\\/\\\/www.btv.md\\\/wp-content\\\/uploads\\\/2016\\\/07\\\/fef.jpg\",\"contentUrl\":\"https:\\\/\\\/www.btv.md\\\/wp-content\\\/uploads\\\/2016\\\/07\\\/fef.jpg\",\"width\":600,\"height\":400},{\"@type\":\"WebSite\",\"@id\":\"https:\\\/\\\/www.btv.md\\\/#website\",\"url\":\"https:\\\/\\\/www.btv.md\\\/\",\"name\":\"BTV\",\"description\":\"\u0411\u0435\u043b\u044c\u0446\u043a\u043e\u0435 \u0442\u0435\u043b\u0435\u0432\u0438\u0434\u0435\u043d\u0438\u0435\",\"potentialAction\":[{\"@type\":\"SearchAction\",\"target\":{\"@type\":\"EntryPoint\",\"urlTemplate\":\"https:\\\/\\\/www.btv.md\\\/?s={search_term_string}\"},\"query-input\":{\"@type\":\"PropertyValueSpecification\",\"valueRequired\":true,\"valueName\":\"search_term_string\"}}],\"inLanguage\":\"ro-RO\"},{\"@type\":\"Person\",\"@id\":\"https:\\\/\\\/www.btv.md\\\/#\\\/schema\\\/person\\\/8fadce81561b3ce2c34c46dadc4ccbf2\",\"name\":\"admin\"}]}<\/script>\n<!-- \/ Yoast SEO plugin. -->","yoast_head_json":{"title":"CORTURILE ANTICANICUL\u0102 AU FOST DEMONTATE \u00ceN \u00ceNTREAGA \u021aAR\u0102 - BTV","robots":{"index":"index","follow":"follow","max-snippet":"max-snippet:-1","max-image-preview":"max-image-preview:large","max-video-preview":"max-video-preview:-1"},"canonical":"https:\/\/www.btv.md\/ro\/corturile-anticanicula-au-fost-demontate-in-intreaga-tara\/","og_locale":"ro_RO","og_type":"article","og_title":"CORTURILE ANTICANICUL\u0102 AU FOST DEMONTATE \u00ceN \u00ceNTREAGA \u021aAR\u0102 - BTV","og_description":"Serviciul Situa\u021bii Excep\u021bionale a suspendat activitatea punctelor de reabilitare anticanicul\u0103, care au fost instalate \u00een mai multe localit\u0103\u021bi din \u021bar\u0103, inclusiv \u0219i \u00een municipiul B\u0103l\u021bi, unde s-au adresat dup\u0103 ajutor circa 7500 de persoane. \u00a0\u00cencetarea func\u021bion\u0103rii acestora a fost condi\u021bionat\u0103 de temperaturile sc\u0103zute de afar\u0103. \u00cen total, pe \u021bar\u0103, peste 44 de mii de personae [&hellip;]","og_url":"https:\/\/www.btv.md\/ro\/corturile-anticanicula-au-fost-demontate-in-intreaga-tara\/","og_site_name":"BTV","article_publisher":"https:\/\/www.facebook.com\/btvmoldova\/","article_published_time":"2016-07-04T13:34:53+00:00","article_modified_time":"2016-07-04T13:41:26+00:00","og_image":[{"width":600,"height":400,"url":"https:\/\/www.btv.md\/wp-content\/uploads\/2016\/07\/fef.jpg","type":"image\/jpeg"}],"author":"admin","twitter_misc":{"Scris de":"admin","Timp estimat pentru citire":"1 minut"},"schema":{"@context":"https:\/\/schema.org","@graph":[{"@type":"Article","@id":"https:\/\/www.btv.md\/ro\/corturile-anticanicula-au-fost-demontate-in-intreaga-tara\/#article","isPartOf":{"@id":"https:\/\/www.btv.md\/ro\/corturile-anticanicula-au-fost-demontate-in-intreaga-tara\/"},"author":{"name":"admin","@id":"https:\/\/www.btv.md\/#\/schema\/person\/8fadce81561b3ce2c34c46dadc4ccbf2"},"headline":"CORTURILE ANTICANICUL\u0102 AU FOST DEMONTATE \u00ceN \u00ceNTREAGA \u021aAR\u0102","datePublished":"2016-07-04T13:34:53+00:00","dateModified":"2016-07-04T13:41:26+00:00","mainEntityOfPage":{"@id":"https:\/\/www.btv.md\/ro\/corturile-anticanicula-au-fost-demontate-in-intreaga-tara\/"},"wordCount":130,"image":{"@id":"https:\/\/www.btv.md\/ro\/corturile-anticanicula-au-fost-demontate-in-intreaga-tara\/#primaryimage"},"thumbnailUrl":"https:\/\/www.btv.md\/wp-content\/uploads\/2016\/07\/fef.jpg","articleSection":["Social"],"inLanguage":"ro-RO"},{"@type":"WebPage","@id":"https:\/\/www.btv.md\/ro\/corturile-anticanicula-au-fost-demontate-in-intreaga-tara\/","url":"https:\/\/www.btv.md\/ro\/corturile-anticanicula-au-fost-demontate-in-intreaga-tara\/","name":"CORTURILE ANTICANICUL\u0102 AU FOST DEMONTATE \u00ceN \u00ceNTREAGA \u021aAR\u0102 - BTV","isPartOf":{"@id":"https:\/\/www.btv.md\/#website"},"primaryImageOfPage":{"@id":"https:\/\/www.btv.md\/ro\/corturile-anticanicula-au-fost-demontate-in-intreaga-tara\/#primaryimage"},"image":{"@id":"https:\/\/www.btv.md\/ro\/corturile-anticanicula-au-fost-demontate-in-intreaga-tara\/#primaryimage"},"thumbnailUrl":"https:\/\/www.btv.md\/wp-content\/uploads\/2016\/07\/fef.jpg","datePublished":"2016-07-04T13:34:53+00:00","dateModified":"2016-07-04T13:41:26+00:00","author":{"@id":"https:\/\/www.btv.md\/#\/schema\/person\/8fadce81561b3ce2c34c46dadc4ccbf2"},"inLanguage":"ro-RO","potentialAction":[{"@type":"ReadAction","target":["https:\/\/www.btv.md\/ro\/corturile-anticanicula-au-fost-demontate-in-intreaga-tara\/"]}]},{"@type":"ImageObject","inLanguage":"ro-RO","@id":"https:\/\/www.btv.md\/ro\/corturile-anticanicula-au-fost-demontate-in-intreaga-tara\/#primaryimage","url":"https:\/\/www.btv.md\/wp-content\/uploads\/2016\/07\/fef.jpg","contentUrl":"https:\/\/www.btv.md\/wp-content\/uploads\/2016\/07\/fef.jpg","width":600,"height":400},{"@type":"WebSite","@id":"https:\/\/www.btv.md\/#website","url":"https:\/\/www.btv.md\/","name":"BTV","description":"\u0411\u0435\u043b\u044c\u0446\u043a\u043e\u0435 \u0442\u0435\u043b\u0435\u0432\u0438\u0434\u0435\u043d\u0438\u0435","potentialAction":[{"@type":"SearchAction","target":{"@type":"EntryPoint","urlTemplate":"https:\/\/www.btv.md\/?s={search_term_string}"},"query-input":{"@type":"PropertyValueSpecification","valueRequired":true,"valueName":"search_term_string"}}],"inLanguage":"ro-RO"},{"@type":"Person","@id":"https:\/\/www.btv.md\/#\/schema\/person\/8fadce81561b3ce2c34c46dadc4ccbf2","name":"admin"}]}},"_links":{"self":[{"href":"https:\/\/www.btv.md\/ro\/wp-json\/wp\/v2\/posts\/15334","targetHints":{"allow":["GET"]}}],"collection":[{"href":"https:\/\/www.btv.md\/ro\/wp-json\/wp\/v2\/posts"}],"about":[{"href":"https:\/\/www.btv.md\/ro\/wp-json\/wp\/v2\/types\/post"}],"author":[{"embeddable":true,"href":"https:\/\/www.btv.md\/ro\/wp-json\/wp\/v2\/users\/4"}],"replies":[{"embeddable":true,"href":"https:\/\/www.btv.md\/ro\/wp-json\/wp\/v2\/comments?post=15334"}],"version-history":[{"count":0,"href":"https:\/\/www.btv.md\/ro\/wp-json\/wp\/v2\/posts\/15334\/revisions"}],"wp:featuredmedia":[{"embeddable":true,"href":"https:\/\/www.btv.md\/ro\/wp-json\/wp\/v2\/media\/15335"}],"wp:attachment":[{"href":"https:\/\/www.btv.md\/ro\/wp-json\/wp\/v2\/media?parent=15334"}],"wp:term":[{"taxonomy":"category","embeddable":true,"href":"https:\/\/www.btv.md\/ro\/wp-json\/wp\/v2\/categories?post=15334"},{"taxonomy":"post_tag","embeddable":true,"href":"https:\/\/www.btv.md\/ro\/wp-json\/wp\/v2\/tags?post=15334"}],"curies":[{"name":"wp","href":"https:\/\/api.w.org\/{rel}","templated":true}]}}