{"id":15337,"date":"2016-07-04T17:21:34","date_gmt":"2016-07-04T14:21:34","guid":{"rendered":"http:\/\/btv.md\/?p=15337"},"modified":"2016-07-04T17:21:42","modified_gmt":"2016-07-04T14:21:42","slug":"stefan-cel-mare-comemorat-la-balti","status":"publish","type":"post","link":"https:\/\/www.btv.md\/ro\/stefan-cel-mare-comemorat-la-balti\/","title":{"rendered":"\u0218TEFAN  CEL  MARE, COMEMORAT  LA B\u0102L\u021aI"},"content":{"rendered":"<p>S\u00e2mb\u0103t\u0103 2 iunie s-au \u00eemplinit \u00a0512 ani de la trecerea \u00een nefiin\u021b\u0103 a marelui voievod al \u0162\u0103rii Moldovei, \u015etefan cel Mare \u015fi Sf\u00e2nt. \u00cen acest sens \u00een municipiul B\u0103l\u021bi au avut loc depuneri de flori la monumentul domnitorului, care se afl\u0103 \u00een centrul ora\u0219ului. La eveniment au participat reprezentan\u021bi ai administra\u021biei publice locale, militari, directori ai institu\u021biilor de \u00eenv\u0103\u021b\u0103m\u00e2nt \u0219i oameni de r\u00e2nd care \u015fi-au exprimat recuno\u015ftin\u0163a fa\u0163\u0103 de cel care a luptat pentru independen\u0163a statului moldovean.<\/p>\n<p><iframe width=\"1170\" height=\"878\" data-src=\"https:\/\/www.youtube.com\/embed\/my4drZlZG4A?wmode=transparent&amp;rel=0&amp;feature=oembed\" frameborder=\"0\" allow=\"accelerometer; autoplay; encrypted-media; gyroscope; picture-in-picture\" allowfullscreen src=\"data:image\/svg+xml;base64,PHN2ZyB3aWR0aD0iMSIgaGVpZ2h0PSIxIiB4bWxucz0iaHR0cDovL3d3dy53My5vcmcvMjAwMC9zdmciPjwvc3ZnPg==\" class=\"lazyload\" data-load-mode=\"1\"><\/iframe><\/p>\n<p>\u0218i t\u00e2n\u0103ra genera\u021bie \u0219i-a exprimat mul\u021bumire fa\u021b\u0103 de meritele marelui voievod. Ace\u0219tia spun c\u0103 pentru pentru ei\u00a0 \u0218tefan cel Mare este\u00a0 exemplu de patriotism.<\/p>\n<p>\u015etefan cel Mare a ctitorit 44 de biserici, care fac parte ast\u0103zi din patrimoniul cultural mondial. Voievodul a fost canonizat \u015fi trecut \u00een r\u00e2ndul sfin\u0163ilor \u00een data de 15 iulie 1992.<\/p>\n<p>&nbsp;<\/p>\n","protected":false},"excerpt":{"rendered":"<p>S\u00e2mb\u0103t\u0103 2 iunie s-au \u00eemplinit \u00a0512 ani de la trecerea \u00een nefiin\u021b\u0103 a marelui voievod al \u0162\u0103rii Moldovei, \u015etefan cel Mare \u015fi Sf\u00e2nt. \u00cen acest sens \u00een municipiul B\u0103l\u021bi au avut loc depuneri de flori la monumentul domnitorului, care se afl\u0103 \u00een centrul ora\u0219ului. La eveniment au participat reprezentan\u021bi ai administra\u021biei publice locale, militari, directori [&hellip;]<\/p>\n","protected":false},"author":4,"featured_media":15338,"comment_status":"closed","ping_status":"closed","sticky":false,"template":"","format":"standard","meta":{"footnotes":""},"categories":[6349],"tags":[],"class_list":["post-15337","post","type-post","status-publish","format-standard","has-post-thumbnail","hentry","category-social"],"yoast_head":"<!-- This site is optimized with the Yoast SEO plugin v27.4 - https:\/\/yoast.com\/product\/yoast-seo-wordpress\/ -->\n<title>\u0218TEFAN CEL MARE, COMEMORAT LA B\u0102L\u021aI  - BTV<\/title>\n<meta name=\"robots\" content=\"index, follow, max-snippet:-1, max-image-preview:large, max-video-preview:-1\" \/>\n<link rel=\"canonical\" href=\"https:\/\/www.btv.md\/ro\/stefan-cel-mare-comemorat-la-balti\/\" \/>\n<meta property=\"og:locale\" content=\"ro_RO\" \/>\n<meta property=\"og:type\" content=\"article\" \/>\n<meta property=\"og:title\" content=\"\u0218TEFAN CEL MARE, COMEMORAT LA B\u0102L\u021aI  - BTV\" \/>\n<meta property=\"og:description\" content=\"S\u00e2mb\u0103t\u0103 2 iunie s-au \u00eemplinit \u00a0512 ani de la trecerea \u00een nefiin\u021b\u0103 a marelui voievod al \u0162\u0103rii Moldovei, \u015etefan cel Mare \u015fi Sf\u00e2nt. \u00cen acest sens \u00een municipiul B\u0103l\u021bi au avut loc depuneri de flori la monumentul domnitorului, care se afl\u0103 \u00een centrul ora\u0219ului. La eveniment au participat reprezentan\u021bi ai administra\u021biei publice locale, militari, directori [&hellip;]\" \/>\n<meta property=\"og:url\" content=\"https:\/\/www.btv.md\/ro\/stefan-cel-mare-comemorat-la-balti\/\" \/>\n<meta property=\"og:site_name\" content=\"BTV\" \/>\n<meta property=\"article:publisher\" content=\"https:\/\/www.facebook.com\/btvmoldova\/\" \/>\n<meta property=\"article:published_time\" content=\"2016-07-04T14:21:34+00:00\" \/>\n<meta property=\"article:modified_time\" content=\"2016-07-04T14:21:42+00:00\" \/>\n<meta property=\"og:image\" content=\"https:\/\/www.btv.md\/wp-content\/uploads\/2016\/07\/eddwe.jpg\" \/>\n\t<meta property=\"og:image:width\" content=\"600\" \/>\n\t<meta property=\"og:image:height\" content=\"400\" \/>\n\t<meta property=\"og:image:type\" content=\"image\/jpeg\" \/>\n<meta name=\"author\" content=\"admin\" \/>\n<meta name=\"twitter:label1\" content=\"Scris de\" \/>\n\t<meta name=\"twitter:data1\" content=\"admin\" \/>\n\t<meta name=\"twitter:label2\" content=\"Timp estimat pentru citire\" \/>\n\t<meta name=\"twitter:data2\" content=\"1 minut\" \/>\n<script type=\"application\/ld+json\" class=\"yoast-schema-graph\">{\"@context\":\"https:\\\/\\\/schema.org\",\"@graph\":[{\"@type\":\"Article\",\"@id\":\"https:\\\/\\\/www.btv.md\\\/ro\\\/stefan-cel-mare-comemorat-la-balti\\\/#article\",\"isPartOf\":{\"@id\":\"https:\\\/\\\/www.btv.md\\\/ro\\\/stefan-cel-mare-comemorat-la-balti\\\/\"},\"author\":{\"name\":\"admin\",\"@id\":\"https:\\\/\\\/www.btv.md\\\/#\\\/schema\\\/person\\\/8fadce81561b3ce2c34c46dadc4ccbf2\"},\"headline\":\"\u0218TEFAN CEL MARE, COMEMORAT LA B\u0102L\u021aI\",\"datePublished\":\"2016-07-04T14:21:34+00:00\",\"dateModified\":\"2016-07-04T14:21:42+00:00\",\"mainEntityOfPage\":{\"@id\":\"https:\\\/\\\/www.btv.md\\\/ro\\\/stefan-cel-mare-comemorat-la-balti\\\/\"},\"wordCount\":165,\"image\":{\"@id\":\"https:\\\/\\\/www.btv.md\\\/ro\\\/stefan-cel-mare-comemorat-la-balti\\\/#primaryimage\"},\"thumbnailUrl\":\"https:\\\/\\\/www.btv.md\\\/wp-content\\\/uploads\\\/2016\\\/07\\\/eddwe.jpg\",\"articleSection\":[\"Social\"],\"inLanguage\":\"ro-RO\"},{\"@type\":\"WebPage\",\"@id\":\"https:\\\/\\\/www.btv.md\\\/ro\\\/stefan-cel-mare-comemorat-la-balti\\\/\",\"url\":\"https:\\\/\\\/www.btv.md\\\/ro\\\/stefan-cel-mare-comemorat-la-balti\\\/\",\"name\":\"\u0218TEFAN CEL MARE, COMEMORAT LA B\u0102L\u021aI - BTV\",\"isPartOf\":{\"@id\":\"https:\\\/\\\/www.btv.md\\\/#website\"},\"primaryImageOfPage\":{\"@id\":\"https:\\\/\\\/www.btv.md\\\/ro\\\/stefan-cel-mare-comemorat-la-balti\\\/#primaryimage\"},\"image\":{\"@id\":\"https:\\\/\\\/www.btv.md\\\/ro\\\/stefan-cel-mare-comemorat-la-balti\\\/#primaryimage\"},\"thumbnailUrl\":\"https:\\\/\\\/www.btv.md\\\/wp-content\\\/uploads\\\/2016\\\/07\\\/eddwe.jpg\",\"datePublished\":\"2016-07-04T14:21:34+00:00\",\"dateModified\":\"2016-07-04T14:21:42+00:00\",\"author\":{\"@id\":\"https:\\\/\\\/www.btv.md\\\/#\\\/schema\\\/person\\\/8fadce81561b3ce2c34c46dadc4ccbf2\"},\"inLanguage\":\"ro-RO\",\"potentialAction\":[{\"@type\":\"ReadAction\",\"target\":[\"https:\\\/\\\/www.btv.md\\\/ro\\\/stefan-cel-mare-comemorat-la-balti\\\/\"]}]},{\"@type\":\"ImageObject\",\"inLanguage\":\"ro-RO\",\"@id\":\"https:\\\/\\\/www.btv.md\\\/ro\\\/stefan-cel-mare-comemorat-la-balti\\\/#primaryimage\",\"url\":\"https:\\\/\\\/www.btv.md\\\/wp-content\\\/uploads\\\/2016\\\/07\\\/eddwe.jpg\",\"contentUrl\":\"https:\\\/\\\/www.btv.md\\\/wp-content\\\/uploads\\\/2016\\\/07\\\/eddwe.jpg\",\"width\":600,\"height\":400},{\"@type\":\"WebSite\",\"@id\":\"https:\\\/\\\/www.btv.md\\\/#website\",\"url\":\"https:\\\/\\\/www.btv.md\\\/\",\"name\":\"BTV\",\"description\":\"\u0411\u0435\u043b\u044c\u0446\u043a\u043e\u0435 \u0442\u0435\u043b\u0435\u0432\u0438\u0434\u0435\u043d\u0438\u0435\",\"potentialAction\":[{\"@type\":\"SearchAction\",\"target\":{\"@type\":\"EntryPoint\",\"urlTemplate\":\"https:\\\/\\\/www.btv.md\\\/?s={search_term_string}\"},\"query-input\":{\"@type\":\"PropertyValueSpecification\",\"valueRequired\":true,\"valueName\":\"search_term_string\"}}],\"inLanguage\":\"ro-RO\"},{\"@type\":\"Person\",\"@id\":\"https:\\\/\\\/www.btv.md\\\/#\\\/schema\\\/person\\\/8fadce81561b3ce2c34c46dadc4ccbf2\",\"name\":\"admin\"}]}<\/script>\n<!-- \/ Yoast SEO plugin. -->","yoast_head_json":{"title":"\u0218TEFAN CEL MARE, COMEMORAT LA B\u0102L\u021aI  - BTV","robots":{"index":"index","follow":"follow","max-snippet":"max-snippet:-1","max-image-preview":"max-image-preview:large","max-video-preview":"max-video-preview:-1"},"canonical":"https:\/\/www.btv.md\/ro\/stefan-cel-mare-comemorat-la-balti\/","og_locale":"ro_RO","og_type":"article","og_title":"\u0218TEFAN CEL MARE, COMEMORAT LA B\u0102L\u021aI  - BTV","og_description":"S\u00e2mb\u0103t\u0103 2 iunie s-au \u00eemplinit \u00a0512 ani de la trecerea \u00een nefiin\u021b\u0103 a marelui voievod al \u0162\u0103rii Moldovei, \u015etefan cel Mare \u015fi Sf\u00e2nt. \u00cen acest sens \u00een municipiul B\u0103l\u021bi au avut loc depuneri de flori la monumentul domnitorului, care se afl\u0103 \u00een centrul ora\u0219ului. La eveniment au participat reprezentan\u021bi ai administra\u021biei publice locale, militari, directori [&hellip;]","og_url":"https:\/\/www.btv.md\/ro\/stefan-cel-mare-comemorat-la-balti\/","og_site_name":"BTV","article_publisher":"https:\/\/www.facebook.com\/btvmoldova\/","article_published_time":"2016-07-04T14:21:34+00:00","article_modified_time":"2016-07-04T14:21:42+00:00","og_image":[{"width":600,"height":400,"url":"https:\/\/www.btv.md\/wp-content\/uploads\/2016\/07\/eddwe.jpg","type":"image\/jpeg"}],"author":"admin","twitter_misc":{"Scris de":"admin","Timp estimat pentru citire":"1 minut"},"schema":{"@context":"https:\/\/schema.org","@graph":[{"@type":"Article","@id":"https:\/\/www.btv.md\/ro\/stefan-cel-mare-comemorat-la-balti\/#article","isPartOf":{"@id":"https:\/\/www.btv.md\/ro\/stefan-cel-mare-comemorat-la-balti\/"},"author":{"name":"admin","@id":"https:\/\/www.btv.md\/#\/schema\/person\/8fadce81561b3ce2c34c46dadc4ccbf2"},"headline":"\u0218TEFAN CEL MARE, COMEMORAT LA B\u0102L\u021aI","datePublished":"2016-07-04T14:21:34+00:00","dateModified":"2016-07-04T14:21:42+00:00","mainEntityOfPage":{"@id":"https:\/\/www.btv.md\/ro\/stefan-cel-mare-comemorat-la-balti\/"},"wordCount":165,"image":{"@id":"https:\/\/www.btv.md\/ro\/stefan-cel-mare-comemorat-la-balti\/#primaryimage"},"thumbnailUrl":"https:\/\/www.btv.md\/wp-content\/uploads\/2016\/07\/eddwe.jpg","articleSection":["Social"],"inLanguage":"ro-RO"},{"@type":"WebPage","@id":"https:\/\/www.btv.md\/ro\/stefan-cel-mare-comemorat-la-balti\/","url":"https:\/\/www.btv.md\/ro\/stefan-cel-mare-comemorat-la-balti\/","name":"\u0218TEFAN CEL MARE, COMEMORAT LA B\u0102L\u021aI - BTV","isPartOf":{"@id":"https:\/\/www.btv.md\/#website"},"primaryImageOfPage":{"@id":"https:\/\/www.btv.md\/ro\/stefan-cel-mare-comemorat-la-balti\/#primaryimage"},"image":{"@id":"https:\/\/www.btv.md\/ro\/stefan-cel-mare-comemorat-la-balti\/#primaryimage"},"thumbnailUrl":"https:\/\/www.btv.md\/wp-content\/uploads\/2016\/07\/eddwe.jpg","datePublished":"2016-07-04T14:21:34+00:00","dateModified":"2016-07-04T14:21:42+00:00","author":{"@id":"https:\/\/www.btv.md\/#\/schema\/person\/8fadce81561b3ce2c34c46dadc4ccbf2"},"inLanguage":"ro-RO","potentialAction":[{"@type":"ReadAction","target":["https:\/\/www.btv.md\/ro\/stefan-cel-mare-comemorat-la-balti\/"]}]},{"@type":"ImageObject","inLanguage":"ro-RO","@id":"https:\/\/www.btv.md\/ro\/stefan-cel-mare-comemorat-la-balti\/#primaryimage","url":"https:\/\/www.btv.md\/wp-content\/uploads\/2016\/07\/eddwe.jpg","contentUrl":"https:\/\/www.btv.md\/wp-content\/uploads\/2016\/07\/eddwe.jpg","width":600,"height":400},{"@type":"WebSite","@id":"https:\/\/www.btv.md\/#website","url":"https:\/\/www.btv.md\/","name":"BTV","description":"\u0411\u0435\u043b\u044c\u0446\u043a\u043e\u0435 \u0442\u0435\u043b\u0435\u0432\u0438\u0434\u0435\u043d\u0438\u0435","potentialAction":[{"@type":"SearchAction","target":{"@type":"EntryPoint","urlTemplate":"https:\/\/www.btv.md\/?s={search_term_string}"},"query-input":{"@type":"PropertyValueSpecification","valueRequired":true,"valueName":"search_term_string"}}],"inLanguage":"ro-RO"},{"@type":"Person","@id":"https:\/\/www.btv.md\/#\/schema\/person\/8fadce81561b3ce2c34c46dadc4ccbf2","name":"admin"}]}},"_links":{"self":[{"href":"https:\/\/www.btv.md\/ro\/wp-json\/wp\/v2\/posts\/15337","targetHints":{"allow":["GET"]}}],"collection":[{"href":"https:\/\/www.btv.md\/ro\/wp-json\/wp\/v2\/posts"}],"about":[{"href":"https:\/\/www.btv.md\/ro\/wp-json\/wp\/v2\/types\/post"}],"author":[{"embeddable":true,"href":"https:\/\/www.btv.md\/ro\/wp-json\/wp\/v2\/users\/4"}],"replies":[{"embeddable":true,"href":"https:\/\/www.btv.md\/ro\/wp-json\/wp\/v2\/comments?post=15337"}],"version-history":[{"count":0,"href":"https:\/\/www.btv.md\/ro\/wp-json\/wp\/v2\/posts\/15337\/revisions"}],"wp:featuredmedia":[{"embeddable":true,"href":"https:\/\/www.btv.md\/ro\/wp-json\/wp\/v2\/media\/15338"}],"wp:attachment":[{"href":"https:\/\/www.btv.md\/ro\/wp-json\/wp\/v2\/media?parent=15337"}],"wp:term":[{"taxonomy":"category","embeddable":true,"href":"https:\/\/www.btv.md\/ro\/wp-json\/wp\/v2\/categories?post=15337"},{"taxonomy":"post_tag","embeddable":true,"href":"https:\/\/www.btv.md\/ro\/wp-json\/wp\/v2\/tags?post=15337"}],"curies":[{"name":"wp","href":"https:\/\/api.w.org\/{rel}","templated":true}]}}