{"id":15376,"date":"2016-07-06T08:26:49","date_gmt":"2016-07-06T05:26:49","guid":{"rendered":"http:\/\/btv.md\/?p=15376"},"modified":"2016-07-06T08:27:09","modified_gmt":"2016-07-06T05:27:09","slug":"sos-rampa-de-gunoi-din-municipiul-balti-bomba-ecologica","status":"publish","type":"post","link":"https:\/\/www.btv.md\/ro\/sos-rampa-de-gunoi-din-municipiul-balti-bomba-ecologica\/","title":{"rendered":"SOS! RAMPA  DE  GUNOI  DIN MUNICIPIUL  B\u0102L\u021aI, BOMB\u0102  ECOLOGIC\u0102 !"},"content":{"rendered":"<p>Locuitorii din apropierea rampei de gunoi, unde sunt depozitate de\u0219eurile din \u00a0municipiul B\u0103l\u021bi \u00ee\u0219i pun zilnic s\u0103n\u0103tatea \u00een pericol. Potrivit localnicilor, groapa de gunoi arde f\u0103r\u0103 \u00eencetare, iar fumul toxic care se ridic\u0103 deasupra locuin\u021belor duce la poluarea at\u00e2t a aerului, c\u00e2t \u0219i a apei.<\/p>\n<p><iframe width=\"1170\" height=\"878\" data-src=\"https:\/\/www.youtube.com\/embed\/h9Po7EinzGc?wmode=transparent&amp;rel=0&amp;feature=oembed\" frameborder=\"0\" allow=\"accelerometer; autoplay; encrypted-media; gyroscope; picture-in-picture\" allowfullscreen src=\"data:image\/svg+xml;base64,PHN2ZyB3aWR0aD0iMSIgaGVpZ2h0PSIxIiB4bWxucz0iaHR0cDovL3d3dy53My5vcmcvMjAwMC9zdmciPjwvc3ZnPg==\" class=\"lazyload\" data-load-mode=\"1\"><\/iframe><\/p>\n<p>\u00a0Oamenii spun c\u0103 au apelat \u00een nenum\u0103rate ori dup\u0103 ajutor la prim\u0103rie, pentru ai constr\u00e2nge pe angaja\u021bii \u00eentreprinderii \u201eSalubrity Solutions\u201d\u00a0 \u00een gestiunea c\u0103reia se afl\u0103 poligonul, s\u0103 st\u00e2ng\u0103 focul, \u00eens\u0103 f\u0103r\u0103 rezultat.<\/p>\n<p>\u0218eful Direc\u021biei Agen\u021biei Ecologice B\u0103l\u021bi, Adrian Crasnobaev a men\u021bionat c\u0103 acum c\u00e2teva zile \u201eSalubrity Solutions\u201d a fost amendat\u0103 pentru incendierea de\u0219eurilor.<\/p>\n<p>\u0218eful \u00eentreprinderii \u201eSalubrity Solution\u201d din municipiul B\u0103l\u021bi nu a fost de g\u0103sit pentru a comenta aceast\u0103 situa\u021bie. Men\u021bion\u0103m c\u0103 anterior \u00eentreprinderea \u0219i-a luat angajamentul de a construi \u00een locul rampei de gunoi o \u00eentreprindere de prelucrare a de\u0219eurilor. Ultima dat\u0103 \u00eentreprinderea a fost amendat\u0103 la sf\u00e2r\u0219itul lunii ianuarie.<\/p>\n","protected":false},"excerpt":{"rendered":"<p>Locuitorii din apropierea rampei de gunoi, unde sunt depozitate de\u0219eurile din \u00a0municipiul B\u0103l\u021bi \u00ee\u0219i pun zilnic s\u0103n\u0103tatea \u00een pericol. Potrivit localnicilor, groapa de gunoi arde f\u0103r\u0103 \u00eencetare, iar fumul toxic care se ridic\u0103 deasupra locuin\u021belor duce la poluarea at\u00e2t a aerului, c\u00e2t \u0219i a apei. \u00a0Oamenii spun c\u0103 au apelat \u00een nenum\u0103rate ori dup\u0103 ajutor [&hellip;]<\/p>\n","protected":false},"author":4,"featured_media":15378,"comment_status":"closed","ping_status":"closed","sticky":false,"template":"","format":"standard","meta":{"footnotes":""},"categories":[6353],"tags":[],"class_list":["post-15376","post","type-post","status-publish","format-standard","has-post-thumbnail","hentry","category-oras"],"yoast_head":"<!-- This site is optimized with the Yoast SEO plugin v27.4 - https:\/\/yoast.com\/product\/yoast-seo-wordpress\/ -->\n<title>SOS! RAMPA DE GUNOI DIN MUNICIPIUL B\u0102L\u021aI, BOMB\u0102 ECOLOGIC\u0102 ! - BTV<\/title>\n<meta name=\"robots\" content=\"index, follow, max-snippet:-1, max-image-preview:large, max-video-preview:-1\" \/>\n<link rel=\"canonical\" href=\"https:\/\/www.btv.md\/ro\/sos-rampa-de-gunoi-din-municipiul-balti-bomba-ecologica\/\" \/>\n<meta property=\"og:locale\" content=\"ro_RO\" \/>\n<meta property=\"og:type\" content=\"article\" \/>\n<meta property=\"og:title\" content=\"SOS! RAMPA DE GUNOI DIN MUNICIPIUL B\u0102L\u021aI, BOMB\u0102 ECOLOGIC\u0102 ! - BTV\" \/>\n<meta property=\"og:description\" content=\"Locuitorii din apropierea rampei de gunoi, unde sunt depozitate de\u0219eurile din \u00a0municipiul B\u0103l\u021bi \u00ee\u0219i pun zilnic s\u0103n\u0103tatea \u00een pericol. Potrivit localnicilor, groapa de gunoi arde f\u0103r\u0103 \u00eencetare, iar fumul toxic care se ridic\u0103 deasupra locuin\u021belor duce la poluarea at\u00e2t a aerului, c\u00e2t \u0219i a apei. \u00a0Oamenii spun c\u0103 au apelat \u00een nenum\u0103rate ori dup\u0103 ajutor [&hellip;]\" \/>\n<meta property=\"og:url\" content=\"https:\/\/www.btv.md\/ro\/sos-rampa-de-gunoi-din-municipiul-balti-bomba-ecologica\/\" \/>\n<meta property=\"og:site_name\" content=\"BTV\" \/>\n<meta property=\"article:publisher\" content=\"https:\/\/www.facebook.com\/btvmoldova\/\" \/>\n<meta property=\"article:published_time\" content=\"2016-07-06T05:26:49+00:00\" \/>\n<meta property=\"article:modified_time\" content=\"2016-07-06T05:27:09+00:00\" \/>\n<meta property=\"og:image\" content=\"https:\/\/www.btv.md\/wp-content\/uploads\/2016\/07\/dddddddddddd.jpg\" \/>\n\t<meta property=\"og:image:width\" content=\"600\" \/>\n\t<meta property=\"og:image:height\" content=\"400\" \/>\n\t<meta property=\"og:image:type\" content=\"image\/jpeg\" \/>\n<meta name=\"author\" content=\"admin\" \/>\n<meta name=\"twitter:label1\" content=\"Scris de\" \/>\n\t<meta name=\"twitter:data1\" content=\"admin\" \/>\n\t<meta name=\"twitter:label2\" content=\"Timp estimat pentru citire\" \/>\n\t<meta name=\"twitter:data2\" content=\"1 minut\" \/>\n<script type=\"application\/ld+json\" class=\"yoast-schema-graph\">{\"@context\":\"https:\\\/\\\/schema.org\",\"@graph\":[{\"@type\":\"Article\",\"@id\":\"https:\\\/\\\/www.btv.md\\\/ro\\\/sos-rampa-de-gunoi-din-municipiul-balti-bomba-ecologica\\\/#article\",\"isPartOf\":{\"@id\":\"https:\\\/\\\/www.btv.md\\\/ro\\\/sos-rampa-de-gunoi-din-municipiul-balti-bomba-ecologica\\\/\"},\"author\":{\"name\":\"admin\",\"@id\":\"https:\\\/\\\/www.btv.md\\\/#\\\/schema\\\/person\\\/8fadce81561b3ce2c34c46dadc4ccbf2\"},\"headline\":\"SOS! RAMPA DE GUNOI DIN MUNICIPIUL B\u0102L\u021aI, BOMB\u0102 ECOLOGIC\u0102 !\",\"datePublished\":\"2016-07-06T05:26:49+00:00\",\"dateModified\":\"2016-07-06T05:27:09+00:00\",\"mainEntityOfPage\":{\"@id\":\"https:\\\/\\\/www.btv.md\\\/ro\\\/sos-rampa-de-gunoi-din-municipiul-balti-bomba-ecologica\\\/\"},\"wordCount\":195,\"image\":{\"@id\":\"https:\\\/\\\/www.btv.md\\\/ro\\\/sos-rampa-de-gunoi-din-municipiul-balti-bomba-ecologica\\\/#primaryimage\"},\"thumbnailUrl\":\"https:\\\/\\\/www.btv.md\\\/wp-content\\\/uploads\\\/2016\\\/07\\\/dddddddddddd.jpg\",\"articleSection\":[\"Ora\u0219\"],\"inLanguage\":\"ro-RO\"},{\"@type\":\"WebPage\",\"@id\":\"https:\\\/\\\/www.btv.md\\\/ro\\\/sos-rampa-de-gunoi-din-municipiul-balti-bomba-ecologica\\\/\",\"url\":\"https:\\\/\\\/www.btv.md\\\/ro\\\/sos-rampa-de-gunoi-din-municipiul-balti-bomba-ecologica\\\/\",\"name\":\"SOS! RAMPA DE GUNOI DIN MUNICIPIUL B\u0102L\u021aI, BOMB\u0102 ECOLOGIC\u0102 ! - BTV\",\"isPartOf\":{\"@id\":\"https:\\\/\\\/www.btv.md\\\/#website\"},\"primaryImageOfPage\":{\"@id\":\"https:\\\/\\\/www.btv.md\\\/ro\\\/sos-rampa-de-gunoi-din-municipiul-balti-bomba-ecologica\\\/#primaryimage\"},\"image\":{\"@id\":\"https:\\\/\\\/www.btv.md\\\/ro\\\/sos-rampa-de-gunoi-din-municipiul-balti-bomba-ecologica\\\/#primaryimage\"},\"thumbnailUrl\":\"https:\\\/\\\/www.btv.md\\\/wp-content\\\/uploads\\\/2016\\\/07\\\/dddddddddddd.jpg\",\"datePublished\":\"2016-07-06T05:26:49+00:00\",\"dateModified\":\"2016-07-06T05:27:09+00:00\",\"author\":{\"@id\":\"https:\\\/\\\/www.btv.md\\\/#\\\/schema\\\/person\\\/8fadce81561b3ce2c34c46dadc4ccbf2\"},\"inLanguage\":\"ro-RO\",\"potentialAction\":[{\"@type\":\"ReadAction\",\"target\":[\"https:\\\/\\\/www.btv.md\\\/ro\\\/sos-rampa-de-gunoi-din-municipiul-balti-bomba-ecologica\\\/\"]}]},{\"@type\":\"ImageObject\",\"inLanguage\":\"ro-RO\",\"@id\":\"https:\\\/\\\/www.btv.md\\\/ro\\\/sos-rampa-de-gunoi-din-municipiul-balti-bomba-ecologica\\\/#primaryimage\",\"url\":\"https:\\\/\\\/www.btv.md\\\/wp-content\\\/uploads\\\/2016\\\/07\\\/dddddddddddd.jpg\",\"contentUrl\":\"https:\\\/\\\/www.btv.md\\\/wp-content\\\/uploads\\\/2016\\\/07\\\/dddddddddddd.jpg\",\"width\":600,\"height\":400},{\"@type\":\"WebSite\",\"@id\":\"https:\\\/\\\/www.btv.md\\\/#website\",\"url\":\"https:\\\/\\\/www.btv.md\\\/\",\"name\":\"BTV\",\"description\":\"\u0411\u0435\u043b\u044c\u0446\u043a\u043e\u0435 \u0442\u0435\u043b\u0435\u0432\u0438\u0434\u0435\u043d\u0438\u0435\",\"potentialAction\":[{\"@type\":\"SearchAction\",\"target\":{\"@type\":\"EntryPoint\",\"urlTemplate\":\"https:\\\/\\\/www.btv.md\\\/?s={search_term_string}\"},\"query-input\":{\"@type\":\"PropertyValueSpecification\",\"valueRequired\":true,\"valueName\":\"search_term_string\"}}],\"inLanguage\":\"ro-RO\"},{\"@type\":\"Person\",\"@id\":\"https:\\\/\\\/www.btv.md\\\/#\\\/schema\\\/person\\\/8fadce81561b3ce2c34c46dadc4ccbf2\",\"name\":\"admin\"}]}<\/script>\n<!-- \/ Yoast SEO plugin. -->","yoast_head_json":{"title":"SOS! RAMPA DE GUNOI DIN MUNICIPIUL B\u0102L\u021aI, BOMB\u0102 ECOLOGIC\u0102 ! - BTV","robots":{"index":"index","follow":"follow","max-snippet":"max-snippet:-1","max-image-preview":"max-image-preview:large","max-video-preview":"max-video-preview:-1"},"canonical":"https:\/\/www.btv.md\/ro\/sos-rampa-de-gunoi-din-municipiul-balti-bomba-ecologica\/","og_locale":"ro_RO","og_type":"article","og_title":"SOS! RAMPA DE GUNOI DIN MUNICIPIUL B\u0102L\u021aI, BOMB\u0102 ECOLOGIC\u0102 ! - BTV","og_description":"Locuitorii din apropierea rampei de gunoi, unde sunt depozitate de\u0219eurile din \u00a0municipiul B\u0103l\u021bi \u00ee\u0219i pun zilnic s\u0103n\u0103tatea \u00een pericol. Potrivit localnicilor, groapa de gunoi arde f\u0103r\u0103 \u00eencetare, iar fumul toxic care se ridic\u0103 deasupra locuin\u021belor duce la poluarea at\u00e2t a aerului, c\u00e2t \u0219i a apei. \u00a0Oamenii spun c\u0103 au apelat \u00een nenum\u0103rate ori dup\u0103 ajutor [&hellip;]","og_url":"https:\/\/www.btv.md\/ro\/sos-rampa-de-gunoi-din-municipiul-balti-bomba-ecologica\/","og_site_name":"BTV","article_publisher":"https:\/\/www.facebook.com\/btvmoldova\/","article_published_time":"2016-07-06T05:26:49+00:00","article_modified_time":"2016-07-06T05:27:09+00:00","og_image":[{"width":600,"height":400,"url":"https:\/\/www.btv.md\/wp-content\/uploads\/2016\/07\/dddddddddddd.jpg","type":"image\/jpeg"}],"author":"admin","twitter_misc":{"Scris de":"admin","Timp estimat pentru citire":"1 minut"},"schema":{"@context":"https:\/\/schema.org","@graph":[{"@type":"Article","@id":"https:\/\/www.btv.md\/ro\/sos-rampa-de-gunoi-din-municipiul-balti-bomba-ecologica\/#article","isPartOf":{"@id":"https:\/\/www.btv.md\/ro\/sos-rampa-de-gunoi-din-municipiul-balti-bomba-ecologica\/"},"author":{"name":"admin","@id":"https:\/\/www.btv.md\/#\/schema\/person\/8fadce81561b3ce2c34c46dadc4ccbf2"},"headline":"SOS! RAMPA DE GUNOI DIN MUNICIPIUL B\u0102L\u021aI, BOMB\u0102 ECOLOGIC\u0102 !","datePublished":"2016-07-06T05:26:49+00:00","dateModified":"2016-07-06T05:27:09+00:00","mainEntityOfPage":{"@id":"https:\/\/www.btv.md\/ro\/sos-rampa-de-gunoi-din-municipiul-balti-bomba-ecologica\/"},"wordCount":195,"image":{"@id":"https:\/\/www.btv.md\/ro\/sos-rampa-de-gunoi-din-municipiul-balti-bomba-ecologica\/#primaryimage"},"thumbnailUrl":"https:\/\/www.btv.md\/wp-content\/uploads\/2016\/07\/dddddddddddd.jpg","articleSection":["Ora\u0219"],"inLanguage":"ro-RO"},{"@type":"WebPage","@id":"https:\/\/www.btv.md\/ro\/sos-rampa-de-gunoi-din-municipiul-balti-bomba-ecologica\/","url":"https:\/\/www.btv.md\/ro\/sos-rampa-de-gunoi-din-municipiul-balti-bomba-ecologica\/","name":"SOS! RAMPA DE GUNOI DIN MUNICIPIUL B\u0102L\u021aI, BOMB\u0102 ECOLOGIC\u0102 ! - BTV","isPartOf":{"@id":"https:\/\/www.btv.md\/#website"},"primaryImageOfPage":{"@id":"https:\/\/www.btv.md\/ro\/sos-rampa-de-gunoi-din-municipiul-balti-bomba-ecologica\/#primaryimage"},"image":{"@id":"https:\/\/www.btv.md\/ro\/sos-rampa-de-gunoi-din-municipiul-balti-bomba-ecologica\/#primaryimage"},"thumbnailUrl":"https:\/\/www.btv.md\/wp-content\/uploads\/2016\/07\/dddddddddddd.jpg","datePublished":"2016-07-06T05:26:49+00:00","dateModified":"2016-07-06T05:27:09+00:00","author":{"@id":"https:\/\/www.btv.md\/#\/schema\/person\/8fadce81561b3ce2c34c46dadc4ccbf2"},"inLanguage":"ro-RO","potentialAction":[{"@type":"ReadAction","target":["https:\/\/www.btv.md\/ro\/sos-rampa-de-gunoi-din-municipiul-balti-bomba-ecologica\/"]}]},{"@type":"ImageObject","inLanguage":"ro-RO","@id":"https:\/\/www.btv.md\/ro\/sos-rampa-de-gunoi-din-municipiul-balti-bomba-ecologica\/#primaryimage","url":"https:\/\/www.btv.md\/wp-content\/uploads\/2016\/07\/dddddddddddd.jpg","contentUrl":"https:\/\/www.btv.md\/wp-content\/uploads\/2016\/07\/dddddddddddd.jpg","width":600,"height":400},{"@type":"WebSite","@id":"https:\/\/www.btv.md\/#website","url":"https:\/\/www.btv.md\/","name":"BTV","description":"\u0411\u0435\u043b\u044c\u0446\u043a\u043e\u0435 \u0442\u0435\u043b\u0435\u0432\u0438\u0434\u0435\u043d\u0438\u0435","potentialAction":[{"@type":"SearchAction","target":{"@type":"EntryPoint","urlTemplate":"https:\/\/www.btv.md\/?s={search_term_string}"},"query-input":{"@type":"PropertyValueSpecification","valueRequired":true,"valueName":"search_term_string"}}],"inLanguage":"ro-RO"},{"@type":"Person","@id":"https:\/\/www.btv.md\/#\/schema\/person\/8fadce81561b3ce2c34c46dadc4ccbf2","name":"admin"}]}},"_links":{"self":[{"href":"https:\/\/www.btv.md\/ro\/wp-json\/wp\/v2\/posts\/15376","targetHints":{"allow":["GET"]}}],"collection":[{"href":"https:\/\/www.btv.md\/ro\/wp-json\/wp\/v2\/posts"}],"about":[{"href":"https:\/\/www.btv.md\/ro\/wp-json\/wp\/v2\/types\/post"}],"author":[{"embeddable":true,"href":"https:\/\/www.btv.md\/ro\/wp-json\/wp\/v2\/users\/4"}],"replies":[{"embeddable":true,"href":"https:\/\/www.btv.md\/ro\/wp-json\/wp\/v2\/comments?post=15376"}],"version-history":[{"count":0,"href":"https:\/\/www.btv.md\/ro\/wp-json\/wp\/v2\/posts\/15376\/revisions"}],"wp:featuredmedia":[{"embeddable":true,"href":"https:\/\/www.btv.md\/ro\/wp-json\/wp\/v2\/media\/15378"}],"wp:attachment":[{"href":"https:\/\/www.btv.md\/ro\/wp-json\/wp\/v2\/media?parent=15376"}],"wp:term":[{"taxonomy":"category","embeddable":true,"href":"https:\/\/www.btv.md\/ro\/wp-json\/wp\/v2\/categories?post=15376"},{"taxonomy":"post_tag","embeddable":true,"href":"https:\/\/www.btv.md\/ro\/wp-json\/wp\/v2\/tags?post=15376"}],"curies":[{"name":"wp","href":"https:\/\/api.w.org\/{rel}","templated":true}]}}