{"id":15432,"date":"2016-07-06T18:47:26","date_gmt":"2016-07-06T15:47:26","guid":{"rendered":"http:\/\/btv.md\/?p=15432"},"modified":"2017-05-09T10:05:37","modified_gmt":"2017-05-09T07:05:37","slug":"moldovenii-care-au-muncit-in-franta-vor-primi-suport","status":"publish","type":"post","link":"https:\/\/www.btv.md\/ro\/moldovenii-care-au-muncit-in-franta-vor-primi-suport\/","title":{"rendered":"Moldovenii, care au muncit \u00een Fran\u021ba, vor primi suport"},"content":{"rendered":"<p><strong>Cet\u0103\u0163enii Republicii Moldova care au locuit \u015fi au muncit \u00een Fran\u0163a vor primi suport de reintegrare la \u00eentoarcerea \u00een \u0163ar\u0103. <\/strong><strong>Ei vor beneficia de suport pentru \u00eencadrarea \u00een c\u00e2mpul muncii, dar \u015fi de ajutoare materiale pentru dezvoltarea unei afaceri. <\/strong><strong>O declara\u0163ie \u00een acest sens au semnat ast\u0103zi ministrul Muncii, Protec\u0163iei Sociale \u015fi Familiei, Stela Grigora\u015f \u015fi directorul general al Oficiului Francez pentru Imigra\u0163ie \u015fi Integrare, Diedier Leschi<\/strong><strong>, transmite <a href=\"http:\/\/trm.md\/\">trm.md<\/a><\/strong><\/p>\n<p>Potrivit unui comunicat al Ministrului Muncii, Protec\u021biei Sociale \u0219i Familiei, \u00een continuare, p\u0103r\u021bile vor elabora un Acord de colaborare care va propune cet\u0103\u021benilor moldoveni re\u00eentor\u0219i \u00een \u021bar\u0103, \u00een func\u021bie de situa\u021bia lor social\u0103, un parcurs de reintegrare aprofundat.<\/p>\n<p> \u201eAcordul va stimula re\u00eentoarcerea voluntar\u0103 a cet\u0103\u021benilor no\u0219tri \u0219i va contribui la promovarea unor practici similare cu alte state de destina\u021bii, Fran\u021ba devenind un exemplu \u00een acest sens\u201d, a declarat ministrul Muncii, Stela Grigora\u0219<\/p>\n<p> La r\u00e2ndul s\u0103u, directorul general al Oficiului Francez pentru Imigra\u021bie \u0219i Integrare, Diedier Leschi, a men\u021bionat c\u0103 pentru partea francez\u0103 acest Acord are o dubl\u0103 importan\u021b\u0103. \u201e\u00cen primul r\u00e2nd va sus\u021bine cet\u0103\u021benii Republicii Moldova care prin activitatea lor au contribuit la bun\u0103starea \u021b\u0103rii noastre pe plan economic \u0219i social, iar pe de alt\u0103 parte, acesta va consolida rela\u021biile moldo-franceze prin ini\u021bierea unor proiecte comune datorit\u0103 experien\u021bei lor\u201d, a declarat oficialul.<\/p>\n<p> \u00cencep\u00e2nd cu anul 2003, Oficiul Francez pentru Imigra\u021bie \u0219i Integrare a sus\u021binut 1000 de proiecte privind reintegrarea cet\u0103\u021benilor moldoveni care se re\u00eentorc din Fran\u021ba.<\/p>\n","protected":false},"excerpt":{"rendered":"<p>Cet\u0103\u0163enii Republicii Moldova care au locuit \u015fi au muncit \u00een Fran\u0163a vor primi suport de reintegrare la \u00eentoarcerea \u00een \u0163ar\u0103. Ei vor beneficia de suport pentru \u00eencadrarea \u00een c\u00e2mpul muncii, dar \u015fi de ajutoare materiale pentru dezvoltarea unei afaceri. O declara\u0163ie \u00een acest sens au semnat ast\u0103zi ministrul Muncii, Protec\u0163iei Sociale \u015fi Familiei, Stela Grigora\u015f [&hellip;]<\/p>\n","protected":false},"author":4,"featured_media":15433,"comment_status":"closed","ping_status":"closed","sticky":false,"template":"","format":"standard","meta":{"footnotes":""},"categories":[6369],"tags":[],"class_list":["post-15432","post","type-post","status-publish","format-standard","has-post-thumbnail","hentry","category-economie-ro"],"yoast_head":"<!-- This site is optimized with the Yoast SEO plugin v27.4 - https:\/\/yoast.com\/product\/yoast-seo-wordpress\/ -->\n<title>Moldovenii, care au muncit \u00een Fran\u021ba, vor primi suport - BTV<\/title>\n<meta name=\"robots\" content=\"index, follow, max-snippet:-1, max-image-preview:large, max-video-preview:-1\" \/>\n<link rel=\"canonical\" href=\"https:\/\/www.btv.md\/ro\/moldovenii-care-au-muncit-in-franta-vor-primi-suport\/\" \/>\n<meta property=\"og:locale\" content=\"ro_RO\" \/>\n<meta property=\"og:type\" content=\"article\" \/>\n<meta property=\"og:title\" content=\"Moldovenii, care au muncit \u00een Fran\u021ba, vor primi suport - BTV\" \/>\n<meta property=\"og:description\" content=\"Cet\u0103\u0163enii Republicii Moldova care au locuit \u015fi au muncit \u00een Fran\u0163a vor primi suport de reintegrare la \u00eentoarcerea \u00een \u0163ar\u0103. Ei vor beneficia de suport pentru \u00eencadrarea \u00een c\u00e2mpul muncii, dar \u015fi de ajutoare materiale pentru dezvoltarea unei afaceri. O declara\u0163ie \u00een acest sens au semnat ast\u0103zi ministrul Muncii, Protec\u0163iei Sociale \u015fi Familiei, Stela Grigora\u015f [&hellip;]\" \/>\n<meta property=\"og:url\" content=\"https:\/\/www.btv.md\/ro\/moldovenii-care-au-muncit-in-franta-vor-primi-suport\/\" \/>\n<meta property=\"og:site_name\" content=\"BTV\" \/>\n<meta property=\"article:publisher\" content=\"https:\/\/www.facebook.com\/btvmoldova\/\" \/>\n<meta property=\"article:published_time\" content=\"2016-07-06T15:47:26+00:00\" \/>\n<meta property=\"article:modified_time\" content=\"2017-05-09T07:05:37+00:00\" \/>\n<meta property=\"og:image\" content=\"https:\/\/www.btv.md\/wp-content\/uploads\/2016\/07\/4.jpg\" \/>\n\t<meta property=\"og:image:width\" content=\"1366\" \/>\n\t<meta property=\"og:image:height\" content=\"768\" \/>\n\t<meta property=\"og:image:type\" content=\"image\/jpeg\" \/>\n<meta name=\"author\" content=\"admin\" \/>\n<meta name=\"twitter:label1\" content=\"Scris de\" \/>\n\t<meta name=\"twitter:data1\" content=\"admin\" \/>\n\t<meta name=\"twitter:label2\" content=\"Timp estimat pentru citire\" \/>\n\t<meta name=\"twitter:data2\" content=\"1 minut\" \/>\n<script type=\"application\/ld+json\" class=\"yoast-schema-graph\">{\"@context\":\"https:\\\/\\\/schema.org\",\"@graph\":[{\"@type\":\"Article\",\"@id\":\"https:\\\/\\\/www.btv.md\\\/ro\\\/moldovenii-care-au-muncit-in-franta-vor-primi-suport\\\/#article\",\"isPartOf\":{\"@id\":\"https:\\\/\\\/www.btv.md\\\/ro\\\/moldovenii-care-au-muncit-in-franta-vor-primi-suport\\\/\"},\"author\":{\"name\":\"admin\",\"@id\":\"https:\\\/\\\/www.btv.md\\\/#\\\/schema\\\/person\\\/8fadce81561b3ce2c34c46dadc4ccbf2\"},\"headline\":\"Moldovenii, care au muncit \u00een Fran\u021ba, vor primi suport\",\"datePublished\":\"2016-07-06T15:47:26+00:00\",\"dateModified\":\"2017-05-09T07:05:37+00:00\",\"mainEntityOfPage\":{\"@id\":\"https:\\\/\\\/www.btv.md\\\/ro\\\/moldovenii-care-au-muncit-in-franta-vor-primi-suport\\\/\"},\"wordCount\":281,\"image\":{\"@id\":\"https:\\\/\\\/www.btv.md\\\/ro\\\/moldovenii-care-au-muncit-in-franta-vor-primi-suport\\\/#primaryimage\"},\"thumbnailUrl\":\"https:\\\/\\\/www.btv.md\\\/wp-content\\\/uploads\\\/2016\\\/07\\\/4.jpg\",\"articleSection\":[\"Economie\"],\"inLanguage\":\"ro-RO\"},{\"@type\":\"WebPage\",\"@id\":\"https:\\\/\\\/www.btv.md\\\/ro\\\/moldovenii-care-au-muncit-in-franta-vor-primi-suport\\\/\",\"url\":\"https:\\\/\\\/www.btv.md\\\/ro\\\/moldovenii-care-au-muncit-in-franta-vor-primi-suport\\\/\",\"name\":\"Moldovenii, care au muncit \u00een Fran\u021ba, vor primi suport - BTV\",\"isPartOf\":{\"@id\":\"https:\\\/\\\/www.btv.md\\\/#website\"},\"primaryImageOfPage\":{\"@id\":\"https:\\\/\\\/www.btv.md\\\/ro\\\/moldovenii-care-au-muncit-in-franta-vor-primi-suport\\\/#primaryimage\"},\"image\":{\"@id\":\"https:\\\/\\\/www.btv.md\\\/ro\\\/moldovenii-care-au-muncit-in-franta-vor-primi-suport\\\/#primaryimage\"},\"thumbnailUrl\":\"https:\\\/\\\/www.btv.md\\\/wp-content\\\/uploads\\\/2016\\\/07\\\/4.jpg\",\"datePublished\":\"2016-07-06T15:47:26+00:00\",\"dateModified\":\"2017-05-09T07:05:37+00:00\",\"author\":{\"@id\":\"https:\\\/\\\/www.btv.md\\\/#\\\/schema\\\/person\\\/8fadce81561b3ce2c34c46dadc4ccbf2\"},\"inLanguage\":\"ro-RO\",\"potentialAction\":[{\"@type\":\"ReadAction\",\"target\":[\"https:\\\/\\\/www.btv.md\\\/ro\\\/moldovenii-care-au-muncit-in-franta-vor-primi-suport\\\/\"]}]},{\"@type\":\"ImageObject\",\"inLanguage\":\"ro-RO\",\"@id\":\"https:\\\/\\\/www.btv.md\\\/ro\\\/moldovenii-care-au-muncit-in-franta-vor-primi-suport\\\/#primaryimage\",\"url\":\"https:\\\/\\\/www.btv.md\\\/wp-content\\\/uploads\\\/2016\\\/07\\\/4.jpg\",\"contentUrl\":\"https:\\\/\\\/www.btv.md\\\/wp-content\\\/uploads\\\/2016\\\/07\\\/4.jpg\",\"width\":1366,\"height\":768},{\"@type\":\"WebSite\",\"@id\":\"https:\\\/\\\/www.btv.md\\\/#website\",\"url\":\"https:\\\/\\\/www.btv.md\\\/\",\"name\":\"BTV\",\"description\":\"\u0411\u0435\u043b\u044c\u0446\u043a\u043e\u0435 \u0442\u0435\u043b\u0435\u0432\u0438\u0434\u0435\u043d\u0438\u0435\",\"potentialAction\":[{\"@type\":\"SearchAction\",\"target\":{\"@type\":\"EntryPoint\",\"urlTemplate\":\"https:\\\/\\\/www.btv.md\\\/?s={search_term_string}\"},\"query-input\":{\"@type\":\"PropertyValueSpecification\",\"valueRequired\":true,\"valueName\":\"search_term_string\"}}],\"inLanguage\":\"ro-RO\"},{\"@type\":\"Person\",\"@id\":\"https:\\\/\\\/www.btv.md\\\/#\\\/schema\\\/person\\\/8fadce81561b3ce2c34c46dadc4ccbf2\",\"name\":\"admin\"}]}<\/script>\n<!-- \/ Yoast SEO plugin. -->","yoast_head_json":{"title":"Moldovenii, care au muncit \u00een Fran\u021ba, vor primi suport - BTV","robots":{"index":"index","follow":"follow","max-snippet":"max-snippet:-1","max-image-preview":"max-image-preview:large","max-video-preview":"max-video-preview:-1"},"canonical":"https:\/\/www.btv.md\/ro\/moldovenii-care-au-muncit-in-franta-vor-primi-suport\/","og_locale":"ro_RO","og_type":"article","og_title":"Moldovenii, care au muncit \u00een Fran\u021ba, vor primi suport - BTV","og_description":"Cet\u0103\u0163enii Republicii Moldova care au locuit \u015fi au muncit \u00een Fran\u0163a vor primi suport de reintegrare la \u00eentoarcerea \u00een \u0163ar\u0103. Ei vor beneficia de suport pentru \u00eencadrarea \u00een c\u00e2mpul muncii, dar \u015fi de ajutoare materiale pentru dezvoltarea unei afaceri. O declara\u0163ie \u00een acest sens au semnat ast\u0103zi ministrul Muncii, Protec\u0163iei Sociale \u015fi Familiei, Stela Grigora\u015f [&hellip;]","og_url":"https:\/\/www.btv.md\/ro\/moldovenii-care-au-muncit-in-franta-vor-primi-suport\/","og_site_name":"BTV","article_publisher":"https:\/\/www.facebook.com\/btvmoldova\/","article_published_time":"2016-07-06T15:47:26+00:00","article_modified_time":"2017-05-09T07:05:37+00:00","og_image":[{"width":1366,"height":768,"url":"https:\/\/www.btv.md\/wp-content\/uploads\/2016\/07\/4.jpg","type":"image\/jpeg"}],"author":"admin","twitter_misc":{"Scris de":"admin","Timp estimat pentru citire":"1 minut"},"schema":{"@context":"https:\/\/schema.org","@graph":[{"@type":"Article","@id":"https:\/\/www.btv.md\/ro\/moldovenii-care-au-muncit-in-franta-vor-primi-suport\/#article","isPartOf":{"@id":"https:\/\/www.btv.md\/ro\/moldovenii-care-au-muncit-in-franta-vor-primi-suport\/"},"author":{"name":"admin","@id":"https:\/\/www.btv.md\/#\/schema\/person\/8fadce81561b3ce2c34c46dadc4ccbf2"},"headline":"Moldovenii, care au muncit \u00een Fran\u021ba, vor primi suport","datePublished":"2016-07-06T15:47:26+00:00","dateModified":"2017-05-09T07:05:37+00:00","mainEntityOfPage":{"@id":"https:\/\/www.btv.md\/ro\/moldovenii-care-au-muncit-in-franta-vor-primi-suport\/"},"wordCount":281,"image":{"@id":"https:\/\/www.btv.md\/ro\/moldovenii-care-au-muncit-in-franta-vor-primi-suport\/#primaryimage"},"thumbnailUrl":"https:\/\/www.btv.md\/wp-content\/uploads\/2016\/07\/4.jpg","articleSection":["Economie"],"inLanguage":"ro-RO"},{"@type":"WebPage","@id":"https:\/\/www.btv.md\/ro\/moldovenii-care-au-muncit-in-franta-vor-primi-suport\/","url":"https:\/\/www.btv.md\/ro\/moldovenii-care-au-muncit-in-franta-vor-primi-suport\/","name":"Moldovenii, care au muncit \u00een Fran\u021ba, vor primi suport - BTV","isPartOf":{"@id":"https:\/\/www.btv.md\/#website"},"primaryImageOfPage":{"@id":"https:\/\/www.btv.md\/ro\/moldovenii-care-au-muncit-in-franta-vor-primi-suport\/#primaryimage"},"image":{"@id":"https:\/\/www.btv.md\/ro\/moldovenii-care-au-muncit-in-franta-vor-primi-suport\/#primaryimage"},"thumbnailUrl":"https:\/\/www.btv.md\/wp-content\/uploads\/2016\/07\/4.jpg","datePublished":"2016-07-06T15:47:26+00:00","dateModified":"2017-05-09T07:05:37+00:00","author":{"@id":"https:\/\/www.btv.md\/#\/schema\/person\/8fadce81561b3ce2c34c46dadc4ccbf2"},"inLanguage":"ro-RO","potentialAction":[{"@type":"ReadAction","target":["https:\/\/www.btv.md\/ro\/moldovenii-care-au-muncit-in-franta-vor-primi-suport\/"]}]},{"@type":"ImageObject","inLanguage":"ro-RO","@id":"https:\/\/www.btv.md\/ro\/moldovenii-care-au-muncit-in-franta-vor-primi-suport\/#primaryimage","url":"https:\/\/www.btv.md\/wp-content\/uploads\/2016\/07\/4.jpg","contentUrl":"https:\/\/www.btv.md\/wp-content\/uploads\/2016\/07\/4.jpg","width":1366,"height":768},{"@type":"WebSite","@id":"https:\/\/www.btv.md\/#website","url":"https:\/\/www.btv.md\/","name":"BTV","description":"\u0411\u0435\u043b\u044c\u0446\u043a\u043e\u0435 \u0442\u0435\u043b\u0435\u0432\u0438\u0434\u0435\u043d\u0438\u0435","potentialAction":[{"@type":"SearchAction","target":{"@type":"EntryPoint","urlTemplate":"https:\/\/www.btv.md\/?s={search_term_string}"},"query-input":{"@type":"PropertyValueSpecification","valueRequired":true,"valueName":"search_term_string"}}],"inLanguage":"ro-RO"},{"@type":"Person","@id":"https:\/\/www.btv.md\/#\/schema\/person\/8fadce81561b3ce2c34c46dadc4ccbf2","name":"admin"}]}},"_links":{"self":[{"href":"https:\/\/www.btv.md\/ro\/wp-json\/wp\/v2\/posts\/15432","targetHints":{"allow":["GET"]}}],"collection":[{"href":"https:\/\/www.btv.md\/ro\/wp-json\/wp\/v2\/posts"}],"about":[{"href":"https:\/\/www.btv.md\/ro\/wp-json\/wp\/v2\/types\/post"}],"author":[{"embeddable":true,"href":"https:\/\/www.btv.md\/ro\/wp-json\/wp\/v2\/users\/4"}],"replies":[{"embeddable":true,"href":"https:\/\/www.btv.md\/ro\/wp-json\/wp\/v2\/comments?post=15432"}],"version-history":[{"count":0,"href":"https:\/\/www.btv.md\/ro\/wp-json\/wp\/v2\/posts\/15432\/revisions"}],"wp:featuredmedia":[{"embeddable":true,"href":"https:\/\/www.btv.md\/ro\/wp-json\/wp\/v2\/media\/15433"}],"wp:attachment":[{"href":"https:\/\/www.btv.md\/ro\/wp-json\/wp\/v2\/media?parent=15432"}],"wp:term":[{"taxonomy":"category","embeddable":true,"href":"https:\/\/www.btv.md\/ro\/wp-json\/wp\/v2\/categories?post=15432"},{"taxonomy":"post_tag","embeddable":true,"href":"https:\/\/www.btv.md\/ro\/wp-json\/wp\/v2\/tags?post=15432"}],"curies":[{"name":"wp","href":"https:\/\/api.w.org\/{rel}","templated":true}]}}