{"id":15491,"date":"2016-07-08T17:11:18","date_gmt":"2016-07-08T14:11:18","guid":{"rendered":"http:\/\/btv.md\/?p=15491"},"modified":"2016-07-08T17:11:18","modified_gmt":"2016-07-08T14:11:18","slug":"lacurile-din-chisinau-nu-au-fost-curatate-de-20-de-ani","status":"publish","type":"post","link":"https:\/\/www.btv.md\/ro\/lacurile-din-chisinau-nu-au-fost-curatate-de-20-de-ani\/","title":{"rendered":"LACURILE  DIN  CHI\u0218IN\u0102U  NU  AU  FOST  CUR\u0102\u021aATE  DE  20  DE  ANI"},"content":{"rendered":"<p><strong>De\u0219i sunt aten\u021biona\u021bi, chi\u0219in\u0103uienii prefer\u0103 s\u0103 se scalde \u00een lacurile din parcurile Valea Morilor \u0219i Valea Trandafirilor. Centrul de Investiga\u021bii Ecologice anun\u021b\u0103 c\u0103, \u00een ultimii cinci ani, starea apelor nu corespunde \u00a0normelor admisibile, iar sc\u0103ldatul \u00een aceste ape cre\u0219te riscul de infec\u021bii \u00een organism, transmite <a href=\"http:\/\/curentul.md\/\">CURENTUL<\/a>.<\/strong><\/p>\n<p>Exper\u021bii au depistat \u00een ap\u0103 con\u021binut de materii de suspensie, oxigen chimic legat, oxigen biologic legat, ionii de amoniu \u0219i s\u0103rurile solubile au dep\u0103\u0219it limitele admisibile, iar sc\u0103ldatul \u00een astfel de ape cre\u0219te riscul apari\u021biei cancerului pielii, dar \u00een special pot afecta \u0219i organele interne ale corpului (ficatul, stomacul, esofagul, etc.).<\/p>\n<p>Centrul Ecologic avertizeaz\u0103 cet\u0103\u021benii s\u0103 nu-\u0219i ri\u0219te s\u0103n\u0103tatea intr\u00e2nd \u00een apele de pe teritoriul ora\u0219ului.<\/p>\n<p>Concentra\u021bia oxigenului dizolvat este sub limitele accesibile din cauz\u0103 c\u0103 lacurile nu au fost cur\u0103\u021bate de n\u0103molul depozitat \u00een ultimii 15-20 de ani, iar apele pluviale ce vin de pe teritoriul capitalei au o cantitate impun\u0103toare de substan\u021be petroliere \u0219i nocive, care reduc calitatea apei prin modific\u0103ri chimice.<\/p>\n<p>&nbsp;<\/p>\n","protected":false},"excerpt":{"rendered":"<p>De\u0219i sunt aten\u021biona\u021bi, chi\u0219in\u0103uienii prefer\u0103 s\u0103 se scalde \u00een lacurile din parcurile Valea Morilor \u0219i Valea Trandafirilor. Centrul de Investiga\u021bii Ecologice anun\u021b\u0103 c\u0103, \u00een ultimii cinci ani, starea apelor nu corespunde \u00a0normelor admisibile, iar sc\u0103ldatul \u00een aceste ape cre\u0219te riscul de infec\u021bii \u00een organism, transmite CURENTUL. Exper\u021bii au depistat \u00een ap\u0103 con\u021binut de materii de [&hellip;]<\/p>\n","protected":false},"author":4,"featured_media":15492,"comment_status":"closed","ping_status":"closed","sticky":false,"template":"","format":"standard","meta":{"footnotes":""},"categories":[8],"tags":[],"class_list":["post-15491","post","type-post","status-publish","format-standard","has-post-thumbnail","hentry","category-obshestvo"],"yoast_head":"<!-- This site is optimized with the Yoast SEO plugin v27.4 - https:\/\/yoast.com\/product\/yoast-seo-wordpress\/ -->\n<title>LACURILE DIN CHI\u0218IN\u0102U NU AU FOST CUR\u0102\u021aATE DE 20 DE ANI - BTV<\/title>\n<meta name=\"robots\" content=\"index, follow, max-snippet:-1, max-image-preview:large, max-video-preview:-1\" \/>\n<link rel=\"canonical\" href=\"https:\/\/www.btv.md\/ro\/lacurile-din-chisinau-nu-au-fost-curatate-de-20-de-ani\/\" \/>\n<meta property=\"og:locale\" content=\"ro_RO\" \/>\n<meta property=\"og:type\" content=\"article\" \/>\n<meta property=\"og:title\" content=\"LACURILE DIN CHI\u0218IN\u0102U NU AU FOST CUR\u0102\u021aATE DE 20 DE ANI - BTV\" \/>\n<meta property=\"og:description\" content=\"De\u0219i sunt aten\u021biona\u021bi, chi\u0219in\u0103uienii prefer\u0103 s\u0103 se scalde \u00een lacurile din parcurile Valea Morilor \u0219i Valea Trandafirilor. Centrul de Investiga\u021bii Ecologice anun\u021b\u0103 c\u0103, \u00een ultimii cinci ani, starea apelor nu corespunde \u00a0normelor admisibile, iar sc\u0103ldatul \u00een aceste ape cre\u0219te riscul de infec\u021bii \u00een organism, transmite CURENTUL. Exper\u021bii au depistat \u00een ap\u0103 con\u021binut de materii de [&hellip;]\" \/>\n<meta property=\"og:url\" content=\"https:\/\/www.btv.md\/ro\/lacurile-din-chisinau-nu-au-fost-curatate-de-20-de-ani\/\" \/>\n<meta property=\"og:site_name\" content=\"BTV\" \/>\n<meta property=\"article:publisher\" content=\"https:\/\/www.facebook.com\/btvmoldova\/\" \/>\n<meta property=\"article:published_time\" content=\"2016-07-08T14:11:18+00:00\" \/>\n<meta property=\"og:image\" content=\"https:\/\/www.btv.md\/wp-content\/uploads\/2016\/07\/63_big.jpg\" \/>\n\t<meta property=\"og:image:width\" content=\"700\" \/>\n\t<meta property=\"og:image:height\" content=\"525\" \/>\n\t<meta property=\"og:image:type\" content=\"image\/jpeg\" \/>\n<meta name=\"author\" content=\"admin\" \/>\n<meta name=\"twitter:label1\" content=\"Scris de\" \/>\n\t<meta name=\"twitter:data1\" content=\"admin\" \/>\n\t<meta name=\"twitter:label2\" content=\"Timp estimat pentru citire\" \/>\n\t<meta name=\"twitter:data2\" content=\"1 minut\" \/>\n<script type=\"application\/ld+json\" class=\"yoast-schema-graph\">{\"@context\":\"https:\\\/\\\/schema.org\",\"@graph\":[{\"@type\":\"Article\",\"@id\":\"https:\\\/\\\/www.btv.md\\\/ro\\\/lacurile-din-chisinau-nu-au-fost-curatate-de-20-de-ani\\\/#article\",\"isPartOf\":{\"@id\":\"https:\\\/\\\/www.btv.md\\\/ro\\\/lacurile-din-chisinau-nu-au-fost-curatate-de-20-de-ani\\\/\"},\"author\":{\"name\":\"admin\",\"@id\":\"https:\\\/\\\/www.btv.md\\\/#\\\/schema\\\/person\\\/8fadce81561b3ce2c34c46dadc4ccbf2\"},\"headline\":\"LACURILE DIN CHI\u0218IN\u0102U NU AU FOST CUR\u0102\u021aATE DE 20 DE ANI\",\"datePublished\":\"2016-07-08T14:11:18+00:00\",\"mainEntityOfPage\":{\"@id\":\"https:\\\/\\\/www.btv.md\\\/ro\\\/lacurile-din-chisinau-nu-au-fost-curatate-de-20-de-ani\\\/\"},\"wordCount\":203,\"image\":{\"@id\":\"https:\\\/\\\/www.btv.md\\\/ro\\\/lacurile-din-chisinau-nu-au-fost-curatate-de-20-de-ani\\\/#primaryimage\"},\"thumbnailUrl\":\"https:\\\/\\\/www.btv.md\\\/wp-content\\\/uploads\\\/2016\\\/07\\\/63_big.jpg\",\"articleSection\":[\"\u041e\u0431\u0449\u0435\u0441\u0442\u0432\u043e\"],\"inLanguage\":\"ro-RO\"},{\"@type\":\"WebPage\",\"@id\":\"https:\\\/\\\/www.btv.md\\\/ro\\\/lacurile-din-chisinau-nu-au-fost-curatate-de-20-de-ani\\\/\",\"url\":\"https:\\\/\\\/www.btv.md\\\/ro\\\/lacurile-din-chisinau-nu-au-fost-curatate-de-20-de-ani\\\/\",\"name\":\"LACURILE DIN CHI\u0218IN\u0102U NU AU FOST CUR\u0102\u021aATE DE 20 DE ANI - BTV\",\"isPartOf\":{\"@id\":\"https:\\\/\\\/www.btv.md\\\/#website\"},\"primaryImageOfPage\":{\"@id\":\"https:\\\/\\\/www.btv.md\\\/ro\\\/lacurile-din-chisinau-nu-au-fost-curatate-de-20-de-ani\\\/#primaryimage\"},\"image\":{\"@id\":\"https:\\\/\\\/www.btv.md\\\/ro\\\/lacurile-din-chisinau-nu-au-fost-curatate-de-20-de-ani\\\/#primaryimage\"},\"thumbnailUrl\":\"https:\\\/\\\/www.btv.md\\\/wp-content\\\/uploads\\\/2016\\\/07\\\/63_big.jpg\",\"datePublished\":\"2016-07-08T14:11:18+00:00\",\"author\":{\"@id\":\"https:\\\/\\\/www.btv.md\\\/#\\\/schema\\\/person\\\/8fadce81561b3ce2c34c46dadc4ccbf2\"},\"inLanguage\":\"ro-RO\",\"potentialAction\":[{\"@type\":\"ReadAction\",\"target\":[\"https:\\\/\\\/www.btv.md\\\/ro\\\/lacurile-din-chisinau-nu-au-fost-curatate-de-20-de-ani\\\/\"]}]},{\"@type\":\"ImageObject\",\"inLanguage\":\"ro-RO\",\"@id\":\"https:\\\/\\\/www.btv.md\\\/ro\\\/lacurile-din-chisinau-nu-au-fost-curatate-de-20-de-ani\\\/#primaryimage\",\"url\":\"https:\\\/\\\/www.btv.md\\\/wp-content\\\/uploads\\\/2016\\\/07\\\/63_big.jpg\",\"contentUrl\":\"https:\\\/\\\/www.btv.md\\\/wp-content\\\/uploads\\\/2016\\\/07\\\/63_big.jpg\",\"width\":700,\"height\":525},{\"@type\":\"WebSite\",\"@id\":\"https:\\\/\\\/www.btv.md\\\/#website\",\"url\":\"https:\\\/\\\/www.btv.md\\\/\",\"name\":\"BTV\",\"description\":\"\u0411\u0435\u043b\u044c\u0446\u043a\u043e\u0435 \u0442\u0435\u043b\u0435\u0432\u0438\u0434\u0435\u043d\u0438\u0435\",\"potentialAction\":[{\"@type\":\"SearchAction\",\"target\":{\"@type\":\"EntryPoint\",\"urlTemplate\":\"https:\\\/\\\/www.btv.md\\\/?s={search_term_string}\"},\"query-input\":{\"@type\":\"PropertyValueSpecification\",\"valueRequired\":true,\"valueName\":\"search_term_string\"}}],\"inLanguage\":\"ro-RO\"},{\"@type\":\"Person\",\"@id\":\"https:\\\/\\\/www.btv.md\\\/#\\\/schema\\\/person\\\/8fadce81561b3ce2c34c46dadc4ccbf2\",\"name\":\"admin\"}]}<\/script>\n<!-- \/ Yoast SEO plugin. -->","yoast_head_json":{"title":"LACURILE DIN CHI\u0218IN\u0102U NU AU FOST CUR\u0102\u021aATE DE 20 DE ANI - BTV","robots":{"index":"index","follow":"follow","max-snippet":"max-snippet:-1","max-image-preview":"max-image-preview:large","max-video-preview":"max-video-preview:-1"},"canonical":"https:\/\/www.btv.md\/ro\/lacurile-din-chisinau-nu-au-fost-curatate-de-20-de-ani\/","og_locale":"ro_RO","og_type":"article","og_title":"LACURILE DIN CHI\u0218IN\u0102U NU AU FOST CUR\u0102\u021aATE DE 20 DE ANI - BTV","og_description":"De\u0219i sunt aten\u021biona\u021bi, chi\u0219in\u0103uienii prefer\u0103 s\u0103 se scalde \u00een lacurile din parcurile Valea Morilor \u0219i Valea Trandafirilor. Centrul de Investiga\u021bii Ecologice anun\u021b\u0103 c\u0103, \u00een ultimii cinci ani, starea apelor nu corespunde \u00a0normelor admisibile, iar sc\u0103ldatul \u00een aceste ape cre\u0219te riscul de infec\u021bii \u00een organism, transmite CURENTUL. Exper\u021bii au depistat \u00een ap\u0103 con\u021binut de materii de [&hellip;]","og_url":"https:\/\/www.btv.md\/ro\/lacurile-din-chisinau-nu-au-fost-curatate-de-20-de-ani\/","og_site_name":"BTV","article_publisher":"https:\/\/www.facebook.com\/btvmoldova\/","article_published_time":"2016-07-08T14:11:18+00:00","og_image":[{"width":700,"height":525,"url":"https:\/\/www.btv.md\/wp-content\/uploads\/2016\/07\/63_big.jpg","type":"image\/jpeg"}],"author":"admin","twitter_misc":{"Scris de":"admin","Timp estimat pentru citire":"1 minut"},"schema":{"@context":"https:\/\/schema.org","@graph":[{"@type":"Article","@id":"https:\/\/www.btv.md\/ro\/lacurile-din-chisinau-nu-au-fost-curatate-de-20-de-ani\/#article","isPartOf":{"@id":"https:\/\/www.btv.md\/ro\/lacurile-din-chisinau-nu-au-fost-curatate-de-20-de-ani\/"},"author":{"name":"admin","@id":"https:\/\/www.btv.md\/#\/schema\/person\/8fadce81561b3ce2c34c46dadc4ccbf2"},"headline":"LACURILE DIN CHI\u0218IN\u0102U NU AU FOST CUR\u0102\u021aATE DE 20 DE ANI","datePublished":"2016-07-08T14:11:18+00:00","mainEntityOfPage":{"@id":"https:\/\/www.btv.md\/ro\/lacurile-din-chisinau-nu-au-fost-curatate-de-20-de-ani\/"},"wordCount":203,"image":{"@id":"https:\/\/www.btv.md\/ro\/lacurile-din-chisinau-nu-au-fost-curatate-de-20-de-ani\/#primaryimage"},"thumbnailUrl":"https:\/\/www.btv.md\/wp-content\/uploads\/2016\/07\/63_big.jpg","articleSection":["\u041e\u0431\u0449\u0435\u0441\u0442\u0432\u043e"],"inLanguage":"ro-RO"},{"@type":"WebPage","@id":"https:\/\/www.btv.md\/ro\/lacurile-din-chisinau-nu-au-fost-curatate-de-20-de-ani\/","url":"https:\/\/www.btv.md\/ro\/lacurile-din-chisinau-nu-au-fost-curatate-de-20-de-ani\/","name":"LACURILE DIN CHI\u0218IN\u0102U NU AU FOST CUR\u0102\u021aATE DE 20 DE ANI - BTV","isPartOf":{"@id":"https:\/\/www.btv.md\/#website"},"primaryImageOfPage":{"@id":"https:\/\/www.btv.md\/ro\/lacurile-din-chisinau-nu-au-fost-curatate-de-20-de-ani\/#primaryimage"},"image":{"@id":"https:\/\/www.btv.md\/ro\/lacurile-din-chisinau-nu-au-fost-curatate-de-20-de-ani\/#primaryimage"},"thumbnailUrl":"https:\/\/www.btv.md\/wp-content\/uploads\/2016\/07\/63_big.jpg","datePublished":"2016-07-08T14:11:18+00:00","author":{"@id":"https:\/\/www.btv.md\/#\/schema\/person\/8fadce81561b3ce2c34c46dadc4ccbf2"},"inLanguage":"ro-RO","potentialAction":[{"@type":"ReadAction","target":["https:\/\/www.btv.md\/ro\/lacurile-din-chisinau-nu-au-fost-curatate-de-20-de-ani\/"]}]},{"@type":"ImageObject","inLanguage":"ro-RO","@id":"https:\/\/www.btv.md\/ro\/lacurile-din-chisinau-nu-au-fost-curatate-de-20-de-ani\/#primaryimage","url":"https:\/\/www.btv.md\/wp-content\/uploads\/2016\/07\/63_big.jpg","contentUrl":"https:\/\/www.btv.md\/wp-content\/uploads\/2016\/07\/63_big.jpg","width":700,"height":525},{"@type":"WebSite","@id":"https:\/\/www.btv.md\/#website","url":"https:\/\/www.btv.md\/","name":"BTV","description":"\u0411\u0435\u043b\u044c\u0446\u043a\u043e\u0435 \u0442\u0435\u043b\u0435\u0432\u0438\u0434\u0435\u043d\u0438\u0435","potentialAction":[{"@type":"SearchAction","target":{"@type":"EntryPoint","urlTemplate":"https:\/\/www.btv.md\/?s={search_term_string}"},"query-input":{"@type":"PropertyValueSpecification","valueRequired":true,"valueName":"search_term_string"}}],"inLanguage":"ro-RO"},{"@type":"Person","@id":"https:\/\/www.btv.md\/#\/schema\/person\/8fadce81561b3ce2c34c46dadc4ccbf2","name":"admin"}]}},"_links":{"self":[{"href":"https:\/\/www.btv.md\/ro\/wp-json\/wp\/v2\/posts\/15491","targetHints":{"allow":["GET"]}}],"collection":[{"href":"https:\/\/www.btv.md\/ro\/wp-json\/wp\/v2\/posts"}],"about":[{"href":"https:\/\/www.btv.md\/ro\/wp-json\/wp\/v2\/types\/post"}],"author":[{"embeddable":true,"href":"https:\/\/www.btv.md\/ro\/wp-json\/wp\/v2\/users\/4"}],"replies":[{"embeddable":true,"href":"https:\/\/www.btv.md\/ro\/wp-json\/wp\/v2\/comments?post=15491"}],"version-history":[{"count":0,"href":"https:\/\/www.btv.md\/ro\/wp-json\/wp\/v2\/posts\/15491\/revisions"}],"wp:featuredmedia":[{"embeddable":true,"href":"https:\/\/www.btv.md\/ro\/wp-json\/wp\/v2\/media\/15492"}],"wp:attachment":[{"href":"https:\/\/www.btv.md\/ro\/wp-json\/wp\/v2\/media?parent=15491"}],"wp:term":[{"taxonomy":"category","embeddable":true,"href":"https:\/\/www.btv.md\/ro\/wp-json\/wp\/v2\/categories?post=15491"},{"taxonomy":"post_tag","embeddable":true,"href":"https:\/\/www.btv.md\/ro\/wp-json\/wp\/v2\/tags?post=15491"}],"curies":[{"name":"wp","href":"https:\/\/api.w.org\/{rel}","templated":true}]}}