{"id":15503,"date":"2016-07-08T17:23:53","date_gmt":"2016-07-08T14:23:53","guid":{"rendered":"http:\/\/btv.md\/?p=15503"},"modified":"2016-07-08T17:24:09","modified_gmt":"2016-07-08T14:24:09","slug":"filat-vine-cu-declaratii-bomba-pe-internet","status":"publish","type":"post","link":"https:\/\/www.btv.md\/ro\/filat-vine-cu-declaratii-bomba-pe-internet\/","title":{"rendered":"FILAT  VINE  CU  DECLARA\u021aII  BOMB\u0102  PE  INTERNET"},"content":{"rendered":"<p>Fostul premier, Vlad Filat, care a fost condamnat de prima instan\u021b\u0103 la 9 ani de pu\u0219c\u0103rie \u00eei atac\u0103 \u00eentr-o postare pe facebook pe Andrian Candu, Mihai Ghimpu \u0219i Iurie Leanc\u0103, pe care \u00eei acuz\u0103 de la\u0219itate \u0219i ipocrizie. Totodat\u0103, acesta anun\u021b\u0103 c\u0103 va ataca la curtea de Apel sentin\u021ba dictat\u0103 de instan\u021b\u0103.\u00a0<\/p>\n<p>Potrivit lui Filat, at\u00e2t Andrian Candu, pe care-l nume\u0219te \u201efinul nobil\u201d dar \u0219i Mihai Ghimpu, pe care-l caracterizeaz\u0103 drept \u201ecel mai important jurist al \u021b\u0103rii\u201d este deja condamnat.\u00a0<\/p>\n<p>\u201eS\u0103\u00a0nu \u0219tie oare ace\u0219ti in\u0219i de prezum\u021bia nevinov\u0103\u021biei, de Curtea de Apel, de Curtea Suprema de Justi\u021bie, de CEDO sau deja ei cunosc care va fi verdictul final scris la hotelul Nobil, acolo unde sunt chemati des s\u0103 dea raportul?\u201d, se \u00eentreab\u0103 Filat.<\/p>\n<p>Filat \u00eel men\u021bioneaz\u0103 \u00een postare \u0219i pe un alt ex-premier, Iurie Leanc\u0103. \u201e\u00cemi aduc aminte privirea domnului Iurie Leanca, cel care a f\u0103cut declara\u021bii \u00eempotriva mea la el acas\u0103, pe 14 octombrie, \u00eentr-o zi libera, noaptea, pe \u00eentuneric, ca \u00een 1937\u201d.\u00a0<\/p>\n<p>Astfel, ex-premierul anun\u021b\u0103 c\u0103 va merge la curtea de apel, \u0219i sper\u0103 \u00een continuare s\u0103 fie \u0219edin\u021bele publice.\u00a0<\/p>\n<p><strong><a href=\"http:\/\/agora.md\/\">agora.md<\/a><\/strong><\/p>\n","protected":false},"excerpt":{"rendered":"<p>Fostul premier, Vlad Filat, care a fost condamnat de prima instan\u021b\u0103 la 9 ani de pu\u0219c\u0103rie \u00eei atac\u0103 \u00eentr-o postare pe facebook pe Andrian Candu, Mihai Ghimpu \u0219i Iurie Leanc\u0103, pe care \u00eei acuz\u0103 de la\u0219itate \u0219i ipocrizie. Totodat\u0103, acesta anun\u021b\u0103 c\u0103 va ataca la curtea de Apel sentin\u021ba dictat\u0103 de instan\u021b\u0103.\u00a0 Potrivit lui Filat, [&hellip;]<\/p>\n","protected":false},"author":4,"featured_media":15504,"comment_status":"closed","ping_status":"closed","sticky":false,"template":"","format":"standard","meta":{"footnotes":""},"categories":[6368],"tags":[],"class_list":["post-15503","post","type-post","status-publish","format-standard","has-post-thumbnail","hentry","category-politica-ro"],"yoast_head":"<!-- This site is optimized with the Yoast SEO plugin v27.4 - https:\/\/yoast.com\/product\/yoast-seo-wordpress\/ -->\n<title>FILAT VINE CU DECLARA\u021aII BOMB\u0102 PE INTERNET - BTV<\/title>\n<meta name=\"robots\" content=\"index, follow, max-snippet:-1, max-image-preview:large, max-video-preview:-1\" \/>\n<link rel=\"canonical\" href=\"https:\/\/www.btv.md\/ro\/filat-vine-cu-declaratii-bomba-pe-internet\/\" \/>\n<meta property=\"og:locale\" content=\"ro_RO\" \/>\n<meta property=\"og:type\" content=\"article\" \/>\n<meta property=\"og:title\" content=\"FILAT VINE CU DECLARA\u021aII BOMB\u0102 PE INTERNET - BTV\" \/>\n<meta property=\"og:description\" content=\"Fostul premier, Vlad Filat, care a fost condamnat de prima instan\u021b\u0103 la 9 ani de pu\u0219c\u0103rie \u00eei atac\u0103 \u00eentr-o postare pe facebook pe Andrian Candu, Mihai Ghimpu \u0219i Iurie Leanc\u0103, pe care \u00eei acuz\u0103 de la\u0219itate \u0219i ipocrizie. Totodat\u0103, acesta anun\u021b\u0103 c\u0103 va ataca la curtea de Apel sentin\u021ba dictat\u0103 de instan\u021b\u0103.\u00a0 Potrivit lui Filat, [&hellip;]\" \/>\n<meta property=\"og:url\" content=\"https:\/\/www.btv.md\/ro\/filat-vine-cu-declaratii-bomba-pe-internet\/\" \/>\n<meta property=\"og:site_name\" content=\"BTV\" \/>\n<meta property=\"article:publisher\" content=\"https:\/\/www.facebook.com\/btvmoldova\/\" \/>\n<meta property=\"article:published_time\" content=\"2016-07-08T14:23:53+00:00\" \/>\n<meta property=\"article:modified_time\" content=\"2016-07-08T14:24:09+00:00\" \/>\n<meta property=\"og:image\" content=\"https:\/\/www.btv.md\/wp-content\/uploads\/2016\/07\/72800352-81CF-4DA4-9D91-90A24471E98A_mw1024_s_n.jpg\" \/>\n\t<meta property=\"og:image:width\" content=\"600\" \/>\n\t<meta property=\"og:image:height\" content=\"400\" \/>\n\t<meta property=\"og:image:type\" content=\"image\/jpeg\" \/>\n<meta name=\"author\" content=\"admin\" \/>\n<meta name=\"twitter:label1\" content=\"Scris de\" \/>\n\t<meta name=\"twitter:data1\" content=\"admin\" \/>\n\t<meta name=\"twitter:label2\" content=\"Timp estimat pentru citire\" \/>\n\t<meta name=\"twitter:data2\" content=\"1 minut\" \/>\n<script type=\"application\/ld+json\" class=\"yoast-schema-graph\">{\"@context\":\"https:\\\/\\\/schema.org\",\"@graph\":[{\"@type\":\"Article\",\"@id\":\"https:\\\/\\\/www.btv.md\\\/ro\\\/filat-vine-cu-declaratii-bomba-pe-internet\\\/#article\",\"isPartOf\":{\"@id\":\"https:\\\/\\\/www.btv.md\\\/ro\\\/filat-vine-cu-declaratii-bomba-pe-internet\\\/\"},\"author\":{\"name\":\"admin\",\"@id\":\"https:\\\/\\\/www.btv.md\\\/#\\\/schema\\\/person\\\/8fadce81561b3ce2c34c46dadc4ccbf2\"},\"headline\":\"FILAT VINE CU DECLARA\u021aII BOMB\u0102 PE INTERNET\",\"datePublished\":\"2016-07-08T14:23:53+00:00\",\"dateModified\":\"2016-07-08T14:24:09+00:00\",\"mainEntityOfPage\":{\"@id\":\"https:\\\/\\\/www.btv.md\\\/ro\\\/filat-vine-cu-declaratii-bomba-pe-internet\\\/\"},\"wordCount\":205,\"image\":{\"@id\":\"https:\\\/\\\/www.btv.md\\\/ro\\\/filat-vine-cu-declaratii-bomba-pe-internet\\\/#primaryimage\"},\"thumbnailUrl\":\"https:\\\/\\\/www.btv.md\\\/wp-content\\\/uploads\\\/2016\\\/07\\\/72800352-81CF-4DA4-9D91-90A24471E98A_mw1024_s_n.jpg\",\"articleSection\":[\"Politic\u0103\"],\"inLanguage\":\"ro-RO\"},{\"@type\":\"WebPage\",\"@id\":\"https:\\\/\\\/www.btv.md\\\/ro\\\/filat-vine-cu-declaratii-bomba-pe-internet\\\/\",\"url\":\"https:\\\/\\\/www.btv.md\\\/ro\\\/filat-vine-cu-declaratii-bomba-pe-internet\\\/\",\"name\":\"FILAT VINE CU DECLARA\u021aII BOMB\u0102 PE INTERNET - BTV\",\"isPartOf\":{\"@id\":\"https:\\\/\\\/www.btv.md\\\/#website\"},\"primaryImageOfPage\":{\"@id\":\"https:\\\/\\\/www.btv.md\\\/ro\\\/filat-vine-cu-declaratii-bomba-pe-internet\\\/#primaryimage\"},\"image\":{\"@id\":\"https:\\\/\\\/www.btv.md\\\/ro\\\/filat-vine-cu-declaratii-bomba-pe-internet\\\/#primaryimage\"},\"thumbnailUrl\":\"https:\\\/\\\/www.btv.md\\\/wp-content\\\/uploads\\\/2016\\\/07\\\/72800352-81CF-4DA4-9D91-90A24471E98A_mw1024_s_n.jpg\",\"datePublished\":\"2016-07-08T14:23:53+00:00\",\"dateModified\":\"2016-07-08T14:24:09+00:00\",\"author\":{\"@id\":\"https:\\\/\\\/www.btv.md\\\/#\\\/schema\\\/person\\\/8fadce81561b3ce2c34c46dadc4ccbf2\"},\"inLanguage\":\"ro-RO\",\"potentialAction\":[{\"@type\":\"ReadAction\",\"target\":[\"https:\\\/\\\/www.btv.md\\\/ro\\\/filat-vine-cu-declaratii-bomba-pe-internet\\\/\"]}]},{\"@type\":\"ImageObject\",\"inLanguage\":\"ro-RO\",\"@id\":\"https:\\\/\\\/www.btv.md\\\/ro\\\/filat-vine-cu-declaratii-bomba-pe-internet\\\/#primaryimage\",\"url\":\"https:\\\/\\\/www.btv.md\\\/wp-content\\\/uploads\\\/2016\\\/07\\\/72800352-81CF-4DA4-9D91-90A24471E98A_mw1024_s_n.jpg\",\"contentUrl\":\"https:\\\/\\\/www.btv.md\\\/wp-content\\\/uploads\\\/2016\\\/07\\\/72800352-81CF-4DA4-9D91-90A24471E98A_mw1024_s_n.jpg\",\"width\":600,\"height\":400},{\"@type\":\"WebSite\",\"@id\":\"https:\\\/\\\/www.btv.md\\\/#website\",\"url\":\"https:\\\/\\\/www.btv.md\\\/\",\"name\":\"BTV\",\"description\":\"\u0411\u0435\u043b\u044c\u0446\u043a\u043e\u0435 \u0442\u0435\u043b\u0435\u0432\u0438\u0434\u0435\u043d\u0438\u0435\",\"potentialAction\":[{\"@type\":\"SearchAction\",\"target\":{\"@type\":\"EntryPoint\",\"urlTemplate\":\"https:\\\/\\\/www.btv.md\\\/?s={search_term_string}\"},\"query-input\":{\"@type\":\"PropertyValueSpecification\",\"valueRequired\":true,\"valueName\":\"search_term_string\"}}],\"inLanguage\":\"ro-RO\"},{\"@type\":\"Person\",\"@id\":\"https:\\\/\\\/www.btv.md\\\/#\\\/schema\\\/person\\\/8fadce81561b3ce2c34c46dadc4ccbf2\",\"name\":\"admin\"}]}<\/script>\n<!-- \/ Yoast SEO plugin. -->","yoast_head_json":{"title":"FILAT VINE CU DECLARA\u021aII BOMB\u0102 PE INTERNET - BTV","robots":{"index":"index","follow":"follow","max-snippet":"max-snippet:-1","max-image-preview":"max-image-preview:large","max-video-preview":"max-video-preview:-1"},"canonical":"https:\/\/www.btv.md\/ro\/filat-vine-cu-declaratii-bomba-pe-internet\/","og_locale":"ro_RO","og_type":"article","og_title":"FILAT VINE CU DECLARA\u021aII BOMB\u0102 PE INTERNET - BTV","og_description":"Fostul premier, Vlad Filat, care a fost condamnat de prima instan\u021b\u0103 la 9 ani de pu\u0219c\u0103rie \u00eei atac\u0103 \u00eentr-o postare pe facebook pe Andrian Candu, Mihai Ghimpu \u0219i Iurie Leanc\u0103, pe care \u00eei acuz\u0103 de la\u0219itate \u0219i ipocrizie. Totodat\u0103, acesta anun\u021b\u0103 c\u0103 va ataca la curtea de Apel sentin\u021ba dictat\u0103 de instan\u021b\u0103.\u00a0 Potrivit lui Filat, [&hellip;]","og_url":"https:\/\/www.btv.md\/ro\/filat-vine-cu-declaratii-bomba-pe-internet\/","og_site_name":"BTV","article_publisher":"https:\/\/www.facebook.com\/btvmoldova\/","article_published_time":"2016-07-08T14:23:53+00:00","article_modified_time":"2016-07-08T14:24:09+00:00","og_image":[{"width":600,"height":400,"url":"https:\/\/www.btv.md\/wp-content\/uploads\/2016\/07\/72800352-81CF-4DA4-9D91-90A24471E98A_mw1024_s_n.jpg","type":"image\/jpeg"}],"author":"admin","twitter_misc":{"Scris de":"admin","Timp estimat pentru citire":"1 minut"},"schema":{"@context":"https:\/\/schema.org","@graph":[{"@type":"Article","@id":"https:\/\/www.btv.md\/ro\/filat-vine-cu-declaratii-bomba-pe-internet\/#article","isPartOf":{"@id":"https:\/\/www.btv.md\/ro\/filat-vine-cu-declaratii-bomba-pe-internet\/"},"author":{"name":"admin","@id":"https:\/\/www.btv.md\/#\/schema\/person\/8fadce81561b3ce2c34c46dadc4ccbf2"},"headline":"FILAT VINE CU DECLARA\u021aII BOMB\u0102 PE INTERNET","datePublished":"2016-07-08T14:23:53+00:00","dateModified":"2016-07-08T14:24:09+00:00","mainEntityOfPage":{"@id":"https:\/\/www.btv.md\/ro\/filat-vine-cu-declaratii-bomba-pe-internet\/"},"wordCount":205,"image":{"@id":"https:\/\/www.btv.md\/ro\/filat-vine-cu-declaratii-bomba-pe-internet\/#primaryimage"},"thumbnailUrl":"https:\/\/www.btv.md\/wp-content\/uploads\/2016\/07\/72800352-81CF-4DA4-9D91-90A24471E98A_mw1024_s_n.jpg","articleSection":["Politic\u0103"],"inLanguage":"ro-RO"},{"@type":"WebPage","@id":"https:\/\/www.btv.md\/ro\/filat-vine-cu-declaratii-bomba-pe-internet\/","url":"https:\/\/www.btv.md\/ro\/filat-vine-cu-declaratii-bomba-pe-internet\/","name":"FILAT VINE CU DECLARA\u021aII BOMB\u0102 PE INTERNET - BTV","isPartOf":{"@id":"https:\/\/www.btv.md\/#website"},"primaryImageOfPage":{"@id":"https:\/\/www.btv.md\/ro\/filat-vine-cu-declaratii-bomba-pe-internet\/#primaryimage"},"image":{"@id":"https:\/\/www.btv.md\/ro\/filat-vine-cu-declaratii-bomba-pe-internet\/#primaryimage"},"thumbnailUrl":"https:\/\/www.btv.md\/wp-content\/uploads\/2016\/07\/72800352-81CF-4DA4-9D91-90A24471E98A_mw1024_s_n.jpg","datePublished":"2016-07-08T14:23:53+00:00","dateModified":"2016-07-08T14:24:09+00:00","author":{"@id":"https:\/\/www.btv.md\/#\/schema\/person\/8fadce81561b3ce2c34c46dadc4ccbf2"},"inLanguage":"ro-RO","potentialAction":[{"@type":"ReadAction","target":["https:\/\/www.btv.md\/ro\/filat-vine-cu-declaratii-bomba-pe-internet\/"]}]},{"@type":"ImageObject","inLanguage":"ro-RO","@id":"https:\/\/www.btv.md\/ro\/filat-vine-cu-declaratii-bomba-pe-internet\/#primaryimage","url":"https:\/\/www.btv.md\/wp-content\/uploads\/2016\/07\/72800352-81CF-4DA4-9D91-90A24471E98A_mw1024_s_n.jpg","contentUrl":"https:\/\/www.btv.md\/wp-content\/uploads\/2016\/07\/72800352-81CF-4DA4-9D91-90A24471E98A_mw1024_s_n.jpg","width":600,"height":400},{"@type":"WebSite","@id":"https:\/\/www.btv.md\/#website","url":"https:\/\/www.btv.md\/","name":"BTV","description":"\u0411\u0435\u043b\u044c\u0446\u043a\u043e\u0435 \u0442\u0435\u043b\u0435\u0432\u0438\u0434\u0435\u043d\u0438\u0435","potentialAction":[{"@type":"SearchAction","target":{"@type":"EntryPoint","urlTemplate":"https:\/\/www.btv.md\/?s={search_term_string}"},"query-input":{"@type":"PropertyValueSpecification","valueRequired":true,"valueName":"search_term_string"}}],"inLanguage":"ro-RO"},{"@type":"Person","@id":"https:\/\/www.btv.md\/#\/schema\/person\/8fadce81561b3ce2c34c46dadc4ccbf2","name":"admin"}]}},"_links":{"self":[{"href":"https:\/\/www.btv.md\/ro\/wp-json\/wp\/v2\/posts\/15503","targetHints":{"allow":["GET"]}}],"collection":[{"href":"https:\/\/www.btv.md\/ro\/wp-json\/wp\/v2\/posts"}],"about":[{"href":"https:\/\/www.btv.md\/ro\/wp-json\/wp\/v2\/types\/post"}],"author":[{"embeddable":true,"href":"https:\/\/www.btv.md\/ro\/wp-json\/wp\/v2\/users\/4"}],"replies":[{"embeddable":true,"href":"https:\/\/www.btv.md\/ro\/wp-json\/wp\/v2\/comments?post=15503"}],"version-history":[{"count":0,"href":"https:\/\/www.btv.md\/ro\/wp-json\/wp\/v2\/posts\/15503\/revisions"}],"wp:featuredmedia":[{"embeddable":true,"href":"https:\/\/www.btv.md\/ro\/wp-json\/wp\/v2\/media\/15504"}],"wp:attachment":[{"href":"https:\/\/www.btv.md\/ro\/wp-json\/wp\/v2\/media?parent=15503"}],"wp:term":[{"taxonomy":"category","embeddable":true,"href":"https:\/\/www.btv.md\/ro\/wp-json\/wp\/v2\/categories?post=15503"},{"taxonomy":"post_tag","embeddable":true,"href":"https:\/\/www.btv.md\/ro\/wp-json\/wp\/v2\/tags?post=15503"}],"curies":[{"name":"wp","href":"https:\/\/api.w.org\/{rel}","templated":true}]}}