{"id":15509,"date":"2016-07-08T17:50:12","date_gmt":"2016-07-08T14:50:12","guid":{"rendered":"http:\/\/btv.md\/?p=15509"},"modified":"2016-07-08T17:50:12","modified_gmt":"2016-07-08T14:50:12","slug":"11-politisti-impuscati-in-dallas-5-mortal","status":"publish","type":"post","link":"https:\/\/www.btv.md\/ro\/11-politisti-impuscati-in-dallas-5-mortal\/","title":{"rendered":"11 POLI\u021aI\u0218TI  \u00ceMPU\u0218CA\u021aI \u00ceN DALLAS, 5 MORTAL"},"content":{"rendered":"<p><strong>Cinci poli\u021bi\u0219ti uci\u0219i \u00een SUA. Incidentele recente care au reaprins tensiunile rasiale, noteaz\u0103 <a href=\"http:\/\/www.digi24.ro\/\"><strong>digi24.ro<\/strong><\/a><\/strong><\/p>\n<p>Manifesta\u021bia \u00een timpul c\u0103ruia s-a tras asupra poli\u0163i\u015ftilor, \u0219i au fost uci\u0219i cinci dintre ei, era una fa\u0163\u0103 de atitudinea for\u0163elor de ordine fa\u0163\u0103 de persoanele de culoare. Iar ultimele cazuri au inflamat opinia public\u0103: \u00een Minnesota, un poli\u0163ist a \u00eempuscat un b\u0103rbat de culoare chiar la volan, \u00een timp ce acesta \u00eencerca s\u0103 scoat\u0103 permisul de conducere. \u00cen al doilea incident, \u00een statul Lousiana, un alt b\u0103rbat de culoare a fost oprit \u00een fa\u0163a unui magazin, tr\u00e2ntit la p\u0103m\u00e2nt \u015fi, de\u015fi nu opunea rezisten\u0163\u0103, a fost \u00eempu\u015fcat \u015fi ucis de poli\u0163i\u015fti.<\/p>\n<p>\u00cen capitala statului Minnesota, o femeie a transmis \u00een direct pe internet momentele imediat dup\u0103 ce prietenul ei, aflat la volan, a fost \u00eempu\u015fcat de poli\u0163i\u015fti. Mai grav e c\u0103, \u00een momentul incidentului, \u00een ma\u015fin\u0103 era \u015fi o feti\u0163\u0103. Incidentul a avut loc seara, \u00een jurul orei 9:00.<\/p>\n<p>\u201eAm fost opri\u0163i pentru c\u0103 o lumin\u0103 de pozi\u0163ie din spate nu era aprins\u0103. \u015ei poli\u0163ia este&#8230; l-au ucis pe prietenul meu\u201d, a povestit femeia.<\/p>\n<p>\u00cen imaginile se vede b\u0103rbatul plin de s\u00e2nge \u015fi \u00een agonie, iar pe geamul dinspre \u015fofer se vede un poli\u0163ist cu arma \u00eentins\u0103 spre victim\u0103.<\/p>\n<p>Femeia a fost scoas\u0103 din ma\u015fin\u0103 cu for\u0163a, poli\u0163i\u015ftii i-au luat telefonul cu care continua s\u0103 filmeze, au tr\u00e2ntit-o la p\u0103m\u00e2nt \u015fi au \u00eenc\u0103tu\u015fat-o. For\u0163ele de ordine au prezentat punctul lor de vedere \u00een acest caz.<\/p>\n<p>\u201eDe la locul faptei a fost recuperat un pistol. Biroul de Investiga\u0163ii Criminale va oferi informa\u0163ii suplimentare despre evolu\u0163ia anchetei. Ofi\u0163erul implicat \u00een acest incident a fost trimis \u00een concediu administrativ cu plat\u0103\u201d, a spus John Mangseth, reprezentant al poli\u0163iei.<\/p>\n<p>B\u0103rbatul \u00eempu\u015fcat a fost transportat la spital, \u00eens\u0103 a murit din cauza r\u0103nilor. Familia sa a explicat c\u0103 el avea permis pentru arma pe care o purta asupra sa.<\/p>\n<p>Cel\u0103lalt incident, la fel de grav, a avut loc \u00een capitala statului Lousiana, Baton Rouge. \u015ei acest incident \u00een care doi poli\u0163i\u015fti au imobilizat \u015fi \u00eempu\u015fcat un b\u0103rbat de culoare a fost filmat cu telefonul.<\/p>\n<p>B\u0103rbatul de 37 de ani a murit pe loc \u00een urma \u00eempu\u015fc\u0103turilor. Imediat dup\u0103 incident, sute de persoane au protestat \u00een fa\u0163a magazinului \u00een care a avut loc incidentul. Incident care a fost discutat chiar \u015fi la Casa Alb\u0103, la conferin\u0163a de pres\u0103.<\/p>\n<p>\u201ePre\u015fedintele are cuno\u015ftin\u0163\u0103 despre aceast\u0103 situa\u0163ie, nu \u015ftiu dac\u0103 a v\u0103zut sau nu acest video. A\u015fa cum \u015fti\u0163i, Departamentul Justi\u0163iei a anun\u0163at c\u0103 vor cerceta aceast\u0103 situa\u0163ie. Indiferent de ce reiese \u00een urma investiga\u0163iei, este o familie \u00een Baton Rouge \u015fi este o comunitate care acum sunt \u00een doliu. \u015ei, desigur, g\u00e2ndurile \u015fi rug\u0103ciunile noastre sunt la familia care a pierdut o persoan\u0103 iubit\u0103\u201d, a declarat Josh Earnest, purt\u0103torul de cuv\u00e2nt al Casei Albe.<\/p>\n<p>Potrivit unei statistici privind incidentele armate din Statele Unite din primele \u015fase luni ale acestui an, aproape c\u0103 nu au fost zile \u00een care s\u0103 nu fi existat o persoan\u0103 ucis\u0103 \u00een confrunt\u0103ri armate. Doar 11 zile, din cele aproape 180, au trecut f\u0103r\u0103 s\u0103 fie victime.<\/p>\n<p>Iar \u00een Chicago, situa\u0163ia pare s\u0103 fi sc\u0103pat de sub control, \u00een condi\u0163iile \u00een care a fost deja dep\u0103\u015fit pragul psihologic de 2.000 de crime de la \u00eenceputul anului p\u00e2n\u0103 acum.<\/p>\n","protected":false},"excerpt":{"rendered":"<p>Cinci poli\u021bi\u0219ti uci\u0219i \u00een SUA. Incidentele recente care au reaprins tensiunile rasiale, noteaz\u0103 digi24.ro Manifesta\u021bia \u00een timpul c\u0103ruia s-a tras asupra poli\u0163i\u015ftilor, \u0219i au fost uci\u0219i cinci dintre ei, era una fa\u0163\u0103 de atitudinea for\u0163elor de ordine fa\u0163\u0103 de persoanele de culoare. Iar ultimele cazuri au inflamat opinia public\u0103: \u00een Minnesota, un poli\u0163ist a \u00eempuscat [&hellip;]<\/p>\n","protected":false},"author":4,"featured_media":15510,"comment_status":"closed","ping_status":"closed","sticky":false,"template":"","format":"standard","meta":{"footnotes":""},"categories":[6354],"tags":[],"class_list":["post-15509","post","type-post","status-publish","format-standard","has-post-thumbnail","hentry","category-externe-ro"],"yoast_head":"<!-- This site is optimized with the Yoast SEO plugin v27.4 - https:\/\/yoast.com\/product\/yoast-seo-wordpress\/ -->\n<title>11 POLI\u021aI\u0218TI \u00ceMPU\u0218CA\u021aI \u00ceN DALLAS, 5 MORTAL  - BTV<\/title>\n<meta name=\"robots\" content=\"index, follow, max-snippet:-1, max-image-preview:large, max-video-preview:-1\" \/>\n<link rel=\"canonical\" href=\"https:\/\/www.btv.md\/ro\/11-politisti-impuscati-in-dallas-5-mortal\/\" \/>\n<meta property=\"og:locale\" content=\"ro_RO\" \/>\n<meta property=\"og:type\" content=\"article\" \/>\n<meta property=\"og:title\" content=\"11 POLI\u021aI\u0218TI \u00ceMPU\u0218CA\u021aI \u00ceN DALLAS, 5 MORTAL  - BTV\" \/>\n<meta property=\"og:description\" content=\"Cinci poli\u021bi\u0219ti uci\u0219i \u00een SUA. Incidentele recente care au reaprins tensiunile rasiale, noteaz\u0103 digi24.ro Manifesta\u021bia \u00een timpul c\u0103ruia s-a tras asupra poli\u0163i\u015ftilor, \u0219i au fost uci\u0219i cinci dintre ei, era una fa\u0163\u0103 de atitudinea for\u0163elor de ordine fa\u0163\u0103 de persoanele de culoare. Iar ultimele cazuri au inflamat opinia public\u0103: \u00een Minnesota, un poli\u0163ist a \u00eempuscat [&hellip;]\" \/>\n<meta property=\"og:url\" content=\"https:\/\/www.btv.md\/ro\/11-politisti-impuscati-in-dallas-5-mortal\/\" \/>\n<meta property=\"og:site_name\" content=\"BTV\" \/>\n<meta property=\"article:publisher\" content=\"https:\/\/www.facebook.com\/btvmoldova\/\" \/>\n<meta property=\"article:published_time\" content=\"2016-07-08T14:50:12+00:00\" \/>\n<meta property=\"og:image\" content=\"https:\/\/www.btv.md\/wp-content\/uploads\/2016\/07\/v2-Dallas-AP.jpg\" \/>\n\t<meta property=\"og:image:width\" content=\"2048\" \/>\n\t<meta property=\"og:image:height\" content=\"1536\" \/>\n\t<meta property=\"og:image:type\" content=\"image\/jpeg\" \/>\n<meta name=\"author\" content=\"admin\" \/>\n<meta name=\"twitter:label1\" content=\"Scris de\" \/>\n\t<meta name=\"twitter:data1\" content=\"admin\" \/>\n\t<meta name=\"twitter:label2\" content=\"Timp estimat pentru citire\" \/>\n\t<meta name=\"twitter:data2\" content=\"3 minute\" \/>\n<script type=\"application\/ld+json\" class=\"yoast-schema-graph\">{\"@context\":\"https:\\\/\\\/schema.org\",\"@graph\":[{\"@type\":\"Article\",\"@id\":\"https:\\\/\\\/www.btv.md\\\/ro\\\/11-politisti-impuscati-in-dallas-5-mortal\\\/#article\",\"isPartOf\":{\"@id\":\"https:\\\/\\\/www.btv.md\\\/ro\\\/11-politisti-impuscati-in-dallas-5-mortal\\\/\"},\"author\":{\"name\":\"admin\",\"@id\":\"https:\\\/\\\/www.btv.md\\\/#\\\/schema\\\/person\\\/8fadce81561b3ce2c34c46dadc4ccbf2\"},\"headline\":\"11 POLI\u021aI\u0218TI \u00ceMPU\u0218CA\u021aI \u00ceN DALLAS, 5 MORTAL\",\"datePublished\":\"2016-07-08T14:50:12+00:00\",\"mainEntityOfPage\":{\"@id\":\"https:\\\/\\\/www.btv.md\\\/ro\\\/11-politisti-impuscati-in-dallas-5-mortal\\\/\"},\"wordCount\":623,\"image\":{\"@id\":\"https:\\\/\\\/www.btv.md\\\/ro\\\/11-politisti-impuscati-in-dallas-5-mortal\\\/#primaryimage\"},\"thumbnailUrl\":\"https:\\\/\\\/www.btv.md\\\/wp-content\\\/uploads\\\/2016\\\/07\\\/v2-Dallas-AP.jpg\",\"articleSection\":[\"Externe\"],\"inLanguage\":\"ro-RO\"},{\"@type\":\"WebPage\",\"@id\":\"https:\\\/\\\/www.btv.md\\\/ro\\\/11-politisti-impuscati-in-dallas-5-mortal\\\/\",\"url\":\"https:\\\/\\\/www.btv.md\\\/ro\\\/11-politisti-impuscati-in-dallas-5-mortal\\\/\",\"name\":\"11 POLI\u021aI\u0218TI \u00ceMPU\u0218CA\u021aI \u00ceN DALLAS, 5 MORTAL - BTV\",\"isPartOf\":{\"@id\":\"https:\\\/\\\/www.btv.md\\\/#website\"},\"primaryImageOfPage\":{\"@id\":\"https:\\\/\\\/www.btv.md\\\/ro\\\/11-politisti-impuscati-in-dallas-5-mortal\\\/#primaryimage\"},\"image\":{\"@id\":\"https:\\\/\\\/www.btv.md\\\/ro\\\/11-politisti-impuscati-in-dallas-5-mortal\\\/#primaryimage\"},\"thumbnailUrl\":\"https:\\\/\\\/www.btv.md\\\/wp-content\\\/uploads\\\/2016\\\/07\\\/v2-Dallas-AP.jpg\",\"datePublished\":\"2016-07-08T14:50:12+00:00\",\"author\":{\"@id\":\"https:\\\/\\\/www.btv.md\\\/#\\\/schema\\\/person\\\/8fadce81561b3ce2c34c46dadc4ccbf2\"},\"inLanguage\":\"ro-RO\",\"potentialAction\":[{\"@type\":\"ReadAction\",\"target\":[\"https:\\\/\\\/www.btv.md\\\/ro\\\/11-politisti-impuscati-in-dallas-5-mortal\\\/\"]}]},{\"@type\":\"ImageObject\",\"inLanguage\":\"ro-RO\",\"@id\":\"https:\\\/\\\/www.btv.md\\\/ro\\\/11-politisti-impuscati-in-dallas-5-mortal\\\/#primaryimage\",\"url\":\"https:\\\/\\\/www.btv.md\\\/wp-content\\\/uploads\\\/2016\\\/07\\\/v2-Dallas-AP.jpg\",\"contentUrl\":\"https:\\\/\\\/www.btv.md\\\/wp-content\\\/uploads\\\/2016\\\/07\\\/v2-Dallas-AP.jpg\",\"width\":2048,\"height\":1536},{\"@type\":\"WebSite\",\"@id\":\"https:\\\/\\\/www.btv.md\\\/#website\",\"url\":\"https:\\\/\\\/www.btv.md\\\/\",\"name\":\"BTV\",\"description\":\"\u0411\u0435\u043b\u044c\u0446\u043a\u043e\u0435 \u0442\u0435\u043b\u0435\u0432\u0438\u0434\u0435\u043d\u0438\u0435\",\"potentialAction\":[{\"@type\":\"SearchAction\",\"target\":{\"@type\":\"EntryPoint\",\"urlTemplate\":\"https:\\\/\\\/www.btv.md\\\/?s={search_term_string}\"},\"query-input\":{\"@type\":\"PropertyValueSpecification\",\"valueRequired\":true,\"valueName\":\"search_term_string\"}}],\"inLanguage\":\"ro-RO\"},{\"@type\":\"Person\",\"@id\":\"https:\\\/\\\/www.btv.md\\\/#\\\/schema\\\/person\\\/8fadce81561b3ce2c34c46dadc4ccbf2\",\"name\":\"admin\"}]}<\/script>\n<!-- \/ Yoast SEO plugin. -->","yoast_head_json":{"title":"11 POLI\u021aI\u0218TI \u00ceMPU\u0218CA\u021aI \u00ceN DALLAS, 5 MORTAL  - BTV","robots":{"index":"index","follow":"follow","max-snippet":"max-snippet:-1","max-image-preview":"max-image-preview:large","max-video-preview":"max-video-preview:-1"},"canonical":"https:\/\/www.btv.md\/ro\/11-politisti-impuscati-in-dallas-5-mortal\/","og_locale":"ro_RO","og_type":"article","og_title":"11 POLI\u021aI\u0218TI \u00ceMPU\u0218CA\u021aI \u00ceN DALLAS, 5 MORTAL  - BTV","og_description":"Cinci poli\u021bi\u0219ti uci\u0219i \u00een SUA. Incidentele recente care au reaprins tensiunile rasiale, noteaz\u0103 digi24.ro Manifesta\u021bia \u00een timpul c\u0103ruia s-a tras asupra poli\u0163i\u015ftilor, \u0219i au fost uci\u0219i cinci dintre ei, era una fa\u0163\u0103 de atitudinea for\u0163elor de ordine fa\u0163\u0103 de persoanele de culoare. Iar ultimele cazuri au inflamat opinia public\u0103: \u00een Minnesota, un poli\u0163ist a \u00eempuscat [&hellip;]","og_url":"https:\/\/www.btv.md\/ro\/11-politisti-impuscati-in-dallas-5-mortal\/","og_site_name":"BTV","article_publisher":"https:\/\/www.facebook.com\/btvmoldova\/","article_published_time":"2016-07-08T14:50:12+00:00","og_image":[{"width":2048,"height":1536,"url":"https:\/\/www.btv.md\/wp-content\/uploads\/2016\/07\/v2-Dallas-AP.jpg","type":"image\/jpeg"}],"author":"admin","twitter_misc":{"Scris de":"admin","Timp estimat pentru citire":"3 minute"},"schema":{"@context":"https:\/\/schema.org","@graph":[{"@type":"Article","@id":"https:\/\/www.btv.md\/ro\/11-politisti-impuscati-in-dallas-5-mortal\/#article","isPartOf":{"@id":"https:\/\/www.btv.md\/ro\/11-politisti-impuscati-in-dallas-5-mortal\/"},"author":{"name":"admin","@id":"https:\/\/www.btv.md\/#\/schema\/person\/8fadce81561b3ce2c34c46dadc4ccbf2"},"headline":"11 POLI\u021aI\u0218TI \u00ceMPU\u0218CA\u021aI \u00ceN DALLAS, 5 MORTAL","datePublished":"2016-07-08T14:50:12+00:00","mainEntityOfPage":{"@id":"https:\/\/www.btv.md\/ro\/11-politisti-impuscati-in-dallas-5-mortal\/"},"wordCount":623,"image":{"@id":"https:\/\/www.btv.md\/ro\/11-politisti-impuscati-in-dallas-5-mortal\/#primaryimage"},"thumbnailUrl":"https:\/\/www.btv.md\/wp-content\/uploads\/2016\/07\/v2-Dallas-AP.jpg","articleSection":["Externe"],"inLanguage":"ro-RO"},{"@type":"WebPage","@id":"https:\/\/www.btv.md\/ro\/11-politisti-impuscati-in-dallas-5-mortal\/","url":"https:\/\/www.btv.md\/ro\/11-politisti-impuscati-in-dallas-5-mortal\/","name":"11 POLI\u021aI\u0218TI \u00ceMPU\u0218CA\u021aI \u00ceN DALLAS, 5 MORTAL - BTV","isPartOf":{"@id":"https:\/\/www.btv.md\/#website"},"primaryImageOfPage":{"@id":"https:\/\/www.btv.md\/ro\/11-politisti-impuscati-in-dallas-5-mortal\/#primaryimage"},"image":{"@id":"https:\/\/www.btv.md\/ro\/11-politisti-impuscati-in-dallas-5-mortal\/#primaryimage"},"thumbnailUrl":"https:\/\/www.btv.md\/wp-content\/uploads\/2016\/07\/v2-Dallas-AP.jpg","datePublished":"2016-07-08T14:50:12+00:00","author":{"@id":"https:\/\/www.btv.md\/#\/schema\/person\/8fadce81561b3ce2c34c46dadc4ccbf2"},"inLanguage":"ro-RO","potentialAction":[{"@type":"ReadAction","target":["https:\/\/www.btv.md\/ro\/11-politisti-impuscati-in-dallas-5-mortal\/"]}]},{"@type":"ImageObject","inLanguage":"ro-RO","@id":"https:\/\/www.btv.md\/ro\/11-politisti-impuscati-in-dallas-5-mortal\/#primaryimage","url":"https:\/\/www.btv.md\/wp-content\/uploads\/2016\/07\/v2-Dallas-AP.jpg","contentUrl":"https:\/\/www.btv.md\/wp-content\/uploads\/2016\/07\/v2-Dallas-AP.jpg","width":2048,"height":1536},{"@type":"WebSite","@id":"https:\/\/www.btv.md\/#website","url":"https:\/\/www.btv.md\/","name":"BTV","description":"\u0411\u0435\u043b\u044c\u0446\u043a\u043e\u0435 \u0442\u0435\u043b\u0435\u0432\u0438\u0434\u0435\u043d\u0438\u0435","potentialAction":[{"@type":"SearchAction","target":{"@type":"EntryPoint","urlTemplate":"https:\/\/www.btv.md\/?s={search_term_string}"},"query-input":{"@type":"PropertyValueSpecification","valueRequired":true,"valueName":"search_term_string"}}],"inLanguage":"ro-RO"},{"@type":"Person","@id":"https:\/\/www.btv.md\/#\/schema\/person\/8fadce81561b3ce2c34c46dadc4ccbf2","name":"admin"}]}},"_links":{"self":[{"href":"https:\/\/www.btv.md\/ro\/wp-json\/wp\/v2\/posts\/15509","targetHints":{"allow":["GET"]}}],"collection":[{"href":"https:\/\/www.btv.md\/ro\/wp-json\/wp\/v2\/posts"}],"about":[{"href":"https:\/\/www.btv.md\/ro\/wp-json\/wp\/v2\/types\/post"}],"author":[{"embeddable":true,"href":"https:\/\/www.btv.md\/ro\/wp-json\/wp\/v2\/users\/4"}],"replies":[{"embeddable":true,"href":"https:\/\/www.btv.md\/ro\/wp-json\/wp\/v2\/comments?post=15509"}],"version-history":[{"count":0,"href":"https:\/\/www.btv.md\/ro\/wp-json\/wp\/v2\/posts\/15509\/revisions"}],"wp:featuredmedia":[{"embeddable":true,"href":"https:\/\/www.btv.md\/ro\/wp-json\/wp\/v2\/media\/15510"}],"wp:attachment":[{"href":"https:\/\/www.btv.md\/ro\/wp-json\/wp\/v2\/media?parent=15509"}],"wp:term":[{"taxonomy":"category","embeddable":true,"href":"https:\/\/www.btv.md\/ro\/wp-json\/wp\/v2\/categories?post=15509"},{"taxonomy":"post_tag","embeddable":true,"href":"https:\/\/www.btv.md\/ro\/wp-json\/wp\/v2\/tags?post=15509"}],"curies":[{"name":"wp","href":"https:\/\/api.w.org\/{rel}","templated":true}]}}