{"id":15515,"date":"2016-07-11T13:55:56","date_gmt":"2016-07-11T10:55:56","guid":{"rendered":"http:\/\/btv.md\/?p=15515"},"modified":"2016-07-11T13:56:10","modified_gmt":"2016-07-11T10:56:10","slug":"autogara-din-balti-in-vartejul-gropilor","status":"publish","type":"post","link":"https:\/\/www.btv.md\/ro\/autogara-din-balti-in-vartejul-gropilor\/","title":{"rendered":"AUTOGARA DIN  B\u0102L\u021aI  \u00ceN  \u201eV\u00c2RTEJUL\u201d  GROPILOR"},"content":{"rendered":"<p><strong>\u00ce<\/strong><strong>n timp ce administratorii de autog\u0103ri \u015fi firmele de transport au \u00eencas\u0103ri din bel\u015fug, spa\u0163iile pentru c\u0103l\u0103tori, peroanele \u015fi locurile de garare au fost l\u0103sate de izbeli\u015fte\u00a0 Nu doar ca nu s-au facut modernizari, dar de pe fiecare ma\u015fin\u0103 care intr\u0103 pe teritoriul autogrii este perceput\u0103 o tax\u0103 de parcare sau tranzit. Situa\u0163ia deplorabil\u0103 \u00een care a juns locul de a\u015fteptare a transportului pentru pasageri\u00a0 este din cauza<\/strong> Ministerului Transportului \u0219i Infrastructurii Drumurilor, \u00een gestiunea c\u0103ruia se afl\u0103 autogara, care nu aloc\u0103 bani pentru repara\u021bia ei. Cel pu\u021bin asta sus\u021bine \u0219eful filialei Autog\u0103rii din municipiul B\u0103l\u021bi, Vitalie \u0218aragov.<\/p>\n<p><iframe width=\"1170\" height=\"878\" data-src=\"https:\/\/www.youtube.com\/embed\/DShcF2uJxQU?wmode=transparent&amp;rel=0&amp;feature=oembed\" frameborder=\"0\" allow=\"accelerometer; autoplay; encrypted-media; gyroscope; picture-in-picture\" allowfullscreen src=\"data:image\/svg+xml;base64,PHN2ZyB3aWR0aD0iMSIgaGVpZ2h0PSIxIiB4bWxucz0iaHR0cDovL3d3dy53My5vcmcvMjAwMC9zdmciPjwvc3ZnPg==\" class=\"lazyload\" data-load-mode=\"1\"><\/iframe><\/p>\n<p>Totodat\u0103, acesta a specificat c\u0103 \u0219i banii ob\u021binu\u021bi de pe taxale pentru parcare \u00a0care se afl\u0103 pe teritoriul autog\u0103rii \u00a0sunt transfera\u0163i pe contul ministerului. \u00cen timp ce echipa Btv filma reportajul dat, pe re\u021belele de socializare a ap\u0103rut un filmule\u021b video. \u00cen imaginii se vede cum un angajat al Autog\u0103rii B\u0103l\u021bi, \u00een loc s\u0103 de-a un bon fiscal\u00a0 pentru parcarea automobilului, acesta f\u0103r\u0103 nici o jen\u0103, \u00ee\u0219i pune banii \u00een buzunar.<\/p>\n<p>\u0218i \u0219oferii care zilnic circul\u0103 pe teritoriul sunt nemul\u021bimi\u021bi de starea peronului autog\u0103rii \u015fi locurilor de garare.<\/p>\n<p>Zilnic, pe teritoriul autog\u0103rii intr\u0103 300 de autoturisme<\/p>\n","protected":false},"excerpt":{"rendered":"<p>\u00cen timp ce administratorii de autog\u0103ri \u015fi firmele de transport au \u00eencas\u0103ri din bel\u015fug, spa\u0163iile pentru c\u0103l\u0103tori, peroanele \u015fi locurile de garare au fost l\u0103sate de izbeli\u015fte\u00a0 Nu doar ca nu s-au facut modernizari, dar de pe fiecare ma\u015fin\u0103 care intr\u0103 pe teritoriul autogrii este perceput\u0103 o tax\u0103 de parcare sau tranzit. Situa\u0163ia deplorabil\u0103 \u00een [&hellip;]<\/p>\n","protected":false},"author":4,"featured_media":15516,"comment_status":"closed","ping_status":"closed","sticky":false,"template":"","format":"standard","meta":{"footnotes":""},"categories":[6353],"tags":[],"class_list":["post-15515","post","type-post","status-publish","format-standard","has-post-thumbnail","hentry","category-oras"],"yoast_head":"<!-- This site is optimized with the Yoast SEO plugin v27.4 - https:\/\/yoast.com\/product\/yoast-seo-wordpress\/ -->\n<title>AUTOGARA DIN B\u0102L\u021aI \u00ceN \u201eV\u00c2RTEJUL\u201d GROPILOR  - BTV<\/title>\n<meta name=\"robots\" content=\"index, follow, max-snippet:-1, max-image-preview:large, max-video-preview:-1\" \/>\n<link rel=\"canonical\" href=\"https:\/\/www.btv.md\/ro\/autogara-din-balti-in-vartejul-gropilor\/\" \/>\n<meta property=\"og:locale\" content=\"ro_RO\" \/>\n<meta property=\"og:type\" content=\"article\" \/>\n<meta property=\"og:title\" content=\"AUTOGARA DIN B\u0102L\u021aI \u00ceN \u201eV\u00c2RTEJUL\u201d GROPILOR  - BTV\" \/>\n<meta property=\"og:description\" content=\"\u00cen timp ce administratorii de autog\u0103ri \u015fi firmele de transport au \u00eencas\u0103ri din bel\u015fug, spa\u0163iile pentru c\u0103l\u0103tori, peroanele \u015fi locurile de garare au fost l\u0103sate de izbeli\u015fte\u00a0 Nu doar ca nu s-au facut modernizari, dar de pe fiecare ma\u015fin\u0103 care intr\u0103 pe teritoriul autogrii este perceput\u0103 o tax\u0103 de parcare sau tranzit. Situa\u0163ia deplorabil\u0103 \u00een [&hellip;]\" \/>\n<meta property=\"og:url\" content=\"https:\/\/www.btv.md\/ro\/autogara-din-balti-in-vartejul-gropilor\/\" \/>\n<meta property=\"og:site_name\" content=\"BTV\" \/>\n<meta property=\"article:publisher\" content=\"https:\/\/www.facebook.com\/btvmoldova\/\" \/>\n<meta property=\"article:published_time\" content=\"2016-07-11T10:55:56+00:00\" \/>\n<meta property=\"article:modified_time\" content=\"2016-07-11T10:56:10+00:00\" \/>\n<meta property=\"og:image\" content=\"https:\/\/www.btv.md\/wp-content\/uploads\/2016\/07\/mvay.jpg\" \/>\n\t<meta property=\"og:image:width\" content=\"600\" \/>\n\t<meta property=\"og:image:height\" content=\"400\" \/>\n\t<meta property=\"og:image:type\" content=\"image\/jpeg\" \/>\n<meta name=\"author\" content=\"admin\" \/>\n<meta name=\"twitter:label1\" content=\"Scris de\" \/>\n\t<meta name=\"twitter:data1\" content=\"admin\" \/>\n\t<meta name=\"twitter:label2\" content=\"Timp estimat pentru citire\" \/>\n\t<meta name=\"twitter:data2\" content=\"1 minut\" \/>\n<script type=\"application\/ld+json\" class=\"yoast-schema-graph\">{\"@context\":\"https:\\\/\\\/schema.org\",\"@graph\":[{\"@type\":\"Article\",\"@id\":\"https:\\\/\\\/www.btv.md\\\/ro\\\/autogara-din-balti-in-vartejul-gropilor\\\/#article\",\"isPartOf\":{\"@id\":\"https:\\\/\\\/www.btv.md\\\/ro\\\/autogara-din-balti-in-vartejul-gropilor\\\/\"},\"author\":{\"name\":\"admin\",\"@id\":\"https:\\\/\\\/www.btv.md\\\/#\\\/schema\\\/person\\\/8fadce81561b3ce2c34c46dadc4ccbf2\"},\"headline\":\"AUTOGARA DIN B\u0102L\u021aI \u00ceN \u201eV\u00c2RTEJUL\u201d GROPILOR\",\"datePublished\":\"2016-07-11T10:55:56+00:00\",\"dateModified\":\"2016-07-11T10:56:10+00:00\",\"mainEntityOfPage\":{\"@id\":\"https:\\\/\\\/www.btv.md\\\/ro\\\/autogara-din-balti-in-vartejul-gropilor\\\/\"},\"wordCount\":239,\"image\":{\"@id\":\"https:\\\/\\\/www.btv.md\\\/ro\\\/autogara-din-balti-in-vartejul-gropilor\\\/#primaryimage\"},\"thumbnailUrl\":\"https:\\\/\\\/www.btv.md\\\/wp-content\\\/uploads\\\/2016\\\/07\\\/mvay.jpg\",\"articleSection\":[\"Ora\u0219\"],\"inLanguage\":\"ro-RO\"},{\"@type\":\"WebPage\",\"@id\":\"https:\\\/\\\/www.btv.md\\\/ro\\\/autogara-din-balti-in-vartejul-gropilor\\\/\",\"url\":\"https:\\\/\\\/www.btv.md\\\/ro\\\/autogara-din-balti-in-vartejul-gropilor\\\/\",\"name\":\"AUTOGARA DIN B\u0102L\u021aI \u00ceN \u201eV\u00c2RTEJUL\u201d GROPILOR - BTV\",\"isPartOf\":{\"@id\":\"https:\\\/\\\/www.btv.md\\\/#website\"},\"primaryImageOfPage\":{\"@id\":\"https:\\\/\\\/www.btv.md\\\/ro\\\/autogara-din-balti-in-vartejul-gropilor\\\/#primaryimage\"},\"image\":{\"@id\":\"https:\\\/\\\/www.btv.md\\\/ro\\\/autogara-din-balti-in-vartejul-gropilor\\\/#primaryimage\"},\"thumbnailUrl\":\"https:\\\/\\\/www.btv.md\\\/wp-content\\\/uploads\\\/2016\\\/07\\\/mvay.jpg\",\"datePublished\":\"2016-07-11T10:55:56+00:00\",\"dateModified\":\"2016-07-11T10:56:10+00:00\",\"author\":{\"@id\":\"https:\\\/\\\/www.btv.md\\\/#\\\/schema\\\/person\\\/8fadce81561b3ce2c34c46dadc4ccbf2\"},\"inLanguage\":\"ro-RO\",\"potentialAction\":[{\"@type\":\"ReadAction\",\"target\":[\"https:\\\/\\\/www.btv.md\\\/ro\\\/autogara-din-balti-in-vartejul-gropilor\\\/\"]}]},{\"@type\":\"ImageObject\",\"inLanguage\":\"ro-RO\",\"@id\":\"https:\\\/\\\/www.btv.md\\\/ro\\\/autogara-din-balti-in-vartejul-gropilor\\\/#primaryimage\",\"url\":\"https:\\\/\\\/www.btv.md\\\/wp-content\\\/uploads\\\/2016\\\/07\\\/mvay.jpg\",\"contentUrl\":\"https:\\\/\\\/www.btv.md\\\/wp-content\\\/uploads\\\/2016\\\/07\\\/mvay.jpg\",\"width\":600,\"height\":400},{\"@type\":\"WebSite\",\"@id\":\"https:\\\/\\\/www.btv.md\\\/#website\",\"url\":\"https:\\\/\\\/www.btv.md\\\/\",\"name\":\"BTV\",\"description\":\"\u0411\u0435\u043b\u044c\u0446\u043a\u043e\u0435 \u0442\u0435\u043b\u0435\u0432\u0438\u0434\u0435\u043d\u0438\u0435\",\"potentialAction\":[{\"@type\":\"SearchAction\",\"target\":{\"@type\":\"EntryPoint\",\"urlTemplate\":\"https:\\\/\\\/www.btv.md\\\/?s={search_term_string}\"},\"query-input\":{\"@type\":\"PropertyValueSpecification\",\"valueRequired\":true,\"valueName\":\"search_term_string\"}}],\"inLanguage\":\"ro-RO\"},{\"@type\":\"Person\",\"@id\":\"https:\\\/\\\/www.btv.md\\\/#\\\/schema\\\/person\\\/8fadce81561b3ce2c34c46dadc4ccbf2\",\"name\":\"admin\"}]}<\/script>\n<!-- \/ Yoast SEO plugin. -->","yoast_head_json":{"title":"AUTOGARA DIN B\u0102L\u021aI \u00ceN \u201eV\u00c2RTEJUL\u201d GROPILOR  - BTV","robots":{"index":"index","follow":"follow","max-snippet":"max-snippet:-1","max-image-preview":"max-image-preview:large","max-video-preview":"max-video-preview:-1"},"canonical":"https:\/\/www.btv.md\/ro\/autogara-din-balti-in-vartejul-gropilor\/","og_locale":"ro_RO","og_type":"article","og_title":"AUTOGARA DIN B\u0102L\u021aI \u00ceN \u201eV\u00c2RTEJUL\u201d GROPILOR  - BTV","og_description":"\u00cen timp ce administratorii de autog\u0103ri \u015fi firmele de transport au \u00eencas\u0103ri din bel\u015fug, spa\u0163iile pentru c\u0103l\u0103tori, peroanele \u015fi locurile de garare au fost l\u0103sate de izbeli\u015fte\u00a0 Nu doar ca nu s-au facut modernizari, dar de pe fiecare ma\u015fin\u0103 care intr\u0103 pe teritoriul autogrii este perceput\u0103 o tax\u0103 de parcare sau tranzit. Situa\u0163ia deplorabil\u0103 \u00een [&hellip;]","og_url":"https:\/\/www.btv.md\/ro\/autogara-din-balti-in-vartejul-gropilor\/","og_site_name":"BTV","article_publisher":"https:\/\/www.facebook.com\/btvmoldova\/","article_published_time":"2016-07-11T10:55:56+00:00","article_modified_time":"2016-07-11T10:56:10+00:00","og_image":[{"width":600,"height":400,"url":"https:\/\/www.btv.md\/wp-content\/uploads\/2016\/07\/mvay.jpg","type":"image\/jpeg"}],"author":"admin","twitter_misc":{"Scris de":"admin","Timp estimat pentru citire":"1 minut"},"schema":{"@context":"https:\/\/schema.org","@graph":[{"@type":"Article","@id":"https:\/\/www.btv.md\/ro\/autogara-din-balti-in-vartejul-gropilor\/#article","isPartOf":{"@id":"https:\/\/www.btv.md\/ro\/autogara-din-balti-in-vartejul-gropilor\/"},"author":{"name":"admin","@id":"https:\/\/www.btv.md\/#\/schema\/person\/8fadce81561b3ce2c34c46dadc4ccbf2"},"headline":"AUTOGARA DIN B\u0102L\u021aI \u00ceN \u201eV\u00c2RTEJUL\u201d GROPILOR","datePublished":"2016-07-11T10:55:56+00:00","dateModified":"2016-07-11T10:56:10+00:00","mainEntityOfPage":{"@id":"https:\/\/www.btv.md\/ro\/autogara-din-balti-in-vartejul-gropilor\/"},"wordCount":239,"image":{"@id":"https:\/\/www.btv.md\/ro\/autogara-din-balti-in-vartejul-gropilor\/#primaryimage"},"thumbnailUrl":"https:\/\/www.btv.md\/wp-content\/uploads\/2016\/07\/mvay.jpg","articleSection":["Ora\u0219"],"inLanguage":"ro-RO"},{"@type":"WebPage","@id":"https:\/\/www.btv.md\/ro\/autogara-din-balti-in-vartejul-gropilor\/","url":"https:\/\/www.btv.md\/ro\/autogara-din-balti-in-vartejul-gropilor\/","name":"AUTOGARA DIN B\u0102L\u021aI \u00ceN \u201eV\u00c2RTEJUL\u201d GROPILOR - BTV","isPartOf":{"@id":"https:\/\/www.btv.md\/#website"},"primaryImageOfPage":{"@id":"https:\/\/www.btv.md\/ro\/autogara-din-balti-in-vartejul-gropilor\/#primaryimage"},"image":{"@id":"https:\/\/www.btv.md\/ro\/autogara-din-balti-in-vartejul-gropilor\/#primaryimage"},"thumbnailUrl":"https:\/\/www.btv.md\/wp-content\/uploads\/2016\/07\/mvay.jpg","datePublished":"2016-07-11T10:55:56+00:00","dateModified":"2016-07-11T10:56:10+00:00","author":{"@id":"https:\/\/www.btv.md\/#\/schema\/person\/8fadce81561b3ce2c34c46dadc4ccbf2"},"inLanguage":"ro-RO","potentialAction":[{"@type":"ReadAction","target":["https:\/\/www.btv.md\/ro\/autogara-din-balti-in-vartejul-gropilor\/"]}]},{"@type":"ImageObject","inLanguage":"ro-RO","@id":"https:\/\/www.btv.md\/ro\/autogara-din-balti-in-vartejul-gropilor\/#primaryimage","url":"https:\/\/www.btv.md\/wp-content\/uploads\/2016\/07\/mvay.jpg","contentUrl":"https:\/\/www.btv.md\/wp-content\/uploads\/2016\/07\/mvay.jpg","width":600,"height":400},{"@type":"WebSite","@id":"https:\/\/www.btv.md\/#website","url":"https:\/\/www.btv.md\/","name":"BTV","description":"\u0411\u0435\u043b\u044c\u0446\u043a\u043e\u0435 \u0442\u0435\u043b\u0435\u0432\u0438\u0434\u0435\u043d\u0438\u0435","potentialAction":[{"@type":"SearchAction","target":{"@type":"EntryPoint","urlTemplate":"https:\/\/www.btv.md\/?s={search_term_string}"},"query-input":{"@type":"PropertyValueSpecification","valueRequired":true,"valueName":"search_term_string"}}],"inLanguage":"ro-RO"},{"@type":"Person","@id":"https:\/\/www.btv.md\/#\/schema\/person\/8fadce81561b3ce2c34c46dadc4ccbf2","name":"admin"}]}},"_links":{"self":[{"href":"https:\/\/www.btv.md\/ro\/wp-json\/wp\/v2\/posts\/15515","targetHints":{"allow":["GET"]}}],"collection":[{"href":"https:\/\/www.btv.md\/ro\/wp-json\/wp\/v2\/posts"}],"about":[{"href":"https:\/\/www.btv.md\/ro\/wp-json\/wp\/v2\/types\/post"}],"author":[{"embeddable":true,"href":"https:\/\/www.btv.md\/ro\/wp-json\/wp\/v2\/users\/4"}],"replies":[{"embeddable":true,"href":"https:\/\/www.btv.md\/ro\/wp-json\/wp\/v2\/comments?post=15515"}],"version-history":[{"count":0,"href":"https:\/\/www.btv.md\/ro\/wp-json\/wp\/v2\/posts\/15515\/revisions"}],"wp:featuredmedia":[{"embeddable":true,"href":"https:\/\/www.btv.md\/ro\/wp-json\/wp\/v2\/media\/15516"}],"wp:attachment":[{"href":"https:\/\/www.btv.md\/ro\/wp-json\/wp\/v2\/media?parent=15515"}],"wp:term":[{"taxonomy":"category","embeddable":true,"href":"https:\/\/www.btv.md\/ro\/wp-json\/wp\/v2\/categories?post=15515"},{"taxonomy":"post_tag","embeddable":true,"href":"https:\/\/www.btv.md\/ro\/wp-json\/wp\/v2\/tags?post=15515"}],"curies":[{"name":"wp","href":"https:\/\/api.w.org\/{rel}","templated":true}]}}