{"id":15535,"date":"2016-07-11T16:49:39","date_gmt":"2016-07-11T13:49:39","guid":{"rendered":"http:\/\/btv.md\/?p=15535"},"modified":"2016-07-11T16:49:48","modified_gmt":"2016-07-11T13:49:48","slug":"o-scanteie-a-provocat-un-incendiu-de-vegetatie-la-balti","status":"publish","type":"post","link":"https:\/\/www.btv.md\/ro\/o-scanteie-a-provocat-un-incendiu-de-vegetatie-la-balti\/","title":{"rendered":"O SC\u00c2NTEIE A PROVOCAT  UN  INCENDIU  DE VEGETA\u021aIE LA B\u0102L\u021aI"},"content":{"rendered":"<p>O sc\u00e2nteie produs\u0103 \u00een urma unui scurtcircuit a provocat un incendiu de vegeta\u021bie \u00een ora\u0219ul B\u0103l\u021bi. Totul s-a \u00eent\u00e2mplat \u00een dup\u0103 amiaza zilei de luni, 11 iulie \u00een apropiere de\u00a0 Canalul de Canotaj. Potrivit martorului\u00a0 focul s-a extins \u00een c\u00e2teva secunde pe o por\u021biune de c\u00e2\u021biva metri p\u0103tra\u0163i, iar\u00a0 fl\u0103c\u0103rile riscau s\u0103 se \u00eendrepte spre locuin\u021bele oamenilor din apropiere.<\/p>\n<p><iframe width=\"1170\" height=\"878\" data-src=\"https:\/\/www.youtube.com\/embed\/cKHNggwNWyY?wmode=transparent&amp;rel=0&amp;feature=oembed\" frameborder=\"0\" allow=\"accelerometer; autoplay; encrypted-media; gyroscope; picture-in-picture\" allowfullscreen src=\"data:image\/svg+xml;base64,PHN2ZyB3aWR0aD0iMSIgaGVpZ2h0PSIxIiB4bWxucz0iaHR0cDovL3d3dy53My5vcmcvMjAwMC9zdmciPjwvc3ZnPg==\" class=\"lazyload\" data-load-mode=\"1\"><\/iframe><\/p>\n<p>La locul incidentului a sosit un echipaj de pompieri care \u00een jum\u0103tate de or\u0103 au reu\u0219it s\u0103 sting\u0103 incendiul. \u00cen acest sens, reprezentan\u021bii departamentului situa\u021biilor exep\u021bionale din B\u0103l\u021bi aten\u021bioneaz\u0103 c\u0103 \u00a0arderea vegeta\u021biei pune \u00een pericol at\u00e2t s\u0103n\u0103tatea oamenilor c\u00e2t \u0219i proprietatea lor.<\/p>\n","protected":false},"excerpt":{"rendered":"<p>O sc\u00e2nteie produs\u0103 \u00een urma unui scurtcircuit a provocat un incendiu de vegeta\u021bie \u00een ora\u0219ul B\u0103l\u021bi. Totul s-a \u00eent\u00e2mplat \u00een dup\u0103 amiaza zilei de luni, 11 iulie \u00een apropiere de\u00a0 Canalul de Canotaj. Potrivit martorului\u00a0 focul s-a extins \u00een c\u00e2teva secunde pe o por\u021biune de c\u00e2\u021biva metri p\u0103tra\u0163i, iar\u00a0 fl\u0103c\u0103rile riscau s\u0103 se \u00eendrepte spre [&hellip;]<\/p>\n","protected":false},"author":4,"featured_media":15536,"comment_status":"closed","ping_status":"closed","sticky":false,"template":"","format":"standard","meta":{"footnotes":""},"categories":[6351],"tags":[],"class_list":["post-15535","post","type-post","status-publish","format-standard","has-post-thumbnail","hentry","category-incidente"],"yoast_head":"<!-- This site is optimized with the Yoast SEO plugin v27.4 - https:\/\/yoast.com\/product\/yoast-seo-wordpress\/ -->\n<title>O SC\u00c2NTEIE A PROVOCAT UN INCENDIU DE VEGETA\u021aIE LA B\u0102L\u021aI  - BTV<\/title>\n<meta name=\"robots\" content=\"index, follow, max-snippet:-1, max-image-preview:large, max-video-preview:-1\" \/>\n<link rel=\"canonical\" href=\"https:\/\/www.btv.md\/ro\/o-scanteie-a-provocat-un-incendiu-de-vegetatie-la-balti\/\" \/>\n<meta property=\"og:locale\" content=\"ro_RO\" \/>\n<meta property=\"og:type\" content=\"article\" \/>\n<meta property=\"og:title\" content=\"O SC\u00c2NTEIE A PROVOCAT UN INCENDIU DE VEGETA\u021aIE LA B\u0102L\u021aI  - BTV\" \/>\n<meta property=\"og:description\" content=\"O sc\u00e2nteie produs\u0103 \u00een urma unui scurtcircuit a provocat un incendiu de vegeta\u021bie \u00een ora\u0219ul B\u0103l\u021bi. Totul s-a \u00eent\u00e2mplat \u00een dup\u0103 amiaza zilei de luni, 11 iulie \u00een apropiere de\u00a0 Canalul de Canotaj. Potrivit martorului\u00a0 focul s-a extins \u00een c\u00e2teva secunde pe o por\u021biune de c\u00e2\u021biva metri p\u0103tra\u0163i, iar\u00a0 fl\u0103c\u0103rile riscau s\u0103 se \u00eendrepte spre [&hellip;]\" \/>\n<meta property=\"og:url\" content=\"https:\/\/www.btv.md\/ro\/o-scanteie-a-provocat-un-incendiu-de-vegetatie-la-balti\/\" \/>\n<meta property=\"og:site_name\" content=\"BTV\" \/>\n<meta property=\"article:publisher\" content=\"https:\/\/www.facebook.com\/btvmoldova\/\" \/>\n<meta property=\"article:published_time\" content=\"2016-07-11T13:49:39+00:00\" \/>\n<meta property=\"article:modified_time\" content=\"2016-07-11T13:49:48+00:00\" \/>\n<meta property=\"og:image\" content=\"https:\/\/www.btv.md\/wp-content\/uploads\/2016\/07\/rte.jpg\" \/>\n\t<meta property=\"og:image:width\" content=\"600\" \/>\n\t<meta property=\"og:image:height\" content=\"400\" \/>\n\t<meta property=\"og:image:type\" content=\"image\/jpeg\" \/>\n<meta name=\"author\" content=\"admin\" \/>\n<meta name=\"twitter:label1\" content=\"Scris de\" \/>\n\t<meta name=\"twitter:data1\" content=\"admin\" \/>\n\t<meta name=\"twitter:label2\" content=\"Timp estimat pentru citire\" \/>\n\t<meta name=\"twitter:data2\" content=\"1 minut\" \/>\n<script type=\"application\/ld+json\" class=\"yoast-schema-graph\">{\"@context\":\"https:\\\/\\\/schema.org\",\"@graph\":[{\"@type\":\"Article\",\"@id\":\"https:\\\/\\\/www.btv.md\\\/ro\\\/o-scanteie-a-provocat-un-incendiu-de-vegetatie-la-balti\\\/#article\",\"isPartOf\":{\"@id\":\"https:\\\/\\\/www.btv.md\\\/ro\\\/o-scanteie-a-provocat-un-incendiu-de-vegetatie-la-balti\\\/\"},\"author\":{\"name\":\"admin\",\"@id\":\"https:\\\/\\\/www.btv.md\\\/#\\\/schema\\\/person\\\/8fadce81561b3ce2c34c46dadc4ccbf2\"},\"headline\":\"O SC\u00c2NTEIE A PROVOCAT UN INCENDIU DE VEGETA\u021aIE LA B\u0102L\u021aI\",\"datePublished\":\"2016-07-11T13:49:39+00:00\",\"dateModified\":\"2016-07-11T13:49:48+00:00\",\"mainEntityOfPage\":{\"@id\":\"https:\\\/\\\/www.btv.md\\\/ro\\\/o-scanteie-a-provocat-un-incendiu-de-vegetatie-la-balti\\\/\"},\"wordCount\":145,\"image\":{\"@id\":\"https:\\\/\\\/www.btv.md\\\/ro\\\/o-scanteie-a-provocat-un-incendiu-de-vegetatie-la-balti\\\/#primaryimage\"},\"thumbnailUrl\":\"https:\\\/\\\/www.btv.md\\\/wp-content\\\/uploads\\\/2016\\\/07\\\/rte.jpg\",\"articleSection\":[\"Incidente\"],\"inLanguage\":\"ro-RO\"},{\"@type\":\"WebPage\",\"@id\":\"https:\\\/\\\/www.btv.md\\\/ro\\\/o-scanteie-a-provocat-un-incendiu-de-vegetatie-la-balti\\\/\",\"url\":\"https:\\\/\\\/www.btv.md\\\/ro\\\/o-scanteie-a-provocat-un-incendiu-de-vegetatie-la-balti\\\/\",\"name\":\"O SC\u00c2NTEIE A PROVOCAT UN INCENDIU DE VEGETA\u021aIE LA B\u0102L\u021aI - BTV\",\"isPartOf\":{\"@id\":\"https:\\\/\\\/www.btv.md\\\/#website\"},\"primaryImageOfPage\":{\"@id\":\"https:\\\/\\\/www.btv.md\\\/ro\\\/o-scanteie-a-provocat-un-incendiu-de-vegetatie-la-balti\\\/#primaryimage\"},\"image\":{\"@id\":\"https:\\\/\\\/www.btv.md\\\/ro\\\/o-scanteie-a-provocat-un-incendiu-de-vegetatie-la-balti\\\/#primaryimage\"},\"thumbnailUrl\":\"https:\\\/\\\/www.btv.md\\\/wp-content\\\/uploads\\\/2016\\\/07\\\/rte.jpg\",\"datePublished\":\"2016-07-11T13:49:39+00:00\",\"dateModified\":\"2016-07-11T13:49:48+00:00\",\"author\":{\"@id\":\"https:\\\/\\\/www.btv.md\\\/#\\\/schema\\\/person\\\/8fadce81561b3ce2c34c46dadc4ccbf2\"},\"inLanguage\":\"ro-RO\",\"potentialAction\":[{\"@type\":\"ReadAction\",\"target\":[\"https:\\\/\\\/www.btv.md\\\/ro\\\/o-scanteie-a-provocat-un-incendiu-de-vegetatie-la-balti\\\/\"]}]},{\"@type\":\"ImageObject\",\"inLanguage\":\"ro-RO\",\"@id\":\"https:\\\/\\\/www.btv.md\\\/ro\\\/o-scanteie-a-provocat-un-incendiu-de-vegetatie-la-balti\\\/#primaryimage\",\"url\":\"https:\\\/\\\/www.btv.md\\\/wp-content\\\/uploads\\\/2016\\\/07\\\/rte.jpg\",\"contentUrl\":\"https:\\\/\\\/www.btv.md\\\/wp-content\\\/uploads\\\/2016\\\/07\\\/rte.jpg\",\"width\":600,\"height\":400},{\"@type\":\"WebSite\",\"@id\":\"https:\\\/\\\/www.btv.md\\\/#website\",\"url\":\"https:\\\/\\\/www.btv.md\\\/\",\"name\":\"BTV\",\"description\":\"\u0411\u0435\u043b\u044c\u0446\u043a\u043e\u0435 \u0442\u0435\u043b\u0435\u0432\u0438\u0434\u0435\u043d\u0438\u0435\",\"potentialAction\":[{\"@type\":\"SearchAction\",\"target\":{\"@type\":\"EntryPoint\",\"urlTemplate\":\"https:\\\/\\\/www.btv.md\\\/?s={search_term_string}\"},\"query-input\":{\"@type\":\"PropertyValueSpecification\",\"valueRequired\":true,\"valueName\":\"search_term_string\"}}],\"inLanguage\":\"ro-RO\"},{\"@type\":\"Person\",\"@id\":\"https:\\\/\\\/www.btv.md\\\/#\\\/schema\\\/person\\\/8fadce81561b3ce2c34c46dadc4ccbf2\",\"name\":\"admin\"}]}<\/script>\n<!-- \/ Yoast SEO plugin. -->","yoast_head_json":{"title":"O SC\u00c2NTEIE A PROVOCAT UN INCENDIU DE VEGETA\u021aIE LA B\u0102L\u021aI  - BTV","robots":{"index":"index","follow":"follow","max-snippet":"max-snippet:-1","max-image-preview":"max-image-preview:large","max-video-preview":"max-video-preview:-1"},"canonical":"https:\/\/www.btv.md\/ro\/o-scanteie-a-provocat-un-incendiu-de-vegetatie-la-balti\/","og_locale":"ro_RO","og_type":"article","og_title":"O SC\u00c2NTEIE A PROVOCAT UN INCENDIU DE VEGETA\u021aIE LA B\u0102L\u021aI  - BTV","og_description":"O sc\u00e2nteie produs\u0103 \u00een urma unui scurtcircuit a provocat un incendiu de vegeta\u021bie \u00een ora\u0219ul B\u0103l\u021bi. Totul s-a \u00eent\u00e2mplat \u00een dup\u0103 amiaza zilei de luni, 11 iulie \u00een apropiere de\u00a0 Canalul de Canotaj. Potrivit martorului\u00a0 focul s-a extins \u00een c\u00e2teva secunde pe o por\u021biune de c\u00e2\u021biva metri p\u0103tra\u0163i, iar\u00a0 fl\u0103c\u0103rile riscau s\u0103 se \u00eendrepte spre [&hellip;]","og_url":"https:\/\/www.btv.md\/ro\/o-scanteie-a-provocat-un-incendiu-de-vegetatie-la-balti\/","og_site_name":"BTV","article_publisher":"https:\/\/www.facebook.com\/btvmoldova\/","article_published_time":"2016-07-11T13:49:39+00:00","article_modified_time":"2016-07-11T13:49:48+00:00","og_image":[{"width":600,"height":400,"url":"https:\/\/www.btv.md\/wp-content\/uploads\/2016\/07\/rte.jpg","type":"image\/jpeg"}],"author":"admin","twitter_misc":{"Scris de":"admin","Timp estimat pentru citire":"1 minut"},"schema":{"@context":"https:\/\/schema.org","@graph":[{"@type":"Article","@id":"https:\/\/www.btv.md\/ro\/o-scanteie-a-provocat-un-incendiu-de-vegetatie-la-balti\/#article","isPartOf":{"@id":"https:\/\/www.btv.md\/ro\/o-scanteie-a-provocat-un-incendiu-de-vegetatie-la-balti\/"},"author":{"name":"admin","@id":"https:\/\/www.btv.md\/#\/schema\/person\/8fadce81561b3ce2c34c46dadc4ccbf2"},"headline":"O SC\u00c2NTEIE A PROVOCAT UN INCENDIU DE VEGETA\u021aIE LA B\u0102L\u021aI","datePublished":"2016-07-11T13:49:39+00:00","dateModified":"2016-07-11T13:49:48+00:00","mainEntityOfPage":{"@id":"https:\/\/www.btv.md\/ro\/o-scanteie-a-provocat-un-incendiu-de-vegetatie-la-balti\/"},"wordCount":145,"image":{"@id":"https:\/\/www.btv.md\/ro\/o-scanteie-a-provocat-un-incendiu-de-vegetatie-la-balti\/#primaryimage"},"thumbnailUrl":"https:\/\/www.btv.md\/wp-content\/uploads\/2016\/07\/rte.jpg","articleSection":["Incidente"],"inLanguage":"ro-RO"},{"@type":"WebPage","@id":"https:\/\/www.btv.md\/ro\/o-scanteie-a-provocat-un-incendiu-de-vegetatie-la-balti\/","url":"https:\/\/www.btv.md\/ro\/o-scanteie-a-provocat-un-incendiu-de-vegetatie-la-balti\/","name":"O SC\u00c2NTEIE A PROVOCAT UN INCENDIU DE VEGETA\u021aIE LA B\u0102L\u021aI - BTV","isPartOf":{"@id":"https:\/\/www.btv.md\/#website"},"primaryImageOfPage":{"@id":"https:\/\/www.btv.md\/ro\/o-scanteie-a-provocat-un-incendiu-de-vegetatie-la-balti\/#primaryimage"},"image":{"@id":"https:\/\/www.btv.md\/ro\/o-scanteie-a-provocat-un-incendiu-de-vegetatie-la-balti\/#primaryimage"},"thumbnailUrl":"https:\/\/www.btv.md\/wp-content\/uploads\/2016\/07\/rte.jpg","datePublished":"2016-07-11T13:49:39+00:00","dateModified":"2016-07-11T13:49:48+00:00","author":{"@id":"https:\/\/www.btv.md\/#\/schema\/person\/8fadce81561b3ce2c34c46dadc4ccbf2"},"inLanguage":"ro-RO","potentialAction":[{"@type":"ReadAction","target":["https:\/\/www.btv.md\/ro\/o-scanteie-a-provocat-un-incendiu-de-vegetatie-la-balti\/"]}]},{"@type":"ImageObject","inLanguage":"ro-RO","@id":"https:\/\/www.btv.md\/ro\/o-scanteie-a-provocat-un-incendiu-de-vegetatie-la-balti\/#primaryimage","url":"https:\/\/www.btv.md\/wp-content\/uploads\/2016\/07\/rte.jpg","contentUrl":"https:\/\/www.btv.md\/wp-content\/uploads\/2016\/07\/rte.jpg","width":600,"height":400},{"@type":"WebSite","@id":"https:\/\/www.btv.md\/#website","url":"https:\/\/www.btv.md\/","name":"BTV","description":"\u0411\u0435\u043b\u044c\u0446\u043a\u043e\u0435 \u0442\u0435\u043b\u0435\u0432\u0438\u0434\u0435\u043d\u0438\u0435","potentialAction":[{"@type":"SearchAction","target":{"@type":"EntryPoint","urlTemplate":"https:\/\/www.btv.md\/?s={search_term_string}"},"query-input":{"@type":"PropertyValueSpecification","valueRequired":true,"valueName":"search_term_string"}}],"inLanguage":"ro-RO"},{"@type":"Person","@id":"https:\/\/www.btv.md\/#\/schema\/person\/8fadce81561b3ce2c34c46dadc4ccbf2","name":"admin"}]}},"_links":{"self":[{"href":"https:\/\/www.btv.md\/ro\/wp-json\/wp\/v2\/posts\/15535","targetHints":{"allow":["GET"]}}],"collection":[{"href":"https:\/\/www.btv.md\/ro\/wp-json\/wp\/v2\/posts"}],"about":[{"href":"https:\/\/www.btv.md\/ro\/wp-json\/wp\/v2\/types\/post"}],"author":[{"embeddable":true,"href":"https:\/\/www.btv.md\/ro\/wp-json\/wp\/v2\/users\/4"}],"replies":[{"embeddable":true,"href":"https:\/\/www.btv.md\/ro\/wp-json\/wp\/v2\/comments?post=15535"}],"version-history":[{"count":0,"href":"https:\/\/www.btv.md\/ro\/wp-json\/wp\/v2\/posts\/15535\/revisions"}],"wp:featuredmedia":[{"embeddable":true,"href":"https:\/\/www.btv.md\/ro\/wp-json\/wp\/v2\/media\/15536"}],"wp:attachment":[{"href":"https:\/\/www.btv.md\/ro\/wp-json\/wp\/v2\/media?parent=15535"}],"wp:term":[{"taxonomy":"category","embeddable":true,"href":"https:\/\/www.btv.md\/ro\/wp-json\/wp\/v2\/categories?post=15535"},{"taxonomy":"post_tag","embeddable":true,"href":"https:\/\/www.btv.md\/ro\/wp-json\/wp\/v2\/tags?post=15535"}],"curies":[{"name":"wp","href":"https:\/\/api.w.org\/{rel}","templated":true}]}}