{"id":15575,"date":"2016-07-12T16:48:58","date_gmt":"2016-07-12T13:48:58","guid":{"rendered":"http:\/\/btv.md\/?p=15575"},"modified":"2016-07-12T16:49:07","modified_gmt":"2016-07-12T13:49:07","slug":"seful-adjunct-al-ip-riscani-si-seful-politiei-criminale-raman-in-izolator","status":"publish","type":"post","link":"https:\/\/www.btv.md\/ro\/seful-adjunct-al-ip-riscani-si-seful-politiei-criminale-raman-in-izolator\/","title":{"rendered":"\u015eEFUL ADJUNCT AL IP R\u00ce\u015eCANI \u015eI \u015eEFUL POLI\u0162IEI CRIMINALE, R\u0102M\u00c2N \u00ceN IZOLATOR"},"content":{"rendered":"<p>\u015eeful adjunct \u00a0a Inspectoratului de Poli\u021bie R\u00ee\u0219cani \u00a0\u015fi \u015feful Poli\u021biei Criminale \u00a0r\u0103m\u00e2n \u00een izolator. O decizie \u00een acest sens a fost luat\u0103 de magistra\u021bii \u00a0Cur\u021bii de Apel, asta dup\u0103 ce \u00a0ap\u0103rare celor doi a contestat decizia Judec\u0103toriei Buiucani cu\u00a0 privire plasarea poli\u0163i\u015ftilor\u00a0\u00een arest preventiv pe un termen de 30 de zile. Informa\u0163ia a fost confirmat\u0103 de procurorul anticorup\u0163ie, Vasile Moro\u015fan.<\/p>\n<p><iframe width=\"1170\" height=\"878\" data-src=\"https:\/\/www.youtube.com\/embed\/l96_yQH09Mw?wmode=transparent&amp;rel=0&amp;feature=oembed\" frameborder=\"0\" allow=\"accelerometer; autoplay; encrypted-media; gyroscope; picture-in-picture\" allowfullscreen src=\"data:image\/svg+xml;base64,PHN2ZyB3aWR0aD0iMSIgaGVpZ2h0PSIxIiB4bWxucz0iaHR0cDovL3d3dy53My5vcmcvMjAwMC9zdmciPjwvc3ZnPg==\" class=\"lazyload\" data-load-mode=\"1\"><\/iframe><\/p>\n<p>Cei doi poli\u021bi\u0219ti sunt suspecta\u0163i de lipsa ac\u0163iunilor prompte \u00een investigarea unui caz de dublu omor\u00a0 care a avut loc 19 iunie \u00een satul Nihoreni, Raionul R\u00e2\u0219cani. Dac\u0103 vor fi g\u0103si\u0163i vinova\u0163i, cei doi risc\u0103 amend\u0103 de la \u00a0dou\u0103 zeci de mii la patru zeci de mii \u00a0sau \u00eenchisoare de la 2 la 6 ani, \u00een ambele cazuri cu privarea de dreptul de a ocupa anumite func\u0163ii sau de a exercita o anumit\u0103 activitate pe un termen de la 5 la 10 ani.<\/p>\n<p>\u00cen prezent \u0219i alte dou\u0103 persoane au statut de b\u0103nuit \u00een acest dosar. Este vorba de\u00a0\u0219eful IP R\u00ee\u0219cani \u0219i \u0219eful sec\u021biei ordine public\u0103. Ei au fost audia\u021bi \u0219i, de asemenea, sunt b\u0103nui\u021bi de neglijen\u021b\u0103 \u00een serviciu.<\/p>\n","protected":false},"excerpt":{"rendered":"<p>\u015eeful adjunct \u00a0a Inspectoratului de Poli\u021bie R\u00ee\u0219cani \u00a0\u015fi \u015feful Poli\u021biei Criminale \u00a0r\u0103m\u00e2n \u00een izolator. O decizie \u00een acest sens a fost luat\u0103 de magistra\u021bii \u00a0Cur\u021bii de Apel, asta dup\u0103 ce \u00a0ap\u0103rare celor doi a contestat decizia Judec\u0103toriei Buiucani cu\u00a0 privire plasarea poli\u0163i\u015ftilor\u00a0\u00een arest preventiv pe un termen de 30 de zile. Informa\u0163ia a fost confirmat\u0103 [&hellip;]<\/p>\n","protected":false},"author":4,"featured_media":15576,"comment_status":"closed","ping_status":"closed","sticky":false,"template":"","format":"standard","meta":{"footnotes":""},"categories":[6351],"tags":[],"class_list":["post-15575","post","type-post","status-publish","format-standard","has-post-thumbnail","hentry","category-incidente"],"yoast_head":"<!-- This site is optimized with the Yoast SEO plugin v27.4 - https:\/\/yoast.com\/product\/yoast-seo-wordpress\/ -->\n<title>\u015eEFUL ADJUNCT AL IP R\u00ce\u015eCANI \u015eI \u015eEFUL POLI\u0162IEI CRIMINALE, R\u0102M\u00c2N \u00ceN IZOLATOR  - BTV<\/title>\n<meta name=\"robots\" content=\"index, follow, max-snippet:-1, max-image-preview:large, max-video-preview:-1\" \/>\n<link rel=\"canonical\" href=\"https:\/\/www.btv.md\/ro\/seful-adjunct-al-ip-riscani-si-seful-politiei-criminale-raman-in-izolator\/\" \/>\n<meta property=\"og:locale\" content=\"ro_RO\" \/>\n<meta property=\"og:type\" content=\"article\" \/>\n<meta property=\"og:title\" content=\"\u015eEFUL ADJUNCT AL IP R\u00ce\u015eCANI \u015eI \u015eEFUL POLI\u0162IEI CRIMINALE, R\u0102M\u00c2N \u00ceN IZOLATOR  - BTV\" \/>\n<meta property=\"og:description\" content=\"\u015eeful adjunct \u00a0a Inspectoratului de Poli\u021bie R\u00ee\u0219cani \u00a0\u015fi \u015feful Poli\u021biei Criminale \u00a0r\u0103m\u00e2n \u00een izolator. O decizie \u00een acest sens a fost luat\u0103 de magistra\u021bii \u00a0Cur\u021bii de Apel, asta dup\u0103 ce \u00a0ap\u0103rare celor doi a contestat decizia Judec\u0103toriei Buiucani cu\u00a0 privire plasarea poli\u0163i\u015ftilor\u00a0\u00een arest preventiv pe un termen de 30 de zile. Informa\u0163ia a fost confirmat\u0103 [&hellip;]\" \/>\n<meta property=\"og:url\" content=\"https:\/\/www.btv.md\/ro\/seful-adjunct-al-ip-riscani-si-seful-politiei-criminale-raman-in-izolator\/\" \/>\n<meta property=\"og:site_name\" content=\"BTV\" \/>\n<meta property=\"article:publisher\" content=\"https:\/\/www.facebook.com\/btvmoldova\/\" \/>\n<meta property=\"article:published_time\" content=\"2016-07-12T13:48:58+00:00\" \/>\n<meta property=\"article:modified_time\" content=\"2016-07-12T13:49:07+00:00\" \/>\n<meta property=\"og:image\" content=\"https:\/\/www.btv.md\/wp-content\/uploads\/2016\/07\/gr5-1.jpg\" \/>\n\t<meta property=\"og:image:width\" content=\"600\" \/>\n\t<meta property=\"og:image:height\" content=\"400\" \/>\n\t<meta property=\"og:image:type\" content=\"image\/jpeg\" \/>\n<meta name=\"author\" content=\"admin\" \/>\n<meta name=\"twitter:label1\" content=\"Scris de\" \/>\n\t<meta name=\"twitter:data1\" content=\"admin\" \/>\n\t<meta name=\"twitter:label2\" content=\"Timp estimat pentru citire\" \/>\n\t<meta name=\"twitter:data2\" content=\"1 minut\" \/>\n<script type=\"application\/ld+json\" class=\"yoast-schema-graph\">{\"@context\":\"https:\\\/\\\/schema.org\",\"@graph\":[{\"@type\":\"Article\",\"@id\":\"https:\\\/\\\/www.btv.md\\\/ro\\\/seful-adjunct-al-ip-riscani-si-seful-politiei-criminale-raman-in-izolator\\\/#article\",\"isPartOf\":{\"@id\":\"https:\\\/\\\/www.btv.md\\\/ro\\\/seful-adjunct-al-ip-riscani-si-seful-politiei-criminale-raman-in-izolator\\\/\"},\"author\":{\"name\":\"admin\",\"@id\":\"https:\\\/\\\/www.btv.md\\\/#\\\/schema\\\/person\\\/8fadce81561b3ce2c34c46dadc4ccbf2\"},\"headline\":\"\u015eEFUL ADJUNCT AL IP R\u00ce\u015eCANI \u015eI \u015eEFUL POLI\u0162IEI CRIMINALE, R\u0102M\u00c2N \u00ceN IZOLATOR\",\"datePublished\":\"2016-07-12T13:48:58+00:00\",\"dateModified\":\"2016-07-12T13:49:07+00:00\",\"mainEntityOfPage\":{\"@id\":\"https:\\\/\\\/www.btv.md\\\/ro\\\/seful-adjunct-al-ip-riscani-si-seful-politiei-criminale-raman-in-izolator\\\/\"},\"wordCount\":226,\"image\":{\"@id\":\"https:\\\/\\\/www.btv.md\\\/ro\\\/seful-adjunct-al-ip-riscani-si-seful-politiei-criminale-raman-in-izolator\\\/#primaryimage\"},\"thumbnailUrl\":\"https:\\\/\\\/www.btv.md\\\/wp-content\\\/uploads\\\/2016\\\/07\\\/gr5-1.jpg\",\"articleSection\":[\"Incidente\"],\"inLanguage\":\"ro-RO\"},{\"@type\":\"WebPage\",\"@id\":\"https:\\\/\\\/www.btv.md\\\/ro\\\/seful-adjunct-al-ip-riscani-si-seful-politiei-criminale-raman-in-izolator\\\/\",\"url\":\"https:\\\/\\\/www.btv.md\\\/ro\\\/seful-adjunct-al-ip-riscani-si-seful-politiei-criminale-raman-in-izolator\\\/\",\"name\":\"\u015eEFUL ADJUNCT AL IP R\u00ce\u015eCANI \u015eI \u015eEFUL POLI\u0162IEI CRIMINALE, R\u0102M\u00c2N \u00ceN IZOLATOR - BTV\",\"isPartOf\":{\"@id\":\"https:\\\/\\\/www.btv.md\\\/#website\"},\"primaryImageOfPage\":{\"@id\":\"https:\\\/\\\/www.btv.md\\\/ro\\\/seful-adjunct-al-ip-riscani-si-seful-politiei-criminale-raman-in-izolator\\\/#primaryimage\"},\"image\":{\"@id\":\"https:\\\/\\\/www.btv.md\\\/ro\\\/seful-adjunct-al-ip-riscani-si-seful-politiei-criminale-raman-in-izolator\\\/#primaryimage\"},\"thumbnailUrl\":\"https:\\\/\\\/www.btv.md\\\/wp-content\\\/uploads\\\/2016\\\/07\\\/gr5-1.jpg\",\"datePublished\":\"2016-07-12T13:48:58+00:00\",\"dateModified\":\"2016-07-12T13:49:07+00:00\",\"author\":{\"@id\":\"https:\\\/\\\/www.btv.md\\\/#\\\/schema\\\/person\\\/8fadce81561b3ce2c34c46dadc4ccbf2\"},\"inLanguage\":\"ro-RO\",\"potentialAction\":[{\"@type\":\"ReadAction\",\"target\":[\"https:\\\/\\\/www.btv.md\\\/ro\\\/seful-adjunct-al-ip-riscani-si-seful-politiei-criminale-raman-in-izolator\\\/\"]}]},{\"@type\":\"ImageObject\",\"inLanguage\":\"ro-RO\",\"@id\":\"https:\\\/\\\/www.btv.md\\\/ro\\\/seful-adjunct-al-ip-riscani-si-seful-politiei-criminale-raman-in-izolator\\\/#primaryimage\",\"url\":\"https:\\\/\\\/www.btv.md\\\/wp-content\\\/uploads\\\/2016\\\/07\\\/gr5-1.jpg\",\"contentUrl\":\"https:\\\/\\\/www.btv.md\\\/wp-content\\\/uploads\\\/2016\\\/07\\\/gr5-1.jpg\",\"width\":600,\"height\":400},{\"@type\":\"WebSite\",\"@id\":\"https:\\\/\\\/www.btv.md\\\/#website\",\"url\":\"https:\\\/\\\/www.btv.md\\\/\",\"name\":\"BTV\",\"description\":\"\u0411\u0435\u043b\u044c\u0446\u043a\u043e\u0435 \u0442\u0435\u043b\u0435\u0432\u0438\u0434\u0435\u043d\u0438\u0435\",\"potentialAction\":[{\"@type\":\"SearchAction\",\"target\":{\"@type\":\"EntryPoint\",\"urlTemplate\":\"https:\\\/\\\/www.btv.md\\\/?s={search_term_string}\"},\"query-input\":{\"@type\":\"PropertyValueSpecification\",\"valueRequired\":true,\"valueName\":\"search_term_string\"}}],\"inLanguage\":\"ro-RO\"},{\"@type\":\"Person\",\"@id\":\"https:\\\/\\\/www.btv.md\\\/#\\\/schema\\\/person\\\/8fadce81561b3ce2c34c46dadc4ccbf2\",\"name\":\"admin\"}]}<\/script>\n<!-- \/ Yoast SEO plugin. -->","yoast_head_json":{"title":"\u015eEFUL ADJUNCT AL IP R\u00ce\u015eCANI \u015eI \u015eEFUL POLI\u0162IEI CRIMINALE, R\u0102M\u00c2N \u00ceN IZOLATOR  - BTV","robots":{"index":"index","follow":"follow","max-snippet":"max-snippet:-1","max-image-preview":"max-image-preview:large","max-video-preview":"max-video-preview:-1"},"canonical":"https:\/\/www.btv.md\/ro\/seful-adjunct-al-ip-riscani-si-seful-politiei-criminale-raman-in-izolator\/","og_locale":"ro_RO","og_type":"article","og_title":"\u015eEFUL ADJUNCT AL IP R\u00ce\u015eCANI \u015eI \u015eEFUL POLI\u0162IEI CRIMINALE, R\u0102M\u00c2N \u00ceN IZOLATOR  - BTV","og_description":"\u015eeful adjunct \u00a0a Inspectoratului de Poli\u021bie R\u00ee\u0219cani \u00a0\u015fi \u015feful Poli\u021biei Criminale \u00a0r\u0103m\u00e2n \u00een izolator. O decizie \u00een acest sens a fost luat\u0103 de magistra\u021bii \u00a0Cur\u021bii de Apel, asta dup\u0103 ce \u00a0ap\u0103rare celor doi a contestat decizia Judec\u0103toriei Buiucani cu\u00a0 privire plasarea poli\u0163i\u015ftilor\u00a0\u00een arest preventiv pe un termen de 30 de zile. Informa\u0163ia a fost confirmat\u0103 [&hellip;]","og_url":"https:\/\/www.btv.md\/ro\/seful-adjunct-al-ip-riscani-si-seful-politiei-criminale-raman-in-izolator\/","og_site_name":"BTV","article_publisher":"https:\/\/www.facebook.com\/btvmoldova\/","article_published_time":"2016-07-12T13:48:58+00:00","article_modified_time":"2016-07-12T13:49:07+00:00","og_image":[{"width":600,"height":400,"url":"https:\/\/www.btv.md\/wp-content\/uploads\/2016\/07\/gr5-1.jpg","type":"image\/jpeg"}],"author":"admin","twitter_misc":{"Scris de":"admin","Timp estimat pentru citire":"1 minut"},"schema":{"@context":"https:\/\/schema.org","@graph":[{"@type":"Article","@id":"https:\/\/www.btv.md\/ro\/seful-adjunct-al-ip-riscani-si-seful-politiei-criminale-raman-in-izolator\/#article","isPartOf":{"@id":"https:\/\/www.btv.md\/ro\/seful-adjunct-al-ip-riscani-si-seful-politiei-criminale-raman-in-izolator\/"},"author":{"name":"admin","@id":"https:\/\/www.btv.md\/#\/schema\/person\/8fadce81561b3ce2c34c46dadc4ccbf2"},"headline":"\u015eEFUL ADJUNCT AL IP R\u00ce\u015eCANI \u015eI \u015eEFUL POLI\u0162IEI CRIMINALE, R\u0102M\u00c2N \u00ceN IZOLATOR","datePublished":"2016-07-12T13:48:58+00:00","dateModified":"2016-07-12T13:49:07+00:00","mainEntityOfPage":{"@id":"https:\/\/www.btv.md\/ro\/seful-adjunct-al-ip-riscani-si-seful-politiei-criminale-raman-in-izolator\/"},"wordCount":226,"image":{"@id":"https:\/\/www.btv.md\/ro\/seful-adjunct-al-ip-riscani-si-seful-politiei-criminale-raman-in-izolator\/#primaryimage"},"thumbnailUrl":"https:\/\/www.btv.md\/wp-content\/uploads\/2016\/07\/gr5-1.jpg","articleSection":["Incidente"],"inLanguage":"ro-RO"},{"@type":"WebPage","@id":"https:\/\/www.btv.md\/ro\/seful-adjunct-al-ip-riscani-si-seful-politiei-criminale-raman-in-izolator\/","url":"https:\/\/www.btv.md\/ro\/seful-adjunct-al-ip-riscani-si-seful-politiei-criminale-raman-in-izolator\/","name":"\u015eEFUL ADJUNCT AL IP R\u00ce\u015eCANI \u015eI \u015eEFUL POLI\u0162IEI CRIMINALE, R\u0102M\u00c2N \u00ceN IZOLATOR - BTV","isPartOf":{"@id":"https:\/\/www.btv.md\/#website"},"primaryImageOfPage":{"@id":"https:\/\/www.btv.md\/ro\/seful-adjunct-al-ip-riscani-si-seful-politiei-criminale-raman-in-izolator\/#primaryimage"},"image":{"@id":"https:\/\/www.btv.md\/ro\/seful-adjunct-al-ip-riscani-si-seful-politiei-criminale-raman-in-izolator\/#primaryimage"},"thumbnailUrl":"https:\/\/www.btv.md\/wp-content\/uploads\/2016\/07\/gr5-1.jpg","datePublished":"2016-07-12T13:48:58+00:00","dateModified":"2016-07-12T13:49:07+00:00","author":{"@id":"https:\/\/www.btv.md\/#\/schema\/person\/8fadce81561b3ce2c34c46dadc4ccbf2"},"inLanguage":"ro-RO","potentialAction":[{"@type":"ReadAction","target":["https:\/\/www.btv.md\/ro\/seful-adjunct-al-ip-riscani-si-seful-politiei-criminale-raman-in-izolator\/"]}]},{"@type":"ImageObject","inLanguage":"ro-RO","@id":"https:\/\/www.btv.md\/ro\/seful-adjunct-al-ip-riscani-si-seful-politiei-criminale-raman-in-izolator\/#primaryimage","url":"https:\/\/www.btv.md\/wp-content\/uploads\/2016\/07\/gr5-1.jpg","contentUrl":"https:\/\/www.btv.md\/wp-content\/uploads\/2016\/07\/gr5-1.jpg","width":600,"height":400},{"@type":"WebSite","@id":"https:\/\/www.btv.md\/#website","url":"https:\/\/www.btv.md\/","name":"BTV","description":"\u0411\u0435\u043b\u044c\u0446\u043a\u043e\u0435 \u0442\u0435\u043b\u0435\u0432\u0438\u0434\u0435\u043d\u0438\u0435","potentialAction":[{"@type":"SearchAction","target":{"@type":"EntryPoint","urlTemplate":"https:\/\/www.btv.md\/?s={search_term_string}"},"query-input":{"@type":"PropertyValueSpecification","valueRequired":true,"valueName":"search_term_string"}}],"inLanguage":"ro-RO"},{"@type":"Person","@id":"https:\/\/www.btv.md\/#\/schema\/person\/8fadce81561b3ce2c34c46dadc4ccbf2","name":"admin"}]}},"_links":{"self":[{"href":"https:\/\/www.btv.md\/ro\/wp-json\/wp\/v2\/posts\/15575","targetHints":{"allow":["GET"]}}],"collection":[{"href":"https:\/\/www.btv.md\/ro\/wp-json\/wp\/v2\/posts"}],"about":[{"href":"https:\/\/www.btv.md\/ro\/wp-json\/wp\/v2\/types\/post"}],"author":[{"embeddable":true,"href":"https:\/\/www.btv.md\/ro\/wp-json\/wp\/v2\/users\/4"}],"replies":[{"embeddable":true,"href":"https:\/\/www.btv.md\/ro\/wp-json\/wp\/v2\/comments?post=15575"}],"version-history":[{"count":0,"href":"https:\/\/www.btv.md\/ro\/wp-json\/wp\/v2\/posts\/15575\/revisions"}],"wp:featuredmedia":[{"embeddable":true,"href":"https:\/\/www.btv.md\/ro\/wp-json\/wp\/v2\/media\/15576"}],"wp:attachment":[{"href":"https:\/\/www.btv.md\/ro\/wp-json\/wp\/v2\/media?parent=15575"}],"wp:term":[{"taxonomy":"category","embeddable":true,"href":"https:\/\/www.btv.md\/ro\/wp-json\/wp\/v2\/categories?post=15575"},{"taxonomy":"post_tag","embeddable":true,"href":"https:\/\/www.btv.md\/ro\/wp-json\/wp\/v2\/tags?post=15575"}],"curies":[{"name":"wp","href":"https:\/\/api.w.org\/{rel}","templated":true}]}}