{"id":155843,"date":"2021-11-10T17:23:32","date_gmt":"2021-11-10T15:23:32","guid":{"rendered":"https:\/\/www.btv.md\/?p=155843"},"modified":"2021-11-10T17:23:32","modified_gmt":"2021-11-10T15:23:32","slug":"guvernul-anunta-ajutoare-pentru-populatie-in-perioada-rece-a-anului","status":"publish","type":"post","link":"https:\/\/www.btv.md\/ro\/guvernul-anunta-ajutoare-pentru-populatie-in-perioada-rece-a-anului\/","title":{"rendered":"Guvernul anun\u021b\u0103 ajutoare pentru popula\u021bie \u00een perioada rece a anului"},"content":{"rendered":"<p class=\"preamble\"><strong>To\u021bi consumatorii de gaze naturale din Republica Moldova vor beneficia, \u00een perioada rece a anului, \u00a0de sus\u021binere din partea autorit\u0103\u021bilor. Anun\u021bul a fost f\u0103cut de prim-ministra, Natalia Gavrili\u021ba, \u00een debutul \u0219edin\u021bei de Guvern. \u0218efa cabinetului de mini\u0219tri a precizat c\u0103 pachetul total de compensare a cre\u0219terii tarifelor la agentul termic va constitui 1,6 miliarde de lei. Ajutorul va fi acordat din luna noiembrie p\u00e2n\u0103 \u00een luna martie, scrie <a href=\"https:\/\/agora.md\/stiri\/95274\/guvernul-anunta-ajutoare-pentru-populatie-in-perioada-rece-a-anului\">Agora.md.<\/a><\/strong><\/p>\n<blockquote><p><em>\u201eDac\u0103 vorbim despre familiile nevoia\u0219e, \u00eenseamn\u0103 o cre\u0219tere a indemniza\u021biei de la 500 la 700 de lei pe lun\u0103. Vom cre\u0219te eligibilitatea pentru a se califica cu 88.000 de \u00a0familii mai mult. To\u021bi consumatorii, 746.000 de familii, vor beneficia de compensa\u021bii la c\u0103ldur\u0103. Pentru consumul de gaze naturale, compensa\u021bia va fi \u00een dou\u0103 trepte: 4,5 lei din tarif pentru primii 50 de metri cubi, adic\u0103 pre\u021bul pe care \u00eel vor pl\u0103ti consumatorii va fi 6,8 lei, iar urm\u0103toarea cantitate de gaz consumat va costa 7,9 lei per metru cub\u201d<\/em>, a declarat Natalia Gavrili\u021ba.<\/p><\/blockquote>\n<p>Prim-ministra a subliniat c\u0103 nu doar \u021bara noastr\u0103 se confrunt\u0103 cu o asemenea situa\u021bie:<\/p>\n<blockquote><p><em>\u201e\u00centreaga omenire trece printr-o perioad\u0103 dificil\u0103. Moldova nu e izolat\u0103 de aceste procese, trecem si noi printr-o criz\u0103 economic\u0103. Sarcina noastr\u0103 e sa fim al\u0103turi de oameni si s\u0103 \u00a0folosim la maxim resursele noastre. Nu suntem singuri \u00een fa\u021ba crizei, ne ajut\u0103 prietenii. Uniunea European\u0103 ne va oferi \u00a060 de milioane de euro, am primit \u0219i alte sume de la partenerii de dezvoltare\u201d.<\/em><\/p><\/blockquote>\n<p>Amintim c\u0103 ieri, 9 noiembrie ANRE a aprobat pre\u021burile provizorii reglementate pentru furnizarea gazelor naturale de c\u0103tre S.A. \u201eMoldovagaz\u201d. Decizia a fost luat\u0103 ast\u0103zi, 9 noiembrie curent. Pre\u021burile provizorii intr\u0103 \u00een vigoare de la 1 noiembrie 2021, se arat\u0103 \u00eentr-un comuicat emis de ANRE. A\u0219adar<span class=\"Y2IQFc\" lang=\"ro\">, noul tarif la gaz pentru consumatorii finali va cre\u0219te de la 4,2 lei la 10,26 lei.\u00a0<\/span>\u00a0Tariful aprobat nu include TVA. Av\u00e2nd \u00een vedere c\u0103 TVA-ul este de 8%, pre\u021burile la gaz vor cre\u0219te p\u00e2n\u0103 la 11,1 lei. Totodat\u0103 institu\u021bia precizeaz\u0103 c\u0103 pre\u021burile vor fi revizuite p\u00e2n\u0103 la sf\u00e2r\u0219itul lunii curente.<\/p>\n<p><a href=\"http:\/\/iframe%20src=https:\/\/www.facebook.com\/plugins\/video.php?height=314&amp;href=https%3A%2F%2Fwww.facebook.com%2Fprivesc.eu.moldova%2Fvideos%2F392550919236122%2F&amp;show_text=false&amp;width=560&amp;t=0%20width=560%20height=314%20style=border:none;overflow:hidden%20scrolling=no%20frameborder=0%20allowfullscreen=true%20allow=autoplay;%20clipboard-write;%20encrypted-media;%20picture-in-picture;%20web-share%20allowFullScreen=true\/iframe\"><iframe style=\"border: none; overflow: hidden;\" data-src=\"https:\/\/www.facebook.com\/plugins\/video.php?height=314&amp;href=https%3A%2F%2Fwww.facebook.com%2Fprivesc.eu.moldova%2Fvideos%2F392550919236122%2F&amp;show_text=false&amp;width=560&amp;t=0\" width=\"560\" height=\"314\" frameborder=\"0\" scrolling=\"no\" allowfullscreen=\"allowfullscreen\" src=\"data:image\/svg+xml;base64,PHN2ZyB3aWR0aD0iMSIgaGVpZ2h0PSIxIiB4bWxucz0iaHR0cDovL3d3dy53My5vcmcvMjAwMC9zdmciPjwvc3ZnPg==\" class=\"lazyload\" data-load-mode=\"1\"><\/iframe><\/a><\/p>\n","protected":false},"excerpt":{"rendered":"<p>To\u021bi consumatorii de gaze naturale din Republica Moldova vor beneficia, \u00een perioada rece a anului, \u00a0de sus\u021binere din partea autorit\u0103\u021bilor. Anun\u021bul a fost f\u0103cut de prim-ministra, Natalia Gavrili\u021ba, \u00een debutul \u0219edin\u021bei de Guvern. \u0218efa cabinetului de mini\u0219tri a precizat c\u0103 pachetul total de compensare a cre\u0219terii tarifelor la agentul termic va constitui 1,6 miliarde de [&hellip;]<\/p>\n","protected":false},"author":26,"featured_media":155853,"comment_status":"open","ping_status":"closed","sticky":false,"template":"","format":"video","meta":{"footnotes":""},"categories":[6349],"tags":[15195,31609,16410,12165,10385,10563,33564,10489,33565],"class_list":["post-155843","post","type-post","status-publish","format-video","has-post-thumbnail","hentry","category-social","tag-anre-ro","tag-anunta","tag-compensatii-ro","tag-consumatori","tag-gaze-naturale-ro","tag-guvernul-ro","tag-legislatie","tag-natalia-gavrilita","tag-perioada-rece","post_format-post-format-video"],"yoast_head":"<!-- This site is optimized with the Yoast SEO plugin v27.4 - https:\/\/yoast.com\/product\/yoast-seo-wordpress\/ -->\n<title>Guvernul anun\u021b\u0103 ajutoare pentru popula\u021bie \u00een perioada rece a anului - BTV<\/title>\n<meta name=\"description\" content=\"To\u021bi consumatorii de gaze naturale din Republica Moldova vor beneficia, \u00een perioada rece a anului, \u00a0de sus\u021binere din partea autorit\u0103\u021bilor. Anun\u021bul a fost f\u0103cut de prim-ministra, Natalia Gavrili\u021ba, \u00een debutul \u0219edin\u021bei de Guvern. \u0218efa cabinetului de mini\u0219tri a precizat c\u0103 pachetul total de compensare a cre\u0219terii tarifelor la agentul termic va constitui 1,6 miliarde de lei. Ajutorul va fi acordat din luna noiembrie p\u00e2n\u0103 \u00een luna martie, scrie Agora.md.\" \/>\n<meta name=\"robots\" content=\"index, follow, max-snippet:-1, max-image-preview:large, max-video-preview:-1\" \/>\n<link rel=\"canonical\" href=\"https:\/\/www.btv.md\/ro\/amp\/guvernul-anunta-ajutoare-pentru-populatie-in-perioada-rece-a-anului\/\" \/>\n<meta property=\"og:locale\" content=\"ro_RO\" \/>\n<meta property=\"og:type\" content=\"article\" \/>\n<meta property=\"og:title\" content=\"Guvernul anun\u021b\u0103 ajutoare pentru popula\u021bie \u00een perioada rece a anului - BTV\" \/>\n<meta property=\"og:description\" content=\"To\u021bi consumatorii de gaze naturale din Republica Moldova vor beneficia, \u00een perioada rece a anului, \u00a0de sus\u021binere din partea autorit\u0103\u021bilor. Anun\u021bul a fost f\u0103cut de prim-ministra, Natalia Gavrili\u021ba, \u00een debutul \u0219edin\u021bei de Guvern. \u0218efa cabinetului de mini\u0219tri a precizat c\u0103 pachetul total de compensare a cre\u0219terii tarifelor la agentul termic va constitui 1,6 miliarde de lei. Ajutorul va fi acordat din luna noiembrie p\u00e2n\u0103 \u00een luna martie, scrie Agora.md.\" \/>\n<meta property=\"og:url\" content=\"https:\/\/www.btv.md\/ro\/amp\/guvernul-anunta-ajutoare-pentru-populatie-in-perioada-rece-a-anului\/\" \/>\n<meta property=\"og:site_name\" content=\"BTV\" \/>\n<meta property=\"article:publisher\" content=\"https:\/\/www.facebook.com\/btvmoldova\/\" \/>\n<meta property=\"article:published_time\" content=\"2021-11-10T15:23:32+00:00\" \/>\n<meta property=\"og:image\" content=\"https:\/\/www.btv.md\/wp-content\/uploads\/2021\/11\/gaz-3.jpg\" \/>\n\t<meta property=\"og:image:width\" content=\"809\" \/>\n\t<meta property=\"og:image:height\" content=\"456\" \/>\n\t<meta property=\"og:image:type\" content=\"image\/jpeg\" \/>\n<meta name=\"author\" content=\"Victoria Ursu\" \/>\n<meta name=\"twitter:label1\" content=\"Scris de\" \/>\n\t<meta name=\"twitter:data1\" content=\"Victoria Ursu\" \/>\n\t<meta name=\"twitter:label2\" content=\"Timp estimat pentru citire\" \/>\n\t<meta name=\"twitter:data2\" content=\"2 minute\" \/>\n<script type=\"application\/ld+json\" class=\"yoast-schema-graph\">{\"@context\":\"https:\\\/\\\/schema.org\",\"@graph\":[{\"@type\":\"Article\",\"@id\":\"https:\\\/\\\/www.btv.md\\\/ro\\\/amp\\\/guvernul-anunta-ajutoare-pentru-populatie-in-perioada-rece-a-anului\\\/#article\",\"isPartOf\":{\"@id\":\"https:\\\/\\\/www.btv.md\\\/ro\\\/amp\\\/guvernul-anunta-ajutoare-pentru-populatie-in-perioada-rece-a-anului\\\/\"},\"author\":{\"name\":\"Victoria Ursu\",\"@id\":\"https:\\\/\\\/www.btv.md\\\/#\\\/schema\\\/person\\\/e4b592cd4d0aac4a25b0ac526c4c341f\"},\"headline\":\"Guvernul anun\u021b\u0103 ajutoare pentru popula\u021bie \u00een perioada rece a anului\",\"datePublished\":\"2021-11-10T15:23:32+00:00\",\"mainEntityOfPage\":{\"@id\":\"https:\\\/\\\/www.btv.md\\\/ro\\\/amp\\\/guvernul-anunta-ajutoare-pentru-populatie-in-perioada-rece-a-anului\\\/\"},\"wordCount\":370,\"commentCount\":0,\"image\":{\"@id\":\"https:\\\/\\\/www.btv.md\\\/ro\\\/amp\\\/guvernul-anunta-ajutoare-pentru-populatie-in-perioada-rece-a-anului\\\/#primaryimage\"},\"thumbnailUrl\":\"https:\\\/\\\/www.btv.md\\\/wp-content\\\/uploads\\\/2021\\\/11\\\/gaz-3.jpg\",\"keywords\":[\"ANRE\",\"anun\u021b\u0103\",\"compensa\u021bii\",\"consumatori\",\"gaze naturale\",\"guvernul\",\"legisla\u021bie\",\"Natalia Gavrili\u021b\u0103\",\"perioada rece\"],\"articleSection\":[\"Social\"],\"inLanguage\":\"ro-RO\",\"potentialAction\":[{\"@type\":\"CommentAction\",\"name\":\"Comment\",\"target\":[\"https:\\\/\\\/www.btv.md\\\/ro\\\/amp\\\/guvernul-anunta-ajutoare-pentru-populatie-in-perioada-rece-a-anului\\\/#respond\"]}]},{\"@type\":\"WebPage\",\"@id\":\"https:\\\/\\\/www.btv.md\\\/ro\\\/amp\\\/guvernul-anunta-ajutoare-pentru-populatie-in-perioada-rece-a-anului\\\/\",\"url\":\"https:\\\/\\\/www.btv.md\\\/ro\\\/amp\\\/guvernul-anunta-ajutoare-pentru-populatie-in-perioada-rece-a-anului\\\/\",\"name\":\"Guvernul anun\u021b\u0103 ajutoare pentru popula\u021bie \u00een perioada rece a anului - BTV\",\"isPartOf\":{\"@id\":\"https:\\\/\\\/www.btv.md\\\/#website\"},\"primaryImageOfPage\":{\"@id\":\"https:\\\/\\\/www.btv.md\\\/ro\\\/amp\\\/guvernul-anunta-ajutoare-pentru-populatie-in-perioada-rece-a-anului\\\/#primaryimage\"},\"image\":{\"@id\":\"https:\\\/\\\/www.btv.md\\\/ro\\\/amp\\\/guvernul-anunta-ajutoare-pentru-populatie-in-perioada-rece-a-anului\\\/#primaryimage\"},\"thumbnailUrl\":\"https:\\\/\\\/www.btv.md\\\/wp-content\\\/uploads\\\/2021\\\/11\\\/gaz-3.jpg\",\"datePublished\":\"2021-11-10T15:23:32+00:00\",\"author\":{\"@id\":\"https:\\\/\\\/www.btv.md\\\/#\\\/schema\\\/person\\\/e4b592cd4d0aac4a25b0ac526c4c341f\"},\"description\":\"To\u021bi consumatorii de gaze naturale din Republica Moldova vor beneficia, \u00een perioada rece a anului, \u00a0de sus\u021binere din partea autorit\u0103\u021bilor. Anun\u021bul a fost f\u0103cut de prim-ministra, Natalia Gavrili\u021ba, \u00een debutul \u0219edin\u021bei de Guvern. \u0218efa cabinetului de mini\u0219tri a precizat c\u0103 pachetul total de compensare a cre\u0219terii tarifelor la agentul termic va constitui 1,6 miliarde de lei. Ajutorul va fi acordat din luna noiembrie p\u00e2n\u0103 \u00een luna martie, scrie Agora.md.\",\"inLanguage\":\"ro-RO\",\"potentialAction\":[{\"@type\":\"ReadAction\",\"target\":[\"https:\\\/\\\/www.btv.md\\\/ro\\\/amp\\\/guvernul-anunta-ajutoare-pentru-populatie-in-perioada-rece-a-anului\\\/\"]}]},{\"@type\":\"ImageObject\",\"inLanguage\":\"ro-RO\",\"@id\":\"https:\\\/\\\/www.btv.md\\\/ro\\\/amp\\\/guvernul-anunta-ajutoare-pentru-populatie-in-perioada-rece-a-anului\\\/#primaryimage\",\"url\":\"https:\\\/\\\/www.btv.md\\\/wp-content\\\/uploads\\\/2021\\\/11\\\/gaz-3.jpg\",\"contentUrl\":\"https:\\\/\\\/www.btv.md\\\/wp-content\\\/uploads\\\/2021\\\/11\\\/gaz-3.jpg\",\"width\":809,\"height\":456,\"caption\":\"ANRE va verifica detaliat calculele prezentate de S.A. \u201eMoldovagaz\u201d \u0219i va aproba pre\u021burile finale \u00een strict\u0103 conformitate cu Metodologia de calculare, aprobare \u0219i aplicare a pre\u021burilor reglementate pentru furnizarea gazelor naturale. Foto: \u0218tiri.md.\"},{\"@type\":\"WebSite\",\"@id\":\"https:\\\/\\\/www.btv.md\\\/#website\",\"url\":\"https:\\\/\\\/www.btv.md\\\/\",\"name\":\"BTV\",\"description\":\"\u0411\u0435\u043b\u044c\u0446\u043a\u043e\u0435 \u0442\u0435\u043b\u0435\u0432\u0438\u0434\u0435\u043d\u0438\u0435\",\"potentialAction\":[{\"@type\":\"SearchAction\",\"target\":{\"@type\":\"EntryPoint\",\"urlTemplate\":\"https:\\\/\\\/www.btv.md\\\/?s={search_term_string}\"},\"query-input\":{\"@type\":\"PropertyValueSpecification\",\"valueRequired\":true,\"valueName\":\"search_term_string\"}}],\"inLanguage\":\"ro-RO\"},{\"@type\":\"Person\",\"@id\":\"https:\\\/\\\/www.btv.md\\\/#\\\/schema\\\/person\\\/e4b592cd4d0aac4a25b0ac526c4c341f\",\"name\":\"Victoria Ursu\"}]}<\/script>\n<!-- \/ Yoast SEO plugin. -->","yoast_head_json":{"title":"Guvernul anun\u021b\u0103 ajutoare pentru popula\u021bie \u00een perioada rece a anului - BTV","description":"To\u021bi consumatorii de gaze naturale din Republica Moldova vor beneficia, \u00een perioada rece a anului, \u00a0de sus\u021binere din partea autorit\u0103\u021bilor. Anun\u021bul a fost f\u0103cut de prim-ministra, Natalia Gavrili\u021ba, \u00een debutul \u0219edin\u021bei de Guvern. \u0218efa cabinetului de mini\u0219tri a precizat c\u0103 pachetul total de compensare a cre\u0219terii tarifelor la agentul termic va constitui 1,6 miliarde de lei. Ajutorul va fi acordat din luna noiembrie p\u00e2n\u0103 \u00een luna martie, scrie Agora.md.","robots":{"index":"index","follow":"follow","max-snippet":"max-snippet:-1","max-image-preview":"max-image-preview:large","max-video-preview":"max-video-preview:-1"},"canonical":"https:\/\/www.btv.md\/ro\/amp\/guvernul-anunta-ajutoare-pentru-populatie-in-perioada-rece-a-anului\/","og_locale":"ro_RO","og_type":"article","og_title":"Guvernul anun\u021b\u0103 ajutoare pentru popula\u021bie \u00een perioada rece a anului - BTV","og_description":"To\u021bi consumatorii de gaze naturale din Republica Moldova vor beneficia, \u00een perioada rece a anului, \u00a0de sus\u021binere din partea autorit\u0103\u021bilor. Anun\u021bul a fost f\u0103cut de prim-ministra, Natalia Gavrili\u021ba, \u00een debutul \u0219edin\u021bei de Guvern. \u0218efa cabinetului de mini\u0219tri a precizat c\u0103 pachetul total de compensare a cre\u0219terii tarifelor la agentul termic va constitui 1,6 miliarde de lei. Ajutorul va fi acordat din luna noiembrie p\u00e2n\u0103 \u00een luna martie, scrie Agora.md.","og_url":"https:\/\/www.btv.md\/ro\/amp\/guvernul-anunta-ajutoare-pentru-populatie-in-perioada-rece-a-anului\/","og_site_name":"BTV","article_publisher":"https:\/\/www.facebook.com\/btvmoldova\/","article_published_time":"2021-11-10T15:23:32+00:00","og_image":[{"width":809,"height":456,"url":"https:\/\/www.btv.md\/wp-content\/uploads\/2021\/11\/gaz-3.jpg","type":"image\/jpeg"}],"author":"Victoria Ursu","twitter_misc":{"Scris de":"Victoria Ursu","Timp estimat pentru citire":"2 minute"},"schema":{"@context":"https:\/\/schema.org","@graph":[{"@type":"Article","@id":"https:\/\/www.btv.md\/ro\/amp\/guvernul-anunta-ajutoare-pentru-populatie-in-perioada-rece-a-anului\/#article","isPartOf":{"@id":"https:\/\/www.btv.md\/ro\/amp\/guvernul-anunta-ajutoare-pentru-populatie-in-perioada-rece-a-anului\/"},"author":{"name":"Victoria Ursu","@id":"https:\/\/www.btv.md\/#\/schema\/person\/e4b592cd4d0aac4a25b0ac526c4c341f"},"headline":"Guvernul anun\u021b\u0103 ajutoare pentru popula\u021bie \u00een perioada rece a anului","datePublished":"2021-11-10T15:23:32+00:00","mainEntityOfPage":{"@id":"https:\/\/www.btv.md\/ro\/amp\/guvernul-anunta-ajutoare-pentru-populatie-in-perioada-rece-a-anului\/"},"wordCount":370,"commentCount":0,"image":{"@id":"https:\/\/www.btv.md\/ro\/amp\/guvernul-anunta-ajutoare-pentru-populatie-in-perioada-rece-a-anului\/#primaryimage"},"thumbnailUrl":"https:\/\/www.btv.md\/wp-content\/uploads\/2021\/11\/gaz-3.jpg","keywords":["ANRE","anun\u021b\u0103","compensa\u021bii","consumatori","gaze naturale","guvernul","legisla\u021bie","Natalia Gavrili\u021b\u0103","perioada rece"],"articleSection":["Social"],"inLanguage":"ro-RO","potentialAction":[{"@type":"CommentAction","name":"Comment","target":["https:\/\/www.btv.md\/ro\/amp\/guvernul-anunta-ajutoare-pentru-populatie-in-perioada-rece-a-anului\/#respond"]}]},{"@type":"WebPage","@id":"https:\/\/www.btv.md\/ro\/amp\/guvernul-anunta-ajutoare-pentru-populatie-in-perioada-rece-a-anului\/","url":"https:\/\/www.btv.md\/ro\/amp\/guvernul-anunta-ajutoare-pentru-populatie-in-perioada-rece-a-anului\/","name":"Guvernul anun\u021b\u0103 ajutoare pentru popula\u021bie \u00een perioada rece a anului - BTV","isPartOf":{"@id":"https:\/\/www.btv.md\/#website"},"primaryImageOfPage":{"@id":"https:\/\/www.btv.md\/ro\/amp\/guvernul-anunta-ajutoare-pentru-populatie-in-perioada-rece-a-anului\/#primaryimage"},"image":{"@id":"https:\/\/www.btv.md\/ro\/amp\/guvernul-anunta-ajutoare-pentru-populatie-in-perioada-rece-a-anului\/#primaryimage"},"thumbnailUrl":"https:\/\/www.btv.md\/wp-content\/uploads\/2021\/11\/gaz-3.jpg","datePublished":"2021-11-10T15:23:32+00:00","author":{"@id":"https:\/\/www.btv.md\/#\/schema\/person\/e4b592cd4d0aac4a25b0ac526c4c341f"},"description":"To\u021bi consumatorii de gaze naturale din Republica Moldova vor beneficia, \u00een perioada rece a anului, \u00a0de sus\u021binere din partea autorit\u0103\u021bilor. Anun\u021bul a fost f\u0103cut de prim-ministra, Natalia Gavrili\u021ba, \u00een debutul \u0219edin\u021bei de Guvern. \u0218efa cabinetului de mini\u0219tri a precizat c\u0103 pachetul total de compensare a cre\u0219terii tarifelor la agentul termic va constitui 1,6 miliarde de lei. Ajutorul va fi acordat din luna noiembrie p\u00e2n\u0103 \u00een luna martie, scrie Agora.md.","inLanguage":"ro-RO","potentialAction":[{"@type":"ReadAction","target":["https:\/\/www.btv.md\/ro\/amp\/guvernul-anunta-ajutoare-pentru-populatie-in-perioada-rece-a-anului\/"]}]},{"@type":"ImageObject","inLanguage":"ro-RO","@id":"https:\/\/www.btv.md\/ro\/amp\/guvernul-anunta-ajutoare-pentru-populatie-in-perioada-rece-a-anului\/#primaryimage","url":"https:\/\/www.btv.md\/wp-content\/uploads\/2021\/11\/gaz-3.jpg","contentUrl":"https:\/\/www.btv.md\/wp-content\/uploads\/2021\/11\/gaz-3.jpg","width":809,"height":456,"caption":"ANRE va verifica detaliat calculele prezentate de S.A. \u201eMoldovagaz\u201d \u0219i va aproba pre\u021burile finale \u00een strict\u0103 conformitate cu Metodologia de calculare, aprobare \u0219i aplicare a pre\u021burilor reglementate pentru furnizarea gazelor naturale. Foto: \u0218tiri.md."},{"@type":"WebSite","@id":"https:\/\/www.btv.md\/#website","url":"https:\/\/www.btv.md\/","name":"BTV","description":"\u0411\u0435\u043b\u044c\u0446\u043a\u043e\u0435 \u0442\u0435\u043b\u0435\u0432\u0438\u0434\u0435\u043d\u0438\u0435","potentialAction":[{"@type":"SearchAction","target":{"@type":"EntryPoint","urlTemplate":"https:\/\/www.btv.md\/?s={search_term_string}"},"query-input":{"@type":"PropertyValueSpecification","valueRequired":true,"valueName":"search_term_string"}}],"inLanguage":"ro-RO"},{"@type":"Person","@id":"https:\/\/www.btv.md\/#\/schema\/person\/e4b592cd4d0aac4a25b0ac526c4c341f","name":"Victoria Ursu"}]}},"_links":{"self":[{"href":"https:\/\/www.btv.md\/ro\/wp-json\/wp\/v2\/posts\/155843","targetHints":{"allow":["GET"]}}],"collection":[{"href":"https:\/\/www.btv.md\/ro\/wp-json\/wp\/v2\/posts"}],"about":[{"href":"https:\/\/www.btv.md\/ro\/wp-json\/wp\/v2\/types\/post"}],"author":[{"embeddable":true,"href":"https:\/\/www.btv.md\/ro\/wp-json\/wp\/v2\/users\/26"}],"replies":[{"embeddable":true,"href":"https:\/\/www.btv.md\/ro\/wp-json\/wp\/v2\/comments?post=155843"}],"version-history":[{"count":0,"href":"https:\/\/www.btv.md\/ro\/wp-json\/wp\/v2\/posts\/155843\/revisions"}],"wp:featuredmedia":[{"embeddable":true,"href":"https:\/\/www.btv.md\/ro\/wp-json\/wp\/v2\/media\/155853"}],"wp:attachment":[{"href":"https:\/\/www.btv.md\/ro\/wp-json\/wp\/v2\/media?parent=155843"}],"wp:term":[{"taxonomy":"category","embeddable":true,"href":"https:\/\/www.btv.md\/ro\/wp-json\/wp\/v2\/categories?post=155843"},{"taxonomy":"post_tag","embeddable":true,"href":"https:\/\/www.btv.md\/ro\/wp-json\/wp\/v2\/tags?post=155843"}],"curies":[{"name":"wp","href":"https:\/\/api.w.org\/{rel}","templated":true}]}}