{"id":155857,"date":"2021-11-10T17:36:18","date_gmt":"2021-11-10T15:36:18","guid":{"rendered":"https:\/\/www.btv.md\/?p=155857"},"modified":"2021-11-10T17:36:18","modified_gmt":"2021-11-10T15:36:18","slug":"in-sr-floresti-lipsesc-medicamente-pentru-tratarea-infectiei-covid-pacientii-sunt-nevoiti-sa-si-procure-antibiotice-de-mii-de-lei","status":"publish","type":"post","link":"https:\/\/www.btv.md\/ro\/in-sr-floresti-lipsesc-medicamente-pentru-tratarea-infectiei-covid-pacientii-sunt-nevoiti-sa-si-procure-antibiotice-de-mii-de-lei\/","title":{"rendered":"\u00cen SR Flore\u0219ti lipsesc medicamente pentru tratarea infec\u021biei Covid. Pacien\u021bii sunt nevoi\u021bi s\u0103-\u0219i procure antibiotice de mii de lei"},"content":{"rendered":"<p><strong>\u00cen Spitalul Raional Flore\u0219ti ar lipsi anumite antibiotice, necesare persoanelor infectate cu COVID-19. Mai mult ca at\u00e2t, medicii cer rudelor pacien\u021bilor s\u0103 procure acest preparat din farmacii. Cu o astfel de pl\u00e2ngere s-a adresat redac\u021biei noastre o femeie din B\u0103l\u021bi. Mama acesteia, s-a infectat cu Covid 19 \u0219i a fost internat\u0103 acum o s\u0103pt\u0103m\u00e2n\u0103 \u00een spitalul din Flore\u0219ti. Femeia se pl\u00e2nge, c\u0103 medicul, care o trateaz\u0103 pe mama sa ia cerut s\u0103 cumpere 30 doze de antibiotic, utilizat \u00een tratamentul infec\u021biilor bacteriene, inclusiv pneumonie. \u0218i mai grav este faptul, c\u0103 acest preparat este foarte scump.<\/strong><\/p>\n<blockquote><p><em>,,Eu nu <\/em><em>\u00een\u021beleg de ce noi trebuie s\u0103 procur\u0103m aceste antibiotice. Azi am mers la farmacie, m\u0103 g\u00eendeam c\u0103 m\u0103 va costa p\u00e2n\u0103 la 1000 de lei \u0219i voi face fa\u021b\u0103 acestei sume. Dar 5400 &#8211; asta e o sum\u0103 imens\u0103 pentru mine. \u0218i pentru ce ei 30 de doze. Va rezista ea, dup\u0103 administrarea acestor doze. Persoana are imunitatea sl\u0103bit\u0103. Mai cu seam\u0103 c\u0103 a mai primit anterior \u0219i alte antibiotice.<\/em><em>\u201d &#8211;<\/em><strong> a declarat femeia.\u00a0<\/strong><\/p><\/blockquote>\n<p>&nbsp;<\/p>\n<p>O doz\u0103 de antibiotic cerut de institu\u021bie cost\u0103 circa 200 de lei. Femeia este nedumerit\u0103 cum s\u0103 procedeze \u00een continuare, bani nu are, iar medicul ia spus verde \u00een ochi, f\u0103r\u0103 acest preparat mama sa nu are \u0219anse.<\/p>\n<blockquote><p><em>,,Eu am sunat. Ea mi-a spus dac<\/em><em>\u0103 vre\u021bi&#8230; starea ei nu se va \u00eembun\u0103t\u0103\u021bi, dac\u0103 nu ve\u021bi cump\u0103ra aceste medicamente. Mi s-a spus c\u0103 pe teritoriul spitalului, la farmacie este acest preparat&#8230;\u0219i acesta a fost tot r\u0103spunsul.<\/em><em>\u201d &#8211;<\/em><strong> a mai ad\u0103ugat femeia.<\/strong><\/p><\/blockquote>\n<p><em>\u00a0<\/em>De cealalt\u0103 parte, administra\u021bia spitalului neag\u0103 toate acuza\u021biile. \u00centr-un comunicat emis postului nostru de televiziune, Spitalul Raional Flore\u0219ti ne-a informat:<\/p>\n<blockquote><p>\n,,<em>&#8211; To\u021bi bolnavii care se trateaz\u0103 \u00een sec\u021bia Covid-19 sunt asigura\u021bi cu medicamentele necesare din contul spitalului \u00een conformitate cu PCN (Protocolul Clinic Na\u021bional) de tratare a infec\u021biei Sars-Cov-2.<br \/>\n&#8211; \u00cen leg\u0103tur\u0103 cu informa\u021bia parvenit\u0103 de la d-voastr\u0103 s-a efectuat un control al administr\u0103rii medicamentelor \u00een sec\u021bia Covid-19.<br \/>\n&#8211; Medicii curan\u021bi din sec\u021bia Covid-19 au fost informa\u021bi despre peti\u021bia unui pacient din sec\u021bia Covid-19 adresat\u0103 televiziunii din B\u0103l\u021bi.<br \/>\n&#8211; To\u021bi medicii au fost pre\u00eent\u00eempina\u021bi despre respectarea strict\u0103 a Protocolului Clinic Na\u021bional de tratare a infec\u021biei Sars-Cov-2.\u201d<\/p>\n<p><\/em><\/p><\/blockquote>\n<p>Am telefonat \u0219i la Ministerul S\u0103n\u0103t\u0103\u021bii pentru a lua o reac\u021bie. \u0218efa serviciului de informare \u0219i comunicare cu mass-media, ne-a dat asigur\u0103ri c\u0103 responsabilii vor investiga cazul. Totodat\u0103 aceasta a \u021binut s\u0103 precizeze c\u0103 nu exist\u0103 un protocol special pentru tratamentul pacien\u021bilor Covid, pentru c\u0103 este vorba despre o infec\u021bie simptomatic\u0103. Pacientul prime\u0219te \u00eengrijiri medicale \u0219i preparate, conform simptomele pe care le are.<\/p>\n<p>Lipsa medicamentelor pentru tratarea pacien\u021bilor cu Covid, \u00een institu\u021biile spitalice\u0219te este mai veche. De exemplu \u00een luna septembrie, administra\u021bia Spitalului Raional Edine\u021b a tras un semnal de larm\u0103. Aceasta s-a pl\u00e2ns c\u0103 cheltuielile pentru tratarea bolnavilor au crescut, dar nu au fost prev\u0103zute \u00een contractele \u00eencheiate de spitale cu Compania Na\u0163ional\u0103 de Asigur\u0103ri \u00een Medicin\u0103. Atunci, Ala Nemerenco a recunoscut c\u0103 problema persist\u0103 de ceva timp, dar a promis s\u0103 ia m\u0103suri pentru dep\u0103\u0219irea acestei crize.<\/p>\n<p><iframe title=\"\u00cen SR Flore\u0219ti lipsesc medicamente?  Pacien\u021bii sunt nevoi\u021bi s\u0103-\u0219i procure antibiotice de mii de lei\" width=\"1170\" height=\"658\" data-src=\"https:\/\/www.youtube.com\/embed\/IEBaB5oVyDM?wmode=transparent&amp;rel=0&amp;feature=oembed\" frameborder=\"0\" allow=\"accelerometer; autoplay; clipboard-write; encrypted-media; gyroscope; picture-in-picture\" allowfullscreen src=\"data:image\/svg+xml;base64,PHN2ZyB3aWR0aD0iMSIgaGVpZ2h0PSIxIiB4bWxucz0iaHR0cDovL3d3dy53My5vcmcvMjAwMC9zdmciPjwvc3ZnPg==\" class=\"lazyload\" data-load-mode=\"1\"><\/iframe><\/p>\n<p>&nbsp;<\/p>\n<p>&nbsp;<\/p>\n<p>&nbsp;<\/p>\n","protected":false},"excerpt":{"rendered":"<p>\u00cen Spitalul Raional Flore\u0219ti ar lipsi anumite antibiotice, necesare persoanelor infectate cu COVID-19. Mai mult ca at\u00e2t, medicii cer rudelor pacien\u021bilor s\u0103 procure acest preparat din farmacii. Cu o astfel de pl\u00e2ngere s-a adresat redac\u021biei noastre o femeie din B\u0103l\u021bi. Mama acesteia, s-a infectat cu Covid 19 \u0219i a fost internat\u0103 acum o s\u0103pt\u0103m\u00e2n\u0103 \u00een [&hellip;]<\/p>\n","protected":false},"author":26,"featured_media":155858,"comment_status":"open","ping_status":"closed","sticky":false,"template":"","format":"video","meta":{"footnotes":""},"categories":[6349],"tags":[33568,12837,33567,11384,33571,33572,33569,33566,33570,33573],"class_list":["post-155857","post","type-post","status-publish","format-video","has-post-thumbnail","hentry","category-social","tag-30-doze","tag-lipsesc","tag-medicamente-antibiotice","tag-ministerul-sanatatii-ro","tag-pacientilor-covid-19","tag-protocolul-national","tag-scump","tag-spitalul-raional-floresti","tag-tratamentul","tag-preparat-ro","post_format-post-format-video"],"yoast_head":"<!-- This site is optimized with the Yoast SEO plugin v27.4 - https:\/\/yoast.com\/product\/yoast-seo-wordpress\/ -->\n<title>\u00cen SR Flore\u0219ti lipsesc medicamente pentru tratarea infec\u021biei Covid. Pacien\u021bii sunt nevoi\u021bi s\u0103-\u0219i procure antibiotice de mii de lei - BTV<\/title>\n<meta name=\"description\" content=\"\u00cen Spitalul Raional Flore\u0219ti ar lipsi anumite antibiotice, necesare persoanelor infectate cu COVID-19. Mai mult ca at\u00e2t, medicii cer rudelor pacien\u021bilor s\u0103 procure acest preparat din farmacii. Cu o astfel de pl\u00e2ngere s-a adresat redac\u021biei noastre o femeie din B\u0103l\u021bi. Mama acesteia, s-a infectat cu Covid 19 \u0219i a fost internat\u0103 acum o s\u0103pt\u0103m\u00e2n\u0103 \u00een spitalul din Flore\u0219ti.\" \/>\n<meta name=\"robots\" content=\"index, follow, max-snippet:-1, max-image-preview:large, max-video-preview:-1\" \/>\n<link rel=\"canonical\" href=\"https:\/\/www.btv.md\/ro\/in-sr-floresti-lipsesc-medicamente-pentru-tratarea-infectiei-covid-pacientii-sunt-nevoiti-sa-si-procure-antibiotice-de-mii-de-lei\/\" \/>\n<meta property=\"og:locale\" content=\"ro_RO\" \/>\n<meta property=\"og:type\" content=\"article\" \/>\n<meta property=\"og:title\" content=\"Video\/\/ \u00cen SR Flore\u0219ti lipsesc medicamente pentru tratarea infec\u021biei Covid. Pacien\u021bii sunt nevoi\u021bi s\u0103-\u0219i procure antibiotice de mii de lei\" \/>\n<meta property=\"og:description\" content=\"Mama unei femei care s-a adresat redac\u021biei noastre, s-a infectat cu Covid 19 \u0219i a fost internat\u0103 acum o s\u0103pt\u0103m\u00e2n\u0103 \u00een spitalul din Flore\u0219ti. Aceasta se pl\u00e2nge, c\u0103 medicul, care o trateaz\u0103 pe mama sa ia cerut s\u0103 cumpere 30 doze de antibiotic, utilizat \u00een tratamentul infec\u021biilor bacteriene, inclusiv pneumonie. \u0218i mai grav este faptul, c\u0103 acest preparat este foarte scump.\" \/>\n<meta property=\"og:url\" content=\"https:\/\/www.btv.md\/ro\/in-sr-floresti-lipsesc-medicamente-pentru-tratarea-infectiei-covid-pacientii-sunt-nevoiti-sa-si-procure-antibiotice-de-mii-de-lei\/\" \/>\n<meta property=\"og:site_name\" content=\"BTV\" \/>\n<meta property=\"article:publisher\" content=\"https:\/\/www.facebook.com\/btvmoldova\/\" \/>\n<meta property=\"article:published_time\" content=\"2021-11-10T15:36:18+00:00\" \/>\n<meta property=\"og:image\" content=\"https:\/\/www.btv.md\/wp-content\/uploads\/2021\/11\/covid-19.jpg\" \/>\n\t<meta property=\"og:image:width\" content=\"780\" \/>\n\t<meta property=\"og:image:height\" content=\"600\" \/>\n\t<meta property=\"og:image:type\" content=\"image\/jpeg\" \/>\n<meta name=\"author\" content=\"Victoria Ursu\" \/>\n<meta name=\"twitter:label1\" content=\"Scris de\" \/>\n\t<meta name=\"twitter:data1\" content=\"Victoria Ursu\" \/>\n\t<meta name=\"twitter:label2\" content=\"Timp estimat pentru citire\" \/>\n\t<meta name=\"twitter:data2\" content=\"3 minute\" \/>\n<script type=\"application\/ld+json\" class=\"yoast-schema-graph\">{\"@context\":\"https:\\\/\\\/schema.org\",\"@graph\":[{\"@type\":\"Article\",\"@id\":\"https:\\\/\\\/www.btv.md\\\/ro\\\/in-sr-floresti-lipsesc-medicamente-pentru-tratarea-infectiei-covid-pacientii-sunt-nevoiti-sa-si-procure-antibiotice-de-mii-de-lei\\\/#article\",\"isPartOf\":{\"@id\":\"https:\\\/\\\/www.btv.md\\\/ro\\\/in-sr-floresti-lipsesc-medicamente-pentru-tratarea-infectiei-covid-pacientii-sunt-nevoiti-sa-si-procure-antibiotice-de-mii-de-lei\\\/\"},\"author\":{\"name\":\"Victoria Ursu\",\"@id\":\"https:\\\/\\\/www.btv.md\\\/#\\\/schema\\\/person\\\/e4b592cd4d0aac4a25b0ac526c4c341f\"},\"headline\":\"\u00cen SR Flore\u0219ti lipsesc medicamente pentru tratarea infec\u021biei Covid. Pacien\u021bii sunt nevoi\u021bi s\u0103-\u0219i procure antibiotice de mii de lei\",\"datePublished\":\"2021-11-10T15:36:18+00:00\",\"mainEntityOfPage\":{\"@id\":\"https:\\\/\\\/www.btv.md\\\/ro\\\/in-sr-floresti-lipsesc-medicamente-pentru-tratarea-infectiei-covid-pacientii-sunt-nevoiti-sa-si-procure-antibiotice-de-mii-de-lei\\\/\"},\"wordCount\":598,\"commentCount\":0,\"image\":{\"@id\":\"https:\\\/\\\/www.btv.md\\\/ro\\\/in-sr-floresti-lipsesc-medicamente-pentru-tratarea-infectiei-covid-pacientii-sunt-nevoiti-sa-si-procure-antibiotice-de-mii-de-lei\\\/#primaryimage\"},\"thumbnailUrl\":\"https:\\\/\\\/www.btv.md\\\/wp-content\\\/uploads\\\/2021\\\/11\\\/covid-19.jpg\",\"keywords\":[\"30 doze\",\"lipsesc\",\"medicamente. antibiotice\",\"Ministerul s\u0103n\u0103t\u0103\u021bii\",\"pacien\u021bilor Covid-19\",\"protocolul na\u021bional\",\"scump\",\"Spitalul Raional Flore\u0219ti\",\"tratamentul\",\"\u043f\u0440\u0435\u043f\u0430\u0440\u0430\u0442\"],\"articleSection\":[\"Social\"],\"inLanguage\":\"ro-RO\",\"potentialAction\":[{\"@type\":\"CommentAction\",\"name\":\"Comment\",\"target\":[\"https:\\\/\\\/www.btv.md\\\/ro\\\/in-sr-floresti-lipsesc-medicamente-pentru-tratarea-infectiei-covid-pacientii-sunt-nevoiti-sa-si-procure-antibiotice-de-mii-de-lei\\\/#respond\"]}]},{\"@type\":\"WebPage\",\"@id\":\"https:\\\/\\\/www.btv.md\\\/ro\\\/in-sr-floresti-lipsesc-medicamente-pentru-tratarea-infectiei-covid-pacientii-sunt-nevoiti-sa-si-procure-antibiotice-de-mii-de-lei\\\/\",\"url\":\"https:\\\/\\\/www.btv.md\\\/ro\\\/in-sr-floresti-lipsesc-medicamente-pentru-tratarea-infectiei-covid-pacientii-sunt-nevoiti-sa-si-procure-antibiotice-de-mii-de-lei\\\/\",\"name\":\"\u00cen SR Flore\u0219ti lipsesc medicamente pentru tratarea infec\u021biei Covid. Pacien\u021bii sunt nevoi\u021bi s\u0103-\u0219i procure antibiotice de mii de lei - BTV\",\"isPartOf\":{\"@id\":\"https:\\\/\\\/www.btv.md\\\/#website\"},\"primaryImageOfPage\":{\"@id\":\"https:\\\/\\\/www.btv.md\\\/ro\\\/in-sr-floresti-lipsesc-medicamente-pentru-tratarea-infectiei-covid-pacientii-sunt-nevoiti-sa-si-procure-antibiotice-de-mii-de-lei\\\/#primaryimage\"},\"image\":{\"@id\":\"https:\\\/\\\/www.btv.md\\\/ro\\\/in-sr-floresti-lipsesc-medicamente-pentru-tratarea-infectiei-covid-pacientii-sunt-nevoiti-sa-si-procure-antibiotice-de-mii-de-lei\\\/#primaryimage\"},\"thumbnailUrl\":\"https:\\\/\\\/www.btv.md\\\/wp-content\\\/uploads\\\/2021\\\/11\\\/covid-19.jpg\",\"datePublished\":\"2021-11-10T15:36:18+00:00\",\"author\":{\"@id\":\"https:\\\/\\\/www.btv.md\\\/#\\\/schema\\\/person\\\/e4b592cd4d0aac4a25b0ac526c4c341f\"},\"description\":\"\u00cen Spitalul Raional Flore\u0219ti ar lipsi anumite antibiotice, necesare persoanelor infectate cu COVID-19. Mai mult ca at\u00e2t, medicii cer rudelor pacien\u021bilor s\u0103 procure acest preparat din farmacii. Cu o astfel de pl\u00e2ngere s-a adresat redac\u021biei noastre o femeie din B\u0103l\u021bi. Mama acesteia, s-a infectat cu Covid 19 \u0219i a fost internat\u0103 acum o s\u0103pt\u0103m\u00e2n\u0103 \u00een spitalul din Flore\u0219ti.\",\"inLanguage\":\"ro-RO\",\"potentialAction\":[{\"@type\":\"ReadAction\",\"target\":[\"https:\\\/\\\/www.btv.md\\\/ro\\\/in-sr-floresti-lipsesc-medicamente-pentru-tratarea-infectiei-covid-pacientii-sunt-nevoiti-sa-si-procure-antibiotice-de-mii-de-lei\\\/\"]}]},{\"@type\":\"ImageObject\",\"inLanguage\":\"ro-RO\",\"@id\":\"https:\\\/\\\/www.btv.md\\\/ro\\\/in-sr-floresti-lipsesc-medicamente-pentru-tratarea-infectiei-covid-pacientii-sunt-nevoiti-sa-si-procure-antibiotice-de-mii-de-lei\\\/#primaryimage\",\"url\":\"https:\\\/\\\/www.btv.md\\\/wp-content\\\/uploads\\\/2021\\\/11\\\/covid-19.jpg\",\"contentUrl\":\"https:\\\/\\\/www.btv.md\\\/wp-content\\\/uploads\\\/2021\\\/11\\\/covid-19.jpg\",\"width\":780,\"height\":600,\"caption\":\"Administra\u021bia spitalului ne-a anun\u021bat c\u0103 a efectuat un control al administr\u0103rii medicamentelor \u00een sec\u021bia Covid-19. Foto: Digi-World\"},{\"@type\":\"WebSite\",\"@id\":\"https:\\\/\\\/www.btv.md\\\/#website\",\"url\":\"https:\\\/\\\/www.btv.md\\\/\",\"name\":\"BTV\",\"description\":\"\u0411\u0435\u043b\u044c\u0446\u043a\u043e\u0435 \u0442\u0435\u043b\u0435\u0432\u0438\u0434\u0435\u043d\u0438\u0435\",\"potentialAction\":[{\"@type\":\"SearchAction\",\"target\":{\"@type\":\"EntryPoint\",\"urlTemplate\":\"https:\\\/\\\/www.btv.md\\\/?s={search_term_string}\"},\"query-input\":{\"@type\":\"PropertyValueSpecification\",\"valueRequired\":true,\"valueName\":\"search_term_string\"}}],\"inLanguage\":\"ro-RO\"},{\"@type\":\"Person\",\"@id\":\"https:\\\/\\\/www.btv.md\\\/#\\\/schema\\\/person\\\/e4b592cd4d0aac4a25b0ac526c4c341f\",\"name\":\"Victoria Ursu\"}]}<\/script>\n<!-- \/ Yoast SEO plugin. -->","yoast_head_json":{"title":"\u00cen SR Flore\u0219ti lipsesc medicamente pentru tratarea infec\u021biei Covid. Pacien\u021bii sunt nevoi\u021bi s\u0103-\u0219i procure antibiotice de mii de lei - BTV","description":"\u00cen Spitalul Raional Flore\u0219ti ar lipsi anumite antibiotice, necesare persoanelor infectate cu COVID-19. Mai mult ca at\u00e2t, medicii cer rudelor pacien\u021bilor s\u0103 procure acest preparat din farmacii. Cu o astfel de pl\u00e2ngere s-a adresat redac\u021biei noastre o femeie din B\u0103l\u021bi. Mama acesteia, s-a infectat cu Covid 19 \u0219i a fost internat\u0103 acum o s\u0103pt\u0103m\u00e2n\u0103 \u00een spitalul din Flore\u0219ti.","robots":{"index":"index","follow":"follow","max-snippet":"max-snippet:-1","max-image-preview":"max-image-preview:large","max-video-preview":"max-video-preview:-1"},"canonical":"https:\/\/www.btv.md\/ro\/in-sr-floresti-lipsesc-medicamente-pentru-tratarea-infectiei-covid-pacientii-sunt-nevoiti-sa-si-procure-antibiotice-de-mii-de-lei\/","og_locale":"ro_RO","og_type":"article","og_title":"Video\/\/ \u00cen SR Flore\u0219ti lipsesc medicamente pentru tratarea infec\u021biei Covid. Pacien\u021bii sunt nevoi\u021bi s\u0103-\u0219i procure antibiotice de mii de lei","og_description":"Mama unei femei care s-a adresat redac\u021biei noastre, s-a infectat cu Covid 19 \u0219i a fost internat\u0103 acum o s\u0103pt\u0103m\u00e2n\u0103 \u00een spitalul din Flore\u0219ti. Aceasta se pl\u00e2nge, c\u0103 medicul, care o trateaz\u0103 pe mama sa ia cerut s\u0103 cumpere 30 doze de antibiotic, utilizat \u00een tratamentul infec\u021biilor bacteriene, inclusiv pneumonie. \u0218i mai grav este faptul, c\u0103 acest preparat este foarte scump.","og_url":"https:\/\/www.btv.md\/ro\/in-sr-floresti-lipsesc-medicamente-pentru-tratarea-infectiei-covid-pacientii-sunt-nevoiti-sa-si-procure-antibiotice-de-mii-de-lei\/","og_site_name":"BTV","article_publisher":"https:\/\/www.facebook.com\/btvmoldova\/","article_published_time":"2021-11-10T15:36:18+00:00","og_image":[{"width":780,"height":600,"url":"https:\/\/www.btv.md\/wp-content\/uploads\/2021\/11\/covid-19.jpg","type":"image\/jpeg"}],"author":"Victoria Ursu","twitter_misc":{"Scris de":"Victoria Ursu","Timp estimat pentru citire":"3 minute"},"schema":{"@context":"https:\/\/schema.org","@graph":[{"@type":"Article","@id":"https:\/\/www.btv.md\/ro\/in-sr-floresti-lipsesc-medicamente-pentru-tratarea-infectiei-covid-pacientii-sunt-nevoiti-sa-si-procure-antibiotice-de-mii-de-lei\/#article","isPartOf":{"@id":"https:\/\/www.btv.md\/ro\/in-sr-floresti-lipsesc-medicamente-pentru-tratarea-infectiei-covid-pacientii-sunt-nevoiti-sa-si-procure-antibiotice-de-mii-de-lei\/"},"author":{"name":"Victoria Ursu","@id":"https:\/\/www.btv.md\/#\/schema\/person\/e4b592cd4d0aac4a25b0ac526c4c341f"},"headline":"\u00cen SR Flore\u0219ti lipsesc medicamente pentru tratarea infec\u021biei Covid. Pacien\u021bii sunt nevoi\u021bi s\u0103-\u0219i procure antibiotice de mii de lei","datePublished":"2021-11-10T15:36:18+00:00","mainEntityOfPage":{"@id":"https:\/\/www.btv.md\/ro\/in-sr-floresti-lipsesc-medicamente-pentru-tratarea-infectiei-covid-pacientii-sunt-nevoiti-sa-si-procure-antibiotice-de-mii-de-lei\/"},"wordCount":598,"commentCount":0,"image":{"@id":"https:\/\/www.btv.md\/ro\/in-sr-floresti-lipsesc-medicamente-pentru-tratarea-infectiei-covid-pacientii-sunt-nevoiti-sa-si-procure-antibiotice-de-mii-de-lei\/#primaryimage"},"thumbnailUrl":"https:\/\/www.btv.md\/wp-content\/uploads\/2021\/11\/covid-19.jpg","keywords":["30 doze","lipsesc","medicamente. antibiotice","Ministerul s\u0103n\u0103t\u0103\u021bii","pacien\u021bilor Covid-19","protocolul na\u021bional","scump","Spitalul Raional Flore\u0219ti","tratamentul","\u043f\u0440\u0435\u043f\u0430\u0440\u0430\u0442"],"articleSection":["Social"],"inLanguage":"ro-RO","potentialAction":[{"@type":"CommentAction","name":"Comment","target":["https:\/\/www.btv.md\/ro\/in-sr-floresti-lipsesc-medicamente-pentru-tratarea-infectiei-covid-pacientii-sunt-nevoiti-sa-si-procure-antibiotice-de-mii-de-lei\/#respond"]}]},{"@type":"WebPage","@id":"https:\/\/www.btv.md\/ro\/in-sr-floresti-lipsesc-medicamente-pentru-tratarea-infectiei-covid-pacientii-sunt-nevoiti-sa-si-procure-antibiotice-de-mii-de-lei\/","url":"https:\/\/www.btv.md\/ro\/in-sr-floresti-lipsesc-medicamente-pentru-tratarea-infectiei-covid-pacientii-sunt-nevoiti-sa-si-procure-antibiotice-de-mii-de-lei\/","name":"\u00cen SR Flore\u0219ti lipsesc medicamente pentru tratarea infec\u021biei Covid. Pacien\u021bii sunt nevoi\u021bi s\u0103-\u0219i procure antibiotice de mii de lei - BTV","isPartOf":{"@id":"https:\/\/www.btv.md\/#website"},"primaryImageOfPage":{"@id":"https:\/\/www.btv.md\/ro\/in-sr-floresti-lipsesc-medicamente-pentru-tratarea-infectiei-covid-pacientii-sunt-nevoiti-sa-si-procure-antibiotice-de-mii-de-lei\/#primaryimage"},"image":{"@id":"https:\/\/www.btv.md\/ro\/in-sr-floresti-lipsesc-medicamente-pentru-tratarea-infectiei-covid-pacientii-sunt-nevoiti-sa-si-procure-antibiotice-de-mii-de-lei\/#primaryimage"},"thumbnailUrl":"https:\/\/www.btv.md\/wp-content\/uploads\/2021\/11\/covid-19.jpg","datePublished":"2021-11-10T15:36:18+00:00","author":{"@id":"https:\/\/www.btv.md\/#\/schema\/person\/e4b592cd4d0aac4a25b0ac526c4c341f"},"description":"\u00cen Spitalul Raional Flore\u0219ti ar lipsi anumite antibiotice, necesare persoanelor infectate cu COVID-19. Mai mult ca at\u00e2t, medicii cer rudelor pacien\u021bilor s\u0103 procure acest preparat din farmacii. Cu o astfel de pl\u00e2ngere s-a adresat redac\u021biei noastre o femeie din B\u0103l\u021bi. Mama acesteia, s-a infectat cu Covid 19 \u0219i a fost internat\u0103 acum o s\u0103pt\u0103m\u00e2n\u0103 \u00een spitalul din Flore\u0219ti.","inLanguage":"ro-RO","potentialAction":[{"@type":"ReadAction","target":["https:\/\/www.btv.md\/ro\/in-sr-floresti-lipsesc-medicamente-pentru-tratarea-infectiei-covid-pacientii-sunt-nevoiti-sa-si-procure-antibiotice-de-mii-de-lei\/"]}]},{"@type":"ImageObject","inLanguage":"ro-RO","@id":"https:\/\/www.btv.md\/ro\/in-sr-floresti-lipsesc-medicamente-pentru-tratarea-infectiei-covid-pacientii-sunt-nevoiti-sa-si-procure-antibiotice-de-mii-de-lei\/#primaryimage","url":"https:\/\/www.btv.md\/wp-content\/uploads\/2021\/11\/covid-19.jpg","contentUrl":"https:\/\/www.btv.md\/wp-content\/uploads\/2021\/11\/covid-19.jpg","width":780,"height":600,"caption":"Administra\u021bia spitalului ne-a anun\u021bat c\u0103 a efectuat un control al administr\u0103rii medicamentelor \u00een sec\u021bia Covid-19. Foto: Digi-World"},{"@type":"WebSite","@id":"https:\/\/www.btv.md\/#website","url":"https:\/\/www.btv.md\/","name":"BTV","description":"\u0411\u0435\u043b\u044c\u0446\u043a\u043e\u0435 \u0442\u0435\u043b\u0435\u0432\u0438\u0434\u0435\u043d\u0438\u0435","potentialAction":[{"@type":"SearchAction","target":{"@type":"EntryPoint","urlTemplate":"https:\/\/www.btv.md\/?s={search_term_string}"},"query-input":{"@type":"PropertyValueSpecification","valueRequired":true,"valueName":"search_term_string"}}],"inLanguage":"ro-RO"},{"@type":"Person","@id":"https:\/\/www.btv.md\/#\/schema\/person\/e4b592cd4d0aac4a25b0ac526c4c341f","name":"Victoria Ursu"}]}},"_links":{"self":[{"href":"https:\/\/www.btv.md\/ro\/wp-json\/wp\/v2\/posts\/155857","targetHints":{"allow":["GET"]}}],"collection":[{"href":"https:\/\/www.btv.md\/ro\/wp-json\/wp\/v2\/posts"}],"about":[{"href":"https:\/\/www.btv.md\/ro\/wp-json\/wp\/v2\/types\/post"}],"author":[{"embeddable":true,"href":"https:\/\/www.btv.md\/ro\/wp-json\/wp\/v2\/users\/26"}],"replies":[{"embeddable":true,"href":"https:\/\/www.btv.md\/ro\/wp-json\/wp\/v2\/comments?post=155857"}],"version-history":[{"count":0,"href":"https:\/\/www.btv.md\/ro\/wp-json\/wp\/v2\/posts\/155857\/revisions"}],"wp:featuredmedia":[{"embeddable":true,"href":"https:\/\/www.btv.md\/ro\/wp-json\/wp\/v2\/media\/155858"}],"wp:attachment":[{"href":"https:\/\/www.btv.md\/ro\/wp-json\/wp\/v2\/media?parent=155857"}],"wp:term":[{"taxonomy":"category","embeddable":true,"href":"https:\/\/www.btv.md\/ro\/wp-json\/wp\/v2\/categories?post=155857"},{"taxonomy":"post_tag","embeddable":true,"href":"https:\/\/www.btv.md\/ro\/wp-json\/wp\/v2\/tags?post=155857"}],"curies":[{"name":"wp","href":"https:\/\/api.w.org\/{rel}","templated":true}]}}