{"id":15587,"date":"2016-07-12T18:16:24","date_gmt":"2016-07-12T15:16:24","guid":{"rendered":"http:\/\/btv.md\/?p=15587"},"modified":"2016-07-12T18:16:32","modified_gmt":"2016-07-12T15:16:32","slug":"productie-record-de-cereale-in-nordul-tarii","status":"publish","type":"post","link":"https:\/\/www.btv.md\/ro\/productie-record-de-cereale-in-nordul-tarii\/","title":{"rendered":"PRODUC\u021aIE  RECORD  DE  CEREALE  \u00ceN  NORDUL  \u021a\u0102RII"},"content":{"rendered":"<p>Recolta de gr\u00e2u \u015fi orz \u00een nordul \u0163\u0103rii este mai bun\u0103. Cel pu\u0163in asta sus\u0163in fermierii. Ei spun c\u0103 volumul roadei preconizat va dep\u0103\u015fi cu 30 la sut\u0103 a\u015ftept\u0103rile, comparativ cu anul 2015. Agricultorii au men\u0163ionat c\u0103, important este ca produc\u021bia s\u0103 fie str\u00e2ns\u0103 la timp.<\/p>\n<p><iframe width=\"1170\" height=\"878\" data-src=\"https:\/\/www.youtube.com\/embed\/EYl1v1PkDq8?wmode=transparent&amp;rel=0&amp;feature=oembed\" frameborder=\"0\" allow=\"accelerometer; autoplay; encrypted-media; gyroscope; picture-in-picture\" allowfullscreen src=\"data:image\/svg+xml;base64,PHN2ZyB3aWR0aD0iMSIgaGVpZ2h0PSIxIiB4bWxucz0iaHR0cDovL3d3dy53My5vcmcvMjAwMC9zdmciPjwvc3ZnPg==\" class=\"lazyload\" data-load-mode=\"1\"><\/iframe><\/p>\n<p>Combinele lucreaz\u0103 de zor \u00een satul Corl\u0103teni, acolo unde agricultorii se laud\u0103 nu doar cu recolt\u0103 bogat\u0103, dar \u015fi cu una de calitate \u00eenalt\u0103. Deocamdat\u0103 \u00eens\u0103, nu se cunoa\u015fte care va fi exact pre\u0163ul pentru cereale, a\u0219a c\u0103 fermierii \u00ee\u0219i depoziteaz\u0103 produc\u021bia pentru cup\u0103r\u0103tori mai darnici.<\/p>\n<p>Agronomii sunt de p\u0103rere c\u0103 pentru a dep\u0103\u015fi evntualele capricii ale vremii ar avea nevoie de \u00a0mai mult utilaj\u00a0 modern. La moment, \u00eens\u0103 dispun doar de o combin\u0103 performant\u0103. Pe Ion Cristea l-am g\u0103sit la volanul unei combine noi, cu condi\u021bii \u00eenc\u0103 necunoscute de al\u021bi mecanici. Echipa BTV nu a rezistat ispitei \u0219i a testat ma\u0219in\u0103ria.<\/p>\n<p>Pe \u021bar\u0103 se preconizeaz\u0103 ob\u0163inerea unui volum global de circa un milion de tone de cereale, inclusiv gr\u00e2u de toamn\u0103 aproximativ 964 mii de tone.<\/p>\n","protected":false},"excerpt":{"rendered":"<p>Recolta de gr\u00e2u \u015fi orz \u00een nordul \u0163\u0103rii este mai bun\u0103. Cel pu\u0163in asta sus\u0163in fermierii. Ei spun c\u0103 volumul roadei preconizat va dep\u0103\u015fi cu 30 la sut\u0103 a\u015ftept\u0103rile, comparativ cu anul 2015. Agricultorii au men\u0163ionat c\u0103, important este ca produc\u021bia s\u0103 fie str\u00e2ns\u0103 la timp. Combinele lucreaz\u0103 de zor \u00een satul Corl\u0103teni, acolo unde [&hellip;]<\/p>\n","protected":false},"author":4,"featured_media":15597,"comment_status":"closed","ping_status":"closed","sticky":false,"template":"","format":"standard","meta":{"footnotes":""},"categories":[6349],"tags":[],"class_list":["post-15587","post","type-post","status-publish","format-standard","has-post-thumbnail","hentry","category-social"],"yoast_head":"<!-- This site is optimized with the Yoast SEO plugin v27.4 - https:\/\/yoast.com\/product\/yoast-seo-wordpress\/ -->\n<title>PRODUC\u021aIE RECORD DE CEREALE \u00ceN NORDUL \u021a\u0102RII - BTV<\/title>\n<meta name=\"robots\" content=\"index, follow, max-snippet:-1, max-image-preview:large, max-video-preview:-1\" \/>\n<link rel=\"canonical\" href=\"https:\/\/www.btv.md\/ro\/productie-record-de-cereale-in-nordul-tarii\/\" \/>\n<meta property=\"og:locale\" content=\"ro_RO\" \/>\n<meta property=\"og:type\" content=\"article\" \/>\n<meta property=\"og:title\" content=\"PRODUC\u021aIE RECORD DE CEREALE \u00ceN NORDUL \u021a\u0102RII - BTV\" \/>\n<meta property=\"og:description\" content=\"Recolta de gr\u00e2u \u015fi orz \u00een nordul \u0163\u0103rii este mai bun\u0103. Cel pu\u0163in asta sus\u0163in fermierii. Ei spun c\u0103 volumul roadei preconizat va dep\u0103\u015fi cu 30 la sut\u0103 a\u015ftept\u0103rile, comparativ cu anul 2015. Agricultorii au men\u0163ionat c\u0103, important este ca produc\u021bia s\u0103 fie str\u00e2ns\u0103 la timp. Combinele lucreaz\u0103 de zor \u00een satul Corl\u0103teni, acolo unde [&hellip;]\" \/>\n<meta property=\"og:url\" content=\"https:\/\/www.btv.md\/ro\/productie-record-de-cereale-in-nordul-tarii\/\" \/>\n<meta property=\"og:site_name\" content=\"BTV\" \/>\n<meta property=\"article:publisher\" content=\"https:\/\/www.facebook.com\/btvmoldova\/\" \/>\n<meta property=\"article:published_time\" content=\"2016-07-12T15:16:24+00:00\" \/>\n<meta property=\"article:modified_time\" content=\"2016-07-12T15:16:32+00:00\" \/>\n<meta property=\"og:image\" content=\"https:\/\/www.btv.md\/wp-content\/uploads\/2016\/07\/murtf.jpg\" \/>\n\t<meta property=\"og:image:width\" content=\"600\" \/>\n\t<meta property=\"og:image:height\" content=\"400\" \/>\n\t<meta property=\"og:image:type\" content=\"image\/jpeg\" \/>\n<meta name=\"author\" content=\"admin\" \/>\n<meta name=\"twitter:label1\" content=\"Scris de\" \/>\n\t<meta name=\"twitter:data1\" content=\"admin\" \/>\n\t<meta name=\"twitter:label2\" content=\"Timp estimat pentru citire\" \/>\n\t<meta name=\"twitter:data2\" content=\"1 minut\" \/>\n<script type=\"application\/ld+json\" class=\"yoast-schema-graph\">{\"@context\":\"https:\\\/\\\/schema.org\",\"@graph\":[{\"@type\":\"Article\",\"@id\":\"https:\\\/\\\/www.btv.md\\\/ro\\\/productie-record-de-cereale-in-nordul-tarii\\\/#article\",\"isPartOf\":{\"@id\":\"https:\\\/\\\/www.btv.md\\\/ro\\\/productie-record-de-cereale-in-nordul-tarii\\\/\"},\"author\":{\"name\":\"admin\",\"@id\":\"https:\\\/\\\/www.btv.md\\\/#\\\/schema\\\/person\\\/8fadce81561b3ce2c34c46dadc4ccbf2\"},\"headline\":\"PRODUC\u021aIE RECORD DE CEREALE \u00ceN NORDUL \u021a\u0102RII\",\"datePublished\":\"2016-07-12T15:16:24+00:00\",\"dateModified\":\"2016-07-12T15:16:32+00:00\",\"mainEntityOfPage\":{\"@id\":\"https:\\\/\\\/www.btv.md\\\/ro\\\/productie-record-de-cereale-in-nordul-tarii\\\/\"},\"wordCount\":209,\"image\":{\"@id\":\"https:\\\/\\\/www.btv.md\\\/ro\\\/productie-record-de-cereale-in-nordul-tarii\\\/#primaryimage\"},\"thumbnailUrl\":\"https:\\\/\\\/www.btv.md\\\/wp-content\\\/uploads\\\/2016\\\/07\\\/murtf.jpg\",\"articleSection\":[\"Social\"],\"inLanguage\":\"ro-RO\"},{\"@type\":\"WebPage\",\"@id\":\"https:\\\/\\\/www.btv.md\\\/ro\\\/productie-record-de-cereale-in-nordul-tarii\\\/\",\"url\":\"https:\\\/\\\/www.btv.md\\\/ro\\\/productie-record-de-cereale-in-nordul-tarii\\\/\",\"name\":\"PRODUC\u021aIE RECORD DE CEREALE \u00ceN NORDUL \u021a\u0102RII - BTV\",\"isPartOf\":{\"@id\":\"https:\\\/\\\/www.btv.md\\\/#website\"},\"primaryImageOfPage\":{\"@id\":\"https:\\\/\\\/www.btv.md\\\/ro\\\/productie-record-de-cereale-in-nordul-tarii\\\/#primaryimage\"},\"image\":{\"@id\":\"https:\\\/\\\/www.btv.md\\\/ro\\\/productie-record-de-cereale-in-nordul-tarii\\\/#primaryimage\"},\"thumbnailUrl\":\"https:\\\/\\\/www.btv.md\\\/wp-content\\\/uploads\\\/2016\\\/07\\\/murtf.jpg\",\"datePublished\":\"2016-07-12T15:16:24+00:00\",\"dateModified\":\"2016-07-12T15:16:32+00:00\",\"author\":{\"@id\":\"https:\\\/\\\/www.btv.md\\\/#\\\/schema\\\/person\\\/8fadce81561b3ce2c34c46dadc4ccbf2\"},\"inLanguage\":\"ro-RO\",\"potentialAction\":[{\"@type\":\"ReadAction\",\"target\":[\"https:\\\/\\\/www.btv.md\\\/ro\\\/productie-record-de-cereale-in-nordul-tarii\\\/\"]}]},{\"@type\":\"ImageObject\",\"inLanguage\":\"ro-RO\",\"@id\":\"https:\\\/\\\/www.btv.md\\\/ro\\\/productie-record-de-cereale-in-nordul-tarii\\\/#primaryimage\",\"url\":\"https:\\\/\\\/www.btv.md\\\/wp-content\\\/uploads\\\/2016\\\/07\\\/murtf.jpg\",\"contentUrl\":\"https:\\\/\\\/www.btv.md\\\/wp-content\\\/uploads\\\/2016\\\/07\\\/murtf.jpg\",\"width\":600,\"height\":400},{\"@type\":\"WebSite\",\"@id\":\"https:\\\/\\\/www.btv.md\\\/#website\",\"url\":\"https:\\\/\\\/www.btv.md\\\/\",\"name\":\"BTV\",\"description\":\"\u0411\u0435\u043b\u044c\u0446\u043a\u043e\u0435 \u0442\u0435\u043b\u0435\u0432\u0438\u0434\u0435\u043d\u0438\u0435\",\"potentialAction\":[{\"@type\":\"SearchAction\",\"target\":{\"@type\":\"EntryPoint\",\"urlTemplate\":\"https:\\\/\\\/www.btv.md\\\/?s={search_term_string}\"},\"query-input\":{\"@type\":\"PropertyValueSpecification\",\"valueRequired\":true,\"valueName\":\"search_term_string\"}}],\"inLanguage\":\"ro-RO\"},{\"@type\":\"Person\",\"@id\":\"https:\\\/\\\/www.btv.md\\\/#\\\/schema\\\/person\\\/8fadce81561b3ce2c34c46dadc4ccbf2\",\"name\":\"admin\"}]}<\/script>\n<!-- \/ Yoast SEO plugin. -->","yoast_head_json":{"title":"PRODUC\u021aIE RECORD DE CEREALE \u00ceN NORDUL \u021a\u0102RII - BTV","robots":{"index":"index","follow":"follow","max-snippet":"max-snippet:-1","max-image-preview":"max-image-preview:large","max-video-preview":"max-video-preview:-1"},"canonical":"https:\/\/www.btv.md\/ro\/productie-record-de-cereale-in-nordul-tarii\/","og_locale":"ro_RO","og_type":"article","og_title":"PRODUC\u021aIE RECORD DE CEREALE \u00ceN NORDUL \u021a\u0102RII - BTV","og_description":"Recolta de gr\u00e2u \u015fi orz \u00een nordul \u0163\u0103rii este mai bun\u0103. Cel pu\u0163in asta sus\u0163in fermierii. Ei spun c\u0103 volumul roadei preconizat va dep\u0103\u015fi cu 30 la sut\u0103 a\u015ftept\u0103rile, comparativ cu anul 2015. Agricultorii au men\u0163ionat c\u0103, important este ca produc\u021bia s\u0103 fie str\u00e2ns\u0103 la timp. Combinele lucreaz\u0103 de zor \u00een satul Corl\u0103teni, acolo unde [&hellip;]","og_url":"https:\/\/www.btv.md\/ro\/productie-record-de-cereale-in-nordul-tarii\/","og_site_name":"BTV","article_publisher":"https:\/\/www.facebook.com\/btvmoldova\/","article_published_time":"2016-07-12T15:16:24+00:00","article_modified_time":"2016-07-12T15:16:32+00:00","og_image":[{"width":600,"height":400,"url":"https:\/\/www.btv.md\/wp-content\/uploads\/2016\/07\/murtf.jpg","type":"image\/jpeg"}],"author":"admin","twitter_misc":{"Scris de":"admin","Timp estimat pentru citire":"1 minut"},"schema":{"@context":"https:\/\/schema.org","@graph":[{"@type":"Article","@id":"https:\/\/www.btv.md\/ro\/productie-record-de-cereale-in-nordul-tarii\/#article","isPartOf":{"@id":"https:\/\/www.btv.md\/ro\/productie-record-de-cereale-in-nordul-tarii\/"},"author":{"name":"admin","@id":"https:\/\/www.btv.md\/#\/schema\/person\/8fadce81561b3ce2c34c46dadc4ccbf2"},"headline":"PRODUC\u021aIE RECORD DE CEREALE \u00ceN NORDUL \u021a\u0102RII","datePublished":"2016-07-12T15:16:24+00:00","dateModified":"2016-07-12T15:16:32+00:00","mainEntityOfPage":{"@id":"https:\/\/www.btv.md\/ro\/productie-record-de-cereale-in-nordul-tarii\/"},"wordCount":209,"image":{"@id":"https:\/\/www.btv.md\/ro\/productie-record-de-cereale-in-nordul-tarii\/#primaryimage"},"thumbnailUrl":"https:\/\/www.btv.md\/wp-content\/uploads\/2016\/07\/murtf.jpg","articleSection":["Social"],"inLanguage":"ro-RO"},{"@type":"WebPage","@id":"https:\/\/www.btv.md\/ro\/productie-record-de-cereale-in-nordul-tarii\/","url":"https:\/\/www.btv.md\/ro\/productie-record-de-cereale-in-nordul-tarii\/","name":"PRODUC\u021aIE RECORD DE CEREALE \u00ceN NORDUL \u021a\u0102RII - BTV","isPartOf":{"@id":"https:\/\/www.btv.md\/#website"},"primaryImageOfPage":{"@id":"https:\/\/www.btv.md\/ro\/productie-record-de-cereale-in-nordul-tarii\/#primaryimage"},"image":{"@id":"https:\/\/www.btv.md\/ro\/productie-record-de-cereale-in-nordul-tarii\/#primaryimage"},"thumbnailUrl":"https:\/\/www.btv.md\/wp-content\/uploads\/2016\/07\/murtf.jpg","datePublished":"2016-07-12T15:16:24+00:00","dateModified":"2016-07-12T15:16:32+00:00","author":{"@id":"https:\/\/www.btv.md\/#\/schema\/person\/8fadce81561b3ce2c34c46dadc4ccbf2"},"inLanguage":"ro-RO","potentialAction":[{"@type":"ReadAction","target":["https:\/\/www.btv.md\/ro\/productie-record-de-cereale-in-nordul-tarii\/"]}]},{"@type":"ImageObject","inLanguage":"ro-RO","@id":"https:\/\/www.btv.md\/ro\/productie-record-de-cereale-in-nordul-tarii\/#primaryimage","url":"https:\/\/www.btv.md\/wp-content\/uploads\/2016\/07\/murtf.jpg","contentUrl":"https:\/\/www.btv.md\/wp-content\/uploads\/2016\/07\/murtf.jpg","width":600,"height":400},{"@type":"WebSite","@id":"https:\/\/www.btv.md\/#website","url":"https:\/\/www.btv.md\/","name":"BTV","description":"\u0411\u0435\u043b\u044c\u0446\u043a\u043e\u0435 \u0442\u0435\u043b\u0435\u0432\u0438\u0434\u0435\u043d\u0438\u0435","potentialAction":[{"@type":"SearchAction","target":{"@type":"EntryPoint","urlTemplate":"https:\/\/www.btv.md\/?s={search_term_string}"},"query-input":{"@type":"PropertyValueSpecification","valueRequired":true,"valueName":"search_term_string"}}],"inLanguage":"ro-RO"},{"@type":"Person","@id":"https:\/\/www.btv.md\/#\/schema\/person\/8fadce81561b3ce2c34c46dadc4ccbf2","name":"admin"}]}},"_links":{"self":[{"href":"https:\/\/www.btv.md\/ro\/wp-json\/wp\/v2\/posts\/15587","targetHints":{"allow":["GET"]}}],"collection":[{"href":"https:\/\/www.btv.md\/ro\/wp-json\/wp\/v2\/posts"}],"about":[{"href":"https:\/\/www.btv.md\/ro\/wp-json\/wp\/v2\/types\/post"}],"author":[{"embeddable":true,"href":"https:\/\/www.btv.md\/ro\/wp-json\/wp\/v2\/users\/4"}],"replies":[{"embeddable":true,"href":"https:\/\/www.btv.md\/ro\/wp-json\/wp\/v2\/comments?post=15587"}],"version-history":[{"count":0,"href":"https:\/\/www.btv.md\/ro\/wp-json\/wp\/v2\/posts\/15587\/revisions"}],"wp:featuredmedia":[{"embeddable":true,"href":"https:\/\/www.btv.md\/ro\/wp-json\/wp\/v2\/media\/15597"}],"wp:attachment":[{"href":"https:\/\/www.btv.md\/ro\/wp-json\/wp\/v2\/media?parent=15587"}],"wp:term":[{"taxonomy":"category","embeddable":true,"href":"https:\/\/www.btv.md\/ro\/wp-json\/wp\/v2\/categories?post=15587"},{"taxonomy":"post_tag","embeddable":true,"href":"https:\/\/www.btv.md\/ro\/wp-json\/wp\/v2\/tags?post=15587"}],"curies":[{"name":"wp","href":"https:\/\/api.w.org\/{rel}","templated":true}]}}