{"id":15599,"date":"2016-07-12T20:16:24","date_gmt":"2016-07-12T17:16:24","guid":{"rendered":"http:\/\/btv.md\/?p=15599"},"modified":"2016-07-12T20:16:34","modified_gmt":"2016-07-12T17:16:34","slug":"usatii-daca-nu-vor-da-curs-cerintelor-noastre-baltiul-nu-va-coopera-cu-puterea-centrala","status":"publish","type":"post","link":"https:\/\/www.btv.md\/ro\/usatii-daca-nu-vor-da-curs-cerintelor-noastre-baltiul-nu-va-coopera-cu-puterea-centrala\/","title":{"rendered":"USAT\u00ceI: DAC\u0102 NU VOR DA CURS CERIN\u0162ELOR NOASTRE, B\u0102L\u0162IUL NU VA COOPERA CU PUTEREA CENTRAL\u0102"},"content":{"rendered":"<p>Toate localit\u0103\u0163ile din nordul \u0163\u0103rii de la Ungheni p\u00e2n\u0103 la Briceni\u00a0 ar putea intra \u00een componen\u0163a municipiului B\u0103l\u0163i. Declara\u0163i a fost f\u0103cut\u0103 de primarul de B\u0103l\u0163i, Renato Usat\u00eei \u00een cadrul unui interviu de la postul de televiziune BTV. Hot\u0103r\u00e2rea primarului vine dup\u0103 ce a avut o \u00eentrevedere cu un reprezentant al grupului de lucru a Parlamentului. \u00cen cadrul discu\u0163iilor \u00a0principala problem\u0103 abordat\u0103 a fost \u00a0Statutul municipiului B\u0103l\u0163i. \u00cen opinia primarului l\u0103rgirea teritoriului municipiului este motivat\u0103 de faptul c\u0103, autorit\u0103\u0163ile centrale de la Chi\u015fin\u0103u refuz\u0103 s\u0103 coopereze \u015fi s\u0103 asculte cerinte\u0163ele b\u0103l\u0163enilor. El a mai ad\u0103ugat c\u0103 va veni momentul \u00een care administra\u0163ia public\u0103 local\u0103 nu va coopera cu puterea central\u0103<\/p>\n<p><iframe width=\"1170\" height=\"878\" data-src=\"https:\/\/www.youtube.com\/embed\/dJ-dFe_tqoY?wmode=transparent&amp;rel=0&amp;feature=oembed\" frameborder=\"0\" allow=\"accelerometer; autoplay; encrypted-media; gyroscope; picture-in-picture\" allowfullscreen src=\"data:image\/svg+xml;base64,PHN2ZyB3aWR0aD0iMSIgaGVpZ2h0PSIxIiB4bWxucz0iaHR0cDovL3d3dy53My5vcmcvMjAwMC9zdmciPjwvc3ZnPg==\" class=\"lazyload\" data-load-mode=\"1\"><\/iframe><\/p>\n<p>La \u00eentrevederea cu reprezentan\u0163ii administra\u0163iei prim\u0103riei municipiului B\u0103l\u0163i urmau s\u0103 vin\u0103 zece deputa\u0163i, dintre care doar unul a ajuns la B\u0103l\u0163i. Este vorba\u00a0 de alesul poporului din partea din partea PCRM \u015fi fost primar de B\u0103l\u0163i, Vasile Panciuc. Usat\u00eei a calificat absen\u0163a celor nou\u0103 deputa\u0163i drept un act de ireponsabilitate \u015fi nep\u0103sre fa\u0163\u0103 de b\u0103l\u0163eni.<\/p>\n<p>Totu\u015fi dialogul dintre cele dou\u0103 p\u0103r\u0163i s-a desf\u0103\u015furat \u00een mod productiv. Reprezentan\u0163ii prim\u0103riei au venit cu un \u015fir de amendamente la proiectul de lege cu privire Statutul municipiului B\u0103l\u0163i. Unele propuneri prezentate de conducere prim\u0103riei\u00a0 au fost: impozitul pe venit colectat de la persoanele fizice care muncesc pe teritoriul municipiului B\u0103l\u0163i s\u0103 r\u0103m\u00e2n\u0103 \u00een bugetul prim\u0103riei, \u00een propor\u0163ie de 100 de procente, iar cel de la persoanele juridice \u00een m\u0103rime de 25 la sut\u0103. La fel, a fost punctat \u015fi un alt aspect ce vizeaz\u0103 impozitul pentru exploatarea drumului care ar trebui s\u0103 r\u0103m\u00e2n\u0103 \u00een bugetul prim\u0103riei. Mai mult ca at\u00e2t s-a vorbit \u015fi despre posibilitatea prim\u0103riei muncipiului B\u0103l\u0163i s\u0103 beneficieze de bani din\u00a0 Fondul de Compensare din care a fost exclus\u0103 \u00een anul 2015.<\/p>\n<p>De asemenea a fost pus\u0103 \u00een discu\u0163iei \u015fi posiblitatea cre\u0103rii \u00a0Poli\u0163iei Municipale. Potrivit primarului asta va da posibilitate \u00a0reducerii \u00een municipiu at\u00e2t al dezm\u0103\u0163ului\u00a0 urbanistic c\u00e2t \u015fi al celui economic. Deputatul Vasile Panciuc a men\u0163ionat c\u0103 modific\u0103rile propuse de reprezentan\u0163ii prim\u0103riei b\u0103l\u0163ene trebuie s\u0103 fie sus\u0163inute de Legislativ. Primarul a specificat c\u0103 \u00een cazul municipiului Chi\u015fin\u0103u numeroase acte legislative sunt adoptate de c\u0103tre anumite persoane \u00een scopuri \u00een scopuri personale. ,,De regul\u0103 este vorba despre oameni care conduc cu \u021bara. Legea lucreaz\u0103 \u00een interesul lor.\u2019\u2019 a precizat Renato Usat\u00eei. Viceprimarul de B\u0103l\u0163i, Igor \u015eeremet a venit \u015fi el cu o replic\u0103 \u00een adresa \u00a0deputatului.<\/p>\n<p>Primarul de B\u0103l\u0163i a men\u0163ionat c\u0103 \u00a0proiectul de lege privind statutul municipiului B\u0103l\u021bi nu are o conta\u0163ie politic\u0103. Potrivit lui ideea este c\u0103, ora\u015ful are nevoie de acest statut pentru a restabili ordinea. Usat\u00eei a mai ad\u0103ugat c\u0103 B\u0103l\u0163iul trebuie s\u0103 devin\u0103 un ora\u0219 model. El a mai punctat c\u0103 p\u00e2n\u0103 la finele s\u0103pt\u0103m\u00e2nii curente toate cerin\u0163ele propuse vor fi redactate \u015fi \u00eenaintate grupului parlamentar de lucru.<\/p>\n","protected":false},"excerpt":{"rendered":"<p>Toate localit\u0103\u0163ile din nordul \u0163\u0103rii de la Ungheni p\u00e2n\u0103 la Briceni\u00a0 ar putea intra \u00een componen\u0163a municipiului B\u0103l\u0163i. Declara\u0163i a fost f\u0103cut\u0103 de primarul de B\u0103l\u0163i, Renato Usat\u00eei \u00een cadrul unui interviu de la postul de televiziune BTV. Hot\u0103r\u00e2rea primarului vine dup\u0103 ce a avut o \u00eentrevedere cu un reprezentant al grupului de lucru a [&hellip;]<\/p>\n","protected":false},"author":4,"featured_media":15600,"comment_status":"closed","ping_status":"closed","sticky":false,"template":"","format":"standard","meta":{"footnotes":""},"categories":[6353],"tags":[],"class_list":["post-15599","post","type-post","status-publish","format-standard","has-post-thumbnail","hentry","category-oras"],"yoast_head":"<!-- This site is optimized with the Yoast SEO plugin v27.4 - https:\/\/yoast.com\/product\/yoast-seo-wordpress\/ -->\n<title>USAT\u00ceI: DAC\u0102 NU VOR DA CURS CERIN\u0162ELOR NOASTRE, B\u0102L\u0162IUL NU VA COOPERA CU PUTEREA CENTRAL\u0102 - BTV<\/title>\n<meta name=\"robots\" content=\"index, follow, max-snippet:-1, max-image-preview:large, max-video-preview:-1\" \/>\n<link rel=\"canonical\" href=\"https:\/\/www.btv.md\/ro\/usatii-daca-nu-vor-da-curs-cerintelor-noastre-baltiul-nu-va-coopera-cu-puterea-centrala\/\" \/>\n<meta property=\"og:locale\" content=\"ro_RO\" \/>\n<meta property=\"og:type\" content=\"article\" \/>\n<meta property=\"og:title\" content=\"USAT\u00ceI: DAC\u0102 NU VOR DA CURS CERIN\u0162ELOR NOASTRE, B\u0102L\u0162IUL NU VA COOPERA CU PUTEREA CENTRAL\u0102 - BTV\" \/>\n<meta property=\"og:description\" content=\"Toate localit\u0103\u0163ile din nordul \u0163\u0103rii de la Ungheni p\u00e2n\u0103 la Briceni\u00a0 ar putea intra \u00een componen\u0163a municipiului B\u0103l\u0163i. Declara\u0163i a fost f\u0103cut\u0103 de primarul de B\u0103l\u0163i, Renato Usat\u00eei \u00een cadrul unui interviu de la postul de televiziune BTV. Hot\u0103r\u00e2rea primarului vine dup\u0103 ce a avut o \u00eentrevedere cu un reprezentant al grupului de lucru a [&hellip;]\" \/>\n<meta property=\"og:url\" content=\"https:\/\/www.btv.md\/ro\/usatii-daca-nu-vor-da-curs-cerintelor-noastre-baltiul-nu-va-coopera-cu-puterea-centrala\/\" \/>\n<meta property=\"og:site_name\" content=\"BTV\" \/>\n<meta property=\"article:publisher\" content=\"https:\/\/www.facebook.com\/btvmoldova\/\" \/>\n<meta property=\"article:published_time\" content=\"2016-07-12T17:16:24+00:00\" \/>\n<meta property=\"article:modified_time\" content=\"2016-07-12T17:16:34+00:00\" \/>\n<meta property=\"og:image\" content=\"https:\/\/www.btv.md\/wp-content\/uploads\/2016\/07\/akkk.jpg\" \/>\n\t<meta property=\"og:image:width\" content=\"600\" \/>\n\t<meta property=\"og:image:height\" content=\"400\" \/>\n\t<meta property=\"og:image:type\" content=\"image\/jpeg\" \/>\n<meta name=\"author\" content=\"admin\" \/>\n<meta name=\"twitter:label1\" content=\"Scris de\" \/>\n\t<meta name=\"twitter:data1\" content=\"admin\" \/>\n\t<meta name=\"twitter:label2\" content=\"Timp estimat pentru citire\" \/>\n\t<meta name=\"twitter:data2\" content=\"3 minute\" \/>\n<script type=\"application\/ld+json\" class=\"yoast-schema-graph\">{\"@context\":\"https:\\\/\\\/schema.org\",\"@graph\":[{\"@type\":\"Article\",\"@id\":\"https:\\\/\\\/www.btv.md\\\/ro\\\/usatii-daca-nu-vor-da-curs-cerintelor-noastre-baltiul-nu-va-coopera-cu-puterea-centrala\\\/#article\",\"isPartOf\":{\"@id\":\"https:\\\/\\\/www.btv.md\\\/ro\\\/usatii-daca-nu-vor-da-curs-cerintelor-noastre-baltiul-nu-va-coopera-cu-puterea-centrala\\\/\"},\"author\":{\"name\":\"admin\",\"@id\":\"https:\\\/\\\/www.btv.md\\\/#\\\/schema\\\/person\\\/8fadce81561b3ce2c34c46dadc4ccbf2\"},\"headline\":\"USAT\u00ceI: DAC\u0102 NU VOR DA CURS CERIN\u0162ELOR NOASTRE, B\u0102L\u0162IUL NU VA COOPERA CU PUTEREA CENTRAL\u0102\",\"datePublished\":\"2016-07-12T17:16:24+00:00\",\"dateModified\":\"2016-07-12T17:16:34+00:00\",\"mainEntityOfPage\":{\"@id\":\"https:\\\/\\\/www.btv.md\\\/ro\\\/usatii-daca-nu-vor-da-curs-cerintelor-noastre-baltiul-nu-va-coopera-cu-puterea-centrala\\\/\"},\"wordCount\":580,\"image\":{\"@id\":\"https:\\\/\\\/www.btv.md\\\/ro\\\/usatii-daca-nu-vor-da-curs-cerintelor-noastre-baltiul-nu-va-coopera-cu-puterea-centrala\\\/#primaryimage\"},\"thumbnailUrl\":\"https:\\\/\\\/www.btv.md\\\/wp-content\\\/uploads\\\/2016\\\/07\\\/akkk.jpg\",\"articleSection\":[\"Ora\u0219\"],\"inLanguage\":\"ro-RO\"},{\"@type\":\"WebPage\",\"@id\":\"https:\\\/\\\/www.btv.md\\\/ro\\\/usatii-daca-nu-vor-da-curs-cerintelor-noastre-baltiul-nu-va-coopera-cu-puterea-centrala\\\/\",\"url\":\"https:\\\/\\\/www.btv.md\\\/ro\\\/usatii-daca-nu-vor-da-curs-cerintelor-noastre-baltiul-nu-va-coopera-cu-puterea-centrala\\\/\",\"name\":\"USAT\u00ceI: DAC\u0102 NU VOR DA CURS CERIN\u0162ELOR NOASTRE, B\u0102L\u0162IUL NU VA COOPERA CU PUTEREA CENTRAL\u0102 - BTV\",\"isPartOf\":{\"@id\":\"https:\\\/\\\/www.btv.md\\\/#website\"},\"primaryImageOfPage\":{\"@id\":\"https:\\\/\\\/www.btv.md\\\/ro\\\/usatii-daca-nu-vor-da-curs-cerintelor-noastre-baltiul-nu-va-coopera-cu-puterea-centrala\\\/#primaryimage\"},\"image\":{\"@id\":\"https:\\\/\\\/www.btv.md\\\/ro\\\/usatii-daca-nu-vor-da-curs-cerintelor-noastre-baltiul-nu-va-coopera-cu-puterea-centrala\\\/#primaryimage\"},\"thumbnailUrl\":\"https:\\\/\\\/www.btv.md\\\/wp-content\\\/uploads\\\/2016\\\/07\\\/akkk.jpg\",\"datePublished\":\"2016-07-12T17:16:24+00:00\",\"dateModified\":\"2016-07-12T17:16:34+00:00\",\"author\":{\"@id\":\"https:\\\/\\\/www.btv.md\\\/#\\\/schema\\\/person\\\/8fadce81561b3ce2c34c46dadc4ccbf2\"},\"inLanguage\":\"ro-RO\",\"potentialAction\":[{\"@type\":\"ReadAction\",\"target\":[\"https:\\\/\\\/www.btv.md\\\/ro\\\/usatii-daca-nu-vor-da-curs-cerintelor-noastre-baltiul-nu-va-coopera-cu-puterea-centrala\\\/\"]}]},{\"@type\":\"ImageObject\",\"inLanguage\":\"ro-RO\",\"@id\":\"https:\\\/\\\/www.btv.md\\\/ro\\\/usatii-daca-nu-vor-da-curs-cerintelor-noastre-baltiul-nu-va-coopera-cu-puterea-centrala\\\/#primaryimage\",\"url\":\"https:\\\/\\\/www.btv.md\\\/wp-content\\\/uploads\\\/2016\\\/07\\\/akkk.jpg\",\"contentUrl\":\"https:\\\/\\\/www.btv.md\\\/wp-content\\\/uploads\\\/2016\\\/07\\\/akkk.jpg\",\"width\":600,\"height\":400},{\"@type\":\"WebSite\",\"@id\":\"https:\\\/\\\/www.btv.md\\\/#website\",\"url\":\"https:\\\/\\\/www.btv.md\\\/\",\"name\":\"BTV\",\"description\":\"\u0411\u0435\u043b\u044c\u0446\u043a\u043e\u0435 \u0442\u0435\u043b\u0435\u0432\u0438\u0434\u0435\u043d\u0438\u0435\",\"potentialAction\":[{\"@type\":\"SearchAction\",\"target\":{\"@type\":\"EntryPoint\",\"urlTemplate\":\"https:\\\/\\\/www.btv.md\\\/?s={search_term_string}\"},\"query-input\":{\"@type\":\"PropertyValueSpecification\",\"valueRequired\":true,\"valueName\":\"search_term_string\"}}],\"inLanguage\":\"ro-RO\"},{\"@type\":\"Person\",\"@id\":\"https:\\\/\\\/www.btv.md\\\/#\\\/schema\\\/person\\\/8fadce81561b3ce2c34c46dadc4ccbf2\",\"name\":\"admin\"}]}<\/script>\n<!-- \/ Yoast SEO plugin. -->","yoast_head_json":{"title":"USAT\u00ceI: DAC\u0102 NU VOR DA CURS CERIN\u0162ELOR NOASTRE, B\u0102L\u0162IUL NU VA COOPERA CU PUTEREA CENTRAL\u0102 - BTV","robots":{"index":"index","follow":"follow","max-snippet":"max-snippet:-1","max-image-preview":"max-image-preview:large","max-video-preview":"max-video-preview:-1"},"canonical":"https:\/\/www.btv.md\/ro\/usatii-daca-nu-vor-da-curs-cerintelor-noastre-baltiul-nu-va-coopera-cu-puterea-centrala\/","og_locale":"ro_RO","og_type":"article","og_title":"USAT\u00ceI: DAC\u0102 NU VOR DA CURS CERIN\u0162ELOR NOASTRE, B\u0102L\u0162IUL NU VA COOPERA CU PUTEREA CENTRAL\u0102 - BTV","og_description":"Toate localit\u0103\u0163ile din nordul \u0163\u0103rii de la Ungheni p\u00e2n\u0103 la Briceni\u00a0 ar putea intra \u00een componen\u0163a municipiului B\u0103l\u0163i. Declara\u0163i a fost f\u0103cut\u0103 de primarul de B\u0103l\u0163i, Renato Usat\u00eei \u00een cadrul unui interviu de la postul de televiziune BTV. Hot\u0103r\u00e2rea primarului vine dup\u0103 ce a avut o \u00eentrevedere cu un reprezentant al grupului de lucru a [&hellip;]","og_url":"https:\/\/www.btv.md\/ro\/usatii-daca-nu-vor-da-curs-cerintelor-noastre-baltiul-nu-va-coopera-cu-puterea-centrala\/","og_site_name":"BTV","article_publisher":"https:\/\/www.facebook.com\/btvmoldova\/","article_published_time":"2016-07-12T17:16:24+00:00","article_modified_time":"2016-07-12T17:16:34+00:00","og_image":[{"width":600,"height":400,"url":"https:\/\/www.btv.md\/wp-content\/uploads\/2016\/07\/akkk.jpg","type":"image\/jpeg"}],"author":"admin","twitter_misc":{"Scris de":"admin","Timp estimat pentru citire":"3 minute"},"schema":{"@context":"https:\/\/schema.org","@graph":[{"@type":"Article","@id":"https:\/\/www.btv.md\/ro\/usatii-daca-nu-vor-da-curs-cerintelor-noastre-baltiul-nu-va-coopera-cu-puterea-centrala\/#article","isPartOf":{"@id":"https:\/\/www.btv.md\/ro\/usatii-daca-nu-vor-da-curs-cerintelor-noastre-baltiul-nu-va-coopera-cu-puterea-centrala\/"},"author":{"name":"admin","@id":"https:\/\/www.btv.md\/#\/schema\/person\/8fadce81561b3ce2c34c46dadc4ccbf2"},"headline":"USAT\u00ceI: DAC\u0102 NU VOR DA CURS CERIN\u0162ELOR NOASTRE, B\u0102L\u0162IUL NU VA COOPERA CU PUTEREA CENTRAL\u0102","datePublished":"2016-07-12T17:16:24+00:00","dateModified":"2016-07-12T17:16:34+00:00","mainEntityOfPage":{"@id":"https:\/\/www.btv.md\/ro\/usatii-daca-nu-vor-da-curs-cerintelor-noastre-baltiul-nu-va-coopera-cu-puterea-centrala\/"},"wordCount":580,"image":{"@id":"https:\/\/www.btv.md\/ro\/usatii-daca-nu-vor-da-curs-cerintelor-noastre-baltiul-nu-va-coopera-cu-puterea-centrala\/#primaryimage"},"thumbnailUrl":"https:\/\/www.btv.md\/wp-content\/uploads\/2016\/07\/akkk.jpg","articleSection":["Ora\u0219"],"inLanguage":"ro-RO"},{"@type":"WebPage","@id":"https:\/\/www.btv.md\/ro\/usatii-daca-nu-vor-da-curs-cerintelor-noastre-baltiul-nu-va-coopera-cu-puterea-centrala\/","url":"https:\/\/www.btv.md\/ro\/usatii-daca-nu-vor-da-curs-cerintelor-noastre-baltiul-nu-va-coopera-cu-puterea-centrala\/","name":"USAT\u00ceI: DAC\u0102 NU VOR DA CURS CERIN\u0162ELOR NOASTRE, B\u0102L\u0162IUL NU VA COOPERA CU PUTEREA CENTRAL\u0102 - BTV","isPartOf":{"@id":"https:\/\/www.btv.md\/#website"},"primaryImageOfPage":{"@id":"https:\/\/www.btv.md\/ro\/usatii-daca-nu-vor-da-curs-cerintelor-noastre-baltiul-nu-va-coopera-cu-puterea-centrala\/#primaryimage"},"image":{"@id":"https:\/\/www.btv.md\/ro\/usatii-daca-nu-vor-da-curs-cerintelor-noastre-baltiul-nu-va-coopera-cu-puterea-centrala\/#primaryimage"},"thumbnailUrl":"https:\/\/www.btv.md\/wp-content\/uploads\/2016\/07\/akkk.jpg","datePublished":"2016-07-12T17:16:24+00:00","dateModified":"2016-07-12T17:16:34+00:00","author":{"@id":"https:\/\/www.btv.md\/#\/schema\/person\/8fadce81561b3ce2c34c46dadc4ccbf2"},"inLanguage":"ro-RO","potentialAction":[{"@type":"ReadAction","target":["https:\/\/www.btv.md\/ro\/usatii-daca-nu-vor-da-curs-cerintelor-noastre-baltiul-nu-va-coopera-cu-puterea-centrala\/"]}]},{"@type":"ImageObject","inLanguage":"ro-RO","@id":"https:\/\/www.btv.md\/ro\/usatii-daca-nu-vor-da-curs-cerintelor-noastre-baltiul-nu-va-coopera-cu-puterea-centrala\/#primaryimage","url":"https:\/\/www.btv.md\/wp-content\/uploads\/2016\/07\/akkk.jpg","contentUrl":"https:\/\/www.btv.md\/wp-content\/uploads\/2016\/07\/akkk.jpg","width":600,"height":400},{"@type":"WebSite","@id":"https:\/\/www.btv.md\/#website","url":"https:\/\/www.btv.md\/","name":"BTV","description":"\u0411\u0435\u043b\u044c\u0446\u043a\u043e\u0435 \u0442\u0435\u043b\u0435\u0432\u0438\u0434\u0435\u043d\u0438\u0435","potentialAction":[{"@type":"SearchAction","target":{"@type":"EntryPoint","urlTemplate":"https:\/\/www.btv.md\/?s={search_term_string}"},"query-input":{"@type":"PropertyValueSpecification","valueRequired":true,"valueName":"search_term_string"}}],"inLanguage":"ro-RO"},{"@type":"Person","@id":"https:\/\/www.btv.md\/#\/schema\/person\/8fadce81561b3ce2c34c46dadc4ccbf2","name":"admin"}]}},"_links":{"self":[{"href":"https:\/\/www.btv.md\/ro\/wp-json\/wp\/v2\/posts\/15599","targetHints":{"allow":["GET"]}}],"collection":[{"href":"https:\/\/www.btv.md\/ro\/wp-json\/wp\/v2\/posts"}],"about":[{"href":"https:\/\/www.btv.md\/ro\/wp-json\/wp\/v2\/types\/post"}],"author":[{"embeddable":true,"href":"https:\/\/www.btv.md\/ro\/wp-json\/wp\/v2\/users\/4"}],"replies":[{"embeddable":true,"href":"https:\/\/www.btv.md\/ro\/wp-json\/wp\/v2\/comments?post=15599"}],"version-history":[{"count":0,"href":"https:\/\/www.btv.md\/ro\/wp-json\/wp\/v2\/posts\/15599\/revisions"}],"wp:featuredmedia":[{"embeddable":true,"href":"https:\/\/www.btv.md\/ro\/wp-json\/wp\/v2\/media\/15600"}],"wp:attachment":[{"href":"https:\/\/www.btv.md\/ro\/wp-json\/wp\/v2\/media?parent=15599"}],"wp:term":[{"taxonomy":"category","embeddable":true,"href":"https:\/\/www.btv.md\/ro\/wp-json\/wp\/v2\/categories?post=15599"},{"taxonomy":"post_tag","embeddable":true,"href":"https:\/\/www.btv.md\/ro\/wp-json\/wp\/v2\/tags?post=15599"}],"curies":[{"name":"wp","href":"https:\/\/api.w.org\/{rel}","templated":true}]}}