{"id":15607,"date":"2016-07-13T12:49:39","date_gmt":"2016-07-13T09:49:39","guid":{"rendered":"http:\/\/btv.md\/?p=15607"},"modified":"2016-07-13T13:58:45","modified_gmt":"2016-07-13T10:58:45","slug":"angajat-al-penitenciarului-13-retinut-in-flagrant-cu-narcotice","status":"publish","type":"post","link":"https:\/\/www.btv.md\/ro\/angajat-al-penitenciarului-13-retinut-in-flagrant-cu-narcotice\/","title":{"rendered":"ANGAJAT  AL  PENITENCIARULUI  13,  RE\u021aINUT  \u00ceN  FLAGRANT  CU  NARCOTICE"},"content":{"rendered":"<p><strong>Un angajat al penitenciarului num\u0103rul 13 din Chi\u0219in\u0103u a fost re\u021binut \u00een flagrant \u00een timp ce \u00eencerca s\u0103 introduc\u0103 \u00een institu\u021bie substan\u021be narcotice \u0219i telefoane mobile. Informa\u021bia a fost confirmat\u0103 pentru BTV de c\u0103tre \u0219eful penitenciarului Igor Juval\u0103.<\/strong><\/p>\n<p><iframe width=\"1170\" height=\"878\" data-src=\"https:\/\/www.youtube.com\/embed\/zSnhvyh9OJ0?wmode=transparent&amp;rel=0&amp;feature=oembed\" frameborder=\"0\" allow=\"accelerometer; autoplay; encrypted-media; gyroscope; picture-in-picture\" allowfullscreen src=\"data:image\/svg+xml;base64,PHN2ZyB3aWR0aD0iMSIgaGVpZ2h0PSIxIiB4bWxucz0iaHR0cDovL3d3dy53My5vcmcvMjAwMC9zdmciPjwvc3ZnPg==\" class=\"lazyload\" data-load-mode=\"1\"><\/iframe><\/p>\n<p>\u201eUn subofi\u021ber, angajat al penitenciarului num\u0103rul 13, a \u00eencercat s\u0103 introduc\u0103 \u00een incinta penitenciarului obiecte interzise, precum telefoane mobile \u0219i substan\u021be narcotice, care erau predestinate pentru de\u021binu\u021bi \u0219i au fost transmise de rudele acestora contra unei sume de bani \u00eenc\u0103 necunoscut\u0103. Dumnealui trebuia s\u0103 intre \u00een serviciul diurn\u0103, 24 de ore, dar c\u00e2nd a venit diminea\u021ba era deja a\u0219teptat de serviciul securitate, care avea informa\u021bii cum c\u0103 persoana se ocup\u0103 de introducerea obiectelor interzise contra unor sume impun\u0103toare de bani.\u201d<\/p>\n<p>Subofi\u021berul este angajat al penitenciarului din anul 2015. Obiectele interzise au fost g\u0103site \u00een geanta personal\u0103 a acestuia.<\/p>\n","protected":false},"excerpt":{"rendered":"<p>Un angajat al penitenciarului num\u0103rul 13 din Chi\u0219in\u0103u a fost re\u021binut \u00een flagrant \u00een timp ce \u00eencerca s\u0103 introduc\u0103 \u00een institu\u021bie substan\u021be narcotice \u0219i telefoane mobile. Informa\u021bia a fost confirmat\u0103 pentru BTV de c\u0103tre \u0219eful penitenciarului Igor Juval\u0103. \u201eUn subofi\u021ber, angajat al penitenciarului num\u0103rul 13, a \u00eencercat s\u0103 introduc\u0103 \u00een incinta penitenciarului obiecte interzise, precum [&hellip;]<\/p>\n","protected":false},"author":4,"featured_media":15608,"comment_status":"closed","ping_status":"closed","sticky":false,"template":"","format":"standard","meta":{"footnotes":""},"categories":[6351],"tags":[],"class_list":["post-15607","post","type-post","status-publish","format-standard","has-post-thumbnail","hentry","category-incidente"],"yoast_head":"<!-- This site is optimized with the Yoast SEO plugin v27.4 - https:\/\/yoast.com\/product\/yoast-seo-wordpress\/ -->\n<title>ANGAJAT AL PENITENCIARULUI 13, RE\u021aINUT \u00ceN FLAGRANT CU NARCOTICE - BTV<\/title>\n<meta name=\"robots\" content=\"index, follow, max-snippet:-1, max-image-preview:large, max-video-preview:-1\" \/>\n<link rel=\"canonical\" href=\"https:\/\/www.btv.md\/ro\/angajat-al-penitenciarului-13-retinut-in-flagrant-cu-narcotice\/\" \/>\n<meta property=\"og:locale\" content=\"ro_RO\" \/>\n<meta property=\"og:type\" content=\"article\" \/>\n<meta property=\"og:title\" content=\"ANGAJAT AL PENITENCIARULUI 13, RE\u021aINUT \u00ceN FLAGRANT CU NARCOTICE - BTV\" \/>\n<meta property=\"og:description\" content=\"Un angajat al penitenciarului num\u0103rul 13 din Chi\u0219in\u0103u a fost re\u021binut \u00een flagrant \u00een timp ce \u00eencerca s\u0103 introduc\u0103 \u00een institu\u021bie substan\u021be narcotice \u0219i telefoane mobile. Informa\u021bia a fost confirmat\u0103 pentru BTV de c\u0103tre \u0219eful penitenciarului Igor Juval\u0103. \u201eUn subofi\u021ber, angajat al penitenciarului num\u0103rul 13, a \u00eencercat s\u0103 introduc\u0103 \u00een incinta penitenciarului obiecte interzise, precum [&hellip;]\" \/>\n<meta property=\"og:url\" content=\"https:\/\/www.btv.md\/ro\/angajat-al-penitenciarului-13-retinut-in-flagrant-cu-narcotice\/\" \/>\n<meta property=\"og:site_name\" content=\"BTV\" \/>\n<meta property=\"article:publisher\" content=\"https:\/\/www.facebook.com\/btvmoldova\/\" \/>\n<meta property=\"article:published_time\" content=\"2016-07-13T09:49:39+00:00\" \/>\n<meta property=\"article:modified_time\" content=\"2016-07-13T10:58:45+00:00\" \/>\n<meta property=\"og:image\" content=\"https:\/\/www.btv.md\/wp-content\/uploads\/2016\/07\/au.jpg\" \/>\n\t<meta property=\"og:image:width\" content=\"600\" \/>\n\t<meta property=\"og:image:height\" content=\"400\" \/>\n\t<meta property=\"og:image:type\" content=\"image\/jpeg\" \/>\n<meta name=\"author\" content=\"admin\" \/>\n<meta name=\"twitter:label1\" content=\"Scris de\" \/>\n\t<meta name=\"twitter:data1\" content=\"admin\" \/>\n\t<meta name=\"twitter:label2\" content=\"Timp estimat pentru citire\" \/>\n\t<meta name=\"twitter:data2\" content=\"1 minut\" \/>\n<script type=\"application\/ld+json\" class=\"yoast-schema-graph\">{\"@context\":\"https:\\\/\\\/schema.org\",\"@graph\":[{\"@type\":\"Article\",\"@id\":\"https:\\\/\\\/www.btv.md\\\/ro\\\/angajat-al-penitenciarului-13-retinut-in-flagrant-cu-narcotice\\\/#article\",\"isPartOf\":{\"@id\":\"https:\\\/\\\/www.btv.md\\\/ro\\\/angajat-al-penitenciarului-13-retinut-in-flagrant-cu-narcotice\\\/\"},\"author\":{\"name\":\"admin\",\"@id\":\"https:\\\/\\\/www.btv.md\\\/#\\\/schema\\\/person\\\/8fadce81561b3ce2c34c46dadc4ccbf2\"},\"headline\":\"ANGAJAT AL PENITENCIARULUI 13, RE\u021aINUT \u00ceN FLAGRANT CU NARCOTICE\",\"datePublished\":\"2016-07-13T09:49:39+00:00\",\"dateModified\":\"2016-07-13T10:58:45+00:00\",\"mainEntityOfPage\":{\"@id\":\"https:\\\/\\\/www.btv.md\\\/ro\\\/angajat-al-penitenciarului-13-retinut-in-flagrant-cu-narcotice\\\/\"},\"wordCount\":166,\"image\":{\"@id\":\"https:\\\/\\\/www.btv.md\\\/ro\\\/angajat-al-penitenciarului-13-retinut-in-flagrant-cu-narcotice\\\/#primaryimage\"},\"thumbnailUrl\":\"https:\\\/\\\/www.btv.md\\\/wp-content\\\/uploads\\\/2016\\\/07\\\/au.jpg\",\"articleSection\":[\"Incidente\"],\"inLanguage\":\"ro-RO\"},{\"@type\":\"WebPage\",\"@id\":\"https:\\\/\\\/www.btv.md\\\/ro\\\/angajat-al-penitenciarului-13-retinut-in-flagrant-cu-narcotice\\\/\",\"url\":\"https:\\\/\\\/www.btv.md\\\/ro\\\/angajat-al-penitenciarului-13-retinut-in-flagrant-cu-narcotice\\\/\",\"name\":\"ANGAJAT AL PENITENCIARULUI 13, RE\u021aINUT \u00ceN FLAGRANT CU NARCOTICE - BTV\",\"isPartOf\":{\"@id\":\"https:\\\/\\\/www.btv.md\\\/#website\"},\"primaryImageOfPage\":{\"@id\":\"https:\\\/\\\/www.btv.md\\\/ro\\\/angajat-al-penitenciarului-13-retinut-in-flagrant-cu-narcotice\\\/#primaryimage\"},\"image\":{\"@id\":\"https:\\\/\\\/www.btv.md\\\/ro\\\/angajat-al-penitenciarului-13-retinut-in-flagrant-cu-narcotice\\\/#primaryimage\"},\"thumbnailUrl\":\"https:\\\/\\\/www.btv.md\\\/wp-content\\\/uploads\\\/2016\\\/07\\\/au.jpg\",\"datePublished\":\"2016-07-13T09:49:39+00:00\",\"dateModified\":\"2016-07-13T10:58:45+00:00\",\"author\":{\"@id\":\"https:\\\/\\\/www.btv.md\\\/#\\\/schema\\\/person\\\/8fadce81561b3ce2c34c46dadc4ccbf2\"},\"inLanguage\":\"ro-RO\",\"potentialAction\":[{\"@type\":\"ReadAction\",\"target\":[\"https:\\\/\\\/www.btv.md\\\/ro\\\/angajat-al-penitenciarului-13-retinut-in-flagrant-cu-narcotice\\\/\"]}]},{\"@type\":\"ImageObject\",\"inLanguage\":\"ro-RO\",\"@id\":\"https:\\\/\\\/www.btv.md\\\/ro\\\/angajat-al-penitenciarului-13-retinut-in-flagrant-cu-narcotice\\\/#primaryimage\",\"url\":\"https:\\\/\\\/www.btv.md\\\/wp-content\\\/uploads\\\/2016\\\/07\\\/au.jpg\",\"contentUrl\":\"https:\\\/\\\/www.btv.md\\\/wp-content\\\/uploads\\\/2016\\\/07\\\/au.jpg\",\"width\":600,\"height\":400},{\"@type\":\"WebSite\",\"@id\":\"https:\\\/\\\/www.btv.md\\\/#website\",\"url\":\"https:\\\/\\\/www.btv.md\\\/\",\"name\":\"BTV\",\"description\":\"\u0411\u0435\u043b\u044c\u0446\u043a\u043e\u0435 \u0442\u0435\u043b\u0435\u0432\u0438\u0434\u0435\u043d\u0438\u0435\",\"potentialAction\":[{\"@type\":\"SearchAction\",\"target\":{\"@type\":\"EntryPoint\",\"urlTemplate\":\"https:\\\/\\\/www.btv.md\\\/?s={search_term_string}\"},\"query-input\":{\"@type\":\"PropertyValueSpecification\",\"valueRequired\":true,\"valueName\":\"search_term_string\"}}],\"inLanguage\":\"ro-RO\"},{\"@type\":\"Person\",\"@id\":\"https:\\\/\\\/www.btv.md\\\/#\\\/schema\\\/person\\\/8fadce81561b3ce2c34c46dadc4ccbf2\",\"name\":\"admin\"}]}<\/script>\n<!-- \/ Yoast SEO plugin. -->","yoast_head_json":{"title":"ANGAJAT AL PENITENCIARULUI 13, RE\u021aINUT \u00ceN FLAGRANT CU NARCOTICE - BTV","robots":{"index":"index","follow":"follow","max-snippet":"max-snippet:-1","max-image-preview":"max-image-preview:large","max-video-preview":"max-video-preview:-1"},"canonical":"https:\/\/www.btv.md\/ro\/angajat-al-penitenciarului-13-retinut-in-flagrant-cu-narcotice\/","og_locale":"ro_RO","og_type":"article","og_title":"ANGAJAT AL PENITENCIARULUI 13, RE\u021aINUT \u00ceN FLAGRANT CU NARCOTICE - BTV","og_description":"Un angajat al penitenciarului num\u0103rul 13 din Chi\u0219in\u0103u a fost re\u021binut \u00een flagrant \u00een timp ce \u00eencerca s\u0103 introduc\u0103 \u00een institu\u021bie substan\u021be narcotice \u0219i telefoane mobile. Informa\u021bia a fost confirmat\u0103 pentru BTV de c\u0103tre \u0219eful penitenciarului Igor Juval\u0103. \u201eUn subofi\u021ber, angajat al penitenciarului num\u0103rul 13, a \u00eencercat s\u0103 introduc\u0103 \u00een incinta penitenciarului obiecte interzise, precum [&hellip;]","og_url":"https:\/\/www.btv.md\/ro\/angajat-al-penitenciarului-13-retinut-in-flagrant-cu-narcotice\/","og_site_name":"BTV","article_publisher":"https:\/\/www.facebook.com\/btvmoldova\/","article_published_time":"2016-07-13T09:49:39+00:00","article_modified_time":"2016-07-13T10:58:45+00:00","og_image":[{"width":600,"height":400,"url":"https:\/\/www.btv.md\/wp-content\/uploads\/2016\/07\/au.jpg","type":"image\/jpeg"}],"author":"admin","twitter_misc":{"Scris de":"admin","Timp estimat pentru citire":"1 minut"},"schema":{"@context":"https:\/\/schema.org","@graph":[{"@type":"Article","@id":"https:\/\/www.btv.md\/ro\/angajat-al-penitenciarului-13-retinut-in-flagrant-cu-narcotice\/#article","isPartOf":{"@id":"https:\/\/www.btv.md\/ro\/angajat-al-penitenciarului-13-retinut-in-flagrant-cu-narcotice\/"},"author":{"name":"admin","@id":"https:\/\/www.btv.md\/#\/schema\/person\/8fadce81561b3ce2c34c46dadc4ccbf2"},"headline":"ANGAJAT AL PENITENCIARULUI 13, RE\u021aINUT \u00ceN FLAGRANT CU NARCOTICE","datePublished":"2016-07-13T09:49:39+00:00","dateModified":"2016-07-13T10:58:45+00:00","mainEntityOfPage":{"@id":"https:\/\/www.btv.md\/ro\/angajat-al-penitenciarului-13-retinut-in-flagrant-cu-narcotice\/"},"wordCount":166,"image":{"@id":"https:\/\/www.btv.md\/ro\/angajat-al-penitenciarului-13-retinut-in-flagrant-cu-narcotice\/#primaryimage"},"thumbnailUrl":"https:\/\/www.btv.md\/wp-content\/uploads\/2016\/07\/au.jpg","articleSection":["Incidente"],"inLanguage":"ro-RO"},{"@type":"WebPage","@id":"https:\/\/www.btv.md\/ro\/angajat-al-penitenciarului-13-retinut-in-flagrant-cu-narcotice\/","url":"https:\/\/www.btv.md\/ro\/angajat-al-penitenciarului-13-retinut-in-flagrant-cu-narcotice\/","name":"ANGAJAT AL PENITENCIARULUI 13, RE\u021aINUT \u00ceN FLAGRANT CU NARCOTICE - BTV","isPartOf":{"@id":"https:\/\/www.btv.md\/#website"},"primaryImageOfPage":{"@id":"https:\/\/www.btv.md\/ro\/angajat-al-penitenciarului-13-retinut-in-flagrant-cu-narcotice\/#primaryimage"},"image":{"@id":"https:\/\/www.btv.md\/ro\/angajat-al-penitenciarului-13-retinut-in-flagrant-cu-narcotice\/#primaryimage"},"thumbnailUrl":"https:\/\/www.btv.md\/wp-content\/uploads\/2016\/07\/au.jpg","datePublished":"2016-07-13T09:49:39+00:00","dateModified":"2016-07-13T10:58:45+00:00","author":{"@id":"https:\/\/www.btv.md\/#\/schema\/person\/8fadce81561b3ce2c34c46dadc4ccbf2"},"inLanguage":"ro-RO","potentialAction":[{"@type":"ReadAction","target":["https:\/\/www.btv.md\/ro\/angajat-al-penitenciarului-13-retinut-in-flagrant-cu-narcotice\/"]}]},{"@type":"ImageObject","inLanguage":"ro-RO","@id":"https:\/\/www.btv.md\/ro\/angajat-al-penitenciarului-13-retinut-in-flagrant-cu-narcotice\/#primaryimage","url":"https:\/\/www.btv.md\/wp-content\/uploads\/2016\/07\/au.jpg","contentUrl":"https:\/\/www.btv.md\/wp-content\/uploads\/2016\/07\/au.jpg","width":600,"height":400},{"@type":"WebSite","@id":"https:\/\/www.btv.md\/#website","url":"https:\/\/www.btv.md\/","name":"BTV","description":"\u0411\u0435\u043b\u044c\u0446\u043a\u043e\u0435 \u0442\u0435\u043b\u0435\u0432\u0438\u0434\u0435\u043d\u0438\u0435","potentialAction":[{"@type":"SearchAction","target":{"@type":"EntryPoint","urlTemplate":"https:\/\/www.btv.md\/?s={search_term_string}"},"query-input":{"@type":"PropertyValueSpecification","valueRequired":true,"valueName":"search_term_string"}}],"inLanguage":"ro-RO"},{"@type":"Person","@id":"https:\/\/www.btv.md\/#\/schema\/person\/8fadce81561b3ce2c34c46dadc4ccbf2","name":"admin"}]}},"_links":{"self":[{"href":"https:\/\/www.btv.md\/ro\/wp-json\/wp\/v2\/posts\/15607","targetHints":{"allow":["GET"]}}],"collection":[{"href":"https:\/\/www.btv.md\/ro\/wp-json\/wp\/v2\/posts"}],"about":[{"href":"https:\/\/www.btv.md\/ro\/wp-json\/wp\/v2\/types\/post"}],"author":[{"embeddable":true,"href":"https:\/\/www.btv.md\/ro\/wp-json\/wp\/v2\/users\/4"}],"replies":[{"embeddable":true,"href":"https:\/\/www.btv.md\/ro\/wp-json\/wp\/v2\/comments?post=15607"}],"version-history":[{"count":0,"href":"https:\/\/www.btv.md\/ro\/wp-json\/wp\/v2\/posts\/15607\/revisions"}],"wp:featuredmedia":[{"embeddable":true,"href":"https:\/\/www.btv.md\/ro\/wp-json\/wp\/v2\/media\/15608"}],"wp:attachment":[{"href":"https:\/\/www.btv.md\/ro\/wp-json\/wp\/v2\/media?parent=15607"}],"wp:term":[{"taxonomy":"category","embeddable":true,"href":"https:\/\/www.btv.md\/ro\/wp-json\/wp\/v2\/categories?post=15607"},{"taxonomy":"post_tag","embeddable":true,"href":"https:\/\/www.btv.md\/ro\/wp-json\/wp\/v2\/tags?post=15607"}],"curies":[{"name":"wp","href":"https:\/\/api.w.org\/{rel}","templated":true}]}}