{"id":15624,"date":"2016-07-13T17:18:40","date_gmt":"2016-07-13T14:18:40","guid":{"rendered":"http:\/\/btv.md\/?p=15624"},"modified":"2016-07-13T17:19:10","modified_gmt":"2016-07-13T14:19:10","slug":"doua-strazi-din-balti-vor-fi-renovate","status":"publish","type":"post","link":"https:\/\/www.btv.md\/ro\/doua-strazi-din-balti-vor-fi-renovate\/","title":{"rendered":"DOU\u0102  STR\u0102ZI  DIN  B\u0102L\u021aI  VOR FI RENOVATE"},"content":{"rendered":"<p>Dou\u0103 str\u0103zi din B\u0103l\u021bi vor fi reparate \u00een \u00a0acest an. Este vorba de strada Nicolae Iorga \u00a0\u0219i Iurii Gagarin. Astfel, trei firme \u0219i-au expus ofertele de participare la concurs pentru executarea lucr\u0103rilor de repara\u021biei \u00een cadrul unei \u0219edin\u021be, care a avut loc la Prim\u0103ria B\u0103l\u021bi. \u00cen acest scop, din bugetul local au fost aloco\u021bi cinci sute de mii de lei.<\/p>\n<p><iframe width=\"1170\" height=\"878\" data-src=\"https:\/\/www.youtube.com\/embed\/hjleFcS3VJs?wmode=transparent&amp;rel=0&amp;feature=oembed\" frameborder=\"0\" allow=\"accelerometer; autoplay; encrypted-media; gyroscope; picture-in-picture\" allowfullscreen src=\"data:image\/svg+xml;base64,PHN2ZyB3aWR0aD0iMSIgaGVpZ2h0PSIxIiB4bWxucz0iaHR0cDovL3d3dy53My5vcmcvMjAwMC9zdmciPjwvc3ZnPg==\" class=\"lazyload\" data-load-mode=\"1\"><\/iframe><\/p>\n<p>La licita\u021bie s-a \u00eenscris \u0219i \u00eentreprinderea municipal\u0103 \u201e Direc\u021bia Repara\u021bii \u0219i Reconstruc\u021bii Drumuri\u201d din B\u0103l\u021bi. Pentru lucr\u0103rile de reabilitare a str\u0103zilor, ei vor cheltui aproape cinci sute de mii de lei, fiind inclus\u0103 \u0219i taxa pentru valoare ad\u0103ugat\u0103. \u00a0Celelante dou\u0103 firme : S. R. L. \u201e Dan Levita\u201d\u0219i\u00a0 S. A. \u201e Magistrala\u201d \u00ee\u0219i propun s\u0103 repare aceste dou\u0103 artere cu \u00a0450\u00a0 de mii de lei.<\/p>\n<p>C\u00e2\u0219tig\u0103torul va fi desemnat peste 10 zile.<\/p>\n","protected":false},"excerpt":{"rendered":"<p>Dou\u0103 str\u0103zi din B\u0103l\u021bi vor fi reparate \u00een \u00a0acest an. Este vorba de strada Nicolae Iorga \u00a0\u0219i Iurii Gagarin. Astfel, trei firme \u0219i-au expus ofertele de participare la concurs pentru executarea lucr\u0103rilor de repara\u021biei \u00een cadrul unei \u0219edin\u021be, care a avut loc la Prim\u0103ria B\u0103l\u021bi. \u00cen acest scop, din bugetul local au fost aloco\u021bi cinci [&hellip;]<\/p>\n","protected":false},"author":4,"featured_media":15625,"comment_status":"closed","ping_status":"closed","sticky":false,"template":"","format":"standard","meta":{"footnotes":""},"categories":[12],"tags":[],"class_list":["post-15624","post","type-post","status-publish","format-standard","has-post-thumbnail","hentry","category-balti"],"yoast_head":"<!-- This site is optimized with the Yoast SEO plugin v27.4 - https:\/\/yoast.com\/product\/yoast-seo-wordpress\/ -->\n<title>DOU\u0102 STR\u0102ZI DIN B\u0102L\u021aI VOR FI RENOVATE  - BTV<\/title>\n<meta name=\"robots\" content=\"index, follow, max-snippet:-1, max-image-preview:large, max-video-preview:-1\" \/>\n<link rel=\"canonical\" href=\"https:\/\/www.btv.md\/ro\/doua-strazi-din-balti-vor-fi-renovate\/\" \/>\n<meta property=\"og:locale\" content=\"ro_RO\" \/>\n<meta property=\"og:type\" content=\"article\" \/>\n<meta property=\"og:title\" content=\"DOU\u0102 STR\u0102ZI DIN B\u0102L\u021aI VOR FI RENOVATE  - BTV\" \/>\n<meta property=\"og:description\" content=\"Dou\u0103 str\u0103zi din B\u0103l\u021bi vor fi reparate \u00een \u00a0acest an. Este vorba de strada Nicolae Iorga \u00a0\u0219i Iurii Gagarin. Astfel, trei firme \u0219i-au expus ofertele de participare la concurs pentru executarea lucr\u0103rilor de repara\u021biei \u00een cadrul unei \u0219edin\u021be, care a avut loc la Prim\u0103ria B\u0103l\u021bi. \u00cen acest scop, din bugetul local au fost aloco\u021bi cinci [&hellip;]\" \/>\n<meta property=\"og:url\" content=\"https:\/\/www.btv.md\/ro\/doua-strazi-din-balti-vor-fi-renovate\/\" \/>\n<meta property=\"og:site_name\" content=\"BTV\" \/>\n<meta property=\"article:publisher\" content=\"https:\/\/www.facebook.com\/btvmoldova\/\" \/>\n<meta property=\"article:published_time\" content=\"2016-07-13T14:18:40+00:00\" \/>\n<meta property=\"article:modified_time\" content=\"2016-07-13T14:19:10+00:00\" \/>\n<meta property=\"og:image\" content=\"https:\/\/www.btv.md\/wp-content\/uploads\/2016\/07\/lit.jpg\" \/>\n\t<meta property=\"og:image:width\" content=\"600\" \/>\n\t<meta property=\"og:image:height\" content=\"400\" \/>\n\t<meta property=\"og:image:type\" content=\"image\/jpeg\" \/>\n<meta name=\"author\" content=\"admin\" \/>\n<meta name=\"twitter:label1\" content=\"Scris de\" \/>\n\t<meta name=\"twitter:data1\" content=\"admin\" \/>\n\t<meta name=\"twitter:label2\" content=\"Timp estimat pentru citire\" \/>\n\t<meta name=\"twitter:data2\" content=\"1 minut\" \/>\n<script type=\"application\/ld+json\" class=\"yoast-schema-graph\">{\"@context\":\"https:\\\/\\\/schema.org\",\"@graph\":[{\"@type\":\"Article\",\"@id\":\"https:\\\/\\\/www.btv.md\\\/ro\\\/doua-strazi-din-balti-vor-fi-renovate\\\/#article\",\"isPartOf\":{\"@id\":\"https:\\\/\\\/www.btv.md\\\/ro\\\/doua-strazi-din-balti-vor-fi-renovate\\\/\"},\"author\":{\"name\":\"admin\",\"@id\":\"https:\\\/\\\/www.btv.md\\\/#\\\/schema\\\/person\\\/8fadce81561b3ce2c34c46dadc4ccbf2\"},\"headline\":\"DOU\u0102 STR\u0102ZI DIN B\u0102L\u021aI VOR FI RENOVATE\",\"datePublished\":\"2016-07-13T14:18:40+00:00\",\"dateModified\":\"2016-07-13T14:19:10+00:00\",\"mainEntityOfPage\":{\"@id\":\"https:\\\/\\\/www.btv.md\\\/ro\\\/doua-strazi-din-balti-vor-fi-renovate\\\/\"},\"wordCount\":163,\"image\":{\"@id\":\"https:\\\/\\\/www.btv.md\\\/ro\\\/doua-strazi-din-balti-vor-fi-renovate\\\/#primaryimage\"},\"thumbnailUrl\":\"https:\\\/\\\/www.btv.md\\\/wp-content\\\/uploads\\\/2016\\\/07\\\/lit.jpg\",\"articleSection\":[\"\u0413\u043e\u0440\u043e\u0434\"],\"inLanguage\":\"ro-RO\"},{\"@type\":\"WebPage\",\"@id\":\"https:\\\/\\\/www.btv.md\\\/ro\\\/doua-strazi-din-balti-vor-fi-renovate\\\/\",\"url\":\"https:\\\/\\\/www.btv.md\\\/ro\\\/doua-strazi-din-balti-vor-fi-renovate\\\/\",\"name\":\"DOU\u0102 STR\u0102ZI DIN B\u0102L\u021aI VOR FI RENOVATE - BTV\",\"isPartOf\":{\"@id\":\"https:\\\/\\\/www.btv.md\\\/#website\"},\"primaryImageOfPage\":{\"@id\":\"https:\\\/\\\/www.btv.md\\\/ro\\\/doua-strazi-din-balti-vor-fi-renovate\\\/#primaryimage\"},\"image\":{\"@id\":\"https:\\\/\\\/www.btv.md\\\/ro\\\/doua-strazi-din-balti-vor-fi-renovate\\\/#primaryimage\"},\"thumbnailUrl\":\"https:\\\/\\\/www.btv.md\\\/wp-content\\\/uploads\\\/2016\\\/07\\\/lit.jpg\",\"datePublished\":\"2016-07-13T14:18:40+00:00\",\"dateModified\":\"2016-07-13T14:19:10+00:00\",\"author\":{\"@id\":\"https:\\\/\\\/www.btv.md\\\/#\\\/schema\\\/person\\\/8fadce81561b3ce2c34c46dadc4ccbf2\"},\"inLanguage\":\"ro-RO\",\"potentialAction\":[{\"@type\":\"ReadAction\",\"target\":[\"https:\\\/\\\/www.btv.md\\\/ro\\\/doua-strazi-din-balti-vor-fi-renovate\\\/\"]}]},{\"@type\":\"ImageObject\",\"inLanguage\":\"ro-RO\",\"@id\":\"https:\\\/\\\/www.btv.md\\\/ro\\\/doua-strazi-din-balti-vor-fi-renovate\\\/#primaryimage\",\"url\":\"https:\\\/\\\/www.btv.md\\\/wp-content\\\/uploads\\\/2016\\\/07\\\/lit.jpg\",\"contentUrl\":\"https:\\\/\\\/www.btv.md\\\/wp-content\\\/uploads\\\/2016\\\/07\\\/lit.jpg\",\"width\":600,\"height\":400},{\"@type\":\"WebSite\",\"@id\":\"https:\\\/\\\/www.btv.md\\\/#website\",\"url\":\"https:\\\/\\\/www.btv.md\\\/\",\"name\":\"BTV\",\"description\":\"\u0411\u0435\u043b\u044c\u0446\u043a\u043e\u0435 \u0442\u0435\u043b\u0435\u0432\u0438\u0434\u0435\u043d\u0438\u0435\",\"potentialAction\":[{\"@type\":\"SearchAction\",\"target\":{\"@type\":\"EntryPoint\",\"urlTemplate\":\"https:\\\/\\\/www.btv.md\\\/?s={search_term_string}\"},\"query-input\":{\"@type\":\"PropertyValueSpecification\",\"valueRequired\":true,\"valueName\":\"search_term_string\"}}],\"inLanguage\":\"ro-RO\"},{\"@type\":\"Person\",\"@id\":\"https:\\\/\\\/www.btv.md\\\/#\\\/schema\\\/person\\\/8fadce81561b3ce2c34c46dadc4ccbf2\",\"name\":\"admin\"}]}<\/script>\n<!-- \/ Yoast SEO plugin. -->","yoast_head_json":{"title":"DOU\u0102 STR\u0102ZI DIN B\u0102L\u021aI VOR FI RENOVATE  - BTV","robots":{"index":"index","follow":"follow","max-snippet":"max-snippet:-1","max-image-preview":"max-image-preview:large","max-video-preview":"max-video-preview:-1"},"canonical":"https:\/\/www.btv.md\/ro\/doua-strazi-din-balti-vor-fi-renovate\/","og_locale":"ro_RO","og_type":"article","og_title":"DOU\u0102 STR\u0102ZI DIN B\u0102L\u021aI VOR FI RENOVATE  - BTV","og_description":"Dou\u0103 str\u0103zi din B\u0103l\u021bi vor fi reparate \u00een \u00a0acest an. Este vorba de strada Nicolae Iorga \u00a0\u0219i Iurii Gagarin. Astfel, trei firme \u0219i-au expus ofertele de participare la concurs pentru executarea lucr\u0103rilor de repara\u021biei \u00een cadrul unei \u0219edin\u021be, care a avut loc la Prim\u0103ria B\u0103l\u021bi. \u00cen acest scop, din bugetul local au fost aloco\u021bi cinci [&hellip;]","og_url":"https:\/\/www.btv.md\/ro\/doua-strazi-din-balti-vor-fi-renovate\/","og_site_name":"BTV","article_publisher":"https:\/\/www.facebook.com\/btvmoldova\/","article_published_time":"2016-07-13T14:18:40+00:00","article_modified_time":"2016-07-13T14:19:10+00:00","og_image":[{"width":600,"height":400,"url":"https:\/\/www.btv.md\/wp-content\/uploads\/2016\/07\/lit.jpg","type":"image\/jpeg"}],"author":"admin","twitter_misc":{"Scris de":"admin","Timp estimat pentru citire":"1 minut"},"schema":{"@context":"https:\/\/schema.org","@graph":[{"@type":"Article","@id":"https:\/\/www.btv.md\/ro\/doua-strazi-din-balti-vor-fi-renovate\/#article","isPartOf":{"@id":"https:\/\/www.btv.md\/ro\/doua-strazi-din-balti-vor-fi-renovate\/"},"author":{"name":"admin","@id":"https:\/\/www.btv.md\/#\/schema\/person\/8fadce81561b3ce2c34c46dadc4ccbf2"},"headline":"DOU\u0102 STR\u0102ZI DIN B\u0102L\u021aI VOR FI RENOVATE","datePublished":"2016-07-13T14:18:40+00:00","dateModified":"2016-07-13T14:19:10+00:00","mainEntityOfPage":{"@id":"https:\/\/www.btv.md\/ro\/doua-strazi-din-balti-vor-fi-renovate\/"},"wordCount":163,"image":{"@id":"https:\/\/www.btv.md\/ro\/doua-strazi-din-balti-vor-fi-renovate\/#primaryimage"},"thumbnailUrl":"https:\/\/www.btv.md\/wp-content\/uploads\/2016\/07\/lit.jpg","articleSection":["\u0413\u043e\u0440\u043e\u0434"],"inLanguage":"ro-RO"},{"@type":"WebPage","@id":"https:\/\/www.btv.md\/ro\/doua-strazi-din-balti-vor-fi-renovate\/","url":"https:\/\/www.btv.md\/ro\/doua-strazi-din-balti-vor-fi-renovate\/","name":"DOU\u0102 STR\u0102ZI DIN B\u0102L\u021aI VOR FI RENOVATE - BTV","isPartOf":{"@id":"https:\/\/www.btv.md\/#website"},"primaryImageOfPage":{"@id":"https:\/\/www.btv.md\/ro\/doua-strazi-din-balti-vor-fi-renovate\/#primaryimage"},"image":{"@id":"https:\/\/www.btv.md\/ro\/doua-strazi-din-balti-vor-fi-renovate\/#primaryimage"},"thumbnailUrl":"https:\/\/www.btv.md\/wp-content\/uploads\/2016\/07\/lit.jpg","datePublished":"2016-07-13T14:18:40+00:00","dateModified":"2016-07-13T14:19:10+00:00","author":{"@id":"https:\/\/www.btv.md\/#\/schema\/person\/8fadce81561b3ce2c34c46dadc4ccbf2"},"inLanguage":"ro-RO","potentialAction":[{"@type":"ReadAction","target":["https:\/\/www.btv.md\/ro\/doua-strazi-din-balti-vor-fi-renovate\/"]}]},{"@type":"ImageObject","inLanguage":"ro-RO","@id":"https:\/\/www.btv.md\/ro\/doua-strazi-din-balti-vor-fi-renovate\/#primaryimage","url":"https:\/\/www.btv.md\/wp-content\/uploads\/2016\/07\/lit.jpg","contentUrl":"https:\/\/www.btv.md\/wp-content\/uploads\/2016\/07\/lit.jpg","width":600,"height":400},{"@type":"WebSite","@id":"https:\/\/www.btv.md\/#website","url":"https:\/\/www.btv.md\/","name":"BTV","description":"\u0411\u0435\u043b\u044c\u0446\u043a\u043e\u0435 \u0442\u0435\u043b\u0435\u0432\u0438\u0434\u0435\u043d\u0438\u0435","potentialAction":[{"@type":"SearchAction","target":{"@type":"EntryPoint","urlTemplate":"https:\/\/www.btv.md\/?s={search_term_string}"},"query-input":{"@type":"PropertyValueSpecification","valueRequired":true,"valueName":"search_term_string"}}],"inLanguage":"ro-RO"},{"@type":"Person","@id":"https:\/\/www.btv.md\/#\/schema\/person\/8fadce81561b3ce2c34c46dadc4ccbf2","name":"admin"}]}},"_links":{"self":[{"href":"https:\/\/www.btv.md\/ro\/wp-json\/wp\/v2\/posts\/15624","targetHints":{"allow":["GET"]}}],"collection":[{"href":"https:\/\/www.btv.md\/ro\/wp-json\/wp\/v2\/posts"}],"about":[{"href":"https:\/\/www.btv.md\/ro\/wp-json\/wp\/v2\/types\/post"}],"author":[{"embeddable":true,"href":"https:\/\/www.btv.md\/ro\/wp-json\/wp\/v2\/users\/4"}],"replies":[{"embeddable":true,"href":"https:\/\/www.btv.md\/ro\/wp-json\/wp\/v2\/comments?post=15624"}],"version-history":[{"count":0,"href":"https:\/\/www.btv.md\/ro\/wp-json\/wp\/v2\/posts\/15624\/revisions"}],"wp:featuredmedia":[{"embeddable":true,"href":"https:\/\/www.btv.md\/ro\/wp-json\/wp\/v2\/media\/15625"}],"wp:attachment":[{"href":"https:\/\/www.btv.md\/ro\/wp-json\/wp\/v2\/media?parent=15624"}],"wp:term":[{"taxonomy":"category","embeddable":true,"href":"https:\/\/www.btv.md\/ro\/wp-json\/wp\/v2\/categories?post=15624"},{"taxonomy":"post_tag","embeddable":true,"href":"https:\/\/www.btv.md\/ro\/wp-json\/wp\/v2\/tags?post=15624"}],"curies":[{"name":"wp","href":"https:\/\/api.w.org\/{rel}","templated":true}]}}