{"id":15654,"date":"2016-07-14T15:30:31","date_gmt":"2016-07-14T12:30:31","guid":{"rendered":"http:\/\/btv.md\/?p=15654"},"modified":"2016-07-14T15:30:40","modified_gmt":"2016-07-14T12:30:40","slug":"atentie-cod-galben-de-poluare-a-aerului-la-balti","status":"publish","type":"post","link":"https:\/\/www.btv.md\/ro\/atentie-cod-galben-de-poluare-a-aerului-la-balti\/","title":{"rendered":"ATEN\u021aIE ! COD GALBEN DE POLUARE A AERULUI LA B\u0102L\u021aI"},"content":{"rendered":"<p>Serviciului Hidrometeorogic de Stat a emis cod galben de poluare a aerului \u00a0\u00een municipiul B\u0103l\u021bi. Meteorologii sus\u0163in c\u0103, \u00een urm\u0103toarele zile se atest\u0103 un con\u021binut sporit al polu\u0103rii cu aldehid\u0103 formic\u0103. Poluant care se acumuleaz\u0103 \u00een zonele intens circulate de c\u0103tre autovehicule, \u00een \u00eenc\u0103perile \u00een care se fumeaz\u0103, \u00een locurile \u00een care se ard combustibili. Aldehida este o substan\u021b\u0103 care fiind inspirat\u0103 afecteaz\u0103 c\u0103ile respiratorii, provoac\u0103 muta\u0163ii \u015fi boli cardiovasculare. Sub influen\u0163a aldehidei formice se pot dezvolta modific\u0103ri degenerative \u00een ficat, rinichi, inim\u0103 \u015fi creier. \u00cen exces,<strong><em>\u00a0<\/em><\/strong>aldehida formic\u0103<strong>\u00a0<\/strong>este cancerigen\u0103.<\/p>\n<p><iframe width=\"1170\" height=\"878\" data-src=\"https:\/\/www.youtube.com\/embed\/zgBkOk-2kI0?wmode=transparent&amp;rel=0&amp;feature=oembed\" frameborder=\"0\" allow=\"accelerometer; autoplay; encrypted-media; gyroscope; picture-in-picture\" allowfullscreen src=\"data:image\/svg+xml;base64,PHN2ZyB3aWR0aD0iMSIgaGVpZ2h0PSIxIiB4bWxucz0iaHR0cDovL3d3dy53My5vcmcvMjAwMC9zdmciPjwvc3ZnPg==\" class=\"lazyload\" data-load-mode=\"1\"><\/iframe><\/p>\n<p>Astfel, meteorologii recomand\u0103 popula\u0163iei s\u0103 reduc\u0103 la maxim posibil durata afl\u0103rii \u00een zonele industriale. Sunt preferabile plimb\u0103rile pe jos \u00een zonele verzi, \u00een special recomand\u0103rile sunt pentru copii, femeile \u00eens\u0103rcinate \u015fi persoanele de v\u00e2rst\u0103 \u00eenaintat\u0103. Persoanelor cu maladii ale sistemului cardio-vascular \u015fi ale tractului respirator li se recomand\u0103 reducerea sarcinilor fizice.<\/p>\n<p>Pentru prevenirea cre\u015fterii concentra\u0163iei periculoase a poluan\u0163ilor \u00een aer, agen\u0163ii economici sunt obliga\u0163i s\u0103 reduc\u0103 pe termen scurt emisiile nocive cu circa 15-20%.<\/p>\n","protected":false},"excerpt":{"rendered":"<p>Serviciului Hidrometeorogic de Stat a emis cod galben de poluare a aerului \u00a0\u00een municipiul B\u0103l\u021bi. Meteorologii sus\u0163in c\u0103, \u00een urm\u0103toarele zile se atest\u0103 un con\u021binut sporit al polu\u0103rii cu aldehid\u0103 formic\u0103. Poluant care se acumuleaz\u0103 \u00een zonele intens circulate de c\u0103tre autovehicule, \u00een \u00eenc\u0103perile \u00een care se fumeaz\u0103, \u00een locurile \u00een care se ard combustibili. [&hellip;]<\/p>\n","protected":false},"author":4,"featured_media":15655,"comment_status":"closed","ping_status":"closed","sticky":false,"template":"","format":"standard","meta":{"footnotes":""},"categories":[6353],"tags":[],"class_list":["post-15654","post","type-post","status-publish","format-standard","has-post-thumbnail","hentry","category-oras"],"yoast_head":"<!-- This site is optimized with the Yoast SEO plugin v27.4 - https:\/\/yoast.com\/product\/yoast-seo-wordpress\/ -->\n<title>ATEN\u021aIE ! COD GALBEN DE POLUARE A AERULUI LA B\u0102L\u021aI  - BTV<\/title>\n<meta name=\"robots\" content=\"index, follow, max-snippet:-1, max-image-preview:large, max-video-preview:-1\" \/>\n<link rel=\"canonical\" href=\"https:\/\/www.btv.md\/ro\/amp\/atentie-cod-galben-de-poluare-a-aerului-la-balti\/\" \/>\n<meta property=\"og:locale\" content=\"ro_RO\" \/>\n<meta property=\"og:type\" content=\"article\" \/>\n<meta property=\"og:title\" content=\"ATEN\u021aIE ! COD GALBEN DE POLUARE A AERULUI LA B\u0102L\u021aI  - BTV\" \/>\n<meta property=\"og:description\" content=\"Serviciului Hidrometeorogic de Stat a emis cod galben de poluare a aerului \u00a0\u00een municipiul B\u0103l\u021bi. Meteorologii sus\u0163in c\u0103, \u00een urm\u0103toarele zile se atest\u0103 un con\u021binut sporit al polu\u0103rii cu aldehid\u0103 formic\u0103. Poluant care se acumuleaz\u0103 \u00een zonele intens circulate de c\u0103tre autovehicule, \u00een \u00eenc\u0103perile \u00een care se fumeaz\u0103, \u00een locurile \u00een care se ard combustibili. [&hellip;]\" \/>\n<meta property=\"og:url\" content=\"https:\/\/www.btv.md\/ro\/amp\/atentie-cod-galben-de-poluare-a-aerului-la-balti\/\" \/>\n<meta property=\"og:site_name\" content=\"BTV\" \/>\n<meta property=\"article:publisher\" content=\"https:\/\/www.facebook.com\/btvmoldova\/\" \/>\n<meta property=\"article:published_time\" content=\"2016-07-14T12:30:31+00:00\" \/>\n<meta property=\"article:modified_time\" content=\"2016-07-14T12:30:40+00:00\" \/>\n<meta property=\"og:image\" content=\"https:\/\/www.btv.md\/wp-content\/uploads\/2016\/07\/ced.jpg\" \/>\n\t<meta property=\"og:image:width\" content=\"600\" \/>\n\t<meta property=\"og:image:height\" content=\"400\" \/>\n\t<meta property=\"og:image:type\" content=\"image\/jpeg\" \/>\n<meta name=\"author\" content=\"admin\" \/>\n<meta name=\"twitter:label1\" content=\"Scris de\" \/>\n\t<meta name=\"twitter:data1\" content=\"admin\" \/>\n\t<meta name=\"twitter:label2\" content=\"Timp estimat pentru citire\" \/>\n\t<meta name=\"twitter:data2\" content=\"1 minut\" \/>\n<script type=\"application\/ld+json\" class=\"yoast-schema-graph\">{\"@context\":\"https:\\\/\\\/schema.org\",\"@graph\":[{\"@type\":\"Article\",\"@id\":\"https:\\\/\\\/www.btv.md\\\/ro\\\/amp\\\/atentie-cod-galben-de-poluare-a-aerului-la-balti\\\/#article\",\"isPartOf\":{\"@id\":\"https:\\\/\\\/www.btv.md\\\/ro\\\/amp\\\/atentie-cod-galben-de-poluare-a-aerului-la-balti\\\/\"},\"author\":{\"name\":\"admin\",\"@id\":\"https:\\\/\\\/www.btv.md\\\/#\\\/schema\\\/person\\\/8fadce81561b3ce2c34c46dadc4ccbf2\"},\"headline\":\"ATEN\u021aIE ! COD GALBEN DE POLUARE A AERULUI LA B\u0102L\u021aI\",\"datePublished\":\"2016-07-14T12:30:31+00:00\",\"dateModified\":\"2016-07-14T12:30:40+00:00\",\"mainEntityOfPage\":{\"@id\":\"https:\\\/\\\/www.btv.md\\\/ro\\\/amp\\\/atentie-cod-galben-de-poluare-a-aerului-la-balti\\\/\"},\"wordCount\":205,\"image\":{\"@id\":\"https:\\\/\\\/www.btv.md\\\/ro\\\/amp\\\/atentie-cod-galben-de-poluare-a-aerului-la-balti\\\/#primaryimage\"},\"thumbnailUrl\":\"https:\\\/\\\/www.btv.md\\\/wp-content\\\/uploads\\\/2016\\\/07\\\/ced.jpg\",\"articleSection\":[\"Ora\u0219\"],\"inLanguage\":\"ro-RO\"},{\"@type\":\"WebPage\",\"@id\":\"https:\\\/\\\/www.btv.md\\\/ro\\\/amp\\\/atentie-cod-galben-de-poluare-a-aerului-la-balti\\\/\",\"url\":\"https:\\\/\\\/www.btv.md\\\/ro\\\/amp\\\/atentie-cod-galben-de-poluare-a-aerului-la-balti\\\/\",\"name\":\"ATEN\u021aIE ! COD GALBEN DE POLUARE A AERULUI LA B\u0102L\u021aI - BTV\",\"isPartOf\":{\"@id\":\"https:\\\/\\\/www.btv.md\\\/#website\"},\"primaryImageOfPage\":{\"@id\":\"https:\\\/\\\/www.btv.md\\\/ro\\\/amp\\\/atentie-cod-galben-de-poluare-a-aerului-la-balti\\\/#primaryimage\"},\"image\":{\"@id\":\"https:\\\/\\\/www.btv.md\\\/ro\\\/amp\\\/atentie-cod-galben-de-poluare-a-aerului-la-balti\\\/#primaryimage\"},\"thumbnailUrl\":\"https:\\\/\\\/www.btv.md\\\/wp-content\\\/uploads\\\/2016\\\/07\\\/ced.jpg\",\"datePublished\":\"2016-07-14T12:30:31+00:00\",\"dateModified\":\"2016-07-14T12:30:40+00:00\",\"author\":{\"@id\":\"https:\\\/\\\/www.btv.md\\\/#\\\/schema\\\/person\\\/8fadce81561b3ce2c34c46dadc4ccbf2\"},\"inLanguage\":\"ro-RO\",\"potentialAction\":[{\"@type\":\"ReadAction\",\"target\":[\"https:\\\/\\\/www.btv.md\\\/ro\\\/amp\\\/atentie-cod-galben-de-poluare-a-aerului-la-balti\\\/\"]}]},{\"@type\":\"ImageObject\",\"inLanguage\":\"ro-RO\",\"@id\":\"https:\\\/\\\/www.btv.md\\\/ro\\\/amp\\\/atentie-cod-galben-de-poluare-a-aerului-la-balti\\\/#primaryimage\",\"url\":\"https:\\\/\\\/www.btv.md\\\/wp-content\\\/uploads\\\/2016\\\/07\\\/ced.jpg\",\"contentUrl\":\"https:\\\/\\\/www.btv.md\\\/wp-content\\\/uploads\\\/2016\\\/07\\\/ced.jpg\",\"width\":600,\"height\":400},{\"@type\":\"WebSite\",\"@id\":\"https:\\\/\\\/www.btv.md\\\/#website\",\"url\":\"https:\\\/\\\/www.btv.md\\\/\",\"name\":\"BTV\",\"description\":\"\u0411\u0435\u043b\u044c\u0446\u043a\u043e\u0435 \u0442\u0435\u043b\u0435\u0432\u0438\u0434\u0435\u043d\u0438\u0435\",\"potentialAction\":[{\"@type\":\"SearchAction\",\"target\":{\"@type\":\"EntryPoint\",\"urlTemplate\":\"https:\\\/\\\/www.btv.md\\\/?s={search_term_string}\"},\"query-input\":{\"@type\":\"PropertyValueSpecification\",\"valueRequired\":true,\"valueName\":\"search_term_string\"}}],\"inLanguage\":\"ro-RO\"},{\"@type\":\"Person\",\"@id\":\"https:\\\/\\\/www.btv.md\\\/#\\\/schema\\\/person\\\/8fadce81561b3ce2c34c46dadc4ccbf2\",\"name\":\"admin\"}]}<\/script>\n<!-- \/ Yoast SEO plugin. -->","yoast_head_json":{"title":"ATEN\u021aIE ! COD GALBEN DE POLUARE A AERULUI LA B\u0102L\u021aI  - BTV","robots":{"index":"index","follow":"follow","max-snippet":"max-snippet:-1","max-image-preview":"max-image-preview:large","max-video-preview":"max-video-preview:-1"},"canonical":"https:\/\/www.btv.md\/ro\/amp\/atentie-cod-galben-de-poluare-a-aerului-la-balti\/","og_locale":"ro_RO","og_type":"article","og_title":"ATEN\u021aIE ! COD GALBEN DE POLUARE A AERULUI LA B\u0102L\u021aI  - BTV","og_description":"Serviciului Hidrometeorogic de Stat a emis cod galben de poluare a aerului \u00a0\u00een municipiul B\u0103l\u021bi. Meteorologii sus\u0163in c\u0103, \u00een urm\u0103toarele zile se atest\u0103 un con\u021binut sporit al polu\u0103rii cu aldehid\u0103 formic\u0103. Poluant care se acumuleaz\u0103 \u00een zonele intens circulate de c\u0103tre autovehicule, \u00een \u00eenc\u0103perile \u00een care se fumeaz\u0103, \u00een locurile \u00een care se ard combustibili. [&hellip;]","og_url":"https:\/\/www.btv.md\/ro\/amp\/atentie-cod-galben-de-poluare-a-aerului-la-balti\/","og_site_name":"BTV","article_publisher":"https:\/\/www.facebook.com\/btvmoldova\/","article_published_time":"2016-07-14T12:30:31+00:00","article_modified_time":"2016-07-14T12:30:40+00:00","og_image":[{"width":600,"height":400,"url":"https:\/\/www.btv.md\/wp-content\/uploads\/2016\/07\/ced.jpg","type":"image\/jpeg"}],"author":"admin","twitter_misc":{"Scris de":"admin","Timp estimat pentru citire":"1 minut"},"schema":{"@context":"https:\/\/schema.org","@graph":[{"@type":"Article","@id":"https:\/\/www.btv.md\/ro\/amp\/atentie-cod-galben-de-poluare-a-aerului-la-balti\/#article","isPartOf":{"@id":"https:\/\/www.btv.md\/ro\/amp\/atentie-cod-galben-de-poluare-a-aerului-la-balti\/"},"author":{"name":"admin","@id":"https:\/\/www.btv.md\/#\/schema\/person\/8fadce81561b3ce2c34c46dadc4ccbf2"},"headline":"ATEN\u021aIE ! COD GALBEN DE POLUARE A AERULUI LA B\u0102L\u021aI","datePublished":"2016-07-14T12:30:31+00:00","dateModified":"2016-07-14T12:30:40+00:00","mainEntityOfPage":{"@id":"https:\/\/www.btv.md\/ro\/amp\/atentie-cod-galben-de-poluare-a-aerului-la-balti\/"},"wordCount":205,"image":{"@id":"https:\/\/www.btv.md\/ro\/amp\/atentie-cod-galben-de-poluare-a-aerului-la-balti\/#primaryimage"},"thumbnailUrl":"https:\/\/www.btv.md\/wp-content\/uploads\/2016\/07\/ced.jpg","articleSection":["Ora\u0219"],"inLanguage":"ro-RO"},{"@type":"WebPage","@id":"https:\/\/www.btv.md\/ro\/amp\/atentie-cod-galben-de-poluare-a-aerului-la-balti\/","url":"https:\/\/www.btv.md\/ro\/amp\/atentie-cod-galben-de-poluare-a-aerului-la-balti\/","name":"ATEN\u021aIE ! COD GALBEN DE POLUARE A AERULUI LA B\u0102L\u021aI - BTV","isPartOf":{"@id":"https:\/\/www.btv.md\/#website"},"primaryImageOfPage":{"@id":"https:\/\/www.btv.md\/ro\/amp\/atentie-cod-galben-de-poluare-a-aerului-la-balti\/#primaryimage"},"image":{"@id":"https:\/\/www.btv.md\/ro\/amp\/atentie-cod-galben-de-poluare-a-aerului-la-balti\/#primaryimage"},"thumbnailUrl":"https:\/\/www.btv.md\/wp-content\/uploads\/2016\/07\/ced.jpg","datePublished":"2016-07-14T12:30:31+00:00","dateModified":"2016-07-14T12:30:40+00:00","author":{"@id":"https:\/\/www.btv.md\/#\/schema\/person\/8fadce81561b3ce2c34c46dadc4ccbf2"},"inLanguage":"ro-RO","potentialAction":[{"@type":"ReadAction","target":["https:\/\/www.btv.md\/ro\/amp\/atentie-cod-galben-de-poluare-a-aerului-la-balti\/"]}]},{"@type":"ImageObject","inLanguage":"ro-RO","@id":"https:\/\/www.btv.md\/ro\/amp\/atentie-cod-galben-de-poluare-a-aerului-la-balti\/#primaryimage","url":"https:\/\/www.btv.md\/wp-content\/uploads\/2016\/07\/ced.jpg","contentUrl":"https:\/\/www.btv.md\/wp-content\/uploads\/2016\/07\/ced.jpg","width":600,"height":400},{"@type":"WebSite","@id":"https:\/\/www.btv.md\/#website","url":"https:\/\/www.btv.md\/","name":"BTV","description":"\u0411\u0435\u043b\u044c\u0446\u043a\u043e\u0435 \u0442\u0435\u043b\u0435\u0432\u0438\u0434\u0435\u043d\u0438\u0435","potentialAction":[{"@type":"SearchAction","target":{"@type":"EntryPoint","urlTemplate":"https:\/\/www.btv.md\/?s={search_term_string}"},"query-input":{"@type":"PropertyValueSpecification","valueRequired":true,"valueName":"search_term_string"}}],"inLanguage":"ro-RO"},{"@type":"Person","@id":"https:\/\/www.btv.md\/#\/schema\/person\/8fadce81561b3ce2c34c46dadc4ccbf2","name":"admin"}]}},"_links":{"self":[{"href":"https:\/\/www.btv.md\/ro\/wp-json\/wp\/v2\/posts\/15654","targetHints":{"allow":["GET"]}}],"collection":[{"href":"https:\/\/www.btv.md\/ro\/wp-json\/wp\/v2\/posts"}],"about":[{"href":"https:\/\/www.btv.md\/ro\/wp-json\/wp\/v2\/types\/post"}],"author":[{"embeddable":true,"href":"https:\/\/www.btv.md\/ro\/wp-json\/wp\/v2\/users\/4"}],"replies":[{"embeddable":true,"href":"https:\/\/www.btv.md\/ro\/wp-json\/wp\/v2\/comments?post=15654"}],"version-history":[{"count":0,"href":"https:\/\/www.btv.md\/ro\/wp-json\/wp\/v2\/posts\/15654\/revisions"}],"wp:featuredmedia":[{"embeddable":true,"href":"https:\/\/www.btv.md\/ro\/wp-json\/wp\/v2\/media\/15655"}],"wp:attachment":[{"href":"https:\/\/www.btv.md\/ro\/wp-json\/wp\/v2\/media?parent=15654"}],"wp:term":[{"taxonomy":"category","embeddable":true,"href":"https:\/\/www.btv.md\/ro\/wp-json\/wp\/v2\/categories?post=15654"},{"taxonomy":"post_tag","embeddable":true,"href":"https:\/\/www.btv.md\/ro\/wp-json\/wp\/v2\/tags?post=15654"}],"curies":[{"name":"wp","href":"https:\/\/api.w.org\/{rel}","templated":true}]}}