{"id":15663,"date":"2016-07-14T16:02:53","date_gmt":"2016-07-14T13:02:53","guid":{"rendered":"http:\/\/btv.md\/?p=15663"},"modified":"2016-07-14T16:02:53","modified_gmt":"2016-07-14T13:02:53","slug":"canicula-sporeste-cu-40-vanzarile-de-ventilatoare-si-aparatele-de-aer-conditionat","status":"publish","type":"post","link":"https:\/\/www.btv.md\/ro\/canicula-sporeste-cu-40-vanzarile-de-ventilatoare-si-aparatele-de-aer-conditionat\/","title":{"rendered":"CANICULA SPORE\u015eTE CU 40% V\u00c2NZ\u0102RILE DE VENTILATOARE \u015eI APARATELE DE AER CONDI\u0162IONAT"},"content":{"rendered":"<h2>Ar\u015fi\u0163a din ultima perioad\u0103 \u00eencinge nu doar asfaltul, dar \u015fi profitul \u00een conturile firmelor care v\u00e2nd ventilatoare \u0219i aparate de aer condi\u021bionat. Ca s\u0103 fac\u0103 fa\u0163\u0103 mai u\u015for caniculei,\u00a0 b\u0103l\u021benii nu au ezitat s\u0103 fac\u0103 astfel de investi\u0163ii. Comercian\u0163ii spun c\u0103 au \u00eenregistrat v\u00e2nz\u0103ri \u015fi cu 40% mai mari fa\u0163\u0103 de aceea\u015fi perioad\u0103 a anului trecut.<\/h2>\n<p><iframe width=\"1170\" height=\"878\" data-src=\"https:\/\/www.youtube.com\/embed\/Vq751G595h8?wmode=transparent&amp;rel=0&amp;feature=oembed\" frameborder=\"0\" allow=\"accelerometer; autoplay; encrypted-media; gyroscope; picture-in-picture\" allowfullscreen src=\"data:image\/svg+xml;base64,PHN2ZyB3aWR0aD0iMSIgaGVpZ2h0PSIxIiB4bWxucz0iaHR0cDovL3d3dy53My5vcmcvMjAwMC9zdmciPjwvc3ZnPg==\" class=\"lazyload\" data-load-mode=\"1\"><\/iframe><\/p>\n<p>\u00a0Nu toate ventilatoarele \u00a0sunt pe buzunarul b\u0103l\u021benilor. Ace\u0219tia lupt\u0103 cu temperaturile lunii lui cuptor cu ce au la \u00eendem\u00e2n\u0103.<\/p>\n<p>Pre\u021bul unui ventilator variaz\u0103 \u00eentre 250 \u0219i 1.000 de lei. Aparatele de aer condi\u021bionat sunt mai scumpe \u0219i cost\u0103 de la 4.000 p\u00e2n\u0103 la 20 de mii de lei.\u00a0<\/p>\n","protected":false},"excerpt":{"rendered":"<p>Ar\u015fi\u0163a din ultima perioad\u0103 \u00eencinge nu doar asfaltul, dar \u015fi profitul \u00een conturile firmelor care v\u00e2nd ventilatoare \u0219i aparate de aer condi\u021bionat. Ca s\u0103 fac\u0103 fa\u0163\u0103 mai u\u015for caniculei,\u00a0 b\u0103l\u021benii nu au ezitat s\u0103 fac\u0103 astfel de investi\u0163ii. Comercian\u0163ii spun c\u0103 au \u00eenregistrat v\u00e2nz\u0103ri \u015fi cu 40% mai mari fa\u0163\u0103 de aceea\u015fi perioad\u0103 a anului [&hellip;]<\/p>\n","protected":false},"author":4,"featured_media":15664,"comment_status":"closed","ping_status":"closed","sticky":false,"template":"","format":"standard","meta":{"footnotes":""},"categories":[6349],"tags":[],"class_list":["post-15663","post","type-post","status-publish","format-standard","has-post-thumbnail","hentry","category-social"],"yoast_head":"<!-- This site is optimized with the Yoast SEO plugin v27.4 - https:\/\/yoast.com\/product\/yoast-seo-wordpress\/ -->\n<title>CANICULA SPORE\u015eTE CU 40% V\u00c2NZ\u0102RILE DE VENTILATOARE \u015eI APARATELE DE AER CONDI\u0162IONAT - BTV<\/title>\n<meta name=\"robots\" content=\"index, follow, max-snippet:-1, max-image-preview:large, max-video-preview:-1\" \/>\n<link rel=\"canonical\" href=\"https:\/\/www.btv.md\/ro\/canicula-sporeste-cu-40-vanzarile-de-ventilatoare-si-aparatele-de-aer-conditionat\/\" \/>\n<meta property=\"og:locale\" content=\"ro_RO\" \/>\n<meta property=\"og:type\" content=\"article\" \/>\n<meta property=\"og:title\" content=\"CANICULA SPORE\u015eTE CU 40% V\u00c2NZ\u0102RILE DE VENTILATOARE \u015eI APARATELE DE AER CONDI\u0162IONAT - BTV\" \/>\n<meta property=\"og:description\" content=\"Ar\u015fi\u0163a din ultima perioad\u0103 \u00eencinge nu doar asfaltul, dar \u015fi profitul \u00een conturile firmelor care v\u00e2nd ventilatoare \u0219i aparate de aer condi\u021bionat. Ca s\u0103 fac\u0103 fa\u0163\u0103 mai u\u015for caniculei,\u00a0 b\u0103l\u021benii nu au ezitat s\u0103 fac\u0103 astfel de investi\u0163ii. Comercian\u0163ii spun c\u0103 au \u00eenregistrat v\u00e2nz\u0103ri \u015fi cu 40% mai mari fa\u0163\u0103 de aceea\u015fi perioad\u0103 a anului [&hellip;]\" \/>\n<meta property=\"og:url\" content=\"https:\/\/www.btv.md\/ro\/canicula-sporeste-cu-40-vanzarile-de-ventilatoare-si-aparatele-de-aer-conditionat\/\" \/>\n<meta property=\"og:site_name\" content=\"BTV\" \/>\n<meta property=\"article:publisher\" content=\"https:\/\/www.facebook.com\/btvmoldova\/\" \/>\n<meta property=\"article:published_time\" content=\"2016-07-14T13:02:53+00:00\" \/>\n<meta property=\"og:image\" content=\"https:\/\/www.btv.md\/wp-content\/uploads\/2016\/07\/hr.jpg\" \/>\n\t<meta property=\"og:image:width\" content=\"600\" \/>\n\t<meta property=\"og:image:height\" content=\"400\" \/>\n\t<meta property=\"og:image:type\" content=\"image\/jpeg\" \/>\n<meta name=\"author\" content=\"admin\" \/>\n<meta name=\"twitter:label1\" content=\"Scris de\" \/>\n\t<meta name=\"twitter:data1\" content=\"admin\" \/>\n\t<meta name=\"twitter:label2\" content=\"Timp estimat pentru citire\" \/>\n\t<meta name=\"twitter:data2\" content=\"1 minut\" \/>\n<script type=\"application\/ld+json\" class=\"yoast-schema-graph\">{\"@context\":\"https:\\\/\\\/schema.org\",\"@graph\":[{\"@type\":\"Article\",\"@id\":\"https:\\\/\\\/www.btv.md\\\/ro\\\/canicula-sporeste-cu-40-vanzarile-de-ventilatoare-si-aparatele-de-aer-conditionat\\\/#article\",\"isPartOf\":{\"@id\":\"https:\\\/\\\/www.btv.md\\\/ro\\\/canicula-sporeste-cu-40-vanzarile-de-ventilatoare-si-aparatele-de-aer-conditionat\\\/\"},\"author\":{\"name\":\"admin\",\"@id\":\"https:\\\/\\\/www.btv.md\\\/#\\\/schema\\\/person\\\/8fadce81561b3ce2c34c46dadc4ccbf2\"},\"headline\":\"CANICULA SPORE\u015eTE CU 40% V\u00c2NZ\u0102RILE DE VENTILATOARE \u015eI APARATELE DE AER CONDI\u0162IONAT\",\"datePublished\":\"2016-07-14T13:02:53+00:00\",\"mainEntityOfPage\":{\"@id\":\"https:\\\/\\\/www.btv.md\\\/ro\\\/canicula-sporeste-cu-40-vanzarile-de-ventilatoare-si-aparatele-de-aer-conditionat\\\/\"},\"wordCount\":139,\"image\":{\"@id\":\"https:\\\/\\\/www.btv.md\\\/ro\\\/canicula-sporeste-cu-40-vanzarile-de-ventilatoare-si-aparatele-de-aer-conditionat\\\/#primaryimage\"},\"thumbnailUrl\":\"https:\\\/\\\/www.btv.md\\\/wp-content\\\/uploads\\\/2016\\\/07\\\/hr.jpg\",\"articleSection\":[\"Social\"],\"inLanguage\":\"ro-RO\"},{\"@type\":\"WebPage\",\"@id\":\"https:\\\/\\\/www.btv.md\\\/ro\\\/canicula-sporeste-cu-40-vanzarile-de-ventilatoare-si-aparatele-de-aer-conditionat\\\/\",\"url\":\"https:\\\/\\\/www.btv.md\\\/ro\\\/canicula-sporeste-cu-40-vanzarile-de-ventilatoare-si-aparatele-de-aer-conditionat\\\/\",\"name\":\"CANICULA SPORE\u015eTE CU 40% V\u00c2NZ\u0102RILE DE VENTILATOARE \u015eI APARATELE DE AER CONDI\u0162IONAT - BTV\",\"isPartOf\":{\"@id\":\"https:\\\/\\\/www.btv.md\\\/#website\"},\"primaryImageOfPage\":{\"@id\":\"https:\\\/\\\/www.btv.md\\\/ro\\\/canicula-sporeste-cu-40-vanzarile-de-ventilatoare-si-aparatele-de-aer-conditionat\\\/#primaryimage\"},\"image\":{\"@id\":\"https:\\\/\\\/www.btv.md\\\/ro\\\/canicula-sporeste-cu-40-vanzarile-de-ventilatoare-si-aparatele-de-aer-conditionat\\\/#primaryimage\"},\"thumbnailUrl\":\"https:\\\/\\\/www.btv.md\\\/wp-content\\\/uploads\\\/2016\\\/07\\\/hr.jpg\",\"datePublished\":\"2016-07-14T13:02:53+00:00\",\"author\":{\"@id\":\"https:\\\/\\\/www.btv.md\\\/#\\\/schema\\\/person\\\/8fadce81561b3ce2c34c46dadc4ccbf2\"},\"inLanguage\":\"ro-RO\",\"potentialAction\":[{\"@type\":\"ReadAction\",\"target\":[\"https:\\\/\\\/www.btv.md\\\/ro\\\/canicula-sporeste-cu-40-vanzarile-de-ventilatoare-si-aparatele-de-aer-conditionat\\\/\"]}]},{\"@type\":\"ImageObject\",\"inLanguage\":\"ro-RO\",\"@id\":\"https:\\\/\\\/www.btv.md\\\/ro\\\/canicula-sporeste-cu-40-vanzarile-de-ventilatoare-si-aparatele-de-aer-conditionat\\\/#primaryimage\",\"url\":\"https:\\\/\\\/www.btv.md\\\/wp-content\\\/uploads\\\/2016\\\/07\\\/hr.jpg\",\"contentUrl\":\"https:\\\/\\\/www.btv.md\\\/wp-content\\\/uploads\\\/2016\\\/07\\\/hr.jpg\",\"width\":600,\"height\":400},{\"@type\":\"WebSite\",\"@id\":\"https:\\\/\\\/www.btv.md\\\/#website\",\"url\":\"https:\\\/\\\/www.btv.md\\\/\",\"name\":\"BTV\",\"description\":\"\u0411\u0435\u043b\u044c\u0446\u043a\u043e\u0435 \u0442\u0435\u043b\u0435\u0432\u0438\u0434\u0435\u043d\u0438\u0435\",\"potentialAction\":[{\"@type\":\"SearchAction\",\"target\":{\"@type\":\"EntryPoint\",\"urlTemplate\":\"https:\\\/\\\/www.btv.md\\\/?s={search_term_string}\"},\"query-input\":{\"@type\":\"PropertyValueSpecification\",\"valueRequired\":true,\"valueName\":\"search_term_string\"}}],\"inLanguage\":\"ro-RO\"},{\"@type\":\"Person\",\"@id\":\"https:\\\/\\\/www.btv.md\\\/#\\\/schema\\\/person\\\/8fadce81561b3ce2c34c46dadc4ccbf2\",\"name\":\"admin\"}]}<\/script>\n<!-- \/ Yoast SEO plugin. -->","yoast_head_json":{"title":"CANICULA SPORE\u015eTE CU 40% V\u00c2NZ\u0102RILE DE VENTILATOARE \u015eI APARATELE DE AER CONDI\u0162IONAT - BTV","robots":{"index":"index","follow":"follow","max-snippet":"max-snippet:-1","max-image-preview":"max-image-preview:large","max-video-preview":"max-video-preview:-1"},"canonical":"https:\/\/www.btv.md\/ro\/canicula-sporeste-cu-40-vanzarile-de-ventilatoare-si-aparatele-de-aer-conditionat\/","og_locale":"ro_RO","og_type":"article","og_title":"CANICULA SPORE\u015eTE CU 40% V\u00c2NZ\u0102RILE DE VENTILATOARE \u015eI APARATELE DE AER CONDI\u0162IONAT - BTV","og_description":"Ar\u015fi\u0163a din ultima perioad\u0103 \u00eencinge nu doar asfaltul, dar \u015fi profitul \u00een conturile firmelor care v\u00e2nd ventilatoare \u0219i aparate de aer condi\u021bionat. Ca s\u0103 fac\u0103 fa\u0163\u0103 mai u\u015for caniculei,\u00a0 b\u0103l\u021benii nu au ezitat s\u0103 fac\u0103 astfel de investi\u0163ii. Comercian\u0163ii spun c\u0103 au \u00eenregistrat v\u00e2nz\u0103ri \u015fi cu 40% mai mari fa\u0163\u0103 de aceea\u015fi perioad\u0103 a anului [&hellip;]","og_url":"https:\/\/www.btv.md\/ro\/canicula-sporeste-cu-40-vanzarile-de-ventilatoare-si-aparatele-de-aer-conditionat\/","og_site_name":"BTV","article_publisher":"https:\/\/www.facebook.com\/btvmoldova\/","article_published_time":"2016-07-14T13:02:53+00:00","og_image":[{"width":600,"height":400,"url":"https:\/\/www.btv.md\/wp-content\/uploads\/2016\/07\/hr.jpg","type":"image\/jpeg"}],"author":"admin","twitter_misc":{"Scris de":"admin","Timp estimat pentru citire":"1 minut"},"schema":{"@context":"https:\/\/schema.org","@graph":[{"@type":"Article","@id":"https:\/\/www.btv.md\/ro\/canicula-sporeste-cu-40-vanzarile-de-ventilatoare-si-aparatele-de-aer-conditionat\/#article","isPartOf":{"@id":"https:\/\/www.btv.md\/ro\/canicula-sporeste-cu-40-vanzarile-de-ventilatoare-si-aparatele-de-aer-conditionat\/"},"author":{"name":"admin","@id":"https:\/\/www.btv.md\/#\/schema\/person\/8fadce81561b3ce2c34c46dadc4ccbf2"},"headline":"CANICULA SPORE\u015eTE CU 40% V\u00c2NZ\u0102RILE DE VENTILATOARE \u015eI APARATELE DE AER CONDI\u0162IONAT","datePublished":"2016-07-14T13:02:53+00:00","mainEntityOfPage":{"@id":"https:\/\/www.btv.md\/ro\/canicula-sporeste-cu-40-vanzarile-de-ventilatoare-si-aparatele-de-aer-conditionat\/"},"wordCount":139,"image":{"@id":"https:\/\/www.btv.md\/ro\/canicula-sporeste-cu-40-vanzarile-de-ventilatoare-si-aparatele-de-aer-conditionat\/#primaryimage"},"thumbnailUrl":"https:\/\/www.btv.md\/wp-content\/uploads\/2016\/07\/hr.jpg","articleSection":["Social"],"inLanguage":"ro-RO"},{"@type":"WebPage","@id":"https:\/\/www.btv.md\/ro\/canicula-sporeste-cu-40-vanzarile-de-ventilatoare-si-aparatele-de-aer-conditionat\/","url":"https:\/\/www.btv.md\/ro\/canicula-sporeste-cu-40-vanzarile-de-ventilatoare-si-aparatele-de-aer-conditionat\/","name":"CANICULA SPORE\u015eTE CU 40% V\u00c2NZ\u0102RILE DE VENTILATOARE \u015eI APARATELE DE AER CONDI\u0162IONAT - BTV","isPartOf":{"@id":"https:\/\/www.btv.md\/#website"},"primaryImageOfPage":{"@id":"https:\/\/www.btv.md\/ro\/canicula-sporeste-cu-40-vanzarile-de-ventilatoare-si-aparatele-de-aer-conditionat\/#primaryimage"},"image":{"@id":"https:\/\/www.btv.md\/ro\/canicula-sporeste-cu-40-vanzarile-de-ventilatoare-si-aparatele-de-aer-conditionat\/#primaryimage"},"thumbnailUrl":"https:\/\/www.btv.md\/wp-content\/uploads\/2016\/07\/hr.jpg","datePublished":"2016-07-14T13:02:53+00:00","author":{"@id":"https:\/\/www.btv.md\/#\/schema\/person\/8fadce81561b3ce2c34c46dadc4ccbf2"},"inLanguage":"ro-RO","potentialAction":[{"@type":"ReadAction","target":["https:\/\/www.btv.md\/ro\/canicula-sporeste-cu-40-vanzarile-de-ventilatoare-si-aparatele-de-aer-conditionat\/"]}]},{"@type":"ImageObject","inLanguage":"ro-RO","@id":"https:\/\/www.btv.md\/ro\/canicula-sporeste-cu-40-vanzarile-de-ventilatoare-si-aparatele-de-aer-conditionat\/#primaryimage","url":"https:\/\/www.btv.md\/wp-content\/uploads\/2016\/07\/hr.jpg","contentUrl":"https:\/\/www.btv.md\/wp-content\/uploads\/2016\/07\/hr.jpg","width":600,"height":400},{"@type":"WebSite","@id":"https:\/\/www.btv.md\/#website","url":"https:\/\/www.btv.md\/","name":"BTV","description":"\u0411\u0435\u043b\u044c\u0446\u043a\u043e\u0435 \u0442\u0435\u043b\u0435\u0432\u0438\u0434\u0435\u043d\u0438\u0435","potentialAction":[{"@type":"SearchAction","target":{"@type":"EntryPoint","urlTemplate":"https:\/\/www.btv.md\/?s={search_term_string}"},"query-input":{"@type":"PropertyValueSpecification","valueRequired":true,"valueName":"search_term_string"}}],"inLanguage":"ro-RO"},{"@type":"Person","@id":"https:\/\/www.btv.md\/#\/schema\/person\/8fadce81561b3ce2c34c46dadc4ccbf2","name":"admin"}]}},"_links":{"self":[{"href":"https:\/\/www.btv.md\/ro\/wp-json\/wp\/v2\/posts\/15663","targetHints":{"allow":["GET"]}}],"collection":[{"href":"https:\/\/www.btv.md\/ro\/wp-json\/wp\/v2\/posts"}],"about":[{"href":"https:\/\/www.btv.md\/ro\/wp-json\/wp\/v2\/types\/post"}],"author":[{"embeddable":true,"href":"https:\/\/www.btv.md\/ro\/wp-json\/wp\/v2\/users\/4"}],"replies":[{"embeddable":true,"href":"https:\/\/www.btv.md\/ro\/wp-json\/wp\/v2\/comments?post=15663"}],"version-history":[{"count":0,"href":"https:\/\/www.btv.md\/ro\/wp-json\/wp\/v2\/posts\/15663\/revisions"}],"wp:featuredmedia":[{"embeddable":true,"href":"https:\/\/www.btv.md\/ro\/wp-json\/wp\/v2\/media\/15664"}],"wp:attachment":[{"href":"https:\/\/www.btv.md\/ro\/wp-json\/wp\/v2\/media?parent=15663"}],"wp:term":[{"taxonomy":"category","embeddable":true,"href":"https:\/\/www.btv.md\/ro\/wp-json\/wp\/v2\/categories?post=15663"},{"taxonomy":"post_tag","embeddable":true,"href":"https:\/\/www.btv.md\/ro\/wp-json\/wp\/v2\/tags?post=15663"}],"curies":[{"name":"wp","href":"https:\/\/api.w.org\/{rel}","templated":true}]}}