{"id":15695,"date":"2016-07-15T16:51:18","date_gmt":"2016-07-15T13:51:18","guid":{"rendered":"http:\/\/btv.md\/?p=15695"},"modified":"2016-07-15T16:51:27","modified_gmt":"2016-07-15T13:51:27","slug":"un-copac-era-cat-pe-ce-sa-striveasca-un-grup-de-copii","status":"publish","type":"post","link":"https:\/\/www.btv.md\/ro\/un-copac-era-cat-pe-ce-sa-striveasca-un-grup-de-copii\/","title":{"rendered":"UN COPAC ERA C\u00c2T PE CE S\u0102 STRIVEASC\u0102 UN GRUP DE  COPII"},"content":{"rendered":"<p><strong>La un pas de tragedie. Un copac de pe teritoriul gr\u0103dini\u021bei Nr. 4 din B\u0103l\u021bi s-a pr\u0103bu\u0219it pe trotuar, \u00een timp ce pe acolo treceau copii. Incidentul s-a produs \u00een dup\u0103 amiaza zilei de joi, 14 iulie.<\/strong> Un p\u0103rinte, martor ocular la cele \u00eent\u00e2mplate spune c\u0103 risca s\u0103 fie strivit de crengile acestuia.<\/p>\n<p><iframe width=\"1170\" height=\"878\" data-src=\"https:\/\/www.youtube.com\/embed\/wkKraa7eZyk?wmode=transparent&amp;rel=0&amp;feature=oembed\" frameborder=\"0\" allow=\"accelerometer; autoplay; encrypted-media; gyroscope; picture-in-picture\" allowfullscreen src=\"data:image\/svg+xml;base64,PHN2ZyB3aWR0aD0iMSIgaGVpZ2h0PSIxIiB4bWxucz0iaHR0cDovL3d3dy53My5vcmcvMjAwMC9zdmciPjwvc3ZnPg==\" class=\"lazyload\" data-load-mode=\"1\"><\/iframe><\/p>\n<p>Mama feti\u021bei a sesizat de nenumerate ori administra\u021bia institu\u021biei de \u00eenv\u0103\u021b\u0103m\u00e2nt s\u0103 ia atitudine fa\u0163\u0103 de problema creat\u0103,\u00a0 \u00eens\u0103 f\u0103r\u0103 rezultat. Potrivit ei, directoarea le-a cerut p\u0103rin\u021bilor bani pentru a putea realiza lucr\u0103rile de frezare a copacilor.<\/p>\n<p>Zinaida Carau\u0219 directoarea gr\u0103dini\u0163ei spune c\u0103 o bun\u0103 parte din arbori de pe teritoriul gr\u0103dini\u021bei au fost cur\u0103\u021ba\u021bi cu ajutorul p\u0103rin\u021bilor. Deasemenea aceasta a dat asigur\u0103ri c\u0103 \u00een urm\u0103toarele zile copacul va fi evacuat.<\/p>\n<p>\u00cen gr\u0103dini\u021ba Nr. 4\u00a0 din ora\u0219ul B\u0103l\u021bi sunt \u00eenscri\u0219i 250 de copii.<\/p>\n","protected":false},"excerpt":{"rendered":"<p>La un pas de tragedie. Un copac de pe teritoriul gr\u0103dini\u021bei Nr. 4 din B\u0103l\u021bi s-a pr\u0103bu\u0219it pe trotuar, \u00een timp ce pe acolo treceau copii. Incidentul s-a produs \u00een dup\u0103 amiaza zilei de joi, 14 iulie. Un p\u0103rinte, martor ocular la cele \u00eent\u00e2mplate spune c\u0103 risca s\u0103 fie strivit de crengile acestuia. Mama feti\u021bei [&hellip;]<\/p>\n","protected":false},"author":4,"featured_media":15696,"comment_status":"closed","ping_status":"closed","sticky":false,"template":"","format":"standard","meta":{"footnotes":""},"categories":[6349],"tags":[],"class_list":["post-15695","post","type-post","status-publish","format-standard","has-post-thumbnail","hentry","category-social"],"yoast_head":"<!-- This site is optimized with the Yoast SEO plugin v27.4 - https:\/\/yoast.com\/product\/yoast-seo-wordpress\/ -->\n<title>UN COPAC ERA C\u00c2T PE CE S\u0102 STRIVEASC\u0102 UN GRUP DE COPII  - BTV<\/title>\n<meta name=\"robots\" content=\"index, follow, max-snippet:-1, max-image-preview:large, max-video-preview:-1\" \/>\n<link rel=\"canonical\" href=\"https:\/\/www.btv.md\/ro\/un-copac-era-cat-pe-ce-sa-striveasca-un-grup-de-copii\/\" \/>\n<meta property=\"og:locale\" content=\"ro_RO\" \/>\n<meta property=\"og:type\" content=\"article\" \/>\n<meta property=\"og:title\" content=\"UN COPAC ERA C\u00c2T PE CE S\u0102 STRIVEASC\u0102 UN GRUP DE COPII  - BTV\" \/>\n<meta property=\"og:description\" content=\"La un pas de tragedie. Un copac de pe teritoriul gr\u0103dini\u021bei Nr. 4 din B\u0103l\u021bi s-a pr\u0103bu\u0219it pe trotuar, \u00een timp ce pe acolo treceau copii. Incidentul s-a produs \u00een dup\u0103 amiaza zilei de joi, 14 iulie. Un p\u0103rinte, martor ocular la cele \u00eent\u00e2mplate spune c\u0103 risca s\u0103 fie strivit de crengile acestuia. Mama feti\u021bei [&hellip;]\" \/>\n<meta property=\"og:url\" content=\"https:\/\/www.btv.md\/ro\/un-copac-era-cat-pe-ce-sa-striveasca-un-grup-de-copii\/\" \/>\n<meta property=\"og:site_name\" content=\"BTV\" \/>\n<meta property=\"article:publisher\" content=\"https:\/\/www.facebook.com\/btvmoldova\/\" \/>\n<meta property=\"article:published_time\" content=\"2016-07-15T13:51:18+00:00\" \/>\n<meta property=\"article:modified_time\" content=\"2016-07-15T13:51:27+00:00\" \/>\n<meta property=\"og:image\" content=\"https:\/\/www.btv.md\/wp-content\/uploads\/2016\/07\/bbbbbbb.jpg\" \/>\n\t<meta property=\"og:image:width\" content=\"600\" \/>\n\t<meta property=\"og:image:height\" content=\"400\" \/>\n\t<meta property=\"og:image:type\" content=\"image\/jpeg\" \/>\n<meta name=\"author\" content=\"admin\" \/>\n<meta name=\"twitter:label1\" content=\"Scris de\" \/>\n\t<meta name=\"twitter:data1\" content=\"admin\" \/>\n\t<meta name=\"twitter:label2\" content=\"Timp estimat pentru citire\" \/>\n\t<meta name=\"twitter:data2\" content=\"1 minut\" \/>\n<script type=\"application\/ld+json\" class=\"yoast-schema-graph\">{\"@context\":\"https:\\\/\\\/schema.org\",\"@graph\":[{\"@type\":\"Article\",\"@id\":\"https:\\\/\\\/www.btv.md\\\/ro\\\/un-copac-era-cat-pe-ce-sa-striveasca-un-grup-de-copii\\\/#article\",\"isPartOf\":{\"@id\":\"https:\\\/\\\/www.btv.md\\\/ro\\\/un-copac-era-cat-pe-ce-sa-striveasca-un-grup-de-copii\\\/\"},\"author\":{\"name\":\"admin\",\"@id\":\"https:\\\/\\\/www.btv.md\\\/#\\\/schema\\\/person\\\/8fadce81561b3ce2c34c46dadc4ccbf2\"},\"headline\":\"UN COPAC ERA C\u00c2T PE CE S\u0102 STRIVEASC\u0102 UN GRUP DE COPII\",\"datePublished\":\"2016-07-15T13:51:18+00:00\",\"dateModified\":\"2016-07-15T13:51:27+00:00\",\"mainEntityOfPage\":{\"@id\":\"https:\\\/\\\/www.btv.md\\\/ro\\\/un-copac-era-cat-pe-ce-sa-striveasca-un-grup-de-copii\\\/\"},\"wordCount\":183,\"image\":{\"@id\":\"https:\\\/\\\/www.btv.md\\\/ro\\\/un-copac-era-cat-pe-ce-sa-striveasca-un-grup-de-copii\\\/#primaryimage\"},\"thumbnailUrl\":\"https:\\\/\\\/www.btv.md\\\/wp-content\\\/uploads\\\/2016\\\/07\\\/bbbbbbb.jpg\",\"articleSection\":[\"Social\"],\"inLanguage\":\"ro-RO\"},{\"@type\":\"WebPage\",\"@id\":\"https:\\\/\\\/www.btv.md\\\/ro\\\/un-copac-era-cat-pe-ce-sa-striveasca-un-grup-de-copii\\\/\",\"url\":\"https:\\\/\\\/www.btv.md\\\/ro\\\/un-copac-era-cat-pe-ce-sa-striveasca-un-grup-de-copii\\\/\",\"name\":\"UN COPAC ERA C\u00c2T PE CE S\u0102 STRIVEASC\u0102 UN GRUP DE COPII - BTV\",\"isPartOf\":{\"@id\":\"https:\\\/\\\/www.btv.md\\\/#website\"},\"primaryImageOfPage\":{\"@id\":\"https:\\\/\\\/www.btv.md\\\/ro\\\/un-copac-era-cat-pe-ce-sa-striveasca-un-grup-de-copii\\\/#primaryimage\"},\"image\":{\"@id\":\"https:\\\/\\\/www.btv.md\\\/ro\\\/un-copac-era-cat-pe-ce-sa-striveasca-un-grup-de-copii\\\/#primaryimage\"},\"thumbnailUrl\":\"https:\\\/\\\/www.btv.md\\\/wp-content\\\/uploads\\\/2016\\\/07\\\/bbbbbbb.jpg\",\"datePublished\":\"2016-07-15T13:51:18+00:00\",\"dateModified\":\"2016-07-15T13:51:27+00:00\",\"author\":{\"@id\":\"https:\\\/\\\/www.btv.md\\\/#\\\/schema\\\/person\\\/8fadce81561b3ce2c34c46dadc4ccbf2\"},\"inLanguage\":\"ro-RO\",\"potentialAction\":[{\"@type\":\"ReadAction\",\"target\":[\"https:\\\/\\\/www.btv.md\\\/ro\\\/un-copac-era-cat-pe-ce-sa-striveasca-un-grup-de-copii\\\/\"]}]},{\"@type\":\"ImageObject\",\"inLanguage\":\"ro-RO\",\"@id\":\"https:\\\/\\\/www.btv.md\\\/ro\\\/un-copac-era-cat-pe-ce-sa-striveasca-un-grup-de-copii\\\/#primaryimage\",\"url\":\"https:\\\/\\\/www.btv.md\\\/wp-content\\\/uploads\\\/2016\\\/07\\\/bbbbbbb.jpg\",\"contentUrl\":\"https:\\\/\\\/www.btv.md\\\/wp-content\\\/uploads\\\/2016\\\/07\\\/bbbbbbb.jpg\",\"width\":600,\"height\":400},{\"@type\":\"WebSite\",\"@id\":\"https:\\\/\\\/www.btv.md\\\/#website\",\"url\":\"https:\\\/\\\/www.btv.md\\\/\",\"name\":\"BTV\",\"description\":\"\u0411\u0435\u043b\u044c\u0446\u043a\u043e\u0435 \u0442\u0435\u043b\u0435\u0432\u0438\u0434\u0435\u043d\u0438\u0435\",\"potentialAction\":[{\"@type\":\"SearchAction\",\"target\":{\"@type\":\"EntryPoint\",\"urlTemplate\":\"https:\\\/\\\/www.btv.md\\\/?s={search_term_string}\"},\"query-input\":{\"@type\":\"PropertyValueSpecification\",\"valueRequired\":true,\"valueName\":\"search_term_string\"}}],\"inLanguage\":\"ro-RO\"},{\"@type\":\"Person\",\"@id\":\"https:\\\/\\\/www.btv.md\\\/#\\\/schema\\\/person\\\/8fadce81561b3ce2c34c46dadc4ccbf2\",\"name\":\"admin\"}]}<\/script>\n<!-- \/ Yoast SEO plugin. -->","yoast_head_json":{"title":"UN COPAC ERA C\u00c2T PE CE S\u0102 STRIVEASC\u0102 UN GRUP DE COPII  - BTV","robots":{"index":"index","follow":"follow","max-snippet":"max-snippet:-1","max-image-preview":"max-image-preview:large","max-video-preview":"max-video-preview:-1"},"canonical":"https:\/\/www.btv.md\/ro\/un-copac-era-cat-pe-ce-sa-striveasca-un-grup-de-copii\/","og_locale":"ro_RO","og_type":"article","og_title":"UN COPAC ERA C\u00c2T PE CE S\u0102 STRIVEASC\u0102 UN GRUP DE COPII  - BTV","og_description":"La un pas de tragedie. Un copac de pe teritoriul gr\u0103dini\u021bei Nr. 4 din B\u0103l\u021bi s-a pr\u0103bu\u0219it pe trotuar, \u00een timp ce pe acolo treceau copii. Incidentul s-a produs \u00een dup\u0103 amiaza zilei de joi, 14 iulie. Un p\u0103rinte, martor ocular la cele \u00eent\u00e2mplate spune c\u0103 risca s\u0103 fie strivit de crengile acestuia. Mama feti\u021bei [&hellip;]","og_url":"https:\/\/www.btv.md\/ro\/un-copac-era-cat-pe-ce-sa-striveasca-un-grup-de-copii\/","og_site_name":"BTV","article_publisher":"https:\/\/www.facebook.com\/btvmoldova\/","article_published_time":"2016-07-15T13:51:18+00:00","article_modified_time":"2016-07-15T13:51:27+00:00","og_image":[{"width":600,"height":400,"url":"https:\/\/www.btv.md\/wp-content\/uploads\/2016\/07\/bbbbbbb.jpg","type":"image\/jpeg"}],"author":"admin","twitter_misc":{"Scris de":"admin","Timp estimat pentru citire":"1 minut"},"schema":{"@context":"https:\/\/schema.org","@graph":[{"@type":"Article","@id":"https:\/\/www.btv.md\/ro\/un-copac-era-cat-pe-ce-sa-striveasca-un-grup-de-copii\/#article","isPartOf":{"@id":"https:\/\/www.btv.md\/ro\/un-copac-era-cat-pe-ce-sa-striveasca-un-grup-de-copii\/"},"author":{"name":"admin","@id":"https:\/\/www.btv.md\/#\/schema\/person\/8fadce81561b3ce2c34c46dadc4ccbf2"},"headline":"UN COPAC ERA C\u00c2T PE CE S\u0102 STRIVEASC\u0102 UN GRUP DE COPII","datePublished":"2016-07-15T13:51:18+00:00","dateModified":"2016-07-15T13:51:27+00:00","mainEntityOfPage":{"@id":"https:\/\/www.btv.md\/ro\/un-copac-era-cat-pe-ce-sa-striveasca-un-grup-de-copii\/"},"wordCount":183,"image":{"@id":"https:\/\/www.btv.md\/ro\/un-copac-era-cat-pe-ce-sa-striveasca-un-grup-de-copii\/#primaryimage"},"thumbnailUrl":"https:\/\/www.btv.md\/wp-content\/uploads\/2016\/07\/bbbbbbb.jpg","articleSection":["Social"],"inLanguage":"ro-RO"},{"@type":"WebPage","@id":"https:\/\/www.btv.md\/ro\/un-copac-era-cat-pe-ce-sa-striveasca-un-grup-de-copii\/","url":"https:\/\/www.btv.md\/ro\/un-copac-era-cat-pe-ce-sa-striveasca-un-grup-de-copii\/","name":"UN COPAC ERA C\u00c2T PE CE S\u0102 STRIVEASC\u0102 UN GRUP DE COPII - BTV","isPartOf":{"@id":"https:\/\/www.btv.md\/#website"},"primaryImageOfPage":{"@id":"https:\/\/www.btv.md\/ro\/un-copac-era-cat-pe-ce-sa-striveasca-un-grup-de-copii\/#primaryimage"},"image":{"@id":"https:\/\/www.btv.md\/ro\/un-copac-era-cat-pe-ce-sa-striveasca-un-grup-de-copii\/#primaryimage"},"thumbnailUrl":"https:\/\/www.btv.md\/wp-content\/uploads\/2016\/07\/bbbbbbb.jpg","datePublished":"2016-07-15T13:51:18+00:00","dateModified":"2016-07-15T13:51:27+00:00","author":{"@id":"https:\/\/www.btv.md\/#\/schema\/person\/8fadce81561b3ce2c34c46dadc4ccbf2"},"inLanguage":"ro-RO","potentialAction":[{"@type":"ReadAction","target":["https:\/\/www.btv.md\/ro\/un-copac-era-cat-pe-ce-sa-striveasca-un-grup-de-copii\/"]}]},{"@type":"ImageObject","inLanguage":"ro-RO","@id":"https:\/\/www.btv.md\/ro\/un-copac-era-cat-pe-ce-sa-striveasca-un-grup-de-copii\/#primaryimage","url":"https:\/\/www.btv.md\/wp-content\/uploads\/2016\/07\/bbbbbbb.jpg","contentUrl":"https:\/\/www.btv.md\/wp-content\/uploads\/2016\/07\/bbbbbbb.jpg","width":600,"height":400},{"@type":"WebSite","@id":"https:\/\/www.btv.md\/#website","url":"https:\/\/www.btv.md\/","name":"BTV","description":"\u0411\u0435\u043b\u044c\u0446\u043a\u043e\u0435 \u0442\u0435\u043b\u0435\u0432\u0438\u0434\u0435\u043d\u0438\u0435","potentialAction":[{"@type":"SearchAction","target":{"@type":"EntryPoint","urlTemplate":"https:\/\/www.btv.md\/?s={search_term_string}"},"query-input":{"@type":"PropertyValueSpecification","valueRequired":true,"valueName":"search_term_string"}}],"inLanguage":"ro-RO"},{"@type":"Person","@id":"https:\/\/www.btv.md\/#\/schema\/person\/8fadce81561b3ce2c34c46dadc4ccbf2","name":"admin"}]}},"_links":{"self":[{"href":"https:\/\/www.btv.md\/ro\/wp-json\/wp\/v2\/posts\/15695","targetHints":{"allow":["GET"]}}],"collection":[{"href":"https:\/\/www.btv.md\/ro\/wp-json\/wp\/v2\/posts"}],"about":[{"href":"https:\/\/www.btv.md\/ro\/wp-json\/wp\/v2\/types\/post"}],"author":[{"embeddable":true,"href":"https:\/\/www.btv.md\/ro\/wp-json\/wp\/v2\/users\/4"}],"replies":[{"embeddable":true,"href":"https:\/\/www.btv.md\/ro\/wp-json\/wp\/v2\/comments?post=15695"}],"version-history":[{"count":0,"href":"https:\/\/www.btv.md\/ro\/wp-json\/wp\/v2\/posts\/15695\/revisions"}],"wp:featuredmedia":[{"embeddable":true,"href":"https:\/\/www.btv.md\/ro\/wp-json\/wp\/v2\/media\/15696"}],"wp:attachment":[{"href":"https:\/\/www.btv.md\/ro\/wp-json\/wp\/v2\/media?parent=15695"}],"wp:term":[{"taxonomy":"category","embeddable":true,"href":"https:\/\/www.btv.md\/ro\/wp-json\/wp\/v2\/categories?post=15695"},{"taxonomy":"post_tag","embeddable":true,"href":"https:\/\/www.btv.md\/ro\/wp-json\/wp\/v2\/tags?post=15695"}],"curies":[{"name":"wp","href":"https:\/\/api.w.org\/{rel}","templated":true}]}}