{"id":15698,"date":"2016-07-15T17:05:33","date_gmt":"2016-07-15T14:05:33","guid":{"rendered":"http:\/\/btv.md\/?p=15698"},"modified":"2016-07-15T17:05:44","modified_gmt":"2016-07-15T14:05:44","slug":"cinci-incendii-de-vegetatie-intr-o-saptamana","status":"publish","type":"post","link":"https:\/\/www.btv.md\/ro\/cinci-incendii-de-vegetatie-intr-o-saptamana\/","title":{"rendered":"CINCI  INCENDII DE  VEGETA\u021aIE  \u00ceNTR-O S\u0102PT\u0102M\u00c2N\u0102"},"content":{"rendered":"<p><em>Temperaturile caniculare<\/em><em> din ultima perioad\u0103\u00a0 au venit \u00a0la\u00a0 pachet \u0219i cu incendiile de vegeta\u021bie. De la \u00eenceputul acestei s\u0103pt\u0103m\u00e2ni \u00een municipiul B\u0103l\u021bi au fost atestate cinci cazuri de ardere a vegeta\u021biei uscate. Fl\u0103c\u0103rile<\/em> <em>riscau <\/em>s\u0103 se \u00eendrepte spre locuin\u021bele oamenilor din apropiere. Pentru a preveni astfel de situa\u021bii Serviciul Protec\u021biei Civile \u0219i Situa\u021biilor Excep\u021bionale \u00eendeamn\u0103 cet\u0103\u021benii s\u0103 fie pruden\u021bi s\u0103 nu recurg\u0103 la ac\u021biuni de igienizare prin ardere \u0219i s\u0103 nu arunce la \u00eent\u00e2mplare surse de foc.<\/p>\n<p><iframe width=\"1170\" height=\"878\" data-src=\"https:\/\/www.youtube.com\/embed\/F9oh8zHcWmU?wmode=transparent&amp;rel=0&amp;feature=oembed\" frameborder=\"0\" allow=\"accelerometer; autoplay; encrypted-media; gyroscope; picture-in-picture\" allowfullscreen src=\"data:image\/svg+xml;base64,PHN2ZyB3aWR0aD0iMSIgaGVpZ2h0PSIxIiB4bWxucz0iaHR0cDovL3d3dy53My5vcmcvMjAwMC9zdmciPjwvc3ZnPg==\" class=\"lazyload\" data-load-mode=\"1\"><\/iframe><\/p>\n<p>\u00cen ultimele 24 de ore, pompierii din \u021bar\u0103 au intervenit pentru a stinge peste 30 de focare, fiind afectate aproximativ 93 de hectare de terenuri agricole.\u00a0<\/p>\n","protected":false},"excerpt":{"rendered":"<p>Temperaturile caniculare din ultima perioad\u0103\u00a0 au venit \u00a0la\u00a0 pachet \u0219i cu incendiile de vegeta\u021bie. De la \u00eenceputul acestei s\u0103pt\u0103m\u00e2ni \u00een municipiul B\u0103l\u021bi au fost atestate cinci cazuri de ardere a vegeta\u021biei uscate. Fl\u0103c\u0103rile riscau s\u0103 se \u00eendrepte spre locuin\u021bele oamenilor din apropiere. Pentru a preveni astfel de situa\u021bii Serviciul Protec\u021biei Civile \u0219i Situa\u021biilor Excep\u021bionale \u00eendeamn\u0103 [&hellip;]<\/p>\n","protected":false},"author":4,"featured_media":15699,"comment_status":"closed","ping_status":"closed","sticky":false,"template":"","format":"standard","meta":{"footnotes":""},"categories":[6349],"tags":[],"class_list":["post-15698","post","type-post","status-publish","format-standard","has-post-thumbnail","hentry","category-social"],"yoast_head":"<!-- This site is optimized with the Yoast SEO plugin v27.4 - https:\/\/yoast.com\/product\/yoast-seo-wordpress\/ -->\n<title>CINCI INCENDII DE VEGETA\u021aIE \u00ceNTR-O S\u0102PT\u0102M\u00c2N\u0102  - BTV<\/title>\n<meta name=\"robots\" content=\"index, follow, max-snippet:-1, max-image-preview:large, max-video-preview:-1\" \/>\n<link rel=\"canonical\" href=\"https:\/\/www.btv.md\/ro\/cinci-incendii-de-vegetatie-intr-o-saptamana\/\" \/>\n<meta property=\"og:locale\" content=\"ro_RO\" \/>\n<meta property=\"og:type\" content=\"article\" \/>\n<meta property=\"og:title\" content=\"CINCI INCENDII DE VEGETA\u021aIE \u00ceNTR-O S\u0102PT\u0102M\u00c2N\u0102  - BTV\" \/>\n<meta property=\"og:description\" content=\"Temperaturile caniculare din ultima perioad\u0103\u00a0 au venit \u00a0la\u00a0 pachet \u0219i cu incendiile de vegeta\u021bie. De la \u00eenceputul acestei s\u0103pt\u0103m\u00e2ni \u00een municipiul B\u0103l\u021bi au fost atestate cinci cazuri de ardere a vegeta\u021biei uscate. Fl\u0103c\u0103rile riscau s\u0103 se \u00eendrepte spre locuin\u021bele oamenilor din apropiere. Pentru a preveni astfel de situa\u021bii Serviciul Protec\u021biei Civile \u0219i Situa\u021biilor Excep\u021bionale \u00eendeamn\u0103 [&hellip;]\" \/>\n<meta property=\"og:url\" content=\"https:\/\/www.btv.md\/ro\/cinci-incendii-de-vegetatie-intr-o-saptamana\/\" \/>\n<meta property=\"og:site_name\" content=\"BTV\" \/>\n<meta property=\"article:publisher\" content=\"https:\/\/www.facebook.com\/btvmoldova\/\" \/>\n<meta property=\"article:published_time\" content=\"2016-07-15T14:05:33+00:00\" \/>\n<meta property=\"article:modified_time\" content=\"2016-07-15T14:05:44+00:00\" \/>\n<meta property=\"og:image\" content=\"https:\/\/www.btv.md\/wp-content\/uploads\/2016\/07\/uyl.jpg\" \/>\n\t<meta property=\"og:image:width\" content=\"600\" \/>\n\t<meta property=\"og:image:height\" content=\"400\" \/>\n\t<meta property=\"og:image:type\" content=\"image\/jpeg\" \/>\n<meta name=\"author\" content=\"admin\" \/>\n<meta name=\"twitter:label1\" content=\"Scris de\" \/>\n\t<meta name=\"twitter:data1\" content=\"admin\" \/>\n\t<meta name=\"twitter:label2\" content=\"Timp estimat pentru citire\" \/>\n\t<meta name=\"twitter:data2\" content=\"1 minut\" \/>\n<script type=\"application\/ld+json\" class=\"yoast-schema-graph\">{\"@context\":\"https:\\\/\\\/schema.org\",\"@graph\":[{\"@type\":\"Article\",\"@id\":\"https:\\\/\\\/www.btv.md\\\/ro\\\/cinci-incendii-de-vegetatie-intr-o-saptamana\\\/#article\",\"isPartOf\":{\"@id\":\"https:\\\/\\\/www.btv.md\\\/ro\\\/cinci-incendii-de-vegetatie-intr-o-saptamana\\\/\"},\"author\":{\"name\":\"admin\",\"@id\":\"https:\\\/\\\/www.btv.md\\\/#\\\/schema\\\/person\\\/8fadce81561b3ce2c34c46dadc4ccbf2\"},\"headline\":\"CINCI INCENDII DE VEGETA\u021aIE \u00ceNTR-O S\u0102PT\u0102M\u00c2N\u0102\",\"datePublished\":\"2016-07-15T14:05:33+00:00\",\"dateModified\":\"2016-07-15T14:05:44+00:00\",\"mainEntityOfPage\":{\"@id\":\"https:\\\/\\\/www.btv.md\\\/ro\\\/cinci-incendii-de-vegetatie-intr-o-saptamana\\\/\"},\"wordCount\":134,\"image\":{\"@id\":\"https:\\\/\\\/www.btv.md\\\/ro\\\/cinci-incendii-de-vegetatie-intr-o-saptamana\\\/#primaryimage\"},\"thumbnailUrl\":\"https:\\\/\\\/www.btv.md\\\/wp-content\\\/uploads\\\/2016\\\/07\\\/uyl.jpg\",\"articleSection\":[\"Social\"],\"inLanguage\":\"ro-RO\"},{\"@type\":\"WebPage\",\"@id\":\"https:\\\/\\\/www.btv.md\\\/ro\\\/cinci-incendii-de-vegetatie-intr-o-saptamana\\\/\",\"url\":\"https:\\\/\\\/www.btv.md\\\/ro\\\/cinci-incendii-de-vegetatie-intr-o-saptamana\\\/\",\"name\":\"CINCI INCENDII DE VEGETA\u021aIE \u00ceNTR-O S\u0102PT\u0102M\u00c2N\u0102 - BTV\",\"isPartOf\":{\"@id\":\"https:\\\/\\\/www.btv.md\\\/#website\"},\"primaryImageOfPage\":{\"@id\":\"https:\\\/\\\/www.btv.md\\\/ro\\\/cinci-incendii-de-vegetatie-intr-o-saptamana\\\/#primaryimage\"},\"image\":{\"@id\":\"https:\\\/\\\/www.btv.md\\\/ro\\\/cinci-incendii-de-vegetatie-intr-o-saptamana\\\/#primaryimage\"},\"thumbnailUrl\":\"https:\\\/\\\/www.btv.md\\\/wp-content\\\/uploads\\\/2016\\\/07\\\/uyl.jpg\",\"datePublished\":\"2016-07-15T14:05:33+00:00\",\"dateModified\":\"2016-07-15T14:05:44+00:00\",\"author\":{\"@id\":\"https:\\\/\\\/www.btv.md\\\/#\\\/schema\\\/person\\\/8fadce81561b3ce2c34c46dadc4ccbf2\"},\"inLanguage\":\"ro-RO\",\"potentialAction\":[{\"@type\":\"ReadAction\",\"target\":[\"https:\\\/\\\/www.btv.md\\\/ro\\\/cinci-incendii-de-vegetatie-intr-o-saptamana\\\/\"]}]},{\"@type\":\"ImageObject\",\"inLanguage\":\"ro-RO\",\"@id\":\"https:\\\/\\\/www.btv.md\\\/ro\\\/cinci-incendii-de-vegetatie-intr-o-saptamana\\\/#primaryimage\",\"url\":\"https:\\\/\\\/www.btv.md\\\/wp-content\\\/uploads\\\/2016\\\/07\\\/uyl.jpg\",\"contentUrl\":\"https:\\\/\\\/www.btv.md\\\/wp-content\\\/uploads\\\/2016\\\/07\\\/uyl.jpg\",\"width\":600,\"height\":400},{\"@type\":\"WebSite\",\"@id\":\"https:\\\/\\\/www.btv.md\\\/#website\",\"url\":\"https:\\\/\\\/www.btv.md\\\/\",\"name\":\"BTV\",\"description\":\"\u0411\u0435\u043b\u044c\u0446\u043a\u043e\u0435 \u0442\u0435\u043b\u0435\u0432\u0438\u0434\u0435\u043d\u0438\u0435\",\"potentialAction\":[{\"@type\":\"SearchAction\",\"target\":{\"@type\":\"EntryPoint\",\"urlTemplate\":\"https:\\\/\\\/www.btv.md\\\/?s={search_term_string}\"},\"query-input\":{\"@type\":\"PropertyValueSpecification\",\"valueRequired\":true,\"valueName\":\"search_term_string\"}}],\"inLanguage\":\"ro-RO\"},{\"@type\":\"Person\",\"@id\":\"https:\\\/\\\/www.btv.md\\\/#\\\/schema\\\/person\\\/8fadce81561b3ce2c34c46dadc4ccbf2\",\"name\":\"admin\"}]}<\/script>\n<!-- \/ Yoast SEO plugin. -->","yoast_head_json":{"title":"CINCI INCENDII DE VEGETA\u021aIE \u00ceNTR-O S\u0102PT\u0102M\u00c2N\u0102  - BTV","robots":{"index":"index","follow":"follow","max-snippet":"max-snippet:-1","max-image-preview":"max-image-preview:large","max-video-preview":"max-video-preview:-1"},"canonical":"https:\/\/www.btv.md\/ro\/cinci-incendii-de-vegetatie-intr-o-saptamana\/","og_locale":"ro_RO","og_type":"article","og_title":"CINCI INCENDII DE VEGETA\u021aIE \u00ceNTR-O S\u0102PT\u0102M\u00c2N\u0102  - BTV","og_description":"Temperaturile caniculare din ultima perioad\u0103\u00a0 au venit \u00a0la\u00a0 pachet \u0219i cu incendiile de vegeta\u021bie. De la \u00eenceputul acestei s\u0103pt\u0103m\u00e2ni \u00een municipiul B\u0103l\u021bi au fost atestate cinci cazuri de ardere a vegeta\u021biei uscate. Fl\u0103c\u0103rile riscau s\u0103 se \u00eendrepte spre locuin\u021bele oamenilor din apropiere. Pentru a preveni astfel de situa\u021bii Serviciul Protec\u021biei Civile \u0219i Situa\u021biilor Excep\u021bionale \u00eendeamn\u0103 [&hellip;]","og_url":"https:\/\/www.btv.md\/ro\/cinci-incendii-de-vegetatie-intr-o-saptamana\/","og_site_name":"BTV","article_publisher":"https:\/\/www.facebook.com\/btvmoldova\/","article_published_time":"2016-07-15T14:05:33+00:00","article_modified_time":"2016-07-15T14:05:44+00:00","og_image":[{"width":600,"height":400,"url":"https:\/\/www.btv.md\/wp-content\/uploads\/2016\/07\/uyl.jpg","type":"image\/jpeg"}],"author":"admin","twitter_misc":{"Scris de":"admin","Timp estimat pentru citire":"1 minut"},"schema":{"@context":"https:\/\/schema.org","@graph":[{"@type":"Article","@id":"https:\/\/www.btv.md\/ro\/cinci-incendii-de-vegetatie-intr-o-saptamana\/#article","isPartOf":{"@id":"https:\/\/www.btv.md\/ro\/cinci-incendii-de-vegetatie-intr-o-saptamana\/"},"author":{"name":"admin","@id":"https:\/\/www.btv.md\/#\/schema\/person\/8fadce81561b3ce2c34c46dadc4ccbf2"},"headline":"CINCI INCENDII DE VEGETA\u021aIE \u00ceNTR-O S\u0102PT\u0102M\u00c2N\u0102","datePublished":"2016-07-15T14:05:33+00:00","dateModified":"2016-07-15T14:05:44+00:00","mainEntityOfPage":{"@id":"https:\/\/www.btv.md\/ro\/cinci-incendii-de-vegetatie-intr-o-saptamana\/"},"wordCount":134,"image":{"@id":"https:\/\/www.btv.md\/ro\/cinci-incendii-de-vegetatie-intr-o-saptamana\/#primaryimage"},"thumbnailUrl":"https:\/\/www.btv.md\/wp-content\/uploads\/2016\/07\/uyl.jpg","articleSection":["Social"],"inLanguage":"ro-RO"},{"@type":"WebPage","@id":"https:\/\/www.btv.md\/ro\/cinci-incendii-de-vegetatie-intr-o-saptamana\/","url":"https:\/\/www.btv.md\/ro\/cinci-incendii-de-vegetatie-intr-o-saptamana\/","name":"CINCI INCENDII DE VEGETA\u021aIE \u00ceNTR-O S\u0102PT\u0102M\u00c2N\u0102 - BTV","isPartOf":{"@id":"https:\/\/www.btv.md\/#website"},"primaryImageOfPage":{"@id":"https:\/\/www.btv.md\/ro\/cinci-incendii-de-vegetatie-intr-o-saptamana\/#primaryimage"},"image":{"@id":"https:\/\/www.btv.md\/ro\/cinci-incendii-de-vegetatie-intr-o-saptamana\/#primaryimage"},"thumbnailUrl":"https:\/\/www.btv.md\/wp-content\/uploads\/2016\/07\/uyl.jpg","datePublished":"2016-07-15T14:05:33+00:00","dateModified":"2016-07-15T14:05:44+00:00","author":{"@id":"https:\/\/www.btv.md\/#\/schema\/person\/8fadce81561b3ce2c34c46dadc4ccbf2"},"inLanguage":"ro-RO","potentialAction":[{"@type":"ReadAction","target":["https:\/\/www.btv.md\/ro\/cinci-incendii-de-vegetatie-intr-o-saptamana\/"]}]},{"@type":"ImageObject","inLanguage":"ro-RO","@id":"https:\/\/www.btv.md\/ro\/cinci-incendii-de-vegetatie-intr-o-saptamana\/#primaryimage","url":"https:\/\/www.btv.md\/wp-content\/uploads\/2016\/07\/uyl.jpg","contentUrl":"https:\/\/www.btv.md\/wp-content\/uploads\/2016\/07\/uyl.jpg","width":600,"height":400},{"@type":"WebSite","@id":"https:\/\/www.btv.md\/#website","url":"https:\/\/www.btv.md\/","name":"BTV","description":"\u0411\u0435\u043b\u044c\u0446\u043a\u043e\u0435 \u0442\u0435\u043b\u0435\u0432\u0438\u0434\u0435\u043d\u0438\u0435","potentialAction":[{"@type":"SearchAction","target":{"@type":"EntryPoint","urlTemplate":"https:\/\/www.btv.md\/?s={search_term_string}"},"query-input":{"@type":"PropertyValueSpecification","valueRequired":true,"valueName":"search_term_string"}}],"inLanguage":"ro-RO"},{"@type":"Person","@id":"https:\/\/www.btv.md\/#\/schema\/person\/8fadce81561b3ce2c34c46dadc4ccbf2","name":"admin"}]}},"_links":{"self":[{"href":"https:\/\/www.btv.md\/ro\/wp-json\/wp\/v2\/posts\/15698","targetHints":{"allow":["GET"]}}],"collection":[{"href":"https:\/\/www.btv.md\/ro\/wp-json\/wp\/v2\/posts"}],"about":[{"href":"https:\/\/www.btv.md\/ro\/wp-json\/wp\/v2\/types\/post"}],"author":[{"embeddable":true,"href":"https:\/\/www.btv.md\/ro\/wp-json\/wp\/v2\/users\/4"}],"replies":[{"embeddable":true,"href":"https:\/\/www.btv.md\/ro\/wp-json\/wp\/v2\/comments?post=15698"}],"version-history":[{"count":0,"href":"https:\/\/www.btv.md\/ro\/wp-json\/wp\/v2\/posts\/15698\/revisions"}],"wp:featuredmedia":[{"embeddable":true,"href":"https:\/\/www.btv.md\/ro\/wp-json\/wp\/v2\/media\/15699"}],"wp:attachment":[{"href":"https:\/\/www.btv.md\/ro\/wp-json\/wp\/v2\/media?parent=15698"}],"wp:term":[{"taxonomy":"category","embeddable":true,"href":"https:\/\/www.btv.md\/ro\/wp-json\/wp\/v2\/categories?post=15698"},{"taxonomy":"post_tag","embeddable":true,"href":"https:\/\/www.btv.md\/ro\/wp-json\/wp\/v2\/tags?post=15698"}],"curies":[{"name":"wp","href":"https:\/\/api.w.org\/{rel}","templated":true}]}}