{"id":157056,"date":"2021-11-17T11:02:13","date_gmt":"2021-11-17T09:02:13","guid":{"rendered":"https:\/\/www.btv.md\/?p=157056"},"modified":"2021-11-17T11:02:13","modified_gmt":"2021-11-17T09:02:13","slug":"candidatii-pentru-functia-de-membru-al-cca-isi-pot-depune-dosarele","status":"publish","type":"post","link":"https:\/\/www.btv.md\/ro\/candidatii-pentru-functia-de-membru-al-cca-isi-pot-depune-dosarele\/","title":{"rendered":"Candida\u021bii pentru func\u021bia de membru al CCA \u00ee\u0219i pot depune dosarele"},"content":{"rendered":"<p><strong>Candida\u021bii propu\u0219i de organiza\u021biile societ\u0103\u021bii civile la func\u021bia de membru al Consiliului Audiovizualului (CA) pot depune dosarele, p\u00e2n\u0103 la data de 22 noiembrie 2021, ora 17:00.\u00a0Anun\u021bul a fost f\u0103cut de Comisia cultur\u0103, educa\u021bie, cercetare, tineret, sport \u0219i mass-media.<\/strong><\/p>\n<p>Astfel potrivit legisla\u021biei, candida\u021bii la func\u021bia de membru al CA trebuie s\u0103 de\u021bin\u0103 cet\u0103\u021benia Republicii Moldova \u0219i s\u0103 aib\u0103 cel pu\u021bin cinci ani de experien\u021b\u0103 \u00een unul dintre domeniile audiovizualului, al comunic\u0103rii \u0219i jurnalismului, al cinematografiei, al culturii, al \u0219tiin\u021bei \u0219i cercet\u0103rii, al dreptului, al tehnologiei informa\u021biei \u0219i comunica\u021biilor, al publicit\u0103\u021bii, precum \u0219i al activit\u0103\u021bii academice.<\/p>\n<p>\u00cen acela\u0219i timp, candida\u021bii nu trebuie s\u0103 aib\u0103 interese, inclusiv financiare, \u00een cadrul furnizorilor \u0219i distribuitorilor de servicii media \u0219i \u00eentreprinderilor de comunica\u021bii electronice sau din domeniul publicit\u0103\u021bii. Reamintim faptul c\u0103 s\u0103pt\u0103m\u00e2na trecut\u0103 to\u021bi membrii Consiliului Audiovizualului au fost demi\u0219i, dup\u0103 ce Parlamentul a respins raportul de activitate al institu\u021biei, pentru anul 2020.<\/p>\n<p>Men\u021bion\u0103m faptul c\u0103 potrivit Codului serviciilor media audiovizuale al Republicii Moldova, CA este format din \u0219apte membri \u2013 trei propu\u0219i de frac\u021biunile parlamentare, doi de organiza\u021biile societ\u0103\u021bii civile \u0219i c\u00e2te unul, propus de Guvern \u0219i de Pre\u0219edin\u021bie.\u00a0Membrii Consiliului Audiovizualului sunt desemna\u021bi prin hot\u0103r\u00e2re de Parlament, pentru un singur mandat de \u0219ase ani.<\/p>\n","protected":false},"excerpt":{"rendered":"<p>Candida\u021bii propu\u0219i de organiza\u021biile societ\u0103\u021bii civile la func\u021bia de membru al Consiliului Audiovizualului (CA) pot depune dosarele, p\u00e2n\u0103 la data de 22 noiembrie 2021, ora 17:00.\u00a0Anun\u021bul a fost f\u0103cut de Comisia cultur\u0103, educa\u021bie, cercetare, tineret, sport \u0219i mass-media. Astfel potrivit legisla\u021biei, candida\u021bii la func\u021bia de membru al CA trebuie s\u0103 de\u021bin\u0103 cet\u0103\u021benia Republicii Moldova \u0219i [&hellip;]<\/p>\n","protected":false},"author":4,"featured_media":157057,"comment_status":"open","ping_status":"closed","sticky":false,"template":"","format":"standard","meta":{"footnotes":""},"categories":[6349,6377],"tags":[34110,34107,34109,34112,34113,34111,34108],"class_list":["post-157056","post","type-post","status-publish","format-standard","has-post-thumbnail","hentry","category-social","category-stiri","tag-al-cca","tag-candidatii","tag-de-membru","tag-depune","tag-dosarele","tag-isi-pot","tag-pentru-functia"],"yoast_head":"<!-- This site is optimized with the Yoast SEO plugin v27.4 - https:\/\/yoast.com\/product\/yoast-seo-wordpress\/ -->\n<title>Candida\u021bii pentru func\u021bia de membru al CCA \u00ee\u0219i pot depune dosarele - BTV<\/title>\n<meta name=\"robots\" content=\"index, follow, max-snippet:-1, max-image-preview:large, max-video-preview:-1\" \/>\n<link rel=\"canonical\" href=\"https:\/\/www.btv.md\/ro\/candidatii-pentru-functia-de-membru-al-cca-isi-pot-depune-dosarele\/\" \/>\n<meta property=\"og:locale\" content=\"ro_RO\" \/>\n<meta property=\"og:type\" content=\"article\" \/>\n<meta property=\"og:title\" content=\"Candida\u021bii pentru func\u021bia de membru al CCA \u00ee\u0219i pot depune dosarele - BTV\" \/>\n<meta property=\"og:description\" content=\"Candida\u021bii propu\u0219i de organiza\u021biile societ\u0103\u021bii civile la func\u021bia de membru al Consiliului Audiovizualului (CA) pot depune dosarele, p\u00e2n\u0103 la data de 22 noiembrie 2021, ora 17:00.\u00a0Anun\u021bul a fost f\u0103cut de Comisia cultur\u0103, educa\u021bie, cercetare, tineret, sport \u0219i mass-media. Astfel potrivit legisla\u021biei, candida\u021bii la func\u021bia de membru al CA trebuie s\u0103 de\u021bin\u0103 cet\u0103\u021benia Republicii Moldova \u0219i [&hellip;]\" \/>\n<meta property=\"og:url\" content=\"https:\/\/www.btv.md\/ro\/candidatii-pentru-functia-de-membru-al-cca-isi-pot-depune-dosarele\/\" \/>\n<meta property=\"og:site_name\" content=\"BTV\" \/>\n<meta property=\"article:publisher\" content=\"https:\/\/www.facebook.com\/btvmoldova\/\" \/>\n<meta property=\"article:published_time\" content=\"2021-11-17T09:02:13+00:00\" \/>\n<meta property=\"og:image\" content=\"https:\/\/www.btv.md\/wp-content\/uploads\/2021\/11\/cca.jpg\" \/>\n\t<meta property=\"og:image:width\" content=\"1280\" \/>\n\t<meta property=\"og:image:height\" content=\"720\" \/>\n\t<meta property=\"og:image:type\" content=\"image\/jpeg\" \/>\n<meta name=\"author\" content=\"admin\" \/>\n<meta name=\"twitter:label1\" content=\"Scris de\" \/>\n\t<meta name=\"twitter:data1\" content=\"admin\" \/>\n\t<meta name=\"twitter:label2\" content=\"Timp estimat pentru citire\" \/>\n\t<meta name=\"twitter:data2\" content=\"1 minut\" \/>\n<script type=\"application\/ld+json\" class=\"yoast-schema-graph\">{\"@context\":\"https:\\\/\\\/schema.org\",\"@graph\":[{\"@type\":\"Article\",\"@id\":\"https:\\\/\\\/www.btv.md\\\/ro\\\/candidatii-pentru-functia-de-membru-al-cca-isi-pot-depune-dosarele\\\/#article\",\"isPartOf\":{\"@id\":\"https:\\\/\\\/www.btv.md\\\/ro\\\/candidatii-pentru-functia-de-membru-al-cca-isi-pot-depune-dosarele\\\/\"},\"author\":{\"name\":\"admin\",\"@id\":\"https:\\\/\\\/www.btv.md\\\/#\\\/schema\\\/person\\\/8fadce81561b3ce2c34c46dadc4ccbf2\"},\"headline\":\"Candida\u021bii pentru func\u021bia de membru al CCA \u00ee\u0219i pot depune dosarele\",\"datePublished\":\"2021-11-17T09:02:13+00:00\",\"mainEntityOfPage\":{\"@id\":\"https:\\\/\\\/www.btv.md\\\/ro\\\/candidatii-pentru-functia-de-membru-al-cca-isi-pot-depune-dosarele\\\/\"},\"wordCount\":253,\"commentCount\":0,\"image\":{\"@id\":\"https:\\\/\\\/www.btv.md\\\/ro\\\/candidatii-pentru-functia-de-membru-al-cca-isi-pot-depune-dosarele\\\/#primaryimage\"},\"thumbnailUrl\":\"https:\\\/\\\/www.btv.md\\\/wp-content\\\/uploads\\\/2021\\\/11\\\/cca.jpg\",\"keywords\":[\"al CCA\",\"Candida\u021bii\",\"de membru\",\"depune\",\"dosarele\",\"\u00ee\u0219i pot\",\"pentru func\u021bia\"],\"articleSection\":[\"Social\",\"\u0218tiri\"],\"inLanguage\":\"ro-RO\",\"potentialAction\":[{\"@type\":\"CommentAction\",\"name\":\"Comment\",\"target\":[\"https:\\\/\\\/www.btv.md\\\/ro\\\/candidatii-pentru-functia-de-membru-al-cca-isi-pot-depune-dosarele\\\/#respond\"]}]},{\"@type\":\"WebPage\",\"@id\":\"https:\\\/\\\/www.btv.md\\\/ro\\\/candidatii-pentru-functia-de-membru-al-cca-isi-pot-depune-dosarele\\\/\",\"url\":\"https:\\\/\\\/www.btv.md\\\/ro\\\/candidatii-pentru-functia-de-membru-al-cca-isi-pot-depune-dosarele\\\/\",\"name\":\"Candida\u021bii pentru func\u021bia de membru al CCA \u00ee\u0219i pot depune dosarele - BTV\",\"isPartOf\":{\"@id\":\"https:\\\/\\\/www.btv.md\\\/#website\"},\"primaryImageOfPage\":{\"@id\":\"https:\\\/\\\/www.btv.md\\\/ro\\\/candidatii-pentru-functia-de-membru-al-cca-isi-pot-depune-dosarele\\\/#primaryimage\"},\"image\":{\"@id\":\"https:\\\/\\\/www.btv.md\\\/ro\\\/candidatii-pentru-functia-de-membru-al-cca-isi-pot-depune-dosarele\\\/#primaryimage\"},\"thumbnailUrl\":\"https:\\\/\\\/www.btv.md\\\/wp-content\\\/uploads\\\/2021\\\/11\\\/cca.jpg\",\"datePublished\":\"2021-11-17T09:02:13+00:00\",\"author\":{\"@id\":\"https:\\\/\\\/www.btv.md\\\/#\\\/schema\\\/person\\\/8fadce81561b3ce2c34c46dadc4ccbf2\"},\"inLanguage\":\"ro-RO\",\"potentialAction\":[{\"@type\":\"ReadAction\",\"target\":[\"https:\\\/\\\/www.btv.md\\\/ro\\\/candidatii-pentru-functia-de-membru-al-cca-isi-pot-depune-dosarele\\\/\"]}]},{\"@type\":\"ImageObject\",\"inLanguage\":\"ro-RO\",\"@id\":\"https:\\\/\\\/www.btv.md\\\/ro\\\/candidatii-pentru-functia-de-membru-al-cca-isi-pot-depune-dosarele\\\/#primaryimage\",\"url\":\"https:\\\/\\\/www.btv.md\\\/wp-content\\\/uploads\\\/2021\\\/11\\\/cca.jpg\",\"contentUrl\":\"https:\\\/\\\/www.btv.md\\\/wp-content\\\/uploads\\\/2021\\\/11\\\/cca.jpg\",\"width\":1280,\"height\":720,\"caption\":\"Anun\u021bul a fost f\u0103cut de Comisia cultur\u0103, educa\u021bie, cercetare, tineret, sport \u0219i mass-media.Foto: Telegraph.md\"},{\"@type\":\"WebSite\",\"@id\":\"https:\\\/\\\/www.btv.md\\\/#website\",\"url\":\"https:\\\/\\\/www.btv.md\\\/\",\"name\":\"BTV\",\"description\":\"\u0411\u0435\u043b\u044c\u0446\u043a\u043e\u0435 \u0442\u0435\u043b\u0435\u0432\u0438\u0434\u0435\u043d\u0438\u0435\",\"potentialAction\":[{\"@type\":\"SearchAction\",\"target\":{\"@type\":\"EntryPoint\",\"urlTemplate\":\"https:\\\/\\\/www.btv.md\\\/?s={search_term_string}\"},\"query-input\":{\"@type\":\"PropertyValueSpecification\",\"valueRequired\":true,\"valueName\":\"search_term_string\"}}],\"inLanguage\":\"ro-RO\"},{\"@type\":\"Person\",\"@id\":\"https:\\\/\\\/www.btv.md\\\/#\\\/schema\\\/person\\\/8fadce81561b3ce2c34c46dadc4ccbf2\",\"name\":\"admin\"}]}<\/script>\n<!-- \/ Yoast SEO plugin. -->","yoast_head_json":{"title":"Candida\u021bii pentru func\u021bia de membru al CCA \u00ee\u0219i pot depune dosarele - BTV","robots":{"index":"index","follow":"follow","max-snippet":"max-snippet:-1","max-image-preview":"max-image-preview:large","max-video-preview":"max-video-preview:-1"},"canonical":"https:\/\/www.btv.md\/ro\/candidatii-pentru-functia-de-membru-al-cca-isi-pot-depune-dosarele\/","og_locale":"ro_RO","og_type":"article","og_title":"Candida\u021bii pentru func\u021bia de membru al CCA \u00ee\u0219i pot depune dosarele - BTV","og_description":"Candida\u021bii propu\u0219i de organiza\u021biile societ\u0103\u021bii civile la func\u021bia de membru al Consiliului Audiovizualului (CA) pot depune dosarele, p\u00e2n\u0103 la data de 22 noiembrie 2021, ora 17:00.\u00a0Anun\u021bul a fost f\u0103cut de Comisia cultur\u0103, educa\u021bie, cercetare, tineret, sport \u0219i mass-media. Astfel potrivit legisla\u021biei, candida\u021bii la func\u021bia de membru al CA trebuie s\u0103 de\u021bin\u0103 cet\u0103\u021benia Republicii Moldova \u0219i [&hellip;]","og_url":"https:\/\/www.btv.md\/ro\/candidatii-pentru-functia-de-membru-al-cca-isi-pot-depune-dosarele\/","og_site_name":"BTV","article_publisher":"https:\/\/www.facebook.com\/btvmoldova\/","article_published_time":"2021-11-17T09:02:13+00:00","og_image":[{"width":1280,"height":720,"url":"https:\/\/www.btv.md\/wp-content\/uploads\/2021\/11\/cca.jpg","type":"image\/jpeg"}],"author":"admin","twitter_misc":{"Scris de":"admin","Timp estimat pentru citire":"1 minut"},"schema":{"@context":"https:\/\/schema.org","@graph":[{"@type":"Article","@id":"https:\/\/www.btv.md\/ro\/candidatii-pentru-functia-de-membru-al-cca-isi-pot-depune-dosarele\/#article","isPartOf":{"@id":"https:\/\/www.btv.md\/ro\/candidatii-pentru-functia-de-membru-al-cca-isi-pot-depune-dosarele\/"},"author":{"name":"admin","@id":"https:\/\/www.btv.md\/#\/schema\/person\/8fadce81561b3ce2c34c46dadc4ccbf2"},"headline":"Candida\u021bii pentru func\u021bia de membru al CCA \u00ee\u0219i pot depune dosarele","datePublished":"2021-11-17T09:02:13+00:00","mainEntityOfPage":{"@id":"https:\/\/www.btv.md\/ro\/candidatii-pentru-functia-de-membru-al-cca-isi-pot-depune-dosarele\/"},"wordCount":253,"commentCount":0,"image":{"@id":"https:\/\/www.btv.md\/ro\/candidatii-pentru-functia-de-membru-al-cca-isi-pot-depune-dosarele\/#primaryimage"},"thumbnailUrl":"https:\/\/www.btv.md\/wp-content\/uploads\/2021\/11\/cca.jpg","keywords":["al CCA","Candida\u021bii","de membru","depune","dosarele","\u00ee\u0219i pot","pentru func\u021bia"],"articleSection":["Social","\u0218tiri"],"inLanguage":"ro-RO","potentialAction":[{"@type":"CommentAction","name":"Comment","target":["https:\/\/www.btv.md\/ro\/candidatii-pentru-functia-de-membru-al-cca-isi-pot-depune-dosarele\/#respond"]}]},{"@type":"WebPage","@id":"https:\/\/www.btv.md\/ro\/candidatii-pentru-functia-de-membru-al-cca-isi-pot-depune-dosarele\/","url":"https:\/\/www.btv.md\/ro\/candidatii-pentru-functia-de-membru-al-cca-isi-pot-depune-dosarele\/","name":"Candida\u021bii pentru func\u021bia de membru al CCA \u00ee\u0219i pot depune dosarele - BTV","isPartOf":{"@id":"https:\/\/www.btv.md\/#website"},"primaryImageOfPage":{"@id":"https:\/\/www.btv.md\/ro\/candidatii-pentru-functia-de-membru-al-cca-isi-pot-depune-dosarele\/#primaryimage"},"image":{"@id":"https:\/\/www.btv.md\/ro\/candidatii-pentru-functia-de-membru-al-cca-isi-pot-depune-dosarele\/#primaryimage"},"thumbnailUrl":"https:\/\/www.btv.md\/wp-content\/uploads\/2021\/11\/cca.jpg","datePublished":"2021-11-17T09:02:13+00:00","author":{"@id":"https:\/\/www.btv.md\/#\/schema\/person\/8fadce81561b3ce2c34c46dadc4ccbf2"},"inLanguage":"ro-RO","potentialAction":[{"@type":"ReadAction","target":["https:\/\/www.btv.md\/ro\/candidatii-pentru-functia-de-membru-al-cca-isi-pot-depune-dosarele\/"]}]},{"@type":"ImageObject","inLanguage":"ro-RO","@id":"https:\/\/www.btv.md\/ro\/candidatii-pentru-functia-de-membru-al-cca-isi-pot-depune-dosarele\/#primaryimage","url":"https:\/\/www.btv.md\/wp-content\/uploads\/2021\/11\/cca.jpg","contentUrl":"https:\/\/www.btv.md\/wp-content\/uploads\/2021\/11\/cca.jpg","width":1280,"height":720,"caption":"Anun\u021bul a fost f\u0103cut de Comisia cultur\u0103, educa\u021bie, cercetare, tineret, sport \u0219i mass-media.Foto: Telegraph.md"},{"@type":"WebSite","@id":"https:\/\/www.btv.md\/#website","url":"https:\/\/www.btv.md\/","name":"BTV","description":"\u0411\u0435\u043b\u044c\u0446\u043a\u043e\u0435 \u0442\u0435\u043b\u0435\u0432\u0438\u0434\u0435\u043d\u0438\u0435","potentialAction":[{"@type":"SearchAction","target":{"@type":"EntryPoint","urlTemplate":"https:\/\/www.btv.md\/?s={search_term_string}"},"query-input":{"@type":"PropertyValueSpecification","valueRequired":true,"valueName":"search_term_string"}}],"inLanguage":"ro-RO"},{"@type":"Person","@id":"https:\/\/www.btv.md\/#\/schema\/person\/8fadce81561b3ce2c34c46dadc4ccbf2","name":"admin"}]}},"_links":{"self":[{"href":"https:\/\/www.btv.md\/ro\/wp-json\/wp\/v2\/posts\/157056","targetHints":{"allow":["GET"]}}],"collection":[{"href":"https:\/\/www.btv.md\/ro\/wp-json\/wp\/v2\/posts"}],"about":[{"href":"https:\/\/www.btv.md\/ro\/wp-json\/wp\/v2\/types\/post"}],"author":[{"embeddable":true,"href":"https:\/\/www.btv.md\/ro\/wp-json\/wp\/v2\/users\/4"}],"replies":[{"embeddable":true,"href":"https:\/\/www.btv.md\/ro\/wp-json\/wp\/v2\/comments?post=157056"}],"version-history":[{"count":0,"href":"https:\/\/www.btv.md\/ro\/wp-json\/wp\/v2\/posts\/157056\/revisions"}],"wp:featuredmedia":[{"embeddable":true,"href":"https:\/\/www.btv.md\/ro\/wp-json\/wp\/v2\/media\/157057"}],"wp:attachment":[{"href":"https:\/\/www.btv.md\/ro\/wp-json\/wp\/v2\/media?parent=157056"}],"wp:term":[{"taxonomy":"category","embeddable":true,"href":"https:\/\/www.btv.md\/ro\/wp-json\/wp\/v2\/categories?post=157056"},{"taxonomy":"post_tag","embeddable":true,"href":"https:\/\/www.btv.md\/ro\/wp-json\/wp\/v2\/tags?post=157056"}],"curies":[{"name":"wp","href":"https:\/\/api.w.org\/{rel}","templated":true}]}}