{"id":157604,"date":"2021-11-19T12:30:12","date_gmt":"2021-11-19T10:30:12","guid":{"rendered":"https:\/\/www.btv.md\/?p=157604"},"modified":"2021-11-19T12:30:12","modified_gmt":"2021-11-19T10:30:12","slug":"motiunea-simpla-impotriva-alei-nemerenco-a-picat","status":"publish","type":"post","link":"https:\/\/www.btv.md\/ro\/motiunea-simpla-impotriva-alei-nemerenco-a-picat\/","title":{"rendered":"Mo\u021biunea simpl\u0103 \u00eempotriva Alei Nemerenco a picat"},"content":{"rendered":"<p><strong>Mo\u021biunea simpl\u0103 asupra politicilor Ministerului S\u0103n\u0103t\u0103\u021bii nu a \u00eentrunit num\u0103rul necesar de voturi. Dup\u0103 discursul ministrului S\u0103n\u0103t\u0103\u021bii, Ala Nemerenco, dezbateri \u0219i lu\u0103ri de cuv\u00e2nt ale reprezentan\u021bilor frac\u021biunilor parlamentare, majoritatea deputa\u021bilor s-au pronun\u021bat \u00eempotriva mo\u021biunii, scrie <a href=\"https:\/\/n4.md\/motiunea-simpla-impotriva-alei-nemerenco-a-picat\/?fbclid=IwAR3qi7II35nwG6HyZocLQfNfCc1-ymlrGvwyKUUl4m-FVCvxDy33-l3mixs\">N4.\u00a0<\/a><\/strong><\/p>\n<p>Din num\u0103rul de 66 de deputa\u021bi prezen\u021bi \u00een sal\u0103, \u0219ase au votat pentru \u0219i 52 \u2013 \u00eempotriv\u0103, iar opt deputa\u021bi s-au ab\u021binut de la vot.<\/p>\n<p>Mo\u021biunea simpl\u0103 a fost ini\u021biat\u0103 de deputa\u021bii din Frac\u021biunea parlamentar\u0103 a Blocului Comuni\u0219tilor \u0219i Sociali\u0219tilor care au invocat \u201dgestionarea ineficient\u0103 a crizei sanitare, cauzat\u0103 de pandemia Covid-19\u201d.<\/p>\n<p>Conform Regulamentului Parlamentului, mo\u0163iunile simple se adopt\u0103 cu votul majorit\u0103\u0163ii deputa\u0163ilor prezen\u0163i.<\/p>\n<h4 class=\"title style-scope ytd-video-primary-info-renderer\">Raportul ministrei s\u0103n\u0103t\u0103\u021bii \u00een contextul mo\u021biunii simple asupra politicilor Ministerului S\u0103n\u0103t\u0103\u021bii:<\/h4>\n<p><iframe title=\"Raportul ministrei s\u0103n\u0103t\u0103\u021bii \u00een contextul mo\u021biunii simple asupra politicilor Ministerului S\u0103n\u0103t\u0103\u021bii\" width=\"1170\" height=\"658\" data-src=\"https:\/\/www.youtube.com\/embed\/9lrQ0L3NeFQ?wmode=transparent&amp;rel=0&amp;feature=oembed\" frameborder=\"0\" allow=\"accelerometer; autoplay; clipboard-write; encrypted-media; gyroscope; picture-in-picture\" allowfullscreen src=\"data:image\/svg+xml;base64,PHN2ZyB3aWR0aD0iMSIgaGVpZ2h0PSIxIiB4bWxucz0iaHR0cDovL3d3dy53My5vcmcvMjAwMC9zdmciPjwvc3ZnPg==\" class=\"lazyload\" data-load-mode=\"1\"><\/iframe><\/p>\n<p>&nbsp;<\/p>\n","protected":false},"excerpt":{"rendered":"<p>Mo\u021biunea simpl\u0103 asupra politicilor Ministerului S\u0103n\u0103t\u0103\u021bii nu a \u00eentrunit num\u0103rul necesar de voturi. Dup\u0103 discursul ministrului S\u0103n\u0103t\u0103\u021bii, Ala Nemerenco, dezbateri \u0219i lu\u0103ri de cuv\u00e2nt ale reprezentan\u021bilor frac\u021biunilor parlamentare, majoritatea deputa\u021bilor s-au pronun\u021bat \u00eempotriva mo\u021biunii, scrie N4.\u00a0 Din num\u0103rul de 66 de deputa\u021bi prezen\u021bi \u00een sal\u0103, \u0219ase au votat pentru \u0219i 52 \u2013 \u00eempotriv\u0103, iar opt [&hellip;]<\/p>\n","protected":false},"author":26,"featured_media":157606,"comment_status":"open","ping_status":"closed","sticky":false,"template":"","format":"video","meta":{"footnotes":""},"categories":[34198,6349],"tags":[34388,11694,34389,34387],"class_list":["post-157604","post","type-post","status-publish","format-video","has-post-thumbnail","hentry","category-sanatate","category-social","tag-a-picat","tag-ala-nemerenco","tag-impotriva-ministerului-sanatatii","tag-motiunea-de-cenzura-simpla","post_format-post-format-video"],"yoast_head":"<!-- This site is optimized with the Yoast SEO plugin v27.4 - https:\/\/yoast.com\/product\/yoast-seo-wordpress\/ -->\n<title>Mo\u021biunea simpl\u0103 \u00eempotriva Alei Nemerenco a picat - BTV<\/title>\n<meta name=\"robots\" content=\"index, follow, max-snippet:-1, max-image-preview:large, max-video-preview:-1\" \/>\n<link rel=\"canonical\" href=\"https:\/\/www.btv.md\/ro\/motiunea-simpla-impotriva-alei-nemerenco-a-picat\/\" \/>\n<meta property=\"og:locale\" content=\"ro_RO\" \/>\n<meta property=\"og:type\" content=\"article\" \/>\n<meta property=\"og:title\" content=\"Video\/\/ Mo\u021biunea simpl\u0103 \u00eempotriva Alei Nemerenco a picat\" \/>\n<meta property=\"og:description\" content=\"Mo\u021biunea simpl\u0103 asupra politicilor Ministerului S\u0103n\u0103t\u0103\u021bii nu a \u00eentrunit num\u0103rul necesar de voturi. Dup\u0103 discursul ministrului S\u0103n\u0103t\u0103\u021bii, Ala Nemerenco, dezbateri \u0219i lu\u0103ri de cuv\u00e2nt ale reprezentan\u021bilor frac\u021biunilor parlamentare, majoritatea deputa\u021bilor s-au pronun\u021bat \u00eempotriva mo\u021biunii\" \/>\n<meta property=\"og:url\" content=\"https:\/\/www.btv.md\/ro\/motiunea-simpla-impotriva-alei-nemerenco-a-picat\/\" \/>\n<meta property=\"og:site_name\" content=\"BTV\" \/>\n<meta property=\"article:publisher\" content=\"https:\/\/www.facebook.com\/btvmoldova\/\" \/>\n<meta property=\"article:published_time\" content=\"2021-11-19T10:30:12+00:00\" \/>\n<meta property=\"og:image\" content=\"https:\/\/www.btv.md\/wp-content\/uploads\/2021\/11\/motiunea-impotriva-alei-nemerenco.png\" \/>\n\t<meta property=\"og:image:width\" content=\"945\" \/>\n\t<meta property=\"og:image:height\" content=\"551\" \/>\n\t<meta property=\"og:image:type\" content=\"image\/png\" \/>\n<meta name=\"author\" content=\"Victoria Ursu\" \/>\n<meta name=\"twitter:label1\" content=\"Scris de\" \/>\n\t<meta name=\"twitter:data1\" content=\"Victoria Ursu\" \/>\n\t<meta name=\"twitter:label2\" content=\"Timp estimat pentru citire\" \/>\n\t<meta name=\"twitter:data2\" content=\"1 minut\" \/>\n<script type=\"application\/ld+json\" class=\"yoast-schema-graph\">{\"@context\":\"https:\\\/\\\/schema.org\",\"@graph\":[{\"@type\":\"Article\",\"@id\":\"https:\\\/\\\/www.btv.md\\\/ro\\\/motiunea-simpla-impotriva-alei-nemerenco-a-picat\\\/#article\",\"isPartOf\":{\"@id\":\"https:\\\/\\\/www.btv.md\\\/ro\\\/motiunea-simpla-impotriva-alei-nemerenco-a-picat\\\/\"},\"author\":{\"name\":\"Victoria Ursu\",\"@id\":\"https:\\\/\\\/www.btv.md\\\/#\\\/schema\\\/person\\\/e4b592cd4d0aac4a25b0ac526c4c341f\"},\"headline\":\"Mo\u021biunea simpl\u0103 \u00eempotriva Alei Nemerenco a picat\",\"datePublished\":\"2021-11-19T10:30:12+00:00\",\"mainEntityOfPage\":{\"@id\":\"https:\\\/\\\/www.btv.md\\\/ro\\\/motiunea-simpla-impotriva-alei-nemerenco-a-picat\\\/\"},\"wordCount\":163,\"commentCount\":0,\"image\":{\"@id\":\"https:\\\/\\\/www.btv.md\\\/ro\\\/motiunea-simpla-impotriva-alei-nemerenco-a-picat\\\/#primaryimage\"},\"thumbnailUrl\":\"https:\\\/\\\/www.btv.md\\\/wp-content\\\/uploads\\\/2021\\\/11\\\/motiunea-impotriva-alei-nemerenco.png\",\"keywords\":[\"a picat\",\"Ala Nemerenco\",\"\u00eempotriva ministerului s\u0103n\u0103t\u0103\u021bii\",\"mo\u021biunea de cenzur\u0103 simpl\u0103\"],\"articleSection\":[\"S\u0103n\u0103tate\",\"Social\"],\"inLanguage\":\"ro-RO\",\"potentialAction\":[{\"@type\":\"CommentAction\",\"name\":\"Comment\",\"target\":[\"https:\\\/\\\/www.btv.md\\\/ro\\\/motiunea-simpla-impotriva-alei-nemerenco-a-picat\\\/#respond\"]}]},{\"@type\":\"WebPage\",\"@id\":\"https:\\\/\\\/www.btv.md\\\/ro\\\/motiunea-simpla-impotriva-alei-nemerenco-a-picat\\\/\",\"url\":\"https:\\\/\\\/www.btv.md\\\/ro\\\/motiunea-simpla-impotriva-alei-nemerenco-a-picat\\\/\",\"name\":\"Mo\u021biunea simpl\u0103 \u00eempotriva Alei Nemerenco a picat - BTV\",\"isPartOf\":{\"@id\":\"https:\\\/\\\/www.btv.md\\\/#website\"},\"primaryImageOfPage\":{\"@id\":\"https:\\\/\\\/www.btv.md\\\/ro\\\/motiunea-simpla-impotriva-alei-nemerenco-a-picat\\\/#primaryimage\"},\"image\":{\"@id\":\"https:\\\/\\\/www.btv.md\\\/ro\\\/motiunea-simpla-impotriva-alei-nemerenco-a-picat\\\/#primaryimage\"},\"thumbnailUrl\":\"https:\\\/\\\/www.btv.md\\\/wp-content\\\/uploads\\\/2021\\\/11\\\/motiunea-impotriva-alei-nemerenco.png\",\"datePublished\":\"2021-11-19T10:30:12+00:00\",\"author\":{\"@id\":\"https:\\\/\\\/www.btv.md\\\/#\\\/schema\\\/person\\\/e4b592cd4d0aac4a25b0ac526c4c341f\"},\"inLanguage\":\"ro-RO\",\"potentialAction\":[{\"@type\":\"ReadAction\",\"target\":[\"https:\\\/\\\/www.btv.md\\\/ro\\\/motiunea-simpla-impotriva-alei-nemerenco-a-picat\\\/\"]}]},{\"@type\":\"ImageObject\",\"inLanguage\":\"ro-RO\",\"@id\":\"https:\\\/\\\/www.btv.md\\\/ro\\\/motiunea-simpla-impotriva-alei-nemerenco-a-picat\\\/#primaryimage\",\"url\":\"https:\\\/\\\/www.btv.md\\\/wp-content\\\/uploads\\\/2021\\\/11\\\/motiunea-impotriva-alei-nemerenco.png\",\"contentUrl\":\"https:\\\/\\\/www.btv.md\\\/wp-content\\\/uploads\\\/2021\\\/11\\\/motiunea-impotriva-alei-nemerenco.png\",\"width\":945,\"height\":551,\"caption\":\"Ala Nemerenco a fost numit\u0103 \u00een func\u021bia de ministr\u0103 a s\u0103n\u0103t\u0103\u021bii, \u00een luna august curent. Foto: Captur\u0103 Video\\\/Parlamentul R.M.\"},{\"@type\":\"WebSite\",\"@id\":\"https:\\\/\\\/www.btv.md\\\/#website\",\"url\":\"https:\\\/\\\/www.btv.md\\\/\",\"name\":\"BTV\",\"description\":\"\u0411\u0435\u043b\u044c\u0446\u043a\u043e\u0435 \u0442\u0435\u043b\u0435\u0432\u0438\u0434\u0435\u043d\u0438\u0435\",\"potentialAction\":[{\"@type\":\"SearchAction\",\"target\":{\"@type\":\"EntryPoint\",\"urlTemplate\":\"https:\\\/\\\/www.btv.md\\\/?s={search_term_string}\"},\"query-input\":{\"@type\":\"PropertyValueSpecification\",\"valueRequired\":true,\"valueName\":\"search_term_string\"}}],\"inLanguage\":\"ro-RO\"},{\"@type\":\"Person\",\"@id\":\"https:\\\/\\\/www.btv.md\\\/#\\\/schema\\\/person\\\/e4b592cd4d0aac4a25b0ac526c4c341f\",\"name\":\"Victoria Ursu\"}]}<\/script>\n<!-- \/ Yoast SEO plugin. -->","yoast_head_json":{"title":"Mo\u021biunea simpl\u0103 \u00eempotriva Alei Nemerenco a picat - BTV","robots":{"index":"index","follow":"follow","max-snippet":"max-snippet:-1","max-image-preview":"max-image-preview:large","max-video-preview":"max-video-preview:-1"},"canonical":"https:\/\/www.btv.md\/ro\/motiunea-simpla-impotriva-alei-nemerenco-a-picat\/","og_locale":"ro_RO","og_type":"article","og_title":"Video\/\/ Mo\u021biunea simpl\u0103 \u00eempotriva Alei Nemerenco a picat","og_description":"Mo\u021biunea simpl\u0103 asupra politicilor Ministerului S\u0103n\u0103t\u0103\u021bii nu a \u00eentrunit num\u0103rul necesar de voturi. Dup\u0103 discursul ministrului S\u0103n\u0103t\u0103\u021bii, Ala Nemerenco, dezbateri \u0219i lu\u0103ri de cuv\u00e2nt ale reprezentan\u021bilor frac\u021biunilor parlamentare, majoritatea deputa\u021bilor s-au pronun\u021bat \u00eempotriva mo\u021biunii","og_url":"https:\/\/www.btv.md\/ro\/motiunea-simpla-impotriva-alei-nemerenco-a-picat\/","og_site_name":"BTV","article_publisher":"https:\/\/www.facebook.com\/btvmoldova\/","article_published_time":"2021-11-19T10:30:12+00:00","og_image":[{"width":945,"height":551,"url":"https:\/\/www.btv.md\/wp-content\/uploads\/2021\/11\/motiunea-impotriva-alei-nemerenco.png","type":"image\/png"}],"author":"Victoria Ursu","twitter_misc":{"Scris de":"Victoria Ursu","Timp estimat pentru citire":"1 minut"},"schema":{"@context":"https:\/\/schema.org","@graph":[{"@type":"Article","@id":"https:\/\/www.btv.md\/ro\/motiunea-simpla-impotriva-alei-nemerenco-a-picat\/#article","isPartOf":{"@id":"https:\/\/www.btv.md\/ro\/motiunea-simpla-impotriva-alei-nemerenco-a-picat\/"},"author":{"name":"Victoria Ursu","@id":"https:\/\/www.btv.md\/#\/schema\/person\/e4b592cd4d0aac4a25b0ac526c4c341f"},"headline":"Mo\u021biunea simpl\u0103 \u00eempotriva Alei Nemerenco a picat","datePublished":"2021-11-19T10:30:12+00:00","mainEntityOfPage":{"@id":"https:\/\/www.btv.md\/ro\/motiunea-simpla-impotriva-alei-nemerenco-a-picat\/"},"wordCount":163,"commentCount":0,"image":{"@id":"https:\/\/www.btv.md\/ro\/motiunea-simpla-impotriva-alei-nemerenco-a-picat\/#primaryimage"},"thumbnailUrl":"https:\/\/www.btv.md\/wp-content\/uploads\/2021\/11\/motiunea-impotriva-alei-nemerenco.png","keywords":["a picat","Ala Nemerenco","\u00eempotriva ministerului s\u0103n\u0103t\u0103\u021bii","mo\u021biunea de cenzur\u0103 simpl\u0103"],"articleSection":["S\u0103n\u0103tate","Social"],"inLanguage":"ro-RO","potentialAction":[{"@type":"CommentAction","name":"Comment","target":["https:\/\/www.btv.md\/ro\/motiunea-simpla-impotriva-alei-nemerenco-a-picat\/#respond"]}]},{"@type":"WebPage","@id":"https:\/\/www.btv.md\/ro\/motiunea-simpla-impotriva-alei-nemerenco-a-picat\/","url":"https:\/\/www.btv.md\/ro\/motiunea-simpla-impotriva-alei-nemerenco-a-picat\/","name":"Mo\u021biunea simpl\u0103 \u00eempotriva Alei Nemerenco a picat - BTV","isPartOf":{"@id":"https:\/\/www.btv.md\/#website"},"primaryImageOfPage":{"@id":"https:\/\/www.btv.md\/ro\/motiunea-simpla-impotriva-alei-nemerenco-a-picat\/#primaryimage"},"image":{"@id":"https:\/\/www.btv.md\/ro\/motiunea-simpla-impotriva-alei-nemerenco-a-picat\/#primaryimage"},"thumbnailUrl":"https:\/\/www.btv.md\/wp-content\/uploads\/2021\/11\/motiunea-impotriva-alei-nemerenco.png","datePublished":"2021-11-19T10:30:12+00:00","author":{"@id":"https:\/\/www.btv.md\/#\/schema\/person\/e4b592cd4d0aac4a25b0ac526c4c341f"},"inLanguage":"ro-RO","potentialAction":[{"@type":"ReadAction","target":["https:\/\/www.btv.md\/ro\/motiunea-simpla-impotriva-alei-nemerenco-a-picat\/"]}]},{"@type":"ImageObject","inLanguage":"ro-RO","@id":"https:\/\/www.btv.md\/ro\/motiunea-simpla-impotriva-alei-nemerenco-a-picat\/#primaryimage","url":"https:\/\/www.btv.md\/wp-content\/uploads\/2021\/11\/motiunea-impotriva-alei-nemerenco.png","contentUrl":"https:\/\/www.btv.md\/wp-content\/uploads\/2021\/11\/motiunea-impotriva-alei-nemerenco.png","width":945,"height":551,"caption":"Ala Nemerenco a fost numit\u0103 \u00een func\u021bia de ministr\u0103 a s\u0103n\u0103t\u0103\u021bii, \u00een luna august curent. Foto: Captur\u0103 Video\/Parlamentul R.M."},{"@type":"WebSite","@id":"https:\/\/www.btv.md\/#website","url":"https:\/\/www.btv.md\/","name":"BTV","description":"\u0411\u0435\u043b\u044c\u0446\u043a\u043e\u0435 \u0442\u0435\u043b\u0435\u0432\u0438\u0434\u0435\u043d\u0438\u0435","potentialAction":[{"@type":"SearchAction","target":{"@type":"EntryPoint","urlTemplate":"https:\/\/www.btv.md\/?s={search_term_string}"},"query-input":{"@type":"PropertyValueSpecification","valueRequired":true,"valueName":"search_term_string"}}],"inLanguage":"ro-RO"},{"@type":"Person","@id":"https:\/\/www.btv.md\/#\/schema\/person\/e4b592cd4d0aac4a25b0ac526c4c341f","name":"Victoria Ursu"}]}},"_links":{"self":[{"href":"https:\/\/www.btv.md\/ro\/wp-json\/wp\/v2\/posts\/157604","targetHints":{"allow":["GET"]}}],"collection":[{"href":"https:\/\/www.btv.md\/ro\/wp-json\/wp\/v2\/posts"}],"about":[{"href":"https:\/\/www.btv.md\/ro\/wp-json\/wp\/v2\/types\/post"}],"author":[{"embeddable":true,"href":"https:\/\/www.btv.md\/ro\/wp-json\/wp\/v2\/users\/26"}],"replies":[{"embeddable":true,"href":"https:\/\/www.btv.md\/ro\/wp-json\/wp\/v2\/comments?post=157604"}],"version-history":[{"count":0,"href":"https:\/\/www.btv.md\/ro\/wp-json\/wp\/v2\/posts\/157604\/revisions"}],"wp:featuredmedia":[{"embeddable":true,"href":"https:\/\/www.btv.md\/ro\/wp-json\/wp\/v2\/media\/157606"}],"wp:attachment":[{"href":"https:\/\/www.btv.md\/ro\/wp-json\/wp\/v2\/media?parent=157604"}],"wp:term":[{"taxonomy":"category","embeddable":true,"href":"https:\/\/www.btv.md\/ro\/wp-json\/wp\/v2\/categories?post=157604"},{"taxonomy":"post_tag","embeddable":true,"href":"https:\/\/www.btv.md\/ro\/wp-json\/wp\/v2\/tags?post=157604"}],"curies":[{"name":"wp","href":"https:\/\/api.w.org\/{rel}","templated":true}]}}