{"id":15783,"date":"2016-07-19T18:10:16","date_gmt":"2016-07-19T15:10:16","guid":{"rendered":"http:\/\/btv.md\/?p=15783"},"modified":"2016-07-19T18:10:26","modified_gmt":"2016-07-19T15:10:26","slug":"ce-spun-baltenii-si-agentii-turistici-despre-odihna-in-turcia","status":"publish","type":"post","link":"https:\/\/www.btv.md\/ro\/ce-spun-baltenii-si-agentii-turistici-despre-odihna-in-turcia\/","title":{"rendered":"CE SPUN B\u0102L\u021aENII \u0218I AGEN\u021aII TURISTICI DESPRE ODIHNA \u00ceN TURCIA?"},"content":{"rendered":"<p><strong>O bun\u0103 parte dintre <\/strong><strong>moldovenii care prefer\u0103 \u015f\u0103-\u015fi petreac\u0103 vacan\u0163a pe plajele din Antalya, pot fi siguri c\u0103 vie\u0163ile lor nu sunt expuse vreunui pericol.<\/strong><\/p>\n<p><iframe width=\"1170\" height=\"878\" data-src=\"https:\/\/www.youtube.com\/embed\/nNwsvmdYOpE?wmode=transparent&amp;rel=0&amp;feature=oembed\" frameborder=\"0\" allow=\"accelerometer; autoplay; encrypted-media; gyroscope; picture-in-picture\" allowfullscreen src=\"data:image\/svg+xml;base64,PHN2ZyB3aWR0aD0iMSIgaGVpZ2h0PSIxIiB4bWxucz0iaHR0cDovL3d3dy53My5vcmcvMjAwMC9zdmciPjwvc3ZnPg==\" class=\"lazyload\" data-load-mode=\"1\"><\/iframe><\/p>\n<p><strong>De\u015fi acum c\u00e2teva zile, Turcia a fost zguduit\u0103 de o lovitur\u0103 de stat, soldat\u0103 cu e\u015fec \u015fi pierderi de vie\u0163i omene\u015fti, agen\u00ad\u021bi\u00adile de turism din Republica Moldova dau asi\u00adgur\u0103ri\u00a0c\u0103 moldovenii care \u00ee\u015fi petrec vacan\u0163ele acolo, sunt \u00een sigu\u00adran\u021b\u0103, iar situa\u021bia din \u0163ara Semilunii este monitorizat\u0103 cu stricte\u021be. <\/strong><\/p>\n<p><strong>\u00cen ace\u00adla\u0219i timp, cet\u0103\u00ad\u021be\u00adnii\u00a0ape\u00adleaz\u0103 la agen\u00ad\u021bii pen\u00adtru a afla cum s\u0103 procedeze, sus\u021bine Alexandru, directorul unei agen\u021bii de turism din B\u0103l\u021bi.<\/strong><\/p>\n<p><strong>De\u0219i are o experien\u021b\u0103 bogat\u0103 \u00een domeniul turistic, Alexandru spune c\u0103 la \u00eenceputul acestui sezon, pre\u021burile pentru c\u0103l\u0103toriile \u00een Turcia au fost foarte avantajoase, devenind una dintre cele mai solicitate destina\u021bii.<\/strong> Explica\u021bia pare a fi una simpl\u0103: Turcia a fost \u00een c\u0103utare de turi\u0219ti, \u00een condi\u0163iile care ru\u015fii au fost nevoi\u021bi s\u0103 se reorienteze temporar spre alte destina\u021bii.<\/p>\n<p><strong>Dac\u0103 situa\u021bia din Turcia va deveni mai tensionat\u0103, exper\u021bii cred c\u0103 oamenii s-ar putea r\u0103zg\u00e2ndi. Dovad\u0103 sunt unii b\u0103l\u021beni care sus\u021bin c\u0103 \u00een condi\u021biile actuale, prefer\u0103 s\u0103 mearg\u0103 la odihn\u0103 undeva mai aproape.<\/strong><\/p>\n<p><strong>\u00cen acest an a crescut \u0219i num\u0103rul solicit\u0103rilor c\u0103tre Ucraina, dup\u0103 ce anul trecut tensiunile de acolo au speriat turi\u0219tii moldoveni.<\/strong><\/p>\n","protected":false},"excerpt":{"rendered":"<p>O bun\u0103 parte dintre moldovenii care prefer\u0103 \u015f\u0103-\u015fi petreac\u0103 vacan\u0163a pe plajele din Antalya, pot fi siguri c\u0103 vie\u0163ile lor nu sunt expuse vreunui pericol. De\u015fi acum c\u00e2teva zile, Turcia a fost zguduit\u0103 de o lovitur\u0103 de stat, soldat\u0103 cu e\u015fec \u015fi pierderi de vie\u0163i omene\u015fti, agen\u00ad\u021bi\u00adile de turism din Republica Moldova dau asi\u00adgur\u0103ri\u00a0c\u0103 moldovenii [&hellip;]<\/p>\n","protected":false},"author":4,"featured_media":15784,"comment_status":"closed","ping_status":"closed","sticky":false,"template":"","format":"standard","meta":{"footnotes":""},"categories":[6349],"tags":[],"class_list":["post-15783","post","type-post","status-publish","format-standard","has-post-thumbnail","hentry","category-social"],"yoast_head":"<!-- This site is optimized with the Yoast SEO plugin v27.4 - https:\/\/yoast.com\/product\/yoast-seo-wordpress\/ -->\n<title>CE SPUN B\u0102L\u021aENII \u0218I AGEN\u021aII TURISTICI DESPRE ODIHNA \u00ceN TURCIA? - BTV<\/title>\n<meta name=\"robots\" content=\"index, follow, max-snippet:-1, max-image-preview:large, max-video-preview:-1\" \/>\n<link rel=\"canonical\" href=\"https:\/\/www.btv.md\/ro\/ce-spun-baltenii-si-agentii-turistici-despre-odihna-in-turcia\/\" \/>\n<meta property=\"og:locale\" content=\"ro_RO\" \/>\n<meta property=\"og:type\" content=\"article\" \/>\n<meta property=\"og:title\" content=\"CE SPUN B\u0102L\u021aENII \u0218I AGEN\u021aII TURISTICI DESPRE ODIHNA \u00ceN TURCIA? - BTV\" \/>\n<meta property=\"og:description\" content=\"O bun\u0103 parte dintre moldovenii care prefer\u0103 \u015f\u0103-\u015fi petreac\u0103 vacan\u0163a pe plajele din Antalya, pot fi siguri c\u0103 vie\u0163ile lor nu sunt expuse vreunui pericol. De\u015fi acum c\u00e2teva zile, Turcia a fost zguduit\u0103 de o lovitur\u0103 de stat, soldat\u0103 cu e\u015fec \u015fi pierderi de vie\u0163i omene\u015fti, agen\u00ad\u021bi\u00adile de turism din Republica Moldova dau asi\u00adgur\u0103ri\u00a0c\u0103 moldovenii [&hellip;]\" \/>\n<meta property=\"og:url\" content=\"https:\/\/www.btv.md\/ro\/ce-spun-baltenii-si-agentii-turistici-despre-odihna-in-turcia\/\" \/>\n<meta property=\"og:site_name\" content=\"BTV\" \/>\n<meta property=\"article:publisher\" content=\"https:\/\/www.facebook.com\/btvmoldova\/\" \/>\n<meta property=\"article:published_time\" content=\"2016-07-19T15:10:16+00:00\" \/>\n<meta property=\"article:modified_time\" content=\"2016-07-19T15:10:26+00:00\" \/>\n<meta property=\"og:image\" content=\"https:\/\/www.btv.md\/wp-content\/uploads\/2016\/07\/fe4w-1.jpg\" \/>\n\t<meta property=\"og:image:width\" content=\"600\" \/>\n\t<meta property=\"og:image:height\" content=\"400\" \/>\n\t<meta property=\"og:image:type\" content=\"image\/jpeg\" \/>\n<meta name=\"author\" content=\"admin\" \/>\n<meta name=\"twitter:label1\" content=\"Scris de\" \/>\n\t<meta name=\"twitter:data1\" content=\"admin\" \/>\n\t<meta name=\"twitter:label2\" content=\"Timp estimat pentru citire\" \/>\n\t<meta name=\"twitter:data2\" content=\"1 minut\" \/>\n<script type=\"application\/ld+json\" class=\"yoast-schema-graph\">{\"@context\":\"https:\\\/\\\/schema.org\",\"@graph\":[{\"@type\":\"Article\",\"@id\":\"https:\\\/\\\/www.btv.md\\\/ro\\\/ce-spun-baltenii-si-agentii-turistici-despre-odihna-in-turcia\\\/#article\",\"isPartOf\":{\"@id\":\"https:\\\/\\\/www.btv.md\\\/ro\\\/ce-spun-baltenii-si-agentii-turistici-despre-odihna-in-turcia\\\/\"},\"author\":{\"name\":\"admin\",\"@id\":\"https:\\\/\\\/www.btv.md\\\/#\\\/schema\\\/person\\\/8fadce81561b3ce2c34c46dadc4ccbf2\"},\"headline\":\"CE SPUN B\u0102L\u021aENII \u0218I AGEN\u021aII TURISTICI DESPRE ODIHNA \u00ceN TURCIA?\",\"datePublished\":\"2016-07-19T15:10:16+00:00\",\"dateModified\":\"2016-07-19T15:10:26+00:00\",\"mainEntityOfPage\":{\"@id\":\"https:\\\/\\\/www.btv.md\\\/ro\\\/ce-spun-baltenii-si-agentii-turistici-despre-odihna-in-turcia\\\/\"},\"wordCount\":275,\"image\":{\"@id\":\"https:\\\/\\\/www.btv.md\\\/ro\\\/ce-spun-baltenii-si-agentii-turistici-despre-odihna-in-turcia\\\/#primaryimage\"},\"thumbnailUrl\":\"https:\\\/\\\/www.btv.md\\\/wp-content\\\/uploads\\\/2016\\\/07\\\/fe4w-1.jpg\",\"articleSection\":[\"Social\"],\"inLanguage\":\"ro-RO\"},{\"@type\":\"WebPage\",\"@id\":\"https:\\\/\\\/www.btv.md\\\/ro\\\/ce-spun-baltenii-si-agentii-turistici-despre-odihna-in-turcia\\\/\",\"url\":\"https:\\\/\\\/www.btv.md\\\/ro\\\/ce-spun-baltenii-si-agentii-turistici-despre-odihna-in-turcia\\\/\",\"name\":\"CE SPUN B\u0102L\u021aENII \u0218I AGEN\u021aII TURISTICI DESPRE ODIHNA \u00ceN TURCIA? - BTV\",\"isPartOf\":{\"@id\":\"https:\\\/\\\/www.btv.md\\\/#website\"},\"primaryImageOfPage\":{\"@id\":\"https:\\\/\\\/www.btv.md\\\/ro\\\/ce-spun-baltenii-si-agentii-turistici-despre-odihna-in-turcia\\\/#primaryimage\"},\"image\":{\"@id\":\"https:\\\/\\\/www.btv.md\\\/ro\\\/ce-spun-baltenii-si-agentii-turistici-despre-odihna-in-turcia\\\/#primaryimage\"},\"thumbnailUrl\":\"https:\\\/\\\/www.btv.md\\\/wp-content\\\/uploads\\\/2016\\\/07\\\/fe4w-1.jpg\",\"datePublished\":\"2016-07-19T15:10:16+00:00\",\"dateModified\":\"2016-07-19T15:10:26+00:00\",\"author\":{\"@id\":\"https:\\\/\\\/www.btv.md\\\/#\\\/schema\\\/person\\\/8fadce81561b3ce2c34c46dadc4ccbf2\"},\"inLanguage\":\"ro-RO\",\"potentialAction\":[{\"@type\":\"ReadAction\",\"target\":[\"https:\\\/\\\/www.btv.md\\\/ro\\\/ce-spun-baltenii-si-agentii-turistici-despre-odihna-in-turcia\\\/\"]}]},{\"@type\":\"ImageObject\",\"inLanguage\":\"ro-RO\",\"@id\":\"https:\\\/\\\/www.btv.md\\\/ro\\\/ce-spun-baltenii-si-agentii-turistici-despre-odihna-in-turcia\\\/#primaryimage\",\"url\":\"https:\\\/\\\/www.btv.md\\\/wp-content\\\/uploads\\\/2016\\\/07\\\/fe4w-1.jpg\",\"contentUrl\":\"https:\\\/\\\/www.btv.md\\\/wp-content\\\/uploads\\\/2016\\\/07\\\/fe4w-1.jpg\",\"width\":600,\"height\":400},{\"@type\":\"WebSite\",\"@id\":\"https:\\\/\\\/www.btv.md\\\/#website\",\"url\":\"https:\\\/\\\/www.btv.md\\\/\",\"name\":\"BTV\",\"description\":\"\u0411\u0435\u043b\u044c\u0446\u043a\u043e\u0435 \u0442\u0435\u043b\u0435\u0432\u0438\u0434\u0435\u043d\u0438\u0435\",\"potentialAction\":[{\"@type\":\"SearchAction\",\"target\":{\"@type\":\"EntryPoint\",\"urlTemplate\":\"https:\\\/\\\/www.btv.md\\\/?s={search_term_string}\"},\"query-input\":{\"@type\":\"PropertyValueSpecification\",\"valueRequired\":true,\"valueName\":\"search_term_string\"}}],\"inLanguage\":\"ro-RO\"},{\"@type\":\"Person\",\"@id\":\"https:\\\/\\\/www.btv.md\\\/#\\\/schema\\\/person\\\/8fadce81561b3ce2c34c46dadc4ccbf2\",\"name\":\"admin\"}]}<\/script>\n<!-- \/ Yoast SEO plugin. -->","yoast_head_json":{"title":"CE SPUN B\u0102L\u021aENII \u0218I AGEN\u021aII TURISTICI DESPRE ODIHNA \u00ceN TURCIA? - BTV","robots":{"index":"index","follow":"follow","max-snippet":"max-snippet:-1","max-image-preview":"max-image-preview:large","max-video-preview":"max-video-preview:-1"},"canonical":"https:\/\/www.btv.md\/ro\/ce-spun-baltenii-si-agentii-turistici-despre-odihna-in-turcia\/","og_locale":"ro_RO","og_type":"article","og_title":"CE SPUN B\u0102L\u021aENII \u0218I AGEN\u021aII TURISTICI DESPRE ODIHNA \u00ceN TURCIA? - BTV","og_description":"O bun\u0103 parte dintre moldovenii care prefer\u0103 \u015f\u0103-\u015fi petreac\u0103 vacan\u0163a pe plajele din Antalya, pot fi siguri c\u0103 vie\u0163ile lor nu sunt expuse vreunui pericol. De\u015fi acum c\u00e2teva zile, Turcia a fost zguduit\u0103 de o lovitur\u0103 de stat, soldat\u0103 cu e\u015fec \u015fi pierderi de vie\u0163i omene\u015fti, agen\u00ad\u021bi\u00adile de turism din Republica Moldova dau asi\u00adgur\u0103ri\u00a0c\u0103 moldovenii [&hellip;]","og_url":"https:\/\/www.btv.md\/ro\/ce-spun-baltenii-si-agentii-turistici-despre-odihna-in-turcia\/","og_site_name":"BTV","article_publisher":"https:\/\/www.facebook.com\/btvmoldova\/","article_published_time":"2016-07-19T15:10:16+00:00","article_modified_time":"2016-07-19T15:10:26+00:00","og_image":[{"width":600,"height":400,"url":"https:\/\/www.btv.md\/wp-content\/uploads\/2016\/07\/fe4w-1.jpg","type":"image\/jpeg"}],"author":"admin","twitter_misc":{"Scris de":"admin","Timp estimat pentru citire":"1 minut"},"schema":{"@context":"https:\/\/schema.org","@graph":[{"@type":"Article","@id":"https:\/\/www.btv.md\/ro\/ce-spun-baltenii-si-agentii-turistici-despre-odihna-in-turcia\/#article","isPartOf":{"@id":"https:\/\/www.btv.md\/ro\/ce-spun-baltenii-si-agentii-turistici-despre-odihna-in-turcia\/"},"author":{"name":"admin","@id":"https:\/\/www.btv.md\/#\/schema\/person\/8fadce81561b3ce2c34c46dadc4ccbf2"},"headline":"CE SPUN B\u0102L\u021aENII \u0218I AGEN\u021aII TURISTICI DESPRE ODIHNA \u00ceN TURCIA?","datePublished":"2016-07-19T15:10:16+00:00","dateModified":"2016-07-19T15:10:26+00:00","mainEntityOfPage":{"@id":"https:\/\/www.btv.md\/ro\/ce-spun-baltenii-si-agentii-turistici-despre-odihna-in-turcia\/"},"wordCount":275,"image":{"@id":"https:\/\/www.btv.md\/ro\/ce-spun-baltenii-si-agentii-turistici-despre-odihna-in-turcia\/#primaryimage"},"thumbnailUrl":"https:\/\/www.btv.md\/wp-content\/uploads\/2016\/07\/fe4w-1.jpg","articleSection":["Social"],"inLanguage":"ro-RO"},{"@type":"WebPage","@id":"https:\/\/www.btv.md\/ro\/ce-spun-baltenii-si-agentii-turistici-despre-odihna-in-turcia\/","url":"https:\/\/www.btv.md\/ro\/ce-spun-baltenii-si-agentii-turistici-despre-odihna-in-turcia\/","name":"CE SPUN B\u0102L\u021aENII \u0218I AGEN\u021aII TURISTICI DESPRE ODIHNA \u00ceN TURCIA? - BTV","isPartOf":{"@id":"https:\/\/www.btv.md\/#website"},"primaryImageOfPage":{"@id":"https:\/\/www.btv.md\/ro\/ce-spun-baltenii-si-agentii-turistici-despre-odihna-in-turcia\/#primaryimage"},"image":{"@id":"https:\/\/www.btv.md\/ro\/ce-spun-baltenii-si-agentii-turistici-despre-odihna-in-turcia\/#primaryimage"},"thumbnailUrl":"https:\/\/www.btv.md\/wp-content\/uploads\/2016\/07\/fe4w-1.jpg","datePublished":"2016-07-19T15:10:16+00:00","dateModified":"2016-07-19T15:10:26+00:00","author":{"@id":"https:\/\/www.btv.md\/#\/schema\/person\/8fadce81561b3ce2c34c46dadc4ccbf2"},"inLanguage":"ro-RO","potentialAction":[{"@type":"ReadAction","target":["https:\/\/www.btv.md\/ro\/ce-spun-baltenii-si-agentii-turistici-despre-odihna-in-turcia\/"]}]},{"@type":"ImageObject","inLanguage":"ro-RO","@id":"https:\/\/www.btv.md\/ro\/ce-spun-baltenii-si-agentii-turistici-despre-odihna-in-turcia\/#primaryimage","url":"https:\/\/www.btv.md\/wp-content\/uploads\/2016\/07\/fe4w-1.jpg","contentUrl":"https:\/\/www.btv.md\/wp-content\/uploads\/2016\/07\/fe4w-1.jpg","width":600,"height":400},{"@type":"WebSite","@id":"https:\/\/www.btv.md\/#website","url":"https:\/\/www.btv.md\/","name":"BTV","description":"\u0411\u0435\u043b\u044c\u0446\u043a\u043e\u0435 \u0442\u0435\u043b\u0435\u0432\u0438\u0434\u0435\u043d\u0438\u0435","potentialAction":[{"@type":"SearchAction","target":{"@type":"EntryPoint","urlTemplate":"https:\/\/www.btv.md\/?s={search_term_string}"},"query-input":{"@type":"PropertyValueSpecification","valueRequired":true,"valueName":"search_term_string"}}],"inLanguage":"ro-RO"},{"@type":"Person","@id":"https:\/\/www.btv.md\/#\/schema\/person\/8fadce81561b3ce2c34c46dadc4ccbf2","name":"admin"}]}},"_links":{"self":[{"href":"https:\/\/www.btv.md\/ro\/wp-json\/wp\/v2\/posts\/15783","targetHints":{"allow":["GET"]}}],"collection":[{"href":"https:\/\/www.btv.md\/ro\/wp-json\/wp\/v2\/posts"}],"about":[{"href":"https:\/\/www.btv.md\/ro\/wp-json\/wp\/v2\/types\/post"}],"author":[{"embeddable":true,"href":"https:\/\/www.btv.md\/ro\/wp-json\/wp\/v2\/users\/4"}],"replies":[{"embeddable":true,"href":"https:\/\/www.btv.md\/ro\/wp-json\/wp\/v2\/comments?post=15783"}],"version-history":[{"count":0,"href":"https:\/\/www.btv.md\/ro\/wp-json\/wp\/v2\/posts\/15783\/revisions"}],"wp:featuredmedia":[{"embeddable":true,"href":"https:\/\/www.btv.md\/ro\/wp-json\/wp\/v2\/media\/15784"}],"wp:attachment":[{"href":"https:\/\/www.btv.md\/ro\/wp-json\/wp\/v2\/media?parent=15783"}],"wp:term":[{"taxonomy":"category","embeddable":true,"href":"https:\/\/www.btv.md\/ro\/wp-json\/wp\/v2\/categories?post=15783"},{"taxonomy":"post_tag","embeddable":true,"href":"https:\/\/www.btv.md\/ro\/wp-json\/wp\/v2\/tags?post=15783"}],"curies":[{"name":"wp","href":"https:\/\/api.w.org\/{rel}","templated":true}]}}