{"id":15800,"date":"2016-07-20T18:08:12","date_gmt":"2016-07-20T15:08:12","guid":{"rendered":"http:\/\/btv.md\/?p=15800"},"modified":"2016-07-20T18:08:21","modified_gmt":"2016-07-20T15:08:21","slug":"studentii-moldoveni-din-romania-ne-au-intrebat-daca-avem-curent-electric-si-televizoare","status":"publish","type":"post","link":"https:\/\/www.btv.md\/ro\/studentii-moldoveni-din-romania-ne-au-intrebat-daca-avem-curent-electric-si-televizoare\/","title":{"rendered":"STUDEN\u021aII  MOLDOVENI  DIN  ROM\u00c2NIA: \u201eNE-AU  \u00ceNTREBAT  DAC\u0102  AVEM  CURENT  ELECTRIC  \u0218I  TELEVIZOARE\u201d"},"content":{"rendered":"<p>\u00cen ultimii ani, tot mai mul\u021bi tineri moldoveni aleg s\u0103-\u0219i fac\u0103 studiile \u00een Rom\u00e2nia. \u00a0Dac\u0103 o parte dintre ei \u00ee\u0219i motiveaz\u0103 hot\u0103r\u00e2rea prin inten\u021bia de a se stabili acolo cu traiul, al\u021bii sus\u021bin c\u0103 doar \u00een \u021bara de peste Prut \u0219i-ar putea construi un viitor mai bun. Echipa BTV a realizat un interviu \u00een prim\u0103vara acestui an, protagoni\u0219tii c\u0103ruia sunt Cristian Dru\u021b\u0103 \u0219i Elena Tulbu, studen\u021bi moldoveni afla\u021bi de c\u00e2\u021biva ani \u00een Rom\u00e2nia.<\/p>\n<p><iframe width=\"1170\" height=\"878\" data-src=\"https:\/\/www.youtube.com\/embed\/hr58PXK0OnY?wmode=transparent&amp;rel=0&amp;feature=oembed\" frameborder=\"0\" allow=\"accelerometer; autoplay; encrypted-media; gyroscope; picture-in-picture\" allowfullscreen src=\"data:image\/svg+xml;base64,PHN2ZyB3aWR0aD0iMSIgaGVpZ2h0PSIxIiB4bWxucz0iaHR0cDovL3d3dy53My5vcmcvMjAwMC9zdmciPjwvc3ZnPg==\" class=\"lazyload\" data-load-mode=\"1\"><\/iframe><\/p>\n<p>Cristian a plecat la Ia\u0219i la o v\u00e2rst\u0103 fraged\u0103. A ales un ora\u0219 mai aprope de Republica Moldova, spune el, pentru a nu se confrunta cu probleme de nivel cultural, \u00eens\u0103, nu a fost s\u0103 fie.<\/p>\n<p>Tot la Ia\u0219i \u00ee\u0219i face studiile \u0219i Elena Tulbu. Ea spune c\u0103 cel mai dificil i-a fost \u00een primul an, c\u00e2nd colegii credeau c\u0103 e rusoaic\u0103, care locuie\u0219te \u00eentr-o \u021bar\u0103 f\u0103r\u0103 curent electric \u0219i internet.<\/p>\n<p>Totu\u0219i, moldovenii sunt \u0219i aprecia\u021bi pentru anumite valori, iar unul dintre acestea este simpatia rom\u00e2nilor fa\u0163\u0103 de moldovence.<\/p>\n<p>C\u00e2t despre rela\u021bia profesor-student, Elena spune c\u0103 nu a \u00eent\u00e2mpinat obstacole. To\u021bi sunt trata\u021bi \u00een acela\u0219i mod.<\/p>\n<p>Cristian \u0219i Elena \u00eenc\u0103 nu au hot\u0103r\u00e2t care este urm\u0103torul pas. Totu\u0219i, planurile par a fi diferite. Unul vrea s\u0103 revin\u0103 \u00een Republica Moldova, altul crede c\u0103 \u00een Rom\u00e2nia e mai bine.<\/p>\n<p>\u00cen acest an, Guvernul Rom\u00e2niei a oferit peste 5000 de burse pentru cet\u0103\u021benii Republicii Moldova. Astfel, tinerii din \u021bara noastr\u0103 pot opta pentru studii \u00een Rom\u00e2nia la toate nivelurile de \u0219colarizare \u2013 studii liceale, de licen\u021b\u0103, masterat, reziden\u021b\u0103, doctorat \u2013 \u00een ora\u0219e de pe \u00eentreg teritoriul Rom\u00e2niei.<\/p>\n","protected":false},"excerpt":{"rendered":"<p>\u00cen ultimii ani, tot mai mul\u021bi tineri moldoveni aleg s\u0103-\u0219i fac\u0103 studiile \u00een Rom\u00e2nia. \u00a0Dac\u0103 o parte dintre ei \u00ee\u0219i motiveaz\u0103 hot\u0103r\u00e2rea prin inten\u021bia de a se stabili acolo cu traiul, al\u021bii sus\u021bin c\u0103 doar \u00een \u021bara de peste Prut \u0219i-ar putea construi un viitor mai bun. Echipa BTV a realizat un interviu \u00een prim\u0103vara [&hellip;]<\/p>\n","protected":false},"author":4,"featured_media":15801,"comment_status":"closed","ping_status":"closed","sticky":false,"template":"","format":"standard","meta":{"footnotes":""},"categories":[6349],"tags":[],"class_list":["post-15800","post","type-post","status-publish","format-standard","has-post-thumbnail","hentry","category-social"],"yoast_head":"<!-- This site is optimized with the Yoast SEO plugin v27.4 - https:\/\/yoast.com\/product\/yoast-seo-wordpress\/ -->\n<title>STUDEN\u021aII MOLDOVENI DIN ROM\u00c2NIA: \u201eNE-AU \u00ceNTREBAT DAC\u0102 AVEM CURENT ELECTRIC \u0218I TELEVIZOARE\u201d - BTV<\/title>\n<meta name=\"robots\" content=\"index, follow, max-snippet:-1, max-image-preview:large, max-video-preview:-1\" \/>\n<link rel=\"canonical\" href=\"https:\/\/www.btv.md\/ro\/studentii-moldoveni-din-romania-ne-au-intrebat-daca-avem-curent-electric-si-televizoare\/\" \/>\n<meta property=\"og:locale\" content=\"ro_RO\" \/>\n<meta property=\"og:type\" content=\"article\" \/>\n<meta property=\"og:title\" content=\"STUDEN\u021aII MOLDOVENI DIN ROM\u00c2NIA: \u201eNE-AU \u00ceNTREBAT DAC\u0102 AVEM CURENT ELECTRIC \u0218I TELEVIZOARE\u201d - BTV\" \/>\n<meta property=\"og:description\" content=\"\u00cen ultimii ani, tot mai mul\u021bi tineri moldoveni aleg s\u0103-\u0219i fac\u0103 studiile \u00een Rom\u00e2nia. \u00a0Dac\u0103 o parte dintre ei \u00ee\u0219i motiveaz\u0103 hot\u0103r\u00e2rea prin inten\u021bia de a se stabili acolo cu traiul, al\u021bii sus\u021bin c\u0103 doar \u00een \u021bara de peste Prut \u0219i-ar putea construi un viitor mai bun. Echipa BTV a realizat un interviu \u00een prim\u0103vara [&hellip;]\" \/>\n<meta property=\"og:url\" content=\"https:\/\/www.btv.md\/ro\/studentii-moldoveni-din-romania-ne-au-intrebat-daca-avem-curent-electric-si-televizoare\/\" \/>\n<meta property=\"og:site_name\" content=\"BTV\" \/>\n<meta property=\"article:publisher\" content=\"https:\/\/www.facebook.com\/btvmoldova\/\" \/>\n<meta property=\"article:published_time\" content=\"2016-07-20T15:08:12+00:00\" \/>\n<meta property=\"article:modified_time\" content=\"2016-07-20T15:08:21+00:00\" \/>\n<meta property=\"og:image\" content=\"https:\/\/www.btv.md\/wp-content\/uploads\/2016\/07\/ju7.jpg\" \/>\n\t<meta property=\"og:image:width\" content=\"600\" \/>\n\t<meta property=\"og:image:height\" content=\"400\" \/>\n\t<meta property=\"og:image:type\" content=\"image\/jpeg\" \/>\n<meta name=\"author\" content=\"admin\" \/>\n<meta name=\"twitter:label1\" content=\"Scris de\" \/>\n\t<meta name=\"twitter:data1\" content=\"admin\" \/>\n\t<meta name=\"twitter:label2\" content=\"Timp estimat pentru citire\" \/>\n\t<meta name=\"twitter:data2\" content=\"2 minute\" \/>\n<script type=\"application\/ld+json\" class=\"yoast-schema-graph\">{\"@context\":\"https:\\\/\\\/schema.org\",\"@graph\":[{\"@type\":\"Article\",\"@id\":\"https:\\\/\\\/www.btv.md\\\/ro\\\/studentii-moldoveni-din-romania-ne-au-intrebat-daca-avem-curent-electric-si-televizoare\\\/#article\",\"isPartOf\":{\"@id\":\"https:\\\/\\\/www.btv.md\\\/ro\\\/studentii-moldoveni-din-romania-ne-au-intrebat-daca-avem-curent-electric-si-televizoare\\\/\"},\"author\":{\"name\":\"admin\",\"@id\":\"https:\\\/\\\/www.btv.md\\\/#\\\/schema\\\/person\\\/8fadce81561b3ce2c34c46dadc4ccbf2\"},\"headline\":\"STUDEN\u021aII MOLDOVENI DIN ROM\u00c2NIA: \u201eNE-AU \u00ceNTREBAT DAC\u0102 AVEM CURENT ELECTRIC \u0218I TELEVIZOARE\u201d\",\"datePublished\":\"2016-07-20T15:08:12+00:00\",\"dateModified\":\"2016-07-20T15:08:21+00:00\",\"mainEntityOfPage\":{\"@id\":\"https:\\\/\\\/www.btv.md\\\/ro\\\/studentii-moldoveni-din-romania-ne-au-intrebat-daca-avem-curent-electric-si-televizoare\\\/\"},\"wordCount\":316,\"image\":{\"@id\":\"https:\\\/\\\/www.btv.md\\\/ro\\\/studentii-moldoveni-din-romania-ne-au-intrebat-daca-avem-curent-electric-si-televizoare\\\/#primaryimage\"},\"thumbnailUrl\":\"https:\\\/\\\/www.btv.md\\\/wp-content\\\/uploads\\\/2016\\\/07\\\/ju7.jpg\",\"articleSection\":[\"Social\"],\"inLanguage\":\"ro-RO\"},{\"@type\":\"WebPage\",\"@id\":\"https:\\\/\\\/www.btv.md\\\/ro\\\/studentii-moldoveni-din-romania-ne-au-intrebat-daca-avem-curent-electric-si-televizoare\\\/\",\"url\":\"https:\\\/\\\/www.btv.md\\\/ro\\\/studentii-moldoveni-din-romania-ne-au-intrebat-daca-avem-curent-electric-si-televizoare\\\/\",\"name\":\"STUDEN\u021aII MOLDOVENI DIN ROM\u00c2NIA: \u201eNE-AU \u00ceNTREBAT DAC\u0102 AVEM CURENT ELECTRIC \u0218I TELEVIZOARE\u201d - BTV\",\"isPartOf\":{\"@id\":\"https:\\\/\\\/www.btv.md\\\/#website\"},\"primaryImageOfPage\":{\"@id\":\"https:\\\/\\\/www.btv.md\\\/ro\\\/studentii-moldoveni-din-romania-ne-au-intrebat-daca-avem-curent-electric-si-televizoare\\\/#primaryimage\"},\"image\":{\"@id\":\"https:\\\/\\\/www.btv.md\\\/ro\\\/studentii-moldoveni-din-romania-ne-au-intrebat-daca-avem-curent-electric-si-televizoare\\\/#primaryimage\"},\"thumbnailUrl\":\"https:\\\/\\\/www.btv.md\\\/wp-content\\\/uploads\\\/2016\\\/07\\\/ju7.jpg\",\"datePublished\":\"2016-07-20T15:08:12+00:00\",\"dateModified\":\"2016-07-20T15:08:21+00:00\",\"author\":{\"@id\":\"https:\\\/\\\/www.btv.md\\\/#\\\/schema\\\/person\\\/8fadce81561b3ce2c34c46dadc4ccbf2\"},\"inLanguage\":\"ro-RO\",\"potentialAction\":[{\"@type\":\"ReadAction\",\"target\":[\"https:\\\/\\\/www.btv.md\\\/ro\\\/studentii-moldoveni-din-romania-ne-au-intrebat-daca-avem-curent-electric-si-televizoare\\\/\"]}]},{\"@type\":\"ImageObject\",\"inLanguage\":\"ro-RO\",\"@id\":\"https:\\\/\\\/www.btv.md\\\/ro\\\/studentii-moldoveni-din-romania-ne-au-intrebat-daca-avem-curent-electric-si-televizoare\\\/#primaryimage\",\"url\":\"https:\\\/\\\/www.btv.md\\\/wp-content\\\/uploads\\\/2016\\\/07\\\/ju7.jpg\",\"contentUrl\":\"https:\\\/\\\/www.btv.md\\\/wp-content\\\/uploads\\\/2016\\\/07\\\/ju7.jpg\",\"width\":600,\"height\":400},{\"@type\":\"WebSite\",\"@id\":\"https:\\\/\\\/www.btv.md\\\/#website\",\"url\":\"https:\\\/\\\/www.btv.md\\\/\",\"name\":\"BTV\",\"description\":\"\u0411\u0435\u043b\u044c\u0446\u043a\u043e\u0435 \u0442\u0435\u043b\u0435\u0432\u0438\u0434\u0435\u043d\u0438\u0435\",\"potentialAction\":[{\"@type\":\"SearchAction\",\"target\":{\"@type\":\"EntryPoint\",\"urlTemplate\":\"https:\\\/\\\/www.btv.md\\\/?s={search_term_string}\"},\"query-input\":{\"@type\":\"PropertyValueSpecification\",\"valueRequired\":true,\"valueName\":\"search_term_string\"}}],\"inLanguage\":\"ro-RO\"},{\"@type\":\"Person\",\"@id\":\"https:\\\/\\\/www.btv.md\\\/#\\\/schema\\\/person\\\/8fadce81561b3ce2c34c46dadc4ccbf2\",\"name\":\"admin\"}]}<\/script>\n<!-- \/ Yoast SEO plugin. -->","yoast_head_json":{"title":"STUDEN\u021aII MOLDOVENI DIN ROM\u00c2NIA: \u201eNE-AU \u00ceNTREBAT DAC\u0102 AVEM CURENT ELECTRIC \u0218I TELEVIZOARE\u201d - BTV","robots":{"index":"index","follow":"follow","max-snippet":"max-snippet:-1","max-image-preview":"max-image-preview:large","max-video-preview":"max-video-preview:-1"},"canonical":"https:\/\/www.btv.md\/ro\/studentii-moldoveni-din-romania-ne-au-intrebat-daca-avem-curent-electric-si-televizoare\/","og_locale":"ro_RO","og_type":"article","og_title":"STUDEN\u021aII MOLDOVENI DIN ROM\u00c2NIA: \u201eNE-AU \u00ceNTREBAT DAC\u0102 AVEM CURENT ELECTRIC \u0218I TELEVIZOARE\u201d - BTV","og_description":"\u00cen ultimii ani, tot mai mul\u021bi tineri moldoveni aleg s\u0103-\u0219i fac\u0103 studiile \u00een Rom\u00e2nia. \u00a0Dac\u0103 o parte dintre ei \u00ee\u0219i motiveaz\u0103 hot\u0103r\u00e2rea prin inten\u021bia de a se stabili acolo cu traiul, al\u021bii sus\u021bin c\u0103 doar \u00een \u021bara de peste Prut \u0219i-ar putea construi un viitor mai bun. Echipa BTV a realizat un interviu \u00een prim\u0103vara [&hellip;]","og_url":"https:\/\/www.btv.md\/ro\/studentii-moldoveni-din-romania-ne-au-intrebat-daca-avem-curent-electric-si-televizoare\/","og_site_name":"BTV","article_publisher":"https:\/\/www.facebook.com\/btvmoldova\/","article_published_time":"2016-07-20T15:08:12+00:00","article_modified_time":"2016-07-20T15:08:21+00:00","og_image":[{"width":600,"height":400,"url":"https:\/\/www.btv.md\/wp-content\/uploads\/2016\/07\/ju7.jpg","type":"image\/jpeg"}],"author":"admin","twitter_misc":{"Scris de":"admin","Timp estimat pentru citire":"2 minute"},"schema":{"@context":"https:\/\/schema.org","@graph":[{"@type":"Article","@id":"https:\/\/www.btv.md\/ro\/studentii-moldoveni-din-romania-ne-au-intrebat-daca-avem-curent-electric-si-televizoare\/#article","isPartOf":{"@id":"https:\/\/www.btv.md\/ro\/studentii-moldoveni-din-romania-ne-au-intrebat-daca-avem-curent-electric-si-televizoare\/"},"author":{"name":"admin","@id":"https:\/\/www.btv.md\/#\/schema\/person\/8fadce81561b3ce2c34c46dadc4ccbf2"},"headline":"STUDEN\u021aII MOLDOVENI DIN ROM\u00c2NIA: \u201eNE-AU \u00ceNTREBAT DAC\u0102 AVEM CURENT ELECTRIC \u0218I TELEVIZOARE\u201d","datePublished":"2016-07-20T15:08:12+00:00","dateModified":"2016-07-20T15:08:21+00:00","mainEntityOfPage":{"@id":"https:\/\/www.btv.md\/ro\/studentii-moldoveni-din-romania-ne-au-intrebat-daca-avem-curent-electric-si-televizoare\/"},"wordCount":316,"image":{"@id":"https:\/\/www.btv.md\/ro\/studentii-moldoveni-din-romania-ne-au-intrebat-daca-avem-curent-electric-si-televizoare\/#primaryimage"},"thumbnailUrl":"https:\/\/www.btv.md\/wp-content\/uploads\/2016\/07\/ju7.jpg","articleSection":["Social"],"inLanguage":"ro-RO"},{"@type":"WebPage","@id":"https:\/\/www.btv.md\/ro\/studentii-moldoveni-din-romania-ne-au-intrebat-daca-avem-curent-electric-si-televizoare\/","url":"https:\/\/www.btv.md\/ro\/studentii-moldoveni-din-romania-ne-au-intrebat-daca-avem-curent-electric-si-televizoare\/","name":"STUDEN\u021aII MOLDOVENI DIN ROM\u00c2NIA: \u201eNE-AU \u00ceNTREBAT DAC\u0102 AVEM CURENT ELECTRIC \u0218I TELEVIZOARE\u201d - BTV","isPartOf":{"@id":"https:\/\/www.btv.md\/#website"},"primaryImageOfPage":{"@id":"https:\/\/www.btv.md\/ro\/studentii-moldoveni-din-romania-ne-au-intrebat-daca-avem-curent-electric-si-televizoare\/#primaryimage"},"image":{"@id":"https:\/\/www.btv.md\/ro\/studentii-moldoveni-din-romania-ne-au-intrebat-daca-avem-curent-electric-si-televizoare\/#primaryimage"},"thumbnailUrl":"https:\/\/www.btv.md\/wp-content\/uploads\/2016\/07\/ju7.jpg","datePublished":"2016-07-20T15:08:12+00:00","dateModified":"2016-07-20T15:08:21+00:00","author":{"@id":"https:\/\/www.btv.md\/#\/schema\/person\/8fadce81561b3ce2c34c46dadc4ccbf2"},"inLanguage":"ro-RO","potentialAction":[{"@type":"ReadAction","target":["https:\/\/www.btv.md\/ro\/studentii-moldoveni-din-romania-ne-au-intrebat-daca-avem-curent-electric-si-televizoare\/"]}]},{"@type":"ImageObject","inLanguage":"ro-RO","@id":"https:\/\/www.btv.md\/ro\/studentii-moldoveni-din-romania-ne-au-intrebat-daca-avem-curent-electric-si-televizoare\/#primaryimage","url":"https:\/\/www.btv.md\/wp-content\/uploads\/2016\/07\/ju7.jpg","contentUrl":"https:\/\/www.btv.md\/wp-content\/uploads\/2016\/07\/ju7.jpg","width":600,"height":400},{"@type":"WebSite","@id":"https:\/\/www.btv.md\/#website","url":"https:\/\/www.btv.md\/","name":"BTV","description":"\u0411\u0435\u043b\u044c\u0446\u043a\u043e\u0435 \u0442\u0435\u043b\u0435\u0432\u0438\u0434\u0435\u043d\u0438\u0435","potentialAction":[{"@type":"SearchAction","target":{"@type":"EntryPoint","urlTemplate":"https:\/\/www.btv.md\/?s={search_term_string}"},"query-input":{"@type":"PropertyValueSpecification","valueRequired":true,"valueName":"search_term_string"}}],"inLanguage":"ro-RO"},{"@type":"Person","@id":"https:\/\/www.btv.md\/#\/schema\/person\/8fadce81561b3ce2c34c46dadc4ccbf2","name":"admin"}]}},"_links":{"self":[{"href":"https:\/\/www.btv.md\/ro\/wp-json\/wp\/v2\/posts\/15800","targetHints":{"allow":["GET"]}}],"collection":[{"href":"https:\/\/www.btv.md\/ro\/wp-json\/wp\/v2\/posts"}],"about":[{"href":"https:\/\/www.btv.md\/ro\/wp-json\/wp\/v2\/types\/post"}],"author":[{"embeddable":true,"href":"https:\/\/www.btv.md\/ro\/wp-json\/wp\/v2\/users\/4"}],"replies":[{"embeddable":true,"href":"https:\/\/www.btv.md\/ro\/wp-json\/wp\/v2\/comments?post=15800"}],"version-history":[{"count":0,"href":"https:\/\/www.btv.md\/ro\/wp-json\/wp\/v2\/posts\/15800\/revisions"}],"wp:featuredmedia":[{"embeddable":true,"href":"https:\/\/www.btv.md\/ro\/wp-json\/wp\/v2\/media\/15801"}],"wp:attachment":[{"href":"https:\/\/www.btv.md\/ro\/wp-json\/wp\/v2\/media?parent=15800"}],"wp:term":[{"taxonomy":"category","embeddable":true,"href":"https:\/\/www.btv.md\/ro\/wp-json\/wp\/v2\/categories?post=15800"},{"taxonomy":"post_tag","embeddable":true,"href":"https:\/\/www.btv.md\/ro\/wp-json\/wp\/v2\/tags?post=15800"}],"curies":[{"name":"wp","href":"https:\/\/api.w.org\/{rel}","templated":true}]}}