{"id":15869,"date":"2016-07-22T18:30:48","date_gmt":"2016-07-22T15:30:48","guid":{"rendered":"http:\/\/btv.md\/?p=15869"},"modified":"2016-07-22T18:30:59","modified_gmt":"2016-07-22T15:30:59","slug":"moldovenii-vor-beneficia-de-mai-multe-medicamente-compensate","status":"publish","type":"post","link":"https:\/\/www.btv.md\/ro\/moldovenii-vor-beneficia-de-mai-multe-medicamente-compensate\/","title":{"rendered":"MOLDOVENII  VOR  BENEFICIA  DE  MAI  MULTE  MEDICAMENTE  COMPENSATE"},"content":{"rendered":"<p>Legea fondurilor asigur\u0103rii obligatorii de asisten\u021b\u0103 medical\u0103 pentru anul 2016\u00a0 a intrat \u00een vigoare, mar\u021bi, 19 iulie, c\u00e2nd a fost publicat\u0103 \u00een Monitorul Oficial. Potrivit acesteia, fondurile asigur\u0103rii obligatorii de asisten\u021b\u0103 medical\u0103 vor fi \u00een anul 2016 \u00een sum\u0103 de 5\u00a0mlrd 838\u00a0mln lei. Comparativ cu anul 2015, este prognozat\u0103 majorarea veniturilor fondurilor asigur\u0103rii obligatorii de asisten\u021b\u0103 medical\u0103 cu 13,1 la sut\u0103 \u0219i a cheltuielilor cu 11 la sut\u0103.<\/p>\n<p><iframe width=\"1170\" height=\"878\" data-src=\"https:\/\/www.youtube.com\/embed\/towGxE7nBCM?wmode=transparent&amp;rel=0&amp;feature=oembed\" frameborder=\"0\" allow=\"accelerometer; autoplay; encrypted-media; gyroscope; picture-in-picture\" allowfullscreen src=\"data:image\/svg+xml;base64,PHN2ZyB3aWR0aD0iMSIgaGVpZ2h0PSIxIiB4bWxucz0iaHR0cDovL3d3dy53My5vcmcvMjAwMC9zdmciPjwvc3ZnPg==\" class=\"lazyload\" data-load-mode=\"1\"><\/iframe><\/p>\n<p>Despre aceasta a anun\u021bat \u0219eful Agen\u021biei Teritoriale B\u0103l\u021bi a Companiei Na\u021bionale de Asigur\u0103ri \u00een Medicin\u0103, Grigore Cugal, care a men\u021bionat c\u0103 \u00een acest an, proiectul prevede majorarea cu 50 la sut\u0103 a cheltuielilor pentru medicamentele compensate.<\/p>\n<p>Prima de asigurare obligatorie de asisten\u0163\u0103 medical\u0103 \u00een sum\u0103 fix\u0103 constituie 4056 lei, iar cea \u00een form\u0103 procentual\u0103 din salariu \u015fi alte recompense r\u0103m\u00e2ne la nivelul anului trecut 9%, care vor fi achitate de angajatori \u015fi angaja\u0163i \u00een cote egale a c\u00e2te 4,5%.<\/p>\n<p>De asemenea, categoriile de pl\u0103titori care pot dovedi faptul c\u0103 s-a aflat peste hotarele Republicii Moldova pentru cel pu\u0163in 183 de zile calendaristice, vor achita prima de asigurare obligatorie de asisten\u0163\u0103 medical\u0103 \u00een sum\u0103 fix\u0103 \u00een cuantum propor\u0163ional num\u0103rului de luni complete r\u0103mase de la data achit\u0103rii acesteia.<\/p>\n","protected":false},"excerpt":{"rendered":"<p>Legea fondurilor asigur\u0103rii obligatorii de asisten\u021b\u0103 medical\u0103 pentru anul 2016\u00a0 a intrat \u00een vigoare, mar\u021bi, 19 iulie, c\u00e2nd a fost publicat\u0103 \u00een Monitorul Oficial. Potrivit acesteia, fondurile asigur\u0103rii obligatorii de asisten\u021b\u0103 medical\u0103 vor fi \u00een anul 2016 \u00een sum\u0103 de 5\u00a0mlrd 838\u00a0mln lei. Comparativ cu anul 2015, este prognozat\u0103 majorarea veniturilor fondurilor asigur\u0103rii obligatorii de [&hellip;]<\/p>\n","protected":false},"author":4,"featured_media":15870,"comment_status":"closed","ping_status":"closed","sticky":false,"template":"","format":"standard","meta":{"footnotes":""},"categories":[6349],"tags":[],"class_list":["post-15869","post","type-post","status-publish","format-standard","has-post-thumbnail","hentry","category-social"],"yoast_head":"<!-- This site is optimized with the Yoast SEO plugin v27.4 - https:\/\/yoast.com\/product\/yoast-seo-wordpress\/ -->\n<title>MOLDOVENII VOR BENEFICIA DE MAI MULTE MEDICAMENTE COMPENSATE - BTV<\/title>\n<meta name=\"robots\" content=\"index, follow, max-snippet:-1, max-image-preview:large, max-video-preview:-1\" \/>\n<link rel=\"canonical\" href=\"https:\/\/www.btv.md\/ro\/moldovenii-vor-beneficia-de-mai-multe-medicamente-compensate\/\" \/>\n<meta property=\"og:locale\" content=\"ro_RO\" \/>\n<meta property=\"og:type\" content=\"article\" \/>\n<meta property=\"og:title\" content=\"MOLDOVENII VOR BENEFICIA DE MAI MULTE MEDICAMENTE COMPENSATE - BTV\" \/>\n<meta property=\"og:description\" content=\"Legea fondurilor asigur\u0103rii obligatorii de asisten\u021b\u0103 medical\u0103 pentru anul 2016\u00a0 a intrat \u00een vigoare, mar\u021bi, 19 iulie, c\u00e2nd a fost publicat\u0103 \u00een Monitorul Oficial. Potrivit acesteia, fondurile asigur\u0103rii obligatorii de asisten\u021b\u0103 medical\u0103 vor fi \u00een anul 2016 \u00een sum\u0103 de 5\u00a0mlrd 838\u00a0mln lei. Comparativ cu anul 2015, este prognozat\u0103 majorarea veniturilor fondurilor asigur\u0103rii obligatorii de [&hellip;]\" \/>\n<meta property=\"og:url\" content=\"https:\/\/www.btv.md\/ro\/moldovenii-vor-beneficia-de-mai-multe-medicamente-compensate\/\" \/>\n<meta property=\"og:site_name\" content=\"BTV\" \/>\n<meta property=\"article:publisher\" content=\"https:\/\/www.facebook.com\/btvmoldova\/\" \/>\n<meta property=\"article:published_time\" content=\"2016-07-22T15:30:48+00:00\" \/>\n<meta property=\"article:modified_time\" content=\"2016-07-22T15:30:59+00:00\" \/>\n<meta property=\"og:image\" content=\"https:\/\/www.btv.md\/wp-content\/uploads\/2016\/07\/logh.jpg\" \/>\n\t<meta property=\"og:image:width\" content=\"600\" \/>\n\t<meta property=\"og:image:height\" content=\"400\" \/>\n\t<meta property=\"og:image:type\" content=\"image\/jpeg\" \/>\n<meta name=\"author\" content=\"admin\" \/>\n<meta name=\"twitter:label1\" content=\"Scris de\" \/>\n\t<meta name=\"twitter:data1\" content=\"admin\" \/>\n\t<meta name=\"twitter:label2\" content=\"Timp estimat pentru citire\" \/>\n\t<meta name=\"twitter:data2\" content=\"1 minut\" \/>\n<script type=\"application\/ld+json\" class=\"yoast-schema-graph\">{\"@context\":\"https:\\\/\\\/schema.org\",\"@graph\":[{\"@type\":\"Article\",\"@id\":\"https:\\\/\\\/www.btv.md\\\/ro\\\/moldovenii-vor-beneficia-de-mai-multe-medicamente-compensate\\\/#article\",\"isPartOf\":{\"@id\":\"https:\\\/\\\/www.btv.md\\\/ro\\\/moldovenii-vor-beneficia-de-mai-multe-medicamente-compensate\\\/\"},\"author\":{\"name\":\"admin\",\"@id\":\"https:\\\/\\\/www.btv.md\\\/#\\\/schema\\\/person\\\/8fadce81561b3ce2c34c46dadc4ccbf2\"},\"headline\":\"MOLDOVENII VOR BENEFICIA DE MAI MULTE MEDICAMENTE COMPENSATE\",\"datePublished\":\"2016-07-22T15:30:48+00:00\",\"dateModified\":\"2016-07-22T15:30:59+00:00\",\"mainEntityOfPage\":{\"@id\":\"https:\\\/\\\/www.btv.md\\\/ro\\\/moldovenii-vor-beneficia-de-mai-multe-medicamente-compensate\\\/\"},\"wordCount\":219,\"image\":{\"@id\":\"https:\\\/\\\/www.btv.md\\\/ro\\\/moldovenii-vor-beneficia-de-mai-multe-medicamente-compensate\\\/#primaryimage\"},\"thumbnailUrl\":\"https:\\\/\\\/www.btv.md\\\/wp-content\\\/uploads\\\/2016\\\/07\\\/logh.jpg\",\"articleSection\":[\"Social\"],\"inLanguage\":\"ro-RO\"},{\"@type\":\"WebPage\",\"@id\":\"https:\\\/\\\/www.btv.md\\\/ro\\\/moldovenii-vor-beneficia-de-mai-multe-medicamente-compensate\\\/\",\"url\":\"https:\\\/\\\/www.btv.md\\\/ro\\\/moldovenii-vor-beneficia-de-mai-multe-medicamente-compensate\\\/\",\"name\":\"MOLDOVENII VOR BENEFICIA DE MAI MULTE MEDICAMENTE COMPENSATE - BTV\",\"isPartOf\":{\"@id\":\"https:\\\/\\\/www.btv.md\\\/#website\"},\"primaryImageOfPage\":{\"@id\":\"https:\\\/\\\/www.btv.md\\\/ro\\\/moldovenii-vor-beneficia-de-mai-multe-medicamente-compensate\\\/#primaryimage\"},\"image\":{\"@id\":\"https:\\\/\\\/www.btv.md\\\/ro\\\/moldovenii-vor-beneficia-de-mai-multe-medicamente-compensate\\\/#primaryimage\"},\"thumbnailUrl\":\"https:\\\/\\\/www.btv.md\\\/wp-content\\\/uploads\\\/2016\\\/07\\\/logh.jpg\",\"datePublished\":\"2016-07-22T15:30:48+00:00\",\"dateModified\":\"2016-07-22T15:30:59+00:00\",\"author\":{\"@id\":\"https:\\\/\\\/www.btv.md\\\/#\\\/schema\\\/person\\\/8fadce81561b3ce2c34c46dadc4ccbf2\"},\"inLanguage\":\"ro-RO\",\"potentialAction\":[{\"@type\":\"ReadAction\",\"target\":[\"https:\\\/\\\/www.btv.md\\\/ro\\\/moldovenii-vor-beneficia-de-mai-multe-medicamente-compensate\\\/\"]}]},{\"@type\":\"ImageObject\",\"inLanguage\":\"ro-RO\",\"@id\":\"https:\\\/\\\/www.btv.md\\\/ro\\\/moldovenii-vor-beneficia-de-mai-multe-medicamente-compensate\\\/#primaryimage\",\"url\":\"https:\\\/\\\/www.btv.md\\\/wp-content\\\/uploads\\\/2016\\\/07\\\/logh.jpg\",\"contentUrl\":\"https:\\\/\\\/www.btv.md\\\/wp-content\\\/uploads\\\/2016\\\/07\\\/logh.jpg\",\"width\":600,\"height\":400},{\"@type\":\"WebSite\",\"@id\":\"https:\\\/\\\/www.btv.md\\\/#website\",\"url\":\"https:\\\/\\\/www.btv.md\\\/\",\"name\":\"BTV\",\"description\":\"\u0411\u0435\u043b\u044c\u0446\u043a\u043e\u0435 \u0442\u0435\u043b\u0435\u0432\u0438\u0434\u0435\u043d\u0438\u0435\",\"potentialAction\":[{\"@type\":\"SearchAction\",\"target\":{\"@type\":\"EntryPoint\",\"urlTemplate\":\"https:\\\/\\\/www.btv.md\\\/?s={search_term_string}\"},\"query-input\":{\"@type\":\"PropertyValueSpecification\",\"valueRequired\":true,\"valueName\":\"search_term_string\"}}],\"inLanguage\":\"ro-RO\"},{\"@type\":\"Person\",\"@id\":\"https:\\\/\\\/www.btv.md\\\/#\\\/schema\\\/person\\\/8fadce81561b3ce2c34c46dadc4ccbf2\",\"name\":\"admin\"}]}<\/script>\n<!-- \/ Yoast SEO plugin. -->","yoast_head_json":{"title":"MOLDOVENII VOR BENEFICIA DE MAI MULTE MEDICAMENTE COMPENSATE - BTV","robots":{"index":"index","follow":"follow","max-snippet":"max-snippet:-1","max-image-preview":"max-image-preview:large","max-video-preview":"max-video-preview:-1"},"canonical":"https:\/\/www.btv.md\/ro\/moldovenii-vor-beneficia-de-mai-multe-medicamente-compensate\/","og_locale":"ro_RO","og_type":"article","og_title":"MOLDOVENII VOR BENEFICIA DE MAI MULTE MEDICAMENTE COMPENSATE - BTV","og_description":"Legea fondurilor asigur\u0103rii obligatorii de asisten\u021b\u0103 medical\u0103 pentru anul 2016\u00a0 a intrat \u00een vigoare, mar\u021bi, 19 iulie, c\u00e2nd a fost publicat\u0103 \u00een Monitorul Oficial. Potrivit acesteia, fondurile asigur\u0103rii obligatorii de asisten\u021b\u0103 medical\u0103 vor fi \u00een anul 2016 \u00een sum\u0103 de 5\u00a0mlrd 838\u00a0mln lei. Comparativ cu anul 2015, este prognozat\u0103 majorarea veniturilor fondurilor asigur\u0103rii obligatorii de [&hellip;]","og_url":"https:\/\/www.btv.md\/ro\/moldovenii-vor-beneficia-de-mai-multe-medicamente-compensate\/","og_site_name":"BTV","article_publisher":"https:\/\/www.facebook.com\/btvmoldova\/","article_published_time":"2016-07-22T15:30:48+00:00","article_modified_time":"2016-07-22T15:30:59+00:00","og_image":[{"width":600,"height":400,"url":"https:\/\/www.btv.md\/wp-content\/uploads\/2016\/07\/logh.jpg","type":"image\/jpeg"}],"author":"admin","twitter_misc":{"Scris de":"admin","Timp estimat pentru citire":"1 minut"},"schema":{"@context":"https:\/\/schema.org","@graph":[{"@type":"Article","@id":"https:\/\/www.btv.md\/ro\/moldovenii-vor-beneficia-de-mai-multe-medicamente-compensate\/#article","isPartOf":{"@id":"https:\/\/www.btv.md\/ro\/moldovenii-vor-beneficia-de-mai-multe-medicamente-compensate\/"},"author":{"name":"admin","@id":"https:\/\/www.btv.md\/#\/schema\/person\/8fadce81561b3ce2c34c46dadc4ccbf2"},"headline":"MOLDOVENII VOR BENEFICIA DE MAI MULTE MEDICAMENTE COMPENSATE","datePublished":"2016-07-22T15:30:48+00:00","dateModified":"2016-07-22T15:30:59+00:00","mainEntityOfPage":{"@id":"https:\/\/www.btv.md\/ro\/moldovenii-vor-beneficia-de-mai-multe-medicamente-compensate\/"},"wordCount":219,"image":{"@id":"https:\/\/www.btv.md\/ro\/moldovenii-vor-beneficia-de-mai-multe-medicamente-compensate\/#primaryimage"},"thumbnailUrl":"https:\/\/www.btv.md\/wp-content\/uploads\/2016\/07\/logh.jpg","articleSection":["Social"],"inLanguage":"ro-RO"},{"@type":"WebPage","@id":"https:\/\/www.btv.md\/ro\/moldovenii-vor-beneficia-de-mai-multe-medicamente-compensate\/","url":"https:\/\/www.btv.md\/ro\/moldovenii-vor-beneficia-de-mai-multe-medicamente-compensate\/","name":"MOLDOVENII VOR BENEFICIA DE MAI MULTE MEDICAMENTE COMPENSATE - BTV","isPartOf":{"@id":"https:\/\/www.btv.md\/#website"},"primaryImageOfPage":{"@id":"https:\/\/www.btv.md\/ro\/moldovenii-vor-beneficia-de-mai-multe-medicamente-compensate\/#primaryimage"},"image":{"@id":"https:\/\/www.btv.md\/ro\/moldovenii-vor-beneficia-de-mai-multe-medicamente-compensate\/#primaryimage"},"thumbnailUrl":"https:\/\/www.btv.md\/wp-content\/uploads\/2016\/07\/logh.jpg","datePublished":"2016-07-22T15:30:48+00:00","dateModified":"2016-07-22T15:30:59+00:00","author":{"@id":"https:\/\/www.btv.md\/#\/schema\/person\/8fadce81561b3ce2c34c46dadc4ccbf2"},"inLanguage":"ro-RO","potentialAction":[{"@type":"ReadAction","target":["https:\/\/www.btv.md\/ro\/moldovenii-vor-beneficia-de-mai-multe-medicamente-compensate\/"]}]},{"@type":"ImageObject","inLanguage":"ro-RO","@id":"https:\/\/www.btv.md\/ro\/moldovenii-vor-beneficia-de-mai-multe-medicamente-compensate\/#primaryimage","url":"https:\/\/www.btv.md\/wp-content\/uploads\/2016\/07\/logh.jpg","contentUrl":"https:\/\/www.btv.md\/wp-content\/uploads\/2016\/07\/logh.jpg","width":600,"height":400},{"@type":"WebSite","@id":"https:\/\/www.btv.md\/#website","url":"https:\/\/www.btv.md\/","name":"BTV","description":"\u0411\u0435\u043b\u044c\u0446\u043a\u043e\u0435 \u0442\u0435\u043b\u0435\u0432\u0438\u0434\u0435\u043d\u0438\u0435","potentialAction":[{"@type":"SearchAction","target":{"@type":"EntryPoint","urlTemplate":"https:\/\/www.btv.md\/?s={search_term_string}"},"query-input":{"@type":"PropertyValueSpecification","valueRequired":true,"valueName":"search_term_string"}}],"inLanguage":"ro-RO"},{"@type":"Person","@id":"https:\/\/www.btv.md\/#\/schema\/person\/8fadce81561b3ce2c34c46dadc4ccbf2","name":"admin"}]}},"_links":{"self":[{"href":"https:\/\/www.btv.md\/ro\/wp-json\/wp\/v2\/posts\/15869","targetHints":{"allow":["GET"]}}],"collection":[{"href":"https:\/\/www.btv.md\/ro\/wp-json\/wp\/v2\/posts"}],"about":[{"href":"https:\/\/www.btv.md\/ro\/wp-json\/wp\/v2\/types\/post"}],"author":[{"embeddable":true,"href":"https:\/\/www.btv.md\/ro\/wp-json\/wp\/v2\/users\/4"}],"replies":[{"embeddable":true,"href":"https:\/\/www.btv.md\/ro\/wp-json\/wp\/v2\/comments?post=15869"}],"version-history":[{"count":0,"href":"https:\/\/www.btv.md\/ro\/wp-json\/wp\/v2\/posts\/15869\/revisions"}],"wp:featuredmedia":[{"embeddable":true,"href":"https:\/\/www.btv.md\/ro\/wp-json\/wp\/v2\/media\/15870"}],"wp:attachment":[{"href":"https:\/\/www.btv.md\/ro\/wp-json\/wp\/v2\/media?parent=15869"}],"wp:term":[{"taxonomy":"category","embeddable":true,"href":"https:\/\/www.btv.md\/ro\/wp-json\/wp\/v2\/categories?post=15869"},{"taxonomy":"post_tag","embeddable":true,"href":"https:\/\/www.btv.md\/ro\/wp-json\/wp\/v2\/tags?post=15869"}],"curies":[{"name":"wp","href":"https:\/\/api.w.org\/{rel}","templated":true}]}}