{"id":158857,"date":"2021-11-27T12:00:18","date_gmt":"2021-11-27T10:00:18","guid":{"rendered":"https:\/\/www.btv.md\/?p=158857"},"modified":"2021-11-27T12:00:18","modified_gmt":"2021-11-27T10:00:18","slug":"accident-infiorator-la-stefan-voda-soldat-cu-decesul-a-sase-persoane","status":"publish","type":"post","link":"https:\/\/www.btv.md\/ro\/accident-infiorator-la-stefan-voda-soldat-cu-decesul-a-sase-persoane\/","title":{"rendered":"Accident \u00eenfior\u0103tor la \u0218tefan Vod\u0103, soldat cu decesul a \u0219ase persoane"},"content":{"rendered":"<p><strong>Un accident rutier s-a produs \u00een aceast\u0103 diminea\u021b\u0103 \u00een apropierea de satul Popeasca (r-nul \u0218tefan Vod\u0103). Potrivit datelor preliminare, un camion de model MAN, deplas\u00e2ndu-se pe traseu, a ie\u0219it la dep\u0103\u0219ire neasigur\u00e2ndu-se c\u0103 din sens opus se deplaseaz\u0103 alt autovehicol de model Chraysler, cu numere de \u00eenmatriculare din Rom\u00e2nia, transmite <a href=\"https:\/\/deschide.md\/ro\/stiri\/social\/96223\/UPDATE--(FOTO)-Grav-accident-la-%C8%98tefan-Vod%C4%83-soldat-cu-decesul-a-%C8%99ase-persoane-IGP-Printre-persoanele-decedate-nu-sunt-minori.htm\">deschide.md.\u00a0<\/a><\/strong><\/p>\n<p>Mai mult dec\u00e2t at\u00e2t \u00een urma impactului, at\u00e2t \u0219oferul, c\u00e2t \u0219i pasagerii afla\u021bi \u00een automobilul Chraysler, au decedat. Inspectoratul General al Poli\u021biei a venit cu detalii despre accidentul rutier produs \u00een aceast\u0103 diminea\u021b\u0103 \u00een apropierea localit\u0103\u021bii Popeasca, \u0218tefan Vod\u0103. IGP confirm\u0103 informa\u021biile prezentate anterior de Deschide.MD, \u00eens\u0103 precizeaz\u0103 c\u0103 printre persoanele decedate nu sunt minori.<\/p>\n<blockquote><p>\u201e<em>Preliminar s-a stabilit c\u0103 un b\u0103rbat de 39 de ani, conduc\u00e2nd un camion de marca \u201eMAN\u201d, a ie\u0219it la dep\u0103\u0219irea unui tractor f\u0103r\u0103 a se asigura \u0219i a tamponat frontal un automobil de marca \u201eChrysler\u201d, \u00eenmatriculat \u00een Rom\u00e2nia.<\/em><\/p>\n<p><em>\u00cen consecin\u021b\u0103, conduc\u0103torul automobilului \u0219i cei 5 pasageri au decedat pe loc, p\u00e2n\u0103 la sosirea ambulan\u021bei. Printre persoanele decedate nu sunt minori<\/em>\u201d, se arat\u0103 \u00eentr-un comunicat al Poli\u021biei Na\u021bionale.<\/p><\/blockquote>\n<p>Men\u021bion\u0103m faptul c\u0103 la momentul actual, la fa\u021ba locului se afl\u0103 serviciile specializate care ofer\u0103 suport rudelor \u0219i stabilesc toate circumstan\u021bele.<\/p>\n<div id='gallery-1' class='gallery galleryid-158857 gallery-columns-2 gallery-size-thumbnail'><figure class='gallery-item'>\n\t\t\t<div class='gallery-icon portrait'>\n\t\t\t\t<a href='https:\/\/www.btv.md\/ro\/accident-infiorator-la-stefan-voda-soldat-cu-decesul-a-sase-persoane\/tragedie\/'><img decoding=\"async\" width=\"72\" height=\"96\" data-src=\"https:\/\/www.btv.md\/wp-content\/smush-webp\/2021\/11\/tragedie.jpg.webp\" class=\"attachment-thumbnail size-thumbnail lazyload\" alt=\"\" aria-describedby=\"gallery-1-158858\" src=\"data:image\/svg+xml;base64,PHN2ZyB3aWR0aD0iMSIgaGVpZ2h0PSIxIiB4bWxucz0iaHR0cDovL3d3dy53My5vcmcvMjAwMC9zdmciPjwvc3ZnPg==\" style=\"--smush-placeholder-width: 72px; --smush-placeholder-aspect-ratio: 72\/96;\" \/><\/a>\n\t\t\t<\/div>\n\t\t\t\t<figcaption class='wp-caption-text gallery-caption' id='gallery-1-158858'>\n\t\t\t\tFoto: Deschide.md \n\t\t\t\t<\/figcaption><\/figure><figure class='gallery-item'>\n\t\t\t<div class='gallery-icon portrait'>\n\t\t\t\t<a href='https:\/\/www.btv.md\/ro\/accident-infiorator-la-stefan-voda-soldat-cu-decesul-a-sase-persoane\/acc\/'><img decoding=\"async\" width=\"89\" height=\"96\" data-src=\"https:\/\/www.btv.md\/wp-content\/smush-webp\/2021\/11\/acc.jpg.webp\" class=\"attachment-thumbnail size-thumbnail lazyload\" alt=\"\" src=\"data:image\/svg+xml;base64,PHN2ZyB3aWR0aD0iMSIgaGVpZ2h0PSIxIiB4bWxucz0iaHR0cDovL3d3dy53My5vcmcvMjAwMC9zdmciPjwvc3ZnPg==\" style=\"--smush-placeholder-width: 89px; --smush-placeholder-aspect-ratio: 89\/96;\" \/><\/a>\n\t\t\t<\/div><\/figure>\n\t\t<\/div>\n\n","protected":false},"excerpt":{"rendered":"<p>Un accident rutier s-a produs \u00een aceast\u0103 diminea\u021b\u0103 \u00een apropierea de satul Popeasca (r-nul \u0218tefan Vod\u0103). Potrivit datelor preliminare, un camion de model MAN, deplas\u00e2ndu-se pe traseu, a ie\u0219it la dep\u0103\u0219ire neasigur\u00e2ndu-se c\u0103 din sens opus se deplaseaz\u0103 alt autovehicol de model Chraysler, cu numere de \u00eenmatriculare din Rom\u00e2nia, transmite deschide.md.\u00a0 Mai mult dec\u00e2t at\u00e2t [&hellip;]<\/p>\n","protected":false},"author":4,"featured_media":150142,"comment_status":"open","ping_status":"closed","sticky":false,"template":"","format":"standard","meta":{"footnotes":""},"categories":[6351,6349,6377],"tags":[8824,34952,12612],"class_list":["post-158857","post","type-post","status-publish","format-standard","has-post-thumbnail","hentry","category-incidente","category-social","category-stiri","tag-accident-ro","tag-sase-persoane-au-decedat","tag-stefan-voda"],"yoast_head":"<!-- This site is optimized with the Yoast SEO plugin v27.4 - https:\/\/yoast.com\/product\/yoast-seo-wordpress\/ -->\n<title>Accident \u00eenfior\u0103tor la \u0218tefan Vod\u0103, soldat cu decesul a \u0219ase persoane - BTV<\/title>\n<meta name=\"robots\" content=\"index, follow, max-snippet:-1, max-image-preview:large, max-video-preview:-1\" \/>\n<link rel=\"canonical\" href=\"https:\/\/www.btv.md\/ro\/accident-infiorator-la-stefan-voda-soldat-cu-decesul-a-sase-persoane\/\" \/>\n<meta property=\"og:locale\" content=\"ro_RO\" \/>\n<meta property=\"og:type\" content=\"article\" \/>\n<meta property=\"og:title\" content=\"Accident \u00eenfior\u0103tor la \u0218tefan Vod\u0103, soldat cu decesul a \u0219ase persoane - BTV\" \/>\n<meta property=\"og:description\" content=\"Un accident rutier s-a produs \u00een aceast\u0103 diminea\u021b\u0103 \u00een apropierea de satul Popeasca (r-nul \u0218tefan Vod\u0103). Potrivit datelor preliminare, un camion de model MAN, deplas\u00e2ndu-se pe traseu, a ie\u0219it la dep\u0103\u0219ire neasigur\u00e2ndu-se c\u0103 din sens opus se deplaseaz\u0103 alt autovehicol de model Chraysler, cu numere de \u00eenmatriculare din Rom\u00e2nia, transmite deschide.md.\u00a0 Mai mult dec\u00e2t at\u00e2t [&hellip;]\" \/>\n<meta property=\"og:url\" content=\"https:\/\/www.btv.md\/ro\/accident-infiorator-la-stefan-voda-soldat-cu-decesul-a-sase-persoane\/\" \/>\n<meta property=\"og:site_name\" content=\"BTV\" \/>\n<meta property=\"article:publisher\" content=\"https:\/\/www.facebook.com\/btvmoldova\/\" \/>\n<meta property=\"article:published_time\" content=\"2021-11-27T10:00:18+00:00\" \/>\n<meta property=\"og:image\" content=\"https:\/\/www.btv.md\/wp-content\/uploads\/2021\/10\/acces-interzis-500x297-1.jpg\" \/>\n\t<meta property=\"og:image:width\" content=\"500\" \/>\n\t<meta property=\"og:image:height\" content=\"297\" \/>\n\t<meta property=\"og:image:type\" content=\"image\/jpeg\" \/>\n<meta name=\"author\" content=\"admin\" \/>\n<meta name=\"twitter:label1\" content=\"Scris de\" \/>\n\t<meta name=\"twitter:data1\" content=\"admin\" \/>\n\t<meta name=\"twitter:label2\" content=\"Timp estimat pentru citire\" \/>\n\t<meta name=\"twitter:data2\" content=\"1 minut\" \/>\n<script type=\"application\/ld+json\" class=\"yoast-schema-graph\">{\"@context\":\"https:\\\/\\\/schema.org\",\"@graph\":[{\"@type\":\"Article\",\"@id\":\"https:\\\/\\\/www.btv.md\\\/ro\\\/accident-infiorator-la-stefan-voda-soldat-cu-decesul-a-sase-persoane\\\/#article\",\"isPartOf\":{\"@id\":\"https:\\\/\\\/www.btv.md\\\/ro\\\/accident-infiorator-la-stefan-voda-soldat-cu-decesul-a-sase-persoane\\\/\"},\"author\":{\"name\":\"admin\",\"@id\":\"https:\\\/\\\/www.btv.md\\\/#\\\/schema\\\/person\\\/8fadce81561b3ce2c34c46dadc4ccbf2\"},\"headline\":\"Accident \u00eenfior\u0103tor la \u0218tefan Vod\u0103, soldat cu decesul a \u0219ase persoane\",\"datePublished\":\"2021-11-27T10:00:18+00:00\",\"mainEntityOfPage\":{\"@id\":\"https:\\\/\\\/www.btv.md\\\/ro\\\/accident-infiorator-la-stefan-voda-soldat-cu-decesul-a-sase-persoane\\\/\"},\"wordCount\":237,\"commentCount\":0,\"image\":{\"@id\":\"https:\\\/\\\/www.btv.md\\\/ro\\\/accident-infiorator-la-stefan-voda-soldat-cu-decesul-a-sase-persoane\\\/#primaryimage\"},\"thumbnailUrl\":\"https:\\\/\\\/www.btv.md\\\/wp-content\\\/uploads\\\/2021\\\/10\\\/acces-interzis-500x297-1.jpg\",\"keywords\":[\"accident\",\"\u0219ase persoane au decedat\",\"\u0218tefan -Vod\u0103\"],\"articleSection\":[\"Incidente\",\"Social\",\"\u0218tiri\"],\"inLanguage\":\"ro-RO\",\"potentialAction\":[{\"@type\":\"CommentAction\",\"name\":\"Comment\",\"target\":[\"https:\\\/\\\/www.btv.md\\\/ro\\\/accident-infiorator-la-stefan-voda-soldat-cu-decesul-a-sase-persoane\\\/#respond\"]}]},{\"@type\":\"WebPage\",\"@id\":\"https:\\\/\\\/www.btv.md\\\/ro\\\/accident-infiorator-la-stefan-voda-soldat-cu-decesul-a-sase-persoane\\\/\",\"url\":\"https:\\\/\\\/www.btv.md\\\/ro\\\/accident-infiorator-la-stefan-voda-soldat-cu-decesul-a-sase-persoane\\\/\",\"name\":\"Accident \u00eenfior\u0103tor la \u0218tefan Vod\u0103, soldat cu decesul a \u0219ase persoane - BTV\",\"isPartOf\":{\"@id\":\"https:\\\/\\\/www.btv.md\\\/#website\"},\"primaryImageOfPage\":{\"@id\":\"https:\\\/\\\/www.btv.md\\\/ro\\\/accident-infiorator-la-stefan-voda-soldat-cu-decesul-a-sase-persoane\\\/#primaryimage\"},\"image\":{\"@id\":\"https:\\\/\\\/www.btv.md\\\/ro\\\/accident-infiorator-la-stefan-voda-soldat-cu-decesul-a-sase-persoane\\\/#primaryimage\"},\"thumbnailUrl\":\"https:\\\/\\\/www.btv.md\\\/wp-content\\\/uploads\\\/2021\\\/10\\\/acces-interzis-500x297-1.jpg\",\"datePublished\":\"2021-11-27T10:00:18+00:00\",\"author\":{\"@id\":\"https:\\\/\\\/www.btv.md\\\/#\\\/schema\\\/person\\\/8fadce81561b3ce2c34c46dadc4ccbf2\"},\"inLanguage\":\"ro-RO\",\"potentialAction\":[{\"@type\":\"ReadAction\",\"target\":[\"https:\\\/\\\/www.btv.md\\\/ro\\\/accident-infiorator-la-stefan-voda-soldat-cu-decesul-a-sase-persoane\\\/\"]}]},{\"@type\":\"ImageObject\",\"inLanguage\":\"ro-RO\",\"@id\":\"https:\\\/\\\/www.btv.md\\\/ro\\\/accident-infiorator-la-stefan-voda-soldat-cu-decesul-a-sase-persoane\\\/#primaryimage\",\"url\":\"https:\\\/\\\/www.btv.md\\\/wp-content\\\/uploads\\\/2021\\\/10\\\/acces-interzis-500x297-1.jpg\",\"contentUrl\":\"https:\\\/\\\/www.btv.md\\\/wp-content\\\/uploads\\\/2021\\\/10\\\/acces-interzis-500x297-1.jpg\",\"width\":500,\"height\":297,\"caption\":\"Accidentul s-a produs \u00een aceast\u0103 diminea\u021b\u0103 \u00een apropierea de satul Popeasca (r-nul \u0218tefan Vod\u0103). Foto: Aif.md\"},{\"@type\":\"WebSite\",\"@id\":\"https:\\\/\\\/www.btv.md\\\/#website\",\"url\":\"https:\\\/\\\/www.btv.md\\\/\",\"name\":\"BTV\",\"description\":\"\u0411\u0435\u043b\u044c\u0446\u043a\u043e\u0435 \u0442\u0435\u043b\u0435\u0432\u0438\u0434\u0435\u043d\u0438\u0435\",\"potentialAction\":[{\"@type\":\"SearchAction\",\"target\":{\"@type\":\"EntryPoint\",\"urlTemplate\":\"https:\\\/\\\/www.btv.md\\\/?s={search_term_string}\"},\"query-input\":{\"@type\":\"PropertyValueSpecification\",\"valueRequired\":true,\"valueName\":\"search_term_string\"}}],\"inLanguage\":\"ro-RO\"},{\"@type\":\"Person\",\"@id\":\"https:\\\/\\\/www.btv.md\\\/#\\\/schema\\\/person\\\/8fadce81561b3ce2c34c46dadc4ccbf2\",\"name\":\"admin\"}]}<\/script>\n<!-- \/ Yoast SEO plugin. -->","yoast_head_json":{"title":"Accident \u00eenfior\u0103tor la \u0218tefan Vod\u0103, soldat cu decesul a \u0219ase persoane - BTV","robots":{"index":"index","follow":"follow","max-snippet":"max-snippet:-1","max-image-preview":"max-image-preview:large","max-video-preview":"max-video-preview:-1"},"canonical":"https:\/\/www.btv.md\/ro\/accident-infiorator-la-stefan-voda-soldat-cu-decesul-a-sase-persoane\/","og_locale":"ro_RO","og_type":"article","og_title":"Accident \u00eenfior\u0103tor la \u0218tefan Vod\u0103, soldat cu decesul a \u0219ase persoane - BTV","og_description":"Un accident rutier s-a produs \u00een aceast\u0103 diminea\u021b\u0103 \u00een apropierea de satul Popeasca (r-nul \u0218tefan Vod\u0103). Potrivit datelor preliminare, un camion de model MAN, deplas\u00e2ndu-se pe traseu, a ie\u0219it la dep\u0103\u0219ire neasigur\u00e2ndu-se c\u0103 din sens opus se deplaseaz\u0103 alt autovehicol de model Chraysler, cu numere de \u00eenmatriculare din Rom\u00e2nia, transmite deschide.md.\u00a0 Mai mult dec\u00e2t at\u00e2t [&hellip;]","og_url":"https:\/\/www.btv.md\/ro\/accident-infiorator-la-stefan-voda-soldat-cu-decesul-a-sase-persoane\/","og_site_name":"BTV","article_publisher":"https:\/\/www.facebook.com\/btvmoldova\/","article_published_time":"2021-11-27T10:00:18+00:00","og_image":[{"width":500,"height":297,"url":"https:\/\/www.btv.md\/wp-content\/uploads\/2021\/10\/acces-interzis-500x297-1.jpg","type":"image\/jpeg"}],"author":"admin","twitter_misc":{"Scris de":"admin","Timp estimat pentru citire":"1 minut"},"schema":{"@context":"https:\/\/schema.org","@graph":[{"@type":"Article","@id":"https:\/\/www.btv.md\/ro\/accident-infiorator-la-stefan-voda-soldat-cu-decesul-a-sase-persoane\/#article","isPartOf":{"@id":"https:\/\/www.btv.md\/ro\/accident-infiorator-la-stefan-voda-soldat-cu-decesul-a-sase-persoane\/"},"author":{"name":"admin","@id":"https:\/\/www.btv.md\/#\/schema\/person\/8fadce81561b3ce2c34c46dadc4ccbf2"},"headline":"Accident \u00eenfior\u0103tor la \u0218tefan Vod\u0103, soldat cu decesul a \u0219ase persoane","datePublished":"2021-11-27T10:00:18+00:00","mainEntityOfPage":{"@id":"https:\/\/www.btv.md\/ro\/accident-infiorator-la-stefan-voda-soldat-cu-decesul-a-sase-persoane\/"},"wordCount":237,"commentCount":0,"image":{"@id":"https:\/\/www.btv.md\/ro\/accident-infiorator-la-stefan-voda-soldat-cu-decesul-a-sase-persoane\/#primaryimage"},"thumbnailUrl":"https:\/\/www.btv.md\/wp-content\/uploads\/2021\/10\/acces-interzis-500x297-1.jpg","keywords":["accident","\u0219ase persoane au decedat","\u0218tefan -Vod\u0103"],"articleSection":["Incidente","Social","\u0218tiri"],"inLanguage":"ro-RO","potentialAction":[{"@type":"CommentAction","name":"Comment","target":["https:\/\/www.btv.md\/ro\/accident-infiorator-la-stefan-voda-soldat-cu-decesul-a-sase-persoane\/#respond"]}]},{"@type":"WebPage","@id":"https:\/\/www.btv.md\/ro\/accident-infiorator-la-stefan-voda-soldat-cu-decesul-a-sase-persoane\/","url":"https:\/\/www.btv.md\/ro\/accident-infiorator-la-stefan-voda-soldat-cu-decesul-a-sase-persoane\/","name":"Accident \u00eenfior\u0103tor la \u0218tefan Vod\u0103, soldat cu decesul a \u0219ase persoane - BTV","isPartOf":{"@id":"https:\/\/www.btv.md\/#website"},"primaryImageOfPage":{"@id":"https:\/\/www.btv.md\/ro\/accident-infiorator-la-stefan-voda-soldat-cu-decesul-a-sase-persoane\/#primaryimage"},"image":{"@id":"https:\/\/www.btv.md\/ro\/accident-infiorator-la-stefan-voda-soldat-cu-decesul-a-sase-persoane\/#primaryimage"},"thumbnailUrl":"https:\/\/www.btv.md\/wp-content\/uploads\/2021\/10\/acces-interzis-500x297-1.jpg","datePublished":"2021-11-27T10:00:18+00:00","author":{"@id":"https:\/\/www.btv.md\/#\/schema\/person\/8fadce81561b3ce2c34c46dadc4ccbf2"},"inLanguage":"ro-RO","potentialAction":[{"@type":"ReadAction","target":["https:\/\/www.btv.md\/ro\/accident-infiorator-la-stefan-voda-soldat-cu-decesul-a-sase-persoane\/"]}]},{"@type":"ImageObject","inLanguage":"ro-RO","@id":"https:\/\/www.btv.md\/ro\/accident-infiorator-la-stefan-voda-soldat-cu-decesul-a-sase-persoane\/#primaryimage","url":"https:\/\/www.btv.md\/wp-content\/uploads\/2021\/10\/acces-interzis-500x297-1.jpg","contentUrl":"https:\/\/www.btv.md\/wp-content\/uploads\/2021\/10\/acces-interzis-500x297-1.jpg","width":500,"height":297,"caption":"Accidentul s-a produs \u00een aceast\u0103 diminea\u021b\u0103 \u00een apropierea de satul Popeasca (r-nul \u0218tefan Vod\u0103). Foto: Aif.md"},{"@type":"WebSite","@id":"https:\/\/www.btv.md\/#website","url":"https:\/\/www.btv.md\/","name":"BTV","description":"\u0411\u0435\u043b\u044c\u0446\u043a\u043e\u0435 \u0442\u0435\u043b\u0435\u0432\u0438\u0434\u0435\u043d\u0438\u0435","potentialAction":[{"@type":"SearchAction","target":{"@type":"EntryPoint","urlTemplate":"https:\/\/www.btv.md\/?s={search_term_string}"},"query-input":{"@type":"PropertyValueSpecification","valueRequired":true,"valueName":"search_term_string"}}],"inLanguage":"ro-RO"},{"@type":"Person","@id":"https:\/\/www.btv.md\/#\/schema\/person\/8fadce81561b3ce2c34c46dadc4ccbf2","name":"admin"}]}},"_links":{"self":[{"href":"https:\/\/www.btv.md\/ro\/wp-json\/wp\/v2\/posts\/158857","targetHints":{"allow":["GET"]}}],"collection":[{"href":"https:\/\/www.btv.md\/ro\/wp-json\/wp\/v2\/posts"}],"about":[{"href":"https:\/\/www.btv.md\/ro\/wp-json\/wp\/v2\/types\/post"}],"author":[{"embeddable":true,"href":"https:\/\/www.btv.md\/ro\/wp-json\/wp\/v2\/users\/4"}],"replies":[{"embeddable":true,"href":"https:\/\/www.btv.md\/ro\/wp-json\/wp\/v2\/comments?post=158857"}],"version-history":[{"count":0,"href":"https:\/\/www.btv.md\/ro\/wp-json\/wp\/v2\/posts\/158857\/revisions"}],"wp:featuredmedia":[{"embeddable":true,"href":"https:\/\/www.btv.md\/ro\/wp-json\/wp\/v2\/media\/150142"}],"wp:attachment":[{"href":"https:\/\/www.btv.md\/ro\/wp-json\/wp\/v2\/media?parent=158857"}],"wp:term":[{"taxonomy":"category","embeddable":true,"href":"https:\/\/www.btv.md\/ro\/wp-json\/wp\/v2\/categories?post=158857"},{"taxonomy":"post_tag","embeddable":true,"href":"https:\/\/www.btv.md\/ro\/wp-json\/wp\/v2\/tags?post=158857"}],"curies":[{"name":"wp","href":"https:\/\/api.w.org\/{rel}","templated":true}]}}