{"id":158959,"date":"2021-11-29T12:22:47","date_gmt":"2021-11-29T10:22:47","guid":{"rendered":"https:\/\/www.btv.md\/?p=158959"},"modified":"2021-11-29T12:22:47","modified_gmt":"2021-11-29T10:22:47","slug":"video-un-tanar-din-drochia-a-fsot-retinut-in-capitala-pentru-furtul-unui-automobil","status":"publish","type":"post","link":"https:\/\/www.btv.md\/ro\/video-un-tanar-din-drochia-a-fsot-retinut-in-capitala-pentru-furtul-unui-automobil\/","title":{"rendered":"Video\/\/ Un t\u00e2n\u0103r din Drochia, a fsot re\u021binut \u00een Capital\u0103 pentru furtul unui automobil"},"content":{"rendered":"<p><strong>Un t\u00e2n\u0103r din Drochia de\u00a0 24 de ani, este cercetat penal de poli\u021bi\u0219tii Inspectoratului de Poli\u021bie a sec. Botanica din cadrul Direc\u021biei de Poli\u021bie a mun. Chi\u0219in\u0103u, pentru comiterea unui furt.<\/strong><\/p>\n<p>Incidentul dat a avut loc la data de 20 noiembrie curent, IP Botanica, a fost sesizat\u00a0 prin intermediul serviciului unic de urgen\u021b\u0103 112, precum c\u0103 de pe bd. Cuza Vod\u0103, a fost sustras un automobil de marca ,,Daihatsu\u201d. \u00cen contextul dat la fa\u021ba locului imediat s-a deplasat grupa operativ\u0103 pentru stabilirea tuturor circumstan\u021belor. Victima, un b\u0103rbat de 75 de ani, a comunicat c\u0103 a depistat lipsa automobilului \u00een jurul orei 2:30 de minute. Mai mult dec\u00e2t at\u00e2t prejudiciul cauzat proprietarului autovecuculului a fost estimat la circa 40 000 lei.<\/p>\n<blockquote><p><em>&#8222;Oamenii legii\u00a0 imediat au dispus mai multe ac\u021biuni de investiga\u021biei \u0219i urm\u0103rire penal\u0103 pentru stabilirea circumstan\u021belor \u0219i depistarea automobilului. Astfel, \u00een urma m\u0103surilor \u00eentreprinse automobilul a fost depistat pe str. Uzinelor.Urmare a ac\u021biunilor \u00eentreprinse de c\u0103tre ofi\u021berii de investiga\u021bie \u0219i urm\u0103rire penal\u0103, suspectul \u00een comiterea infrac\u021biunii a fost identificat \u0219i re\u021binut. \u00cen cadrul ac\u021biunilor procesual\u00a0 penale t\u00e2n\u0103rul \u0219i-a recunoscut vina. Acesta a declarat c\u0103 a sustras automobilul pentru a-l vinde la punctele de colectare a metalului uzat<\/em>&#8222;, se arat\u0103 \u00een comunicatul emis de Direc\u021bia de Poli\u021bie a mun. Chi\u0219in\u0103u.<\/p><\/blockquote>\n<p>Men\u021bion\u0103m faptul c\u0103 \u00een privin\u021ba acestuia a fost ini\u021biat\u0103 o cauz\u0103 penal\u0103 pentru ,, Furt\u201d. T\u00e2n\u0103rul risc\u0103 amend\u0103 \u00een m\u0103rime de p\u00e2n\u0103 la circa 32 500 lei, munc\u0103 neremunerat\u0103 \u00een folosul comunit\u0103\u0163ii de la 120 la 240 de ore, sau cu \u00eenchisoare de p\u00een\u0103 la 2 ani.<\/p>\n<p><a href=\"http:\/\/iframe%20src=https:\/\/www.facebook.com\/plugins\/video.php?height=314&amp;href=https%3A%2F%2Fwww.facebook.com%2Fpolitiacapitalei.md%2Fvideos%2F263234895680149%2F&amp;show_text=false&amp;width=560&amp;t=0%20width=560%20height=314%20style=border:none;overflow:hidden%20scrolling=no%20frameborder=0%20allowfullscreen=true%20allow=autoplay;%20clipboard-write;%20encrypted-media;%20picture-in-picture;%20web-share%20allowFullScreen=true\/iframe\"><iframe style=\"border: none; overflow: hidden;\" data-src=\"https:\/\/www.facebook.com\/plugins\/video.php?height=314&amp;href=https%3A%2F%2Fwww.facebook.com%2Fpolitiacapitalei.md%2Fvideos%2F263234895680149%2F&amp;show_text=false&amp;width=560&amp;t=0\" width=\"560\" height=\"314\" frameborder=\"0\" scrolling=\"no\" allowfullscreen=\"allowfullscreen\" src=\"data:image\/svg+xml;base64,PHN2ZyB3aWR0aD0iMSIgaGVpZ2h0PSIxIiB4bWxucz0iaHR0cDovL3d3dy53My5vcmcvMjAwMC9zdmciPjwvc3ZnPg==\" class=\"lazyload\" data-load-mode=\"1\"><\/iframe><\/a><\/p>\n","protected":false},"excerpt":{"rendered":"<p>Un t\u00e2n\u0103r din Drochia de\u00a0 24 de ani, este cercetat penal de poli\u021bi\u0219tii Inspectoratului de Poli\u021bie a sec. Botanica din cadrul Direc\u021biei de Poli\u021bie a mun. Chi\u0219in\u0103u, pentru comiterea unui furt. Incidentul dat a avut loc la data de 20 noiembrie curent, IP Botanica, a fost sesizat\u00a0 prin intermediul serviciului unic de urgen\u021b\u0103 112, precum [&hellip;]<\/p>\n","protected":false},"author":4,"featured_media":157782,"comment_status":"open","ping_status":"closed","sticky":false,"template":"","format":"video","meta":{"footnotes":""},"categories":[6351,6377],"tags":[12807,35010,35009,31336],"class_list":["post-158959","post","type-post","status-publish","format-video","has-post-thumbnail","hentry","category-incidente","category-stiri","tag-a-furat","tag-din-drochia","tag-o-masina","tag-un-tanar","post_format-post-format-video"],"yoast_head":"<!-- This site is optimized with the Yoast SEO plugin v27.4 - https:\/\/yoast.com\/product\/yoast-seo-wordpress\/ -->\n<title>Video\/\/ Un t\u00e2n\u0103r din Drochia, a fsot re\u021binut \u00een Capital\u0103 pentru furtul unui automobil - BTV<\/title>\n<meta name=\"robots\" content=\"index, follow, max-snippet:-1, max-image-preview:large, max-video-preview:-1\" \/>\n<link rel=\"canonical\" href=\"https:\/\/www.btv.md\/ro\/amp\/video-un-tanar-din-drochia-a-fsot-retinut-in-capitala-pentru-furtul-unui-automobil\/\" \/>\n<meta property=\"og:locale\" content=\"ro_RO\" \/>\n<meta property=\"og:type\" content=\"article\" \/>\n<meta property=\"og:title\" content=\"Video\/\/ Un t\u00e2n\u0103r din Drochia, a fsot re\u021binut \u00een Capital\u0103 pentru furtul unui automobil - BTV\" \/>\n<meta property=\"og:description\" content=\"Un t\u00e2n\u0103r din Drochia de\u00a0 24 de ani, este cercetat penal de poli\u021bi\u0219tii Inspectoratului de Poli\u021bie a sec. Botanica din cadrul Direc\u021biei de Poli\u021bie a mun. Chi\u0219in\u0103u, pentru comiterea unui furt. Incidentul dat a avut loc la data de 20 noiembrie curent, IP Botanica, a fost sesizat\u00a0 prin intermediul serviciului unic de urgen\u021b\u0103 112, precum [&hellip;]\" \/>\n<meta property=\"og:url\" content=\"https:\/\/www.btv.md\/ro\/amp\/video-un-tanar-din-drochia-a-fsot-retinut-in-capitala-pentru-furtul-unui-automobil\/\" \/>\n<meta property=\"og:site_name\" content=\"BTV\" \/>\n<meta property=\"article:publisher\" content=\"https:\/\/www.facebook.com\/btvmoldova\/\" \/>\n<meta property=\"article:published_time\" content=\"2021-11-29T10:22:47+00:00\" \/>\n<meta property=\"og:image\" content=\"https:\/\/www.btv.md\/wp-content\/uploads\/2021\/11\/catuse_74375600.jpg\" \/>\n\t<meta property=\"og:image:width\" content=\"780\" \/>\n\t<meta property=\"og:image:height\" content=\"440\" \/>\n\t<meta property=\"og:image:type\" content=\"image\/jpeg\" \/>\n<meta name=\"author\" content=\"admin\" \/>\n<meta name=\"twitter:label1\" content=\"Scris de\" \/>\n\t<meta name=\"twitter:data1\" content=\"admin\" \/>\n\t<meta name=\"twitter:label2\" content=\"Timp estimat pentru citire\" \/>\n\t<meta name=\"twitter:data2\" content=\"2 minute\" \/>\n<script type=\"application\/ld+json\" class=\"yoast-schema-graph\">{\"@context\":\"https:\\\/\\\/schema.org\",\"@graph\":[{\"@type\":\"Article\",\"@id\":\"https:\\\/\\\/www.btv.md\\\/ro\\\/amp\\\/video-un-tanar-din-drochia-a-fsot-retinut-in-capitala-pentru-furtul-unui-automobil\\\/#article\",\"isPartOf\":{\"@id\":\"https:\\\/\\\/www.btv.md\\\/ro\\\/amp\\\/video-un-tanar-din-drochia-a-fsot-retinut-in-capitala-pentru-furtul-unui-automobil\\\/\"},\"author\":{\"name\":\"admin\",\"@id\":\"https:\\\/\\\/www.btv.md\\\/#\\\/schema\\\/person\\\/8fadce81561b3ce2c34c46dadc4ccbf2\"},\"headline\":\"Video\\\/\\\/ Un t\u00e2n\u0103r din Drochia, a fsot re\u021binut \u00een Capital\u0103 pentru furtul unui automobil\",\"datePublished\":\"2021-11-29T10:22:47+00:00\",\"mainEntityOfPage\":{\"@id\":\"https:\\\/\\\/www.btv.md\\\/ro\\\/amp\\\/video-un-tanar-din-drochia-a-fsot-retinut-in-capitala-pentru-furtul-unui-automobil\\\/\"},\"wordCount\":304,\"commentCount\":0,\"image\":{\"@id\":\"https:\\\/\\\/www.btv.md\\\/ro\\\/amp\\\/video-un-tanar-din-drochia-a-fsot-retinut-in-capitala-pentru-furtul-unui-automobil\\\/#primaryimage\"},\"thumbnailUrl\":\"https:\\\/\\\/www.btv.md\\\/wp-content\\\/uploads\\\/2021\\\/11\\\/catuse_74375600.jpg\",\"keywords\":[\"a furat\",\"din Drochia\",\"o ma\u0219in\u0103\",\"Un t\u00e2n\u0103r\"],\"articleSection\":[\"Incidente\",\"\u0218tiri\"],\"inLanguage\":\"ro-RO\",\"potentialAction\":[{\"@type\":\"CommentAction\",\"name\":\"Comment\",\"target\":[\"https:\\\/\\\/www.btv.md\\\/ro\\\/amp\\\/video-un-tanar-din-drochia-a-fsot-retinut-in-capitala-pentru-furtul-unui-automobil\\\/#respond\"]}]},{\"@type\":\"WebPage\",\"@id\":\"https:\\\/\\\/www.btv.md\\\/ro\\\/amp\\\/video-un-tanar-din-drochia-a-fsot-retinut-in-capitala-pentru-furtul-unui-automobil\\\/\",\"url\":\"https:\\\/\\\/www.btv.md\\\/ro\\\/amp\\\/video-un-tanar-din-drochia-a-fsot-retinut-in-capitala-pentru-furtul-unui-automobil\\\/\",\"name\":\"Video\\\/\\\/ Un t\u00e2n\u0103r din Drochia, a fsot re\u021binut \u00een Capital\u0103 pentru furtul unui automobil - BTV\",\"isPartOf\":{\"@id\":\"https:\\\/\\\/www.btv.md\\\/#website\"},\"primaryImageOfPage\":{\"@id\":\"https:\\\/\\\/www.btv.md\\\/ro\\\/amp\\\/video-un-tanar-din-drochia-a-fsot-retinut-in-capitala-pentru-furtul-unui-automobil\\\/#primaryimage\"},\"image\":{\"@id\":\"https:\\\/\\\/www.btv.md\\\/ro\\\/amp\\\/video-un-tanar-din-drochia-a-fsot-retinut-in-capitala-pentru-furtul-unui-automobil\\\/#primaryimage\"},\"thumbnailUrl\":\"https:\\\/\\\/www.btv.md\\\/wp-content\\\/uploads\\\/2021\\\/11\\\/catuse_74375600.jpg\",\"datePublished\":\"2021-11-29T10:22:47+00:00\",\"author\":{\"@id\":\"https:\\\/\\\/www.btv.md\\\/#\\\/schema\\\/person\\\/8fadce81561b3ce2c34c46dadc4ccbf2\"},\"inLanguage\":\"ro-RO\",\"potentialAction\":[{\"@type\":\"ReadAction\",\"target\":[\"https:\\\/\\\/www.btv.md\\\/ro\\\/amp\\\/video-un-tanar-din-drochia-a-fsot-retinut-in-capitala-pentru-furtul-unui-automobil\\\/\"]}]},{\"@type\":\"ImageObject\",\"inLanguage\":\"ro-RO\",\"@id\":\"https:\\\/\\\/www.btv.md\\\/ro\\\/amp\\\/video-un-tanar-din-drochia-a-fsot-retinut-in-capitala-pentru-furtul-unui-automobil\\\/#primaryimage\",\"url\":\"https:\\\/\\\/www.btv.md\\\/wp-content\\\/uploads\\\/2021\\\/11\\\/catuse_74375600.jpg\",\"contentUrl\":\"https:\\\/\\\/www.btv.md\\\/wp-content\\\/uploads\\\/2021\\\/11\\\/catuse_74375600.jpg\",\"width\":780,\"height\":440,\"caption\":\"Acesta \u00een mod deschis a sustras un telefon mobil de model ,,IPHONE XR\u201d. Foto: Romania TV\"},{\"@type\":\"WebSite\",\"@id\":\"https:\\\/\\\/www.btv.md\\\/#website\",\"url\":\"https:\\\/\\\/www.btv.md\\\/\",\"name\":\"BTV\",\"description\":\"\u0411\u0435\u043b\u044c\u0446\u043a\u043e\u0435 \u0442\u0435\u043b\u0435\u0432\u0438\u0434\u0435\u043d\u0438\u0435\",\"potentialAction\":[{\"@type\":\"SearchAction\",\"target\":{\"@type\":\"EntryPoint\",\"urlTemplate\":\"https:\\\/\\\/www.btv.md\\\/?s={search_term_string}\"},\"query-input\":{\"@type\":\"PropertyValueSpecification\",\"valueRequired\":true,\"valueName\":\"search_term_string\"}}],\"inLanguage\":\"ro-RO\"},{\"@type\":\"Person\",\"@id\":\"https:\\\/\\\/www.btv.md\\\/#\\\/schema\\\/person\\\/8fadce81561b3ce2c34c46dadc4ccbf2\",\"name\":\"admin\"}]}<\/script>\n<!-- \/ Yoast SEO plugin. -->","yoast_head_json":{"title":"Video\/\/ Un t\u00e2n\u0103r din Drochia, a fsot re\u021binut \u00een Capital\u0103 pentru furtul unui automobil - BTV","robots":{"index":"index","follow":"follow","max-snippet":"max-snippet:-1","max-image-preview":"max-image-preview:large","max-video-preview":"max-video-preview:-1"},"canonical":"https:\/\/www.btv.md\/ro\/amp\/video-un-tanar-din-drochia-a-fsot-retinut-in-capitala-pentru-furtul-unui-automobil\/","og_locale":"ro_RO","og_type":"article","og_title":"Video\/\/ Un t\u00e2n\u0103r din Drochia, a fsot re\u021binut \u00een Capital\u0103 pentru furtul unui automobil - BTV","og_description":"Un t\u00e2n\u0103r din Drochia de\u00a0 24 de ani, este cercetat penal de poli\u021bi\u0219tii Inspectoratului de Poli\u021bie a sec. Botanica din cadrul Direc\u021biei de Poli\u021bie a mun. Chi\u0219in\u0103u, pentru comiterea unui furt. Incidentul dat a avut loc la data de 20 noiembrie curent, IP Botanica, a fost sesizat\u00a0 prin intermediul serviciului unic de urgen\u021b\u0103 112, precum [&hellip;]","og_url":"https:\/\/www.btv.md\/ro\/amp\/video-un-tanar-din-drochia-a-fsot-retinut-in-capitala-pentru-furtul-unui-automobil\/","og_site_name":"BTV","article_publisher":"https:\/\/www.facebook.com\/btvmoldova\/","article_published_time":"2021-11-29T10:22:47+00:00","og_image":[{"width":780,"height":440,"url":"https:\/\/www.btv.md\/wp-content\/uploads\/2021\/11\/catuse_74375600.jpg","type":"image\/jpeg"}],"author":"admin","twitter_misc":{"Scris de":"admin","Timp estimat pentru citire":"2 minute"},"schema":{"@context":"https:\/\/schema.org","@graph":[{"@type":"Article","@id":"https:\/\/www.btv.md\/ro\/amp\/video-un-tanar-din-drochia-a-fsot-retinut-in-capitala-pentru-furtul-unui-automobil\/#article","isPartOf":{"@id":"https:\/\/www.btv.md\/ro\/amp\/video-un-tanar-din-drochia-a-fsot-retinut-in-capitala-pentru-furtul-unui-automobil\/"},"author":{"name":"admin","@id":"https:\/\/www.btv.md\/#\/schema\/person\/8fadce81561b3ce2c34c46dadc4ccbf2"},"headline":"Video\/\/ Un t\u00e2n\u0103r din Drochia, a fsot re\u021binut \u00een Capital\u0103 pentru furtul unui automobil","datePublished":"2021-11-29T10:22:47+00:00","mainEntityOfPage":{"@id":"https:\/\/www.btv.md\/ro\/amp\/video-un-tanar-din-drochia-a-fsot-retinut-in-capitala-pentru-furtul-unui-automobil\/"},"wordCount":304,"commentCount":0,"image":{"@id":"https:\/\/www.btv.md\/ro\/amp\/video-un-tanar-din-drochia-a-fsot-retinut-in-capitala-pentru-furtul-unui-automobil\/#primaryimage"},"thumbnailUrl":"https:\/\/www.btv.md\/wp-content\/uploads\/2021\/11\/catuse_74375600.jpg","keywords":["a furat","din Drochia","o ma\u0219in\u0103","Un t\u00e2n\u0103r"],"articleSection":["Incidente","\u0218tiri"],"inLanguage":"ro-RO","potentialAction":[{"@type":"CommentAction","name":"Comment","target":["https:\/\/www.btv.md\/ro\/amp\/video-un-tanar-din-drochia-a-fsot-retinut-in-capitala-pentru-furtul-unui-automobil\/#respond"]}]},{"@type":"WebPage","@id":"https:\/\/www.btv.md\/ro\/amp\/video-un-tanar-din-drochia-a-fsot-retinut-in-capitala-pentru-furtul-unui-automobil\/","url":"https:\/\/www.btv.md\/ro\/amp\/video-un-tanar-din-drochia-a-fsot-retinut-in-capitala-pentru-furtul-unui-automobil\/","name":"Video\/\/ Un t\u00e2n\u0103r din Drochia, a fsot re\u021binut \u00een Capital\u0103 pentru furtul unui automobil - BTV","isPartOf":{"@id":"https:\/\/www.btv.md\/#website"},"primaryImageOfPage":{"@id":"https:\/\/www.btv.md\/ro\/amp\/video-un-tanar-din-drochia-a-fsot-retinut-in-capitala-pentru-furtul-unui-automobil\/#primaryimage"},"image":{"@id":"https:\/\/www.btv.md\/ro\/amp\/video-un-tanar-din-drochia-a-fsot-retinut-in-capitala-pentru-furtul-unui-automobil\/#primaryimage"},"thumbnailUrl":"https:\/\/www.btv.md\/wp-content\/uploads\/2021\/11\/catuse_74375600.jpg","datePublished":"2021-11-29T10:22:47+00:00","author":{"@id":"https:\/\/www.btv.md\/#\/schema\/person\/8fadce81561b3ce2c34c46dadc4ccbf2"},"inLanguage":"ro-RO","potentialAction":[{"@type":"ReadAction","target":["https:\/\/www.btv.md\/ro\/amp\/video-un-tanar-din-drochia-a-fsot-retinut-in-capitala-pentru-furtul-unui-automobil\/"]}]},{"@type":"ImageObject","inLanguage":"ro-RO","@id":"https:\/\/www.btv.md\/ro\/amp\/video-un-tanar-din-drochia-a-fsot-retinut-in-capitala-pentru-furtul-unui-automobil\/#primaryimage","url":"https:\/\/www.btv.md\/wp-content\/uploads\/2021\/11\/catuse_74375600.jpg","contentUrl":"https:\/\/www.btv.md\/wp-content\/uploads\/2021\/11\/catuse_74375600.jpg","width":780,"height":440,"caption":"Acesta \u00een mod deschis a sustras un telefon mobil de model ,,IPHONE XR\u201d. Foto: Romania TV"},{"@type":"WebSite","@id":"https:\/\/www.btv.md\/#website","url":"https:\/\/www.btv.md\/","name":"BTV","description":"\u0411\u0435\u043b\u044c\u0446\u043a\u043e\u0435 \u0442\u0435\u043b\u0435\u0432\u0438\u0434\u0435\u043d\u0438\u0435","potentialAction":[{"@type":"SearchAction","target":{"@type":"EntryPoint","urlTemplate":"https:\/\/www.btv.md\/?s={search_term_string}"},"query-input":{"@type":"PropertyValueSpecification","valueRequired":true,"valueName":"search_term_string"}}],"inLanguage":"ro-RO"},{"@type":"Person","@id":"https:\/\/www.btv.md\/#\/schema\/person\/8fadce81561b3ce2c34c46dadc4ccbf2","name":"admin"}]}},"_links":{"self":[{"href":"https:\/\/www.btv.md\/ro\/wp-json\/wp\/v2\/posts\/158959","targetHints":{"allow":["GET"]}}],"collection":[{"href":"https:\/\/www.btv.md\/ro\/wp-json\/wp\/v2\/posts"}],"about":[{"href":"https:\/\/www.btv.md\/ro\/wp-json\/wp\/v2\/types\/post"}],"author":[{"embeddable":true,"href":"https:\/\/www.btv.md\/ro\/wp-json\/wp\/v2\/users\/4"}],"replies":[{"embeddable":true,"href":"https:\/\/www.btv.md\/ro\/wp-json\/wp\/v2\/comments?post=158959"}],"version-history":[{"count":0,"href":"https:\/\/www.btv.md\/ro\/wp-json\/wp\/v2\/posts\/158959\/revisions"}],"wp:featuredmedia":[{"embeddable":true,"href":"https:\/\/www.btv.md\/ro\/wp-json\/wp\/v2\/media\/157782"}],"wp:attachment":[{"href":"https:\/\/www.btv.md\/ro\/wp-json\/wp\/v2\/media?parent=158959"}],"wp:term":[{"taxonomy":"category","embeddable":true,"href":"https:\/\/www.btv.md\/ro\/wp-json\/wp\/v2\/categories?post=158959"},{"taxonomy":"post_tag","embeddable":true,"href":"https:\/\/www.btv.md\/ro\/wp-json\/wp\/v2\/tags?post=158959"}],"curies":[{"name":"wp","href":"https:\/\/api.w.org\/{rel}","templated":true}]}}