{"id":158969,"date":"2021-11-29T12:29:49","date_gmt":"2021-11-29T10:29:49","guid":{"rendered":"https:\/\/www.btv.md\/?p=158969"},"modified":"2021-11-29T12:29:49","modified_gmt":"2021-11-29T10:29:49","slug":"pregatim-saniile-cand-va-cadea-prima-zapada-din-acest-an","status":"publish","type":"post","link":"https:\/\/www.btv.md\/ro\/pregatim-saniile-cand-va-cadea-prima-zapada-din-acest-an\/","title":{"rendered":"Preg\u0103tim s\u0103niile. C\u00e2nd va c\u0103dea prima z\u0103pad\u0103 din acest an?"},"content":{"rendered":"<p><strong>\u00cen Republica Moldova sunt a\u0219teptate primele ninsori. Potrivit datelor oferite de SHS prima z\u0103pad\u0103 din acest an va c\u0103dea s\u00e2mb\u0103t\u0103 pe data de 4 decembrie.<\/strong><\/p>\n<p>\u00cen contextul dat potrivit datelor meteo interna\u021bionale, \u021bara noastr\u0103 va fi acoperit\u0103 de un ciclon care va aduce ninsori foarte puternice, iar stratul de z\u0103pad\u0103 ar putea atinge \u00een unele regiuni ale \u021b\u0103rii p\u00e2n\u0103 la circa 20 cm.<\/p>\n<p>Contactat de\u00a0<a href=\"https:\/\/stiri.md\/article\/meteo\/primele-ninsori-in-moldova-cati-centimetri-ar-putea-avea-stratul-de-zapada\">\u0218tiri.md<\/a>, Ghenadie Ro\u015fca, \u015feful direc\u021biei prognoze meteo,\u00a0a confirmat c\u0103, \u00een perioada 3-5 decembrie, se a\u0219teapt\u0103 ca teritoriul R. Moldova s\u0103 fie traversat de un ciclon.<\/p>\n<blockquote><p>&#8222;<em>\u00cen perioada 3-4 decembrie teritoriul nostru ar putea fi traversat de un ciclon sau mai bine zis \u00een apropiere de teritoriul nostru. Acest ciclon ar putea s\u0103 ne aduc\u0103 precipita\u021bii sub form\u0103 de lapovi\u021b\u0103 pentru c\u0103 temperaturile vor fi destul de ridicate pentru ca s\u0103 cad\u0103 ninsoarea.\u00a0<\/em><\/p>\n<p><em>\u0218i dac\u0103 acei 20 de cm de z\u0103pad\u0103 vor c\u0103dea, cel mai probabil e c\u0103 vor fi \u00een mun\u021bii Carpa\u021bi, iar pe teritoriul nostru nu ne a\u0219tept\u0103m s\u0103 avem un strat de z\u0103pad\u0103 semnificativ. Dac\u0103 vom avea un strat de z\u0103pad\u0103 de 2-3 cm cred c\u0103 o s\u0103 fie maxim&#8221;<\/em>, a precizat Ghenadie Ro\u0219ca.<\/p><\/blockquote>\n","protected":false},"excerpt":{"rendered":"<p>\u00cen Republica Moldova sunt a\u0219teptate primele ninsori. Potrivit datelor oferite de SHS prima z\u0103pad\u0103 din acest an va c\u0103dea s\u00e2mb\u0103t\u0103 pe data de 4 decembrie. \u00cen contextul dat potrivit datelor meteo interna\u021bionale, \u021bara noastr\u0103 va fi acoperit\u0103 de un ciclon care va aduce ninsori foarte puternice, iar stratul de z\u0103pad\u0103 ar putea atinge \u00een unele [&hellip;]<\/p>\n","protected":false},"author":4,"featured_media":158970,"comment_status":"open","ping_status":"closed","sticky":false,"template":"","format":"standard","meta":{"footnotes":""},"categories":[6353,6349,6377],"tags":[35011,11702],"class_list":["post-158969","post","type-post","status-publish","format-standard","has-post-thumbnail","hentry","category-oras","category-social","category-stiri","tag-prima-zapada","tag-r-moldova"],"yoast_head":"<!-- This site is optimized with the Yoast SEO plugin v27.4 - https:\/\/yoast.com\/product\/yoast-seo-wordpress\/ -->\n<title>Preg\u0103tim s\u0103niile. C\u00e2nd va c\u0103dea prima z\u0103pad\u0103 din acest an? - BTV<\/title>\n<meta name=\"robots\" content=\"index, follow, max-snippet:-1, max-image-preview:large, max-video-preview:-1\" \/>\n<link rel=\"canonical\" href=\"https:\/\/www.btv.md\/ro\/amp\/pregatim-saniile-cand-va-cadea-prima-zapada-din-acest-an\/\" \/>\n<meta property=\"og:locale\" content=\"ro_RO\" \/>\n<meta property=\"og:type\" content=\"article\" \/>\n<meta property=\"og:title\" content=\"Preg\u0103tim s\u0103niile. C\u00e2nd va c\u0103dea prima z\u0103pad\u0103 din acest an? - BTV\" \/>\n<meta property=\"og:description\" content=\"\u00cen Republica Moldova sunt a\u0219teptate primele ninsori. Potrivit datelor oferite de SHS prima z\u0103pad\u0103 din acest an va c\u0103dea s\u00e2mb\u0103t\u0103 pe data de 4 decembrie. \u00cen contextul dat potrivit datelor meteo interna\u021bionale, \u021bara noastr\u0103 va fi acoperit\u0103 de un ciclon care va aduce ninsori foarte puternice, iar stratul de z\u0103pad\u0103 ar putea atinge \u00een unele [&hellip;]\" \/>\n<meta property=\"og:url\" content=\"https:\/\/www.btv.md\/ro\/amp\/pregatim-saniile-cand-va-cadea-prima-zapada-din-acest-an\/\" \/>\n<meta property=\"og:site_name\" content=\"BTV\" \/>\n<meta property=\"article:publisher\" content=\"https:\/\/www.facebook.com\/btvmoldova\/\" \/>\n<meta property=\"article:published_time\" content=\"2021-11-29T10:29:49+00:00\" \/>\n<meta property=\"og:image\" content=\"https:\/\/www.btv.md\/wp-content\/uploads\/2021\/11\/omul-de-zapada-si-povestile-lui-1280x720-1.jpg\" \/>\n\t<meta property=\"og:image:width\" content=\"1280\" \/>\n\t<meta property=\"og:image:height\" content=\"720\" \/>\n\t<meta property=\"og:image:type\" content=\"image\/jpeg\" \/>\n<meta name=\"author\" content=\"admin\" \/>\n<meta name=\"twitter:label1\" content=\"Scris de\" \/>\n\t<meta name=\"twitter:data1\" content=\"admin\" \/>\n\t<meta name=\"twitter:label2\" content=\"Timp estimat pentru citire\" \/>\n\t<meta name=\"twitter:data2\" content=\"1 minut\" \/>\n<script type=\"application\/ld+json\" class=\"yoast-schema-graph\">{\"@context\":\"https:\\\/\\\/schema.org\",\"@graph\":[{\"@type\":\"Article\",\"@id\":\"https:\\\/\\\/www.btv.md\\\/ro\\\/amp\\\/pregatim-saniile-cand-va-cadea-prima-zapada-din-acest-an\\\/#article\",\"isPartOf\":{\"@id\":\"https:\\\/\\\/www.btv.md\\\/ro\\\/amp\\\/pregatim-saniile-cand-va-cadea-prima-zapada-din-acest-an\\\/\"},\"author\":{\"name\":\"admin\",\"@id\":\"https:\\\/\\\/www.btv.md\\\/#\\\/schema\\\/person\\\/8fadce81561b3ce2c34c46dadc4ccbf2\"},\"headline\":\"Preg\u0103tim s\u0103niile. C\u00e2nd va c\u0103dea prima z\u0103pad\u0103 din acest an?\",\"datePublished\":\"2021-11-29T10:29:49+00:00\",\"mainEntityOfPage\":{\"@id\":\"https:\\\/\\\/www.btv.md\\\/ro\\\/amp\\\/pregatim-saniile-cand-va-cadea-prima-zapada-din-acest-an\\\/\"},\"wordCount\":226,\"commentCount\":0,\"image\":{\"@id\":\"https:\\\/\\\/www.btv.md\\\/ro\\\/amp\\\/pregatim-saniile-cand-va-cadea-prima-zapada-din-acest-an\\\/#primaryimage\"},\"thumbnailUrl\":\"https:\\\/\\\/www.btv.md\\\/wp-content\\\/uploads\\\/2021\\\/11\\\/omul-de-zapada-si-povestile-lui-1280x720-1.jpg\",\"keywords\":[\"prima z\u0103pad\u0103\",\"R. Moldova\"],\"articleSection\":[\"Ora\u0219\",\"Social\",\"\u0218tiri\"],\"inLanguage\":\"ro-RO\",\"potentialAction\":[{\"@type\":\"CommentAction\",\"name\":\"Comment\",\"target\":[\"https:\\\/\\\/www.btv.md\\\/ro\\\/amp\\\/pregatim-saniile-cand-va-cadea-prima-zapada-din-acest-an\\\/#respond\"]}]},{\"@type\":\"WebPage\",\"@id\":\"https:\\\/\\\/www.btv.md\\\/ro\\\/amp\\\/pregatim-saniile-cand-va-cadea-prima-zapada-din-acest-an\\\/\",\"url\":\"https:\\\/\\\/www.btv.md\\\/ro\\\/amp\\\/pregatim-saniile-cand-va-cadea-prima-zapada-din-acest-an\\\/\",\"name\":\"Preg\u0103tim s\u0103niile. C\u00e2nd va c\u0103dea prima z\u0103pad\u0103 din acest an? - BTV\",\"isPartOf\":{\"@id\":\"https:\\\/\\\/www.btv.md\\\/#website\"},\"primaryImageOfPage\":{\"@id\":\"https:\\\/\\\/www.btv.md\\\/ro\\\/amp\\\/pregatim-saniile-cand-va-cadea-prima-zapada-din-acest-an\\\/#primaryimage\"},\"image\":{\"@id\":\"https:\\\/\\\/www.btv.md\\\/ro\\\/amp\\\/pregatim-saniile-cand-va-cadea-prima-zapada-din-acest-an\\\/#primaryimage\"},\"thumbnailUrl\":\"https:\\\/\\\/www.btv.md\\\/wp-content\\\/uploads\\\/2021\\\/11\\\/omul-de-zapada-si-povestile-lui-1280x720-1.jpg\",\"datePublished\":\"2021-11-29T10:29:49+00:00\",\"author\":{\"@id\":\"https:\\\/\\\/www.btv.md\\\/#\\\/schema\\\/person\\\/8fadce81561b3ce2c34c46dadc4ccbf2\"},\"inLanguage\":\"ro-RO\",\"potentialAction\":[{\"@type\":\"ReadAction\",\"target\":[\"https:\\\/\\\/www.btv.md\\\/ro\\\/amp\\\/pregatim-saniile-cand-va-cadea-prima-zapada-din-acest-an\\\/\"]}]},{\"@type\":\"ImageObject\",\"inLanguage\":\"ro-RO\",\"@id\":\"https:\\\/\\\/www.btv.md\\\/ro\\\/amp\\\/pregatim-saniile-cand-va-cadea-prima-zapada-din-acest-an\\\/#primaryimage\",\"url\":\"https:\\\/\\\/www.btv.md\\\/wp-content\\\/uploads\\\/2021\\\/11\\\/omul-de-zapada-si-povestile-lui-1280x720-1.jpg\",\"contentUrl\":\"https:\\\/\\\/www.btv.md\\\/wp-content\\\/uploads\\\/2021\\\/11\\\/omul-de-zapada-si-povestile-lui-1280x720-1.jpg\",\"width\":1280,\"height\":720,\"caption\":\"Z\u0103pad\u0103 ar putea atinge \u00een unele regiuni ale \u021b\u0103rii p\u00e2n\u0103 la 20 cm. Foto: Edifica.ro\"},{\"@type\":\"WebSite\",\"@id\":\"https:\\\/\\\/www.btv.md\\\/#website\",\"url\":\"https:\\\/\\\/www.btv.md\\\/\",\"name\":\"BTV\",\"description\":\"\u0411\u0435\u043b\u044c\u0446\u043a\u043e\u0435 \u0442\u0435\u043b\u0435\u0432\u0438\u0434\u0435\u043d\u0438\u0435\",\"potentialAction\":[{\"@type\":\"SearchAction\",\"target\":{\"@type\":\"EntryPoint\",\"urlTemplate\":\"https:\\\/\\\/www.btv.md\\\/?s={search_term_string}\"},\"query-input\":{\"@type\":\"PropertyValueSpecification\",\"valueRequired\":true,\"valueName\":\"search_term_string\"}}],\"inLanguage\":\"ro-RO\"},{\"@type\":\"Person\",\"@id\":\"https:\\\/\\\/www.btv.md\\\/#\\\/schema\\\/person\\\/8fadce81561b3ce2c34c46dadc4ccbf2\",\"name\":\"admin\"}]}<\/script>\n<!-- \/ Yoast SEO plugin. -->","yoast_head_json":{"title":"Preg\u0103tim s\u0103niile. C\u00e2nd va c\u0103dea prima z\u0103pad\u0103 din acest an? - BTV","robots":{"index":"index","follow":"follow","max-snippet":"max-snippet:-1","max-image-preview":"max-image-preview:large","max-video-preview":"max-video-preview:-1"},"canonical":"https:\/\/www.btv.md\/ro\/amp\/pregatim-saniile-cand-va-cadea-prima-zapada-din-acest-an\/","og_locale":"ro_RO","og_type":"article","og_title":"Preg\u0103tim s\u0103niile. C\u00e2nd va c\u0103dea prima z\u0103pad\u0103 din acest an? - BTV","og_description":"\u00cen Republica Moldova sunt a\u0219teptate primele ninsori. Potrivit datelor oferite de SHS prima z\u0103pad\u0103 din acest an va c\u0103dea s\u00e2mb\u0103t\u0103 pe data de 4 decembrie. \u00cen contextul dat potrivit datelor meteo interna\u021bionale, \u021bara noastr\u0103 va fi acoperit\u0103 de un ciclon care va aduce ninsori foarte puternice, iar stratul de z\u0103pad\u0103 ar putea atinge \u00een unele [&hellip;]","og_url":"https:\/\/www.btv.md\/ro\/amp\/pregatim-saniile-cand-va-cadea-prima-zapada-din-acest-an\/","og_site_name":"BTV","article_publisher":"https:\/\/www.facebook.com\/btvmoldova\/","article_published_time":"2021-11-29T10:29:49+00:00","og_image":[{"width":1280,"height":720,"url":"https:\/\/www.btv.md\/wp-content\/uploads\/2021\/11\/omul-de-zapada-si-povestile-lui-1280x720-1.jpg","type":"image\/jpeg"}],"author":"admin","twitter_misc":{"Scris de":"admin","Timp estimat pentru citire":"1 minut"},"schema":{"@context":"https:\/\/schema.org","@graph":[{"@type":"Article","@id":"https:\/\/www.btv.md\/ro\/amp\/pregatim-saniile-cand-va-cadea-prima-zapada-din-acest-an\/#article","isPartOf":{"@id":"https:\/\/www.btv.md\/ro\/amp\/pregatim-saniile-cand-va-cadea-prima-zapada-din-acest-an\/"},"author":{"name":"admin","@id":"https:\/\/www.btv.md\/#\/schema\/person\/8fadce81561b3ce2c34c46dadc4ccbf2"},"headline":"Preg\u0103tim s\u0103niile. C\u00e2nd va c\u0103dea prima z\u0103pad\u0103 din acest an?","datePublished":"2021-11-29T10:29:49+00:00","mainEntityOfPage":{"@id":"https:\/\/www.btv.md\/ro\/amp\/pregatim-saniile-cand-va-cadea-prima-zapada-din-acest-an\/"},"wordCount":226,"commentCount":0,"image":{"@id":"https:\/\/www.btv.md\/ro\/amp\/pregatim-saniile-cand-va-cadea-prima-zapada-din-acest-an\/#primaryimage"},"thumbnailUrl":"https:\/\/www.btv.md\/wp-content\/uploads\/2021\/11\/omul-de-zapada-si-povestile-lui-1280x720-1.jpg","keywords":["prima z\u0103pad\u0103","R. Moldova"],"articleSection":["Ora\u0219","Social","\u0218tiri"],"inLanguage":"ro-RO","potentialAction":[{"@type":"CommentAction","name":"Comment","target":["https:\/\/www.btv.md\/ro\/amp\/pregatim-saniile-cand-va-cadea-prima-zapada-din-acest-an\/#respond"]}]},{"@type":"WebPage","@id":"https:\/\/www.btv.md\/ro\/amp\/pregatim-saniile-cand-va-cadea-prima-zapada-din-acest-an\/","url":"https:\/\/www.btv.md\/ro\/amp\/pregatim-saniile-cand-va-cadea-prima-zapada-din-acest-an\/","name":"Preg\u0103tim s\u0103niile. C\u00e2nd va c\u0103dea prima z\u0103pad\u0103 din acest an? - BTV","isPartOf":{"@id":"https:\/\/www.btv.md\/#website"},"primaryImageOfPage":{"@id":"https:\/\/www.btv.md\/ro\/amp\/pregatim-saniile-cand-va-cadea-prima-zapada-din-acest-an\/#primaryimage"},"image":{"@id":"https:\/\/www.btv.md\/ro\/amp\/pregatim-saniile-cand-va-cadea-prima-zapada-din-acest-an\/#primaryimage"},"thumbnailUrl":"https:\/\/www.btv.md\/wp-content\/uploads\/2021\/11\/omul-de-zapada-si-povestile-lui-1280x720-1.jpg","datePublished":"2021-11-29T10:29:49+00:00","author":{"@id":"https:\/\/www.btv.md\/#\/schema\/person\/8fadce81561b3ce2c34c46dadc4ccbf2"},"inLanguage":"ro-RO","potentialAction":[{"@type":"ReadAction","target":["https:\/\/www.btv.md\/ro\/amp\/pregatim-saniile-cand-va-cadea-prima-zapada-din-acest-an\/"]}]},{"@type":"ImageObject","inLanguage":"ro-RO","@id":"https:\/\/www.btv.md\/ro\/amp\/pregatim-saniile-cand-va-cadea-prima-zapada-din-acest-an\/#primaryimage","url":"https:\/\/www.btv.md\/wp-content\/uploads\/2021\/11\/omul-de-zapada-si-povestile-lui-1280x720-1.jpg","contentUrl":"https:\/\/www.btv.md\/wp-content\/uploads\/2021\/11\/omul-de-zapada-si-povestile-lui-1280x720-1.jpg","width":1280,"height":720,"caption":"Z\u0103pad\u0103 ar putea atinge \u00een unele regiuni ale \u021b\u0103rii p\u00e2n\u0103 la 20 cm. Foto: Edifica.ro"},{"@type":"WebSite","@id":"https:\/\/www.btv.md\/#website","url":"https:\/\/www.btv.md\/","name":"BTV","description":"\u0411\u0435\u043b\u044c\u0446\u043a\u043e\u0435 \u0442\u0435\u043b\u0435\u0432\u0438\u0434\u0435\u043d\u0438\u0435","potentialAction":[{"@type":"SearchAction","target":{"@type":"EntryPoint","urlTemplate":"https:\/\/www.btv.md\/?s={search_term_string}"},"query-input":{"@type":"PropertyValueSpecification","valueRequired":true,"valueName":"search_term_string"}}],"inLanguage":"ro-RO"},{"@type":"Person","@id":"https:\/\/www.btv.md\/#\/schema\/person\/8fadce81561b3ce2c34c46dadc4ccbf2","name":"admin"}]}},"_links":{"self":[{"href":"https:\/\/www.btv.md\/ro\/wp-json\/wp\/v2\/posts\/158969","targetHints":{"allow":["GET"]}}],"collection":[{"href":"https:\/\/www.btv.md\/ro\/wp-json\/wp\/v2\/posts"}],"about":[{"href":"https:\/\/www.btv.md\/ro\/wp-json\/wp\/v2\/types\/post"}],"author":[{"embeddable":true,"href":"https:\/\/www.btv.md\/ro\/wp-json\/wp\/v2\/users\/4"}],"replies":[{"embeddable":true,"href":"https:\/\/www.btv.md\/ro\/wp-json\/wp\/v2\/comments?post=158969"}],"version-history":[{"count":0,"href":"https:\/\/www.btv.md\/ro\/wp-json\/wp\/v2\/posts\/158969\/revisions"}],"wp:featuredmedia":[{"embeddable":true,"href":"https:\/\/www.btv.md\/ro\/wp-json\/wp\/v2\/media\/158970"}],"wp:attachment":[{"href":"https:\/\/www.btv.md\/ro\/wp-json\/wp\/v2\/media?parent=158969"}],"wp:term":[{"taxonomy":"category","embeddable":true,"href":"https:\/\/www.btv.md\/ro\/wp-json\/wp\/v2\/categories?post=158969"},{"taxonomy":"post_tag","embeddable":true,"href":"https:\/\/www.btv.md\/ro\/wp-json\/wp\/v2\/tags?post=158969"}],"curies":[{"name":"wp","href":"https:\/\/api.w.org\/{rel}","templated":true}]}}