{"id":15935,"date":"2016-07-25T17:40:24","date_gmt":"2016-07-25T14:40:24","guid":{"rendered":"http:\/\/btv.md\/?p=15935"},"modified":"2016-07-25T17:40:33","modified_gmt":"2016-07-25T14:40:33","slug":"start-admiterii-la-universitatea-balteana-locuri-bugetare-si-taxe","status":"publish","type":"post","link":"https:\/\/www.btv.md\/ro\/start-admiterii-la-universitatea-balteana-locuri-bugetare-si-taxe\/","title":{"rendered":"START  ADMITERII  LA  UNIVERSITATEA  B\u0102L\u021aEAN\u0102. LOCURI  BUGETARE  \u0218I  TAXE"},"content":{"rendered":"<p>\u00cembulzeal\u0103 \u00een prima zi de admitere la Universitatea de Stat \u201eAlecu Russo\u201d din B\u0103l\u021bi. Absolven\u021bii, \u00eempreun\u0103 cu p\u0103rin\u021bii lor, au venit la universitate dis-de-diminea\u021b\u0103, pentru a fi primii care depun dosarele. Doar \u00een primele dou\u0103 ore de la \u00eenregistrarea candida\u021bilor, pe list\u0103 figurau deja peste 300 de persoane.<\/p>\n<p><iframe width=\"1170\" height=\"878\" data-src=\"https:\/\/www.youtube.com\/embed\/gnHFx1UcKPc?wmode=transparent&amp;rel=0&amp;feature=oembed\" frameborder=\"0\" allow=\"accelerometer; autoplay; encrypted-media; gyroscope; picture-in-picture\" allowfullscreen src=\"data:image\/svg+xml;base64,PHN2ZyB3aWR0aD0iMSIgaGVpZ2h0PSIxIiB4bWxucz0iaHR0cDovL3d3dy53My5vcmcvMjAwMC9zdmciPjwvc3ZnPg==\" class=\"lazyload\" data-load-mode=\"1\"><\/iframe><\/p>\n<p>Candida\u021bii cu medii \u00eenalte sper\u0103 la un loc bugetar. Pentru al\u021bii \u00eens\u0103 nu conteaz\u0103 taxa, importat este s\u0103 fie admi\u0219i.<\/p>\n<p>\u00cen acest an, universitatea din B\u0103l\u021bi pune la dispozi\u021bie 1135 de locuri pentru studiile superiore de licen\u021b\u0103, cu 500 de locuri bugetare. Pentru studiile superioare de masterat au fost stabilite 550 de locuri, dintre care circa 400 sunt f\u0103r\u0103 tax\u0103.<\/p>\n<p>Nici taxa pentru studii nu a suferit mari schimb\u0103ri. Astfel, la Facultatea de \u0218tiin\u021be Reale, Economice \u0219i ale Mediului, taxa minim\u0103 stabilit\u0103 este pentru specialitatea Matematic\u0103-4600 de lei, iar cea maxim\u0103 pentru specialitatea Contabilitate-8400 de lei.<\/p>\n<p>Taxe mai mici sunt \u00eenregistrate la Facultatea de Litere, 4500 pentru \u0218tiin\u021be ale Comunic\u0103rii \u0219i 7000 de lei pentru limbi moderne.<\/p>\n<p>Sume similare sunt \u0219i la Facultatea de \u0219tiin\u021be ale Educa\u021biei, Psihologie \u0219i Arte.Taxa porne\u0219te de la 5000 de lei pentru Pedagogie \u00een \u00eenv\u0103\u021b\u0103m\u00e2nt primar \u0219i atinge cifra maxim\u0103 de 7000 de lei pentru Muzic\u0103 \u0219i Dans.<\/p>\n<p>Tradi\u021bional, cea mai mare tax\u0103 a fost \u00eenregistrat\u0103 la Facultatea de Drept \u0219i \u0218tiin\u021be Sociale, unde specialitatea Drept a ajuns la suma de 9\u00a0000 de lei.<\/p>\n<p>Pe \u021bar\u0103, \u00a0Ministerul Educa\u0163iei a pus la dispozi\u0163ia tinerilor peste 17400 de locuri, \u00een diminuare cu 559 de locuri, comparativ cu anul 2015.<\/p>\n","protected":false},"excerpt":{"rendered":"<p>\u00cembulzeal\u0103 \u00een prima zi de admitere la Universitatea de Stat \u201eAlecu Russo\u201d din B\u0103l\u021bi. Absolven\u021bii, \u00eempreun\u0103 cu p\u0103rin\u021bii lor, au venit la universitate dis-de-diminea\u021b\u0103, pentru a fi primii care depun dosarele. Doar \u00een primele dou\u0103 ore de la \u00eenregistrarea candida\u021bilor, pe list\u0103 figurau deja peste 300 de persoane. Candida\u021bii cu medii \u00eenalte sper\u0103 la un [&hellip;]<\/p>\n","protected":false},"author":4,"featured_media":15936,"comment_status":"closed","ping_status":"closed","sticky":false,"template":"","format":"standard","meta":{"footnotes":""},"categories":[6349],"tags":[],"class_list":["post-15935","post","type-post","status-publish","format-standard","has-post-thumbnail","hentry","category-social"],"yoast_head":"<!-- This site is optimized with the Yoast SEO plugin v27.4 - https:\/\/yoast.com\/product\/yoast-seo-wordpress\/ -->\n<title>START ADMITERII LA UNIVERSITATEA B\u0102L\u021aEAN\u0102. LOCURI BUGETARE \u0218I TAXE - BTV<\/title>\n<meta name=\"robots\" content=\"index, follow, max-snippet:-1, max-image-preview:large, max-video-preview:-1\" \/>\n<link rel=\"canonical\" href=\"https:\/\/www.btv.md\/ro\/start-admiterii-la-universitatea-balteana-locuri-bugetare-si-taxe\/\" \/>\n<meta property=\"og:locale\" content=\"ro_RO\" \/>\n<meta property=\"og:type\" content=\"article\" \/>\n<meta property=\"og:title\" content=\"START ADMITERII LA UNIVERSITATEA B\u0102L\u021aEAN\u0102. LOCURI BUGETARE \u0218I TAXE - BTV\" \/>\n<meta property=\"og:description\" content=\"\u00cembulzeal\u0103 \u00een prima zi de admitere la Universitatea de Stat \u201eAlecu Russo\u201d din B\u0103l\u021bi. Absolven\u021bii, \u00eempreun\u0103 cu p\u0103rin\u021bii lor, au venit la universitate dis-de-diminea\u021b\u0103, pentru a fi primii care depun dosarele. Doar \u00een primele dou\u0103 ore de la \u00eenregistrarea candida\u021bilor, pe list\u0103 figurau deja peste 300 de persoane. Candida\u021bii cu medii \u00eenalte sper\u0103 la un [&hellip;]\" \/>\n<meta property=\"og:url\" content=\"https:\/\/www.btv.md\/ro\/start-admiterii-la-universitatea-balteana-locuri-bugetare-si-taxe\/\" \/>\n<meta property=\"og:site_name\" content=\"BTV\" \/>\n<meta property=\"article:publisher\" content=\"https:\/\/www.facebook.com\/btvmoldova\/\" \/>\n<meta property=\"article:published_time\" content=\"2016-07-25T14:40:24+00:00\" \/>\n<meta property=\"article:modified_time\" content=\"2016-07-25T14:40:33+00:00\" \/>\n<meta property=\"og:image\" content=\"https:\/\/www.btv.md\/wp-content\/uploads\/2016\/07\/gra.jpg\" \/>\n\t<meta property=\"og:image:width\" content=\"600\" \/>\n\t<meta property=\"og:image:height\" content=\"400\" \/>\n\t<meta property=\"og:image:type\" content=\"image\/jpeg\" \/>\n<meta name=\"author\" content=\"admin\" \/>\n<meta name=\"twitter:label1\" content=\"Scris de\" \/>\n\t<meta name=\"twitter:data1\" content=\"admin\" \/>\n\t<meta name=\"twitter:label2\" content=\"Timp estimat pentru citire\" \/>\n\t<meta name=\"twitter:data2\" content=\"1 minut\" \/>\n<script type=\"application\/ld+json\" class=\"yoast-schema-graph\">{\"@context\":\"https:\\\/\\\/schema.org\",\"@graph\":[{\"@type\":\"Article\",\"@id\":\"https:\\\/\\\/www.btv.md\\\/ro\\\/start-admiterii-la-universitatea-balteana-locuri-bugetare-si-taxe\\\/#article\",\"isPartOf\":{\"@id\":\"https:\\\/\\\/www.btv.md\\\/ro\\\/start-admiterii-la-universitatea-balteana-locuri-bugetare-si-taxe\\\/\"},\"author\":{\"name\":\"admin\",\"@id\":\"https:\\\/\\\/www.btv.md\\\/#\\\/schema\\\/person\\\/8fadce81561b3ce2c34c46dadc4ccbf2\"},\"headline\":\"START ADMITERII LA UNIVERSITATEA B\u0102L\u021aEAN\u0102. LOCURI BUGETARE \u0218I TAXE\",\"datePublished\":\"2016-07-25T14:40:24+00:00\",\"dateModified\":\"2016-07-25T14:40:33+00:00\",\"mainEntityOfPage\":{\"@id\":\"https:\\\/\\\/www.btv.md\\\/ro\\\/start-admiterii-la-universitatea-balteana-locuri-bugetare-si-taxe\\\/\"},\"wordCount\":281,\"image\":{\"@id\":\"https:\\\/\\\/www.btv.md\\\/ro\\\/start-admiterii-la-universitatea-balteana-locuri-bugetare-si-taxe\\\/#primaryimage\"},\"thumbnailUrl\":\"https:\\\/\\\/www.btv.md\\\/wp-content\\\/uploads\\\/2016\\\/07\\\/gra.jpg\",\"articleSection\":[\"Social\"],\"inLanguage\":\"ro-RO\"},{\"@type\":\"WebPage\",\"@id\":\"https:\\\/\\\/www.btv.md\\\/ro\\\/start-admiterii-la-universitatea-balteana-locuri-bugetare-si-taxe\\\/\",\"url\":\"https:\\\/\\\/www.btv.md\\\/ro\\\/start-admiterii-la-universitatea-balteana-locuri-bugetare-si-taxe\\\/\",\"name\":\"START ADMITERII LA UNIVERSITATEA B\u0102L\u021aEAN\u0102. LOCURI BUGETARE \u0218I TAXE - BTV\",\"isPartOf\":{\"@id\":\"https:\\\/\\\/www.btv.md\\\/#website\"},\"primaryImageOfPage\":{\"@id\":\"https:\\\/\\\/www.btv.md\\\/ro\\\/start-admiterii-la-universitatea-balteana-locuri-bugetare-si-taxe\\\/#primaryimage\"},\"image\":{\"@id\":\"https:\\\/\\\/www.btv.md\\\/ro\\\/start-admiterii-la-universitatea-balteana-locuri-bugetare-si-taxe\\\/#primaryimage\"},\"thumbnailUrl\":\"https:\\\/\\\/www.btv.md\\\/wp-content\\\/uploads\\\/2016\\\/07\\\/gra.jpg\",\"datePublished\":\"2016-07-25T14:40:24+00:00\",\"dateModified\":\"2016-07-25T14:40:33+00:00\",\"author\":{\"@id\":\"https:\\\/\\\/www.btv.md\\\/#\\\/schema\\\/person\\\/8fadce81561b3ce2c34c46dadc4ccbf2\"},\"inLanguage\":\"ro-RO\",\"potentialAction\":[{\"@type\":\"ReadAction\",\"target\":[\"https:\\\/\\\/www.btv.md\\\/ro\\\/start-admiterii-la-universitatea-balteana-locuri-bugetare-si-taxe\\\/\"]}]},{\"@type\":\"ImageObject\",\"inLanguage\":\"ro-RO\",\"@id\":\"https:\\\/\\\/www.btv.md\\\/ro\\\/start-admiterii-la-universitatea-balteana-locuri-bugetare-si-taxe\\\/#primaryimage\",\"url\":\"https:\\\/\\\/www.btv.md\\\/wp-content\\\/uploads\\\/2016\\\/07\\\/gra.jpg\",\"contentUrl\":\"https:\\\/\\\/www.btv.md\\\/wp-content\\\/uploads\\\/2016\\\/07\\\/gra.jpg\",\"width\":600,\"height\":400},{\"@type\":\"WebSite\",\"@id\":\"https:\\\/\\\/www.btv.md\\\/#website\",\"url\":\"https:\\\/\\\/www.btv.md\\\/\",\"name\":\"BTV\",\"description\":\"\u0411\u0435\u043b\u044c\u0446\u043a\u043e\u0435 \u0442\u0435\u043b\u0435\u0432\u0438\u0434\u0435\u043d\u0438\u0435\",\"potentialAction\":[{\"@type\":\"SearchAction\",\"target\":{\"@type\":\"EntryPoint\",\"urlTemplate\":\"https:\\\/\\\/www.btv.md\\\/?s={search_term_string}\"},\"query-input\":{\"@type\":\"PropertyValueSpecification\",\"valueRequired\":true,\"valueName\":\"search_term_string\"}}],\"inLanguage\":\"ro-RO\"},{\"@type\":\"Person\",\"@id\":\"https:\\\/\\\/www.btv.md\\\/#\\\/schema\\\/person\\\/8fadce81561b3ce2c34c46dadc4ccbf2\",\"name\":\"admin\"}]}<\/script>\n<!-- \/ Yoast SEO plugin. -->","yoast_head_json":{"title":"START ADMITERII LA UNIVERSITATEA B\u0102L\u021aEAN\u0102. LOCURI BUGETARE \u0218I TAXE - BTV","robots":{"index":"index","follow":"follow","max-snippet":"max-snippet:-1","max-image-preview":"max-image-preview:large","max-video-preview":"max-video-preview:-1"},"canonical":"https:\/\/www.btv.md\/ro\/start-admiterii-la-universitatea-balteana-locuri-bugetare-si-taxe\/","og_locale":"ro_RO","og_type":"article","og_title":"START ADMITERII LA UNIVERSITATEA B\u0102L\u021aEAN\u0102. LOCURI BUGETARE \u0218I TAXE - BTV","og_description":"\u00cembulzeal\u0103 \u00een prima zi de admitere la Universitatea de Stat \u201eAlecu Russo\u201d din B\u0103l\u021bi. Absolven\u021bii, \u00eempreun\u0103 cu p\u0103rin\u021bii lor, au venit la universitate dis-de-diminea\u021b\u0103, pentru a fi primii care depun dosarele. Doar \u00een primele dou\u0103 ore de la \u00eenregistrarea candida\u021bilor, pe list\u0103 figurau deja peste 300 de persoane. Candida\u021bii cu medii \u00eenalte sper\u0103 la un [&hellip;]","og_url":"https:\/\/www.btv.md\/ro\/start-admiterii-la-universitatea-balteana-locuri-bugetare-si-taxe\/","og_site_name":"BTV","article_publisher":"https:\/\/www.facebook.com\/btvmoldova\/","article_published_time":"2016-07-25T14:40:24+00:00","article_modified_time":"2016-07-25T14:40:33+00:00","og_image":[{"width":600,"height":400,"url":"https:\/\/www.btv.md\/wp-content\/uploads\/2016\/07\/gra.jpg","type":"image\/jpeg"}],"author":"admin","twitter_misc":{"Scris de":"admin","Timp estimat pentru citire":"1 minut"},"schema":{"@context":"https:\/\/schema.org","@graph":[{"@type":"Article","@id":"https:\/\/www.btv.md\/ro\/start-admiterii-la-universitatea-balteana-locuri-bugetare-si-taxe\/#article","isPartOf":{"@id":"https:\/\/www.btv.md\/ro\/start-admiterii-la-universitatea-balteana-locuri-bugetare-si-taxe\/"},"author":{"name":"admin","@id":"https:\/\/www.btv.md\/#\/schema\/person\/8fadce81561b3ce2c34c46dadc4ccbf2"},"headline":"START ADMITERII LA UNIVERSITATEA B\u0102L\u021aEAN\u0102. LOCURI BUGETARE \u0218I TAXE","datePublished":"2016-07-25T14:40:24+00:00","dateModified":"2016-07-25T14:40:33+00:00","mainEntityOfPage":{"@id":"https:\/\/www.btv.md\/ro\/start-admiterii-la-universitatea-balteana-locuri-bugetare-si-taxe\/"},"wordCount":281,"image":{"@id":"https:\/\/www.btv.md\/ro\/start-admiterii-la-universitatea-balteana-locuri-bugetare-si-taxe\/#primaryimage"},"thumbnailUrl":"https:\/\/www.btv.md\/wp-content\/uploads\/2016\/07\/gra.jpg","articleSection":["Social"],"inLanguage":"ro-RO"},{"@type":"WebPage","@id":"https:\/\/www.btv.md\/ro\/start-admiterii-la-universitatea-balteana-locuri-bugetare-si-taxe\/","url":"https:\/\/www.btv.md\/ro\/start-admiterii-la-universitatea-balteana-locuri-bugetare-si-taxe\/","name":"START ADMITERII LA UNIVERSITATEA B\u0102L\u021aEAN\u0102. LOCURI BUGETARE \u0218I TAXE - BTV","isPartOf":{"@id":"https:\/\/www.btv.md\/#website"},"primaryImageOfPage":{"@id":"https:\/\/www.btv.md\/ro\/start-admiterii-la-universitatea-balteana-locuri-bugetare-si-taxe\/#primaryimage"},"image":{"@id":"https:\/\/www.btv.md\/ro\/start-admiterii-la-universitatea-balteana-locuri-bugetare-si-taxe\/#primaryimage"},"thumbnailUrl":"https:\/\/www.btv.md\/wp-content\/uploads\/2016\/07\/gra.jpg","datePublished":"2016-07-25T14:40:24+00:00","dateModified":"2016-07-25T14:40:33+00:00","author":{"@id":"https:\/\/www.btv.md\/#\/schema\/person\/8fadce81561b3ce2c34c46dadc4ccbf2"},"inLanguage":"ro-RO","potentialAction":[{"@type":"ReadAction","target":["https:\/\/www.btv.md\/ro\/start-admiterii-la-universitatea-balteana-locuri-bugetare-si-taxe\/"]}]},{"@type":"ImageObject","inLanguage":"ro-RO","@id":"https:\/\/www.btv.md\/ro\/start-admiterii-la-universitatea-balteana-locuri-bugetare-si-taxe\/#primaryimage","url":"https:\/\/www.btv.md\/wp-content\/uploads\/2016\/07\/gra.jpg","contentUrl":"https:\/\/www.btv.md\/wp-content\/uploads\/2016\/07\/gra.jpg","width":600,"height":400},{"@type":"WebSite","@id":"https:\/\/www.btv.md\/#website","url":"https:\/\/www.btv.md\/","name":"BTV","description":"\u0411\u0435\u043b\u044c\u0446\u043a\u043e\u0435 \u0442\u0435\u043b\u0435\u0432\u0438\u0434\u0435\u043d\u0438\u0435","potentialAction":[{"@type":"SearchAction","target":{"@type":"EntryPoint","urlTemplate":"https:\/\/www.btv.md\/?s={search_term_string}"},"query-input":{"@type":"PropertyValueSpecification","valueRequired":true,"valueName":"search_term_string"}}],"inLanguage":"ro-RO"},{"@type":"Person","@id":"https:\/\/www.btv.md\/#\/schema\/person\/8fadce81561b3ce2c34c46dadc4ccbf2","name":"admin"}]}},"_links":{"self":[{"href":"https:\/\/www.btv.md\/ro\/wp-json\/wp\/v2\/posts\/15935","targetHints":{"allow":["GET"]}}],"collection":[{"href":"https:\/\/www.btv.md\/ro\/wp-json\/wp\/v2\/posts"}],"about":[{"href":"https:\/\/www.btv.md\/ro\/wp-json\/wp\/v2\/types\/post"}],"author":[{"embeddable":true,"href":"https:\/\/www.btv.md\/ro\/wp-json\/wp\/v2\/users\/4"}],"replies":[{"embeddable":true,"href":"https:\/\/www.btv.md\/ro\/wp-json\/wp\/v2\/comments?post=15935"}],"version-history":[{"count":0,"href":"https:\/\/www.btv.md\/ro\/wp-json\/wp\/v2\/posts\/15935\/revisions"}],"wp:featuredmedia":[{"embeddable":true,"href":"https:\/\/www.btv.md\/ro\/wp-json\/wp\/v2\/media\/15936"}],"wp:attachment":[{"href":"https:\/\/www.btv.md\/ro\/wp-json\/wp\/v2\/media?parent=15935"}],"wp:term":[{"taxonomy":"category","embeddable":true,"href":"https:\/\/www.btv.md\/ro\/wp-json\/wp\/v2\/categories?post=15935"},{"taxonomy":"post_tag","embeddable":true,"href":"https:\/\/www.btv.md\/ro\/wp-json\/wp\/v2\/tags?post=15935"}],"curies":[{"name":"wp","href":"https:\/\/api.w.org\/{rel}","templated":true}]}}